{"id":9007,"date":"2019-10-23T13:07:31","date_gmt":"2019-10-23T11:07:31","guid":{"rendered":"https:\/\/www.horizonemployeur.fr\/wp2019\/?p=9007"},"modified":"2026-04-26T11:00:20","modified_gmt":"2026-04-26T09:00:20","slug":"travaux-toussaint-2019","status":"publish","type":"post","link":"https:\/\/www.horizonemployeur.fr\/wp2019\/2019\/10\/23\/travaux-toussaint-2019\/","title":{"rendered":"Semaine de Toussaint 2019: travaux RATP et SNCF"},"content":{"rendered":"<div class=\"et_d4_element et_pb_section et_pb_section_0  et_pb_css_mix_blend_mode et_section_regular et_block_section\" >\n\t\t\t\t\n\t\t\t\t\n\t\t\t\t\n\t\t\t\t\n\t\t\t\t\n\t\t\t\t\n\t\t\t\t<div class=\"et_d4_element et_pb_row et_pb_row_0  et_pb_css_mix_blend_mode et_block_row\">\n\t\t\t\t<div class=\"et_d4_element et_pb_column_4_4 et_pb_column et_pb_column_0  et_pb_css_mix_blend_mode et-last-child et_block_column\">\n\t\t\t\t\n\t\t\t\t\n\t\t\t\t\n\t\t\t\t\n\t\t\t\t<div class=\"et_pb_module et_d4_element et_pb_text et_pb_text_0  et_pb_text_align_left et_pb_bg_layout_light\">\n\t\t\t\t\n\t\t\t\t\n\t\t\t\t\n\t\t\t\t\n\t\t\t\t<div class=\"et_pb_text_inner\"><p>Les p\u00e9riodes de vacances scolaires et les week-ends longs sont traditionnellement privil\u00e9gi\u00e9s par les op\u00e9rateurs de transport en commun pour r\u00e9aliser les travaux d'importance. Avec un jour de Toussaint le vendredi, le week-end de 3 jours et plus globalement la semaine du 28 octobre au 3 novembre 2019 n'\u00e9chapperont pas \u00e0 la r\u00e8gle.<\/p>\n<p>Vous trouverez dans ce tableau la liste des principales modifications de circulation durant cette p\u00e9riode.<\/p>\n<p>Attention, toutes les modifications ne sont pas reprises, en particulier celles ne concernant que la desserte d'une ou deux gares ou celles ne s'appliquant qu'en d\u00e9but de matin\u00e9e ou en soir\u00e9e. Les informations les plus compl\u00e8tes sont \u00e0 retrouver sur le site de Transilien:\u00a0<a href=\"https:\/\/www.transilien.com\/#info-trafic-temps-reel\">https:\/\/www.transilien.com\/#info-trafic-temps-reel<\/a>\u00a0ou sur le site de la RATP:\u00a0<a href=\"https:\/\/www.ratp.fr\/travaux-manifestations\">https:\/\/www.ratp.fr\/travaux-manifestations<\/a><\/p><\/div>\n\t\t\t<\/div>\n\t\t\t<\/div>\n\t\t\t\t\n\t\t\t\t\n\t\t\t\t\n\t\t\t\t\n\t\t\t<\/div><div class=\"et_d4_element et_pb_row et_pb_row_1  et_pb_css_mix_blend_mode et_block_row\">\n\t\t\t\t<div class=\"et_d4_element et_pb_column_1_4 et_pb_column et_pb_column_1  et_pb_css_mix_blend_mode et_block_column\">\n\t\t\t\t\n\t\t\t\t\n\t\t\t\t\n\t\t\t\t\n\t\t\t\t<div class=\"et_pb_module et_d4_element et_pb_text et_pb_text_1  et_pb_text_align_left et_pb_bg_layout_light\">\n\t\t\t\t\n\t\t\t\t\n\t\t\t\t\n\t\t\t\t\n\t\t\t\t<div class=\"et_pb_text_inner\"><h1 style=\"text-align: center;\"><img loading=\"lazy\" decoding=\"async\" src=\"https:\/\/www.horizonemployeur.fr\/wp2019\/wp-content\/uploads\/2019\/10\/RER.png\" width=\"60\" height=\"60\" alt=\"\" class=\"wp-image-9014 alignnone size-full\" \/><img loading=\"lazy\" decoding=\"async\" src=\"https:\/\/www.horizonemployeur.fr\/wp2019\/wp-content\/uploads\/2019\/10\/RER_A.png\" width=\"60\" height=\"60\" alt=\"\" class=\"wp-image-9013 alignnone size-full\" style=\"font-size: 16px;\" \/><\/h1><\/div>\n\t\t\t<\/div>\n\t\t\t<\/div><div class=\"et_d4_element et_pb_column_3_4 et_pb_column et_pb_column_2  et_pb_css_mix_blend_mode et-last-child et_block_column\">\n\t\t\t\t\n\t\t\t\t\n\t\t\t\t\n\t\t\t\t\n\t\t\t\t<div class=\"et_pb_module et_d4_element et_pb_text et_pb_text_2  et_pb_text_align_left et_pb_bg_layout_light\">\n\t\t\t\t\n\t\t\t\t\n\t\t\t\t\n\t\t\t\t\n\t\t\t\t<div class=\"et_pb_text_inner\"><ul>\n<li><strong>Du vendredi 1er d\u00e9but de service au dimanche 3 novembre fin de service<\/strong><br \/> <span style=\"color: #ff0000;\">interruption entre Rueil-Malmaison et St-Germain-en-Laye\u00a0\u00a0<a href=\"http:\/\/documents.transilien.com\/1571317924671.pdf\"><img loading=\"lazy\" decoding=\"async\" src=\"https:\/\/www.horizonemployeur.fr\/wp2019\/wp-content\/uploads\/2019\/10\/Picto_info.png\" width=\"18\" height=\"18\" alt=\"\" class=\"wp-image-9034 alignnone size-full\" \/><\/a><\/span><br \/> <span style=\"color: #ff0000;\">interruption entre Nanterre-Pr\u00e9fecture et Poissy<span>\u00a0\u00a0<a href=\"http:\/\/documents.transilien.com\/1571317924675.pdf\"><img loading=\"lazy\" decoding=\"async\" src=\"https:\/\/www.horizonemployeur.fr\/wp2019\/wp-content\/uploads\/2019\/10\/Picto_info.png\" width=\"18\" height=\"18\" alt=\"\" class=\"wp-image-9034 alignnone size-full\" \/><\/a><\/span><\/span><\/li>\n<li><strong>Du vendredi 1er d\u00e9but de service au dimanche 3 novembre midi<br \/> <\/strong><span style=\"color: #ff0000;\">interruption entre Nanterre-Pr\u00e9fecture et Cergy-le-Haut\u00a0\u00a0<a href=\"http:\/\/documents.transilien.com\/1571317924675.pdf\"><span><img loading=\"lazy\" decoding=\"async\" src=\"https:\/\/www.horizonemployeur.fr\/wp2019\/wp-content\/uploads\/2019\/10\/Picto_info.png\" width=\"18\" height=\"18\" alt=\"\" class=\"wp-image-9034 alignnone size-full\" \/><\/span><\/a><\/span><\/li>\n<\/ul><\/div>\n\t\t\t<\/div>\n\t\t\t<\/div>\n\t\t\t\t\n\t\t\t\t\n\t\t\t\t\n\t\t\t\t\n\t\t\t<\/div><div class=\"et_d4_element et_pb_row et_pb_row_2  et_pb_css_mix_blend_mode et_block_row\">\n\t\t\t\t<div class=\"et_d4_element et_pb_column_1_4 et_pb_column et_pb_column_3  et_pb_css_mix_blend_mode et_block_column\">\n\t\t\t\t\n\t\t\t\t\n\t\t\t\t\n\t\t\t\t\n\t\t\t\t<div class=\"et_pb_module et_d4_element et_pb_text et_pb_text_3  et_pb_text_align_left et_pb_bg_layout_light\">\n\t\t\t\t\n\t\t\t\t\n\t\t\t\t\n\t\t\t\t\n\t\t\t\t<div class=\"et_pb_text_inner\"><h1 style=\"text-align: center;\"><img loading=\"lazy\" decoding=\"async\" src=\"https:\/\/www.horizonemployeur.fr\/wp2019\/wp-content\/uploads\/2019\/10\/RER.png\" width=\"60\" height=\"60\" alt=\"\" class=\"wp-image-9014 alignnone size-full\" \/><img loading=\"lazy\" decoding=\"async\" src=\"https:\/\/www.horizonemployeur.fr\/wp2019\/wp-content\/uploads\/2019\/10\/RER_B.png\" width=\"60\" height=\"60\" alt=\"\" class=\"wp-image-9016 alignnone size-full\" \/><\/h1><\/div>\n\t\t\t<\/div>\n\t\t\t<\/div><div class=\"et_d4_element et_pb_column_3_4 et_pb_column et_pb_column_4  et_pb_css_mix_blend_mode et-last-child et_block_column\">\n\t\t\t\t\n\t\t\t\t\n\t\t\t\t\n\t\t\t\t\n\t\t\t\t<div class=\"et_pb_module et_d4_element et_pb_text et_pb_text_4  et_pb_text_align_left et_pb_bg_layout_light\">\n\t\t\t\t\n\t\t\t\t\n\t\t\t\t\n\t\t\t\t\n\t\t\t\t<div class=\"et_pb_text_inner\"><ul>\n<li><strong>Du vendredi 1er d\u00e9but de service au dimanche 3 novembre fin de service<\/strong><br \/> <span style=\"color: #3366ff;\">interruption entre Aulnay-sous-Bois et Roissy-CDG 2<span>\u00a0\u00a0<a href=\"http:\/\/documents.transilien.com\/1569920113161.pdf\"><img loading=\"lazy\" decoding=\"async\" src=\"https:\/\/www.horizonemployeur.fr\/wp2019\/wp-content\/uploads\/2019\/10\/Picto_info.png\" width=\"18\" height=\"18\" alt=\"\" class=\"wp-image-9034 alignnone size-full\" \/><\/a><\/span><strong><br \/> <\/strong>interruption entre Bourg-la-Reine et Robinson<span>\u00a0\u00a0<a href=\"http:\/\/documents.transilien.com\/1569920113161.pdf\"><img loading=\"lazy\" decoding=\"async\" src=\"https:\/\/www.horizonemployeur.fr\/wp2019\/wp-content\/uploads\/2019\/10\/Picto_info.png\" width=\"18\" height=\"18\" alt=\"\" class=\"wp-image-9034 alignnone size-full\" \/><\/a><\/span><\/span><\/li>\n<\/ul><\/div>\n\t\t\t<\/div>\n\t\t\t<\/div>\n\t\t\t\t\n\t\t\t\t\n\t\t\t\t\n\t\t\t\t\n\t\t\t<\/div><div class=\"et_d4_element et_pb_row et_pb_row_3  et_pb_css_mix_blend_mode et_block_row\">\n\t\t\t\t<div class=\"et_d4_element et_pb_column_1_4 et_pb_column et_pb_column_5  et_pb_css_mix_blend_mode et_block_column\">\n\t\t\t\t\n\t\t\t\t\n\t\t\t\t\n\t\t\t\t\n\t\t\t\t<div class=\"et_pb_module et_d4_element et_pb_text et_pb_text_5  et_pb_text_align_left et_pb_bg_layout_light\">\n\t\t\t\t\n\t\t\t\t\n\t\t\t\t\n\t\t\t\t\n\t\t\t\t<div class=\"et_pb_text_inner\"><h1 style=\"text-align: center;\"><img loading=\"lazy\" decoding=\"async\" src=\"https:\/\/www.horizonemployeur.fr\/wp2019\/wp-content\/uploads\/2019\/10\/RER.png\" width=\"60\" height=\"60\" alt=\"\" class=\"wp-image-9014 alignnone size-full\" \/><img loading=\"lazy\" decoding=\"async\" src=\"https:\/\/www.horizonemployeur.fr\/wp2019\/wp-content\/uploads\/2019\/10\/RER_C.png\" width=\"60\" height=\"60\" alt=\"\" class=\"wp-image-9017 alignnone size-full\" \/><\/h1><\/div>\n\t\t\t<\/div>\n\t\t\t<\/div><div class=\"et_d4_element et_pb_column_3_4 et_pb_column et_pb_column_6  et_pb_css_mix_blend_mode et-last-child et_block_column\">\n\t\t\t\t\n\t\t\t\t\n\t\t\t\t\n\t\t\t\t\n\t\t\t\t<div class=\"et_pb_module et_d4_element et_pb_text et_pb_text_6  et_pb_text_align_left et_pb_bg_layout_light\">\n\t\t\t\t\n\t\t\t\t\n\t\t\t\t\n\t\t\t\t\n\t\t\t\t<div class=\"et_pb_text_inner\"><ul>\n<li><strong>Du samedi 26 d\u00e9but de service au dimanche 27 octobre fin de service<\/strong><br \/>\n<span style=\"color: #edc900;\">interruption entre Invalides et Versailles-Ch\u00e2teau-Rive Gauche<span>\u00a0\u00a0<a href=\"http:\/\/documents.transilien.com\/1568722855457.pdf\"><img loading=\"lazy\" decoding=\"async\" src=\"https:\/\/www.horizonemployeur.fr\/wp2019\/wp-content\/uploads\/2019\/10\/Picto_info.png\" width=\"18\" height=\"18\" alt=\"\" class=\"wp-image-9034 alignnone size-full\" \/><\/a><\/span><strong><br \/>\n<\/strong>interruption entre Invalides et St-Quentin-en-Yvelines<span>\u00a0\u00a0<a href=\"http:\/\/documents.transilien.com\/1568722855457.pdf\"><img loading=\"lazy\" decoding=\"async\" src=\"https:\/\/www.horizonemployeur.fr\/wp2019\/wp-content\/uploads\/2019\/10\/Picto_info.png\" width=\"18\" height=\"18\" alt=\"\" class=\"wp-image-9034 alignnone size-full\" \/><\/a><\/span><\/span><strong><\/strong><\/li>\n<li><strong>Du vendredi 1er d\u00e9but de service au dimanche 3 novembre fin de service<\/strong><br \/>\n<span style=\"color: #edc900;\">interruption entre Invalides et Versailles-Ch\u00e2teau-Rive Gauche<span>\u00a0\u00a0<a href=\"http:\/\/documents.transilien.com\/1568722855457.pdf\"><img loading=\"lazy\" decoding=\"async\" src=\"https:\/\/www.horizonemployeur.fr\/wp2019\/wp-content\/uploads\/2019\/10\/Picto_info.png\" width=\"18\" height=\"18\" alt=\"\" class=\"wp-image-9034 alignnone size-full\" \/><\/a><\/span><strong><br \/>\n<\/strong>interruption entre Invalides et St-Quentin-en-Yvelines<span>\u00a0\u00a0<a href=\"http:\/\/documents.transilien.com\/1568722855457.pdf\"><img loading=\"lazy\" decoding=\"async\" src=\"https:\/\/www.horizonemployeur.fr\/wp2019\/wp-content\/uploads\/2019\/10\/Picto_info.png\" width=\"18\" height=\"18\" alt=\"\" class=\"wp-image-9034 alignnone size-full\" \/><\/a><\/span><br \/>\n<\/span><span style=\"color: #edc900;\">interruption entre Mus\u00e9e d'Orsay et Massy-Palaiseau par Pont de Rungis<span>\u00a0\u00a0<a href=\"http:\/\/documents.transilien.com\/1569920113241.pdf\"><img loading=\"lazy\" decoding=\"async\" src=\"https:\/\/www.horizonemployeur.fr\/wp2019\/wp-content\/uploads\/2019\/10\/Picto_info.png\" width=\"18\" height=\"18\" alt=\"\" class=\"wp-image-9034 alignnone size-full\" \/><\/a><\/span><\/span><\/li>\n<\/ul><\/div>\n\t\t\t<\/div>\n\t\t\t<\/div>\n\t\t\t\t\n\t\t\t\t\n\t\t\t\t\n\t\t\t\t\n\t\t\t<\/div><div class=\"et_d4_element et_pb_row et_pb_row_4  et_pb_css_mix_blend_mode et_block_row\">\n\t\t\t\t<div class=\"et_d4_element et_pb_column_1_4 et_pb_column et_pb_column_7  et_pb_css_mix_blend_mode et_block_column\">\n\t\t\t\t\n\t\t\t\t\n\t\t\t\t\n\t\t\t\t\n\t\t\t\t<div class=\"et_pb_module et_d4_element et_pb_text et_pb_text_7  et_pb_text_align_left et_pb_bg_layout_light\">\n\t\t\t\t\n\t\t\t\t\n\t\t\t\t\n\t\t\t\t\n\t\t\t\t<div class=\"et_pb_text_inner\"><h1 style=\"text-align: center;\"><img loading=\"lazy\" decoding=\"async\" src=\"https:\/\/www.horizonemployeur.fr\/wp2019\/wp-content\/uploads\/2019\/10\/RER.png\" width=\"60\" height=\"60\" alt=\"\" class=\"wp-image-9014 alignnone size-full\" \/><img loading=\"lazy\" decoding=\"async\" src=\"https:\/\/www.horizonemployeur.fr\/wp2019\/wp-content\/uploads\/2019\/10\/RER_D.png\" width=\"60\" height=\"60\" alt=\"\" class=\"wp-image-9018 alignnone size-full\" \/><\/h1><\/div>\n\t\t\t<\/div>\n\t\t\t<\/div><div class=\"et_d4_element et_pb_column_3_4 et_pb_column et_pb_column_8  et_pb_css_mix_blend_mode et-last-child et_block_column\">\n\t\t\t\t\n\t\t\t\t\n\t\t\t\t\n\t\t\t\t\n\t\t\t\t<div class=\"et_pb_module et_d4_element et_pb_text et_pb_text_8  et_pb_text_align_left et_pb_bg_layout_light\">\n\t\t\t\t\n\t\t\t\t\n\t\t\t\t\n\t\t\t\t\n\t\t\t\t<div class=\"et_pb_text_inner\"><ul>\n<li><strong>Du samedi 26 d\u00e9but de service au dimanche 27 octobre fin de service<\/strong><br \/> <span color=\"#ff00ff\" style=\"color: #08a800;\">interruption entre Goussainville et Creil<span>\u00a0\u00a0<a href=\"http:\/\/documents.transilien.com\/1571317924679.pdf\"><img loading=\"lazy\" decoding=\"async\" src=\"https:\/\/www.horizonemployeur.fr\/wp2019\/wp-content\/uploads\/2019\/10\/Picto_info.png\" width=\"18\" height=\"18\" alt=\"\" class=\"wp-image-9034 alignnone size-full\" \/><\/a><\/span><br \/> modification de desserte entre Paris-Gare de Lyon et Villeneuve-St-Georges<span>\u00a0\u00a0<a href=\"http:\/\/documents.transilien.com\/1571317924683.pdf\"><img loading=\"lazy\" decoding=\"async\" src=\"https:\/\/www.horizonemployeur.fr\/wp2019\/wp-content\/uploads\/2019\/10\/Picto_info.png\" width=\"18\" height=\"18\" alt=\"\" class=\"wp-image-9034 alignnone size-full\" \/><\/a><\/span><br \/> modification de desserte entre Villeneuve-St-Georges et Melun<span>\u00a0\u00a0<a href=\"http:\/\/documents.transilien.com\/1571317924680.pdf\"><img loading=\"lazy\" decoding=\"async\" src=\"https:\/\/www.horizonemployeur.fr\/wp2019\/wp-content\/uploads\/2019\/10\/Picto_info.png\" width=\"18\" height=\"18\" alt=\"\" class=\"wp-image-9034 alignnone size-full\" \/><\/a><\/span><\/span><\/li>\n<li><strong>Du vendredi 1er d\u00e9but de service au dimanche 3 novembre fin de service<\/strong><br \/>\n<span color=\"#ff00ff\" style=\"color: #08a800;\">interruption entre Gare du Nord et Ch\u00e2telet-Les Halles<span>\u00a0\u00a0<a href=\"http:\/\/documents.transilien.com\/1571391790211.pdf\"><img loading=\"lazy\" decoding=\"async\" src=\"https:\/\/www.horizonemployeur.fr\/wp2019\/wp-content\/uploads\/2019\/10\/Picto_info.png\" width=\"18\" height=\"18\" alt=\"\" class=\"wp-image-9034 alignnone size-full\" \/><\/a><\/span><br \/>\n<span><\/span><\/span><\/li>\n<li><strong>Du samedi 2 d\u00e9but de service au dimanche 3 novembre fin de service<\/strong><br \/><span color=\"#ff00ff\" style=\"color: #08a800;\">desserte modifi\u00e9e entre Combs-la-Ville et Melun<span>\u00a0\u00a0<a href=\"http:\/\/documents.transilien.com\/1571391790213.pdf\"><img loading=\"lazy\" decoding=\"async\" src=\"https:\/\/www.horizonemployeur.fr\/wp2019\/wp-content\/uploads\/2019\/10\/Picto_info.png\" width=\"18\" height=\"18\" alt=\"\" class=\"wp-image-9034 alignnone size-full\" \/><\/a><\/span><br \/> <span><\/span><\/span><\/li>\n<\/ul><\/div>\n\t\t\t<\/div>\n\t\t\t<\/div>\n\t\t\t\t\n\t\t\t\t\n\t\t\t\t\n\t\t\t\t\n\t\t\t<\/div><div class=\"et_d4_element et_pb_row et_pb_row_5  et_pb_css_mix_blend_mode et_block_row\">\n\t\t\t\t<div class=\"et_d4_element et_pb_column_1_4 et_pb_column et_pb_column_9  et_pb_css_mix_blend_mode et_block_column\">\n\t\t\t\t\n\t\t\t\t\n\t\t\t\t\n\t\t\t\t\n\t\t\t\t<div class=\"et_pb_module et_d4_element et_pb_text et_pb_text_9  et_pb_text_align_left et_pb_bg_layout_light\">\n\t\t\t\t\n\t\t\t\t\n\t\t\t\t\n\t\t\t\t\n\t\t\t\t<div class=\"et_pb_text_inner\"><h1 style=\"text-align: center;\"><img loading=\"lazy\" decoding=\"async\" src=\"https:\/\/www.horizonemployeur.fr\/wp2019\/wp-content\/uploads\/2019\/10\/RER.png\" width=\"60\" height=\"60\" alt=\"\" class=\"wp-image-9014 alignnone size-full\" \/><img loading=\"lazy\" decoding=\"async\" src=\"https:\/\/www.horizonemployeur.fr\/wp2019\/wp-content\/uploads\/2019\/10\/RER_E.png\" width=\"59\" height=\"59\" alt=\"\" class=\"wp-image-9019 alignnone size-full\" \/><\/h1><\/div>\n\t\t\t<\/div>\n\t\t\t<\/div><div class=\"et_d4_element et_pb_column_3_4 et_pb_column et_pb_column_10  et_pb_css_mix_blend_mode et-last-child et_block_column\">\n\t\t\t\t\n\t\t\t\t\n\t\t\t\t\n\t\t\t\t\n\t\t\t\t<div class=\"et_pb_module et_d4_element et_pb_text et_pb_text_10  et_pb_text_align_left et_pb_bg_layout_light\">\n\t\t\t\t\n\t\t\t\t\n\t\t\t\t\n\t\t\t\t\n\t\t\t\t<div class=\"et_pb_text_inner\"><ul>\n<li><strong>Du samedi 26 d\u00e9but de service au dimanche 27 octobre fin de service<\/strong><br \/> <span style=\"color: #ff00ff;\">les trains sont origine-terminus Paris-Est. Haussmann-St-Lazare et Magenta ne sont pas desservies<span>\u00a0\u00a0<a href=\"http:\/\/documents.transilien.com\/1569920113160.pdf\"><img loading=\"lazy\" decoding=\"async\" src=\"https:\/\/www.horizonemployeur.fr\/wp2019\/wp-content\/uploads\/2019\/10\/Picto_info.png\" width=\"18\" height=\"18\" alt=\"\" class=\"wp-image-9034 alignnone size-full\" \/><\/a>\u00a0(axe Chelles)\u00a0\u00a0<a href=\"http:\/\/documents.transilien.com\/1569920113154.pdf\"><img loading=\"lazy\" decoding=\"async\" src=\"https:\/\/www.horizonemployeur.fr\/wp2019\/wp-content\/uploads\/2019\/10\/Picto_info.png\" width=\"18\" height=\"18\" alt=\"\" class=\"wp-image-9034 alignnone size-full\" \/><\/a>\u00a0(axe Tournan)<\/span><\/span><\/li>\n<li><strong>Du lundi 28 au jeudi 31 octobre, de 8h30 \u00e0 16h00<\/strong><br \/> <span style=\"color: #ff00ff;\">1 RER toutes les 30 minutes entre Haussmann-St-Lazare et Chelles-Gournay<span>\u00a0\u00a0<a href=\"http:\/\/documents.transilien.com\/1569920113172.pdf\"><img loading=\"lazy\" decoding=\"async\" src=\"https:\/\/www.horizonemployeur.fr\/wp2019\/wp-content\/uploads\/2019\/10\/Picto_info.png\" width=\"18\" height=\"18\" alt=\"\" class=\"wp-image-9034 alignnone size-full\" \/><\/a><\/span><\/span><span style=\"color: #ff00ff;\"><\/span><\/li>\n<\/ul><\/div>\n\t\t\t<\/div>\n\t\t\t<\/div>\n\t\t\t\t\n\t\t\t\t\n\t\t\t\t\n\t\t\t\t\n\t\t\t<\/div><div class=\"et_d4_element et_pb_row et_pb_row_6  et_pb_css_mix_blend_mode et_block_row\">\n\t\t\t\t<div class=\"et_d4_element et_pb_column_1_4 et_pb_column et_pb_column_11  et_pb_css_mix_blend_mode et_block_column\">\n\t\t\t\t\n\t\t\t\t\n\t\t\t\t\n\t\t\t\t\n\t\t\t\t<div class=\"et_pb_module et_d4_element et_pb_text et_pb_text_11  et_pb_text_align_left et_pb_bg_layout_light\">\n\t\t\t\t\n\t\t\t\t\n\t\t\t\t\n\t\t\t\t\n\t\t\t\t<div class=\"et_pb_text_inner\"><h1 style=\"text-align: center;\"><img loading=\"lazy\" decoding=\"async\" src=\"https:\/\/www.horizonemployeur.fr\/wp2019\/wp-content\/uploads\/2019\/10\/Train.png\" width=\"60\" height=\"60\" alt=\"\" class=\"wp-image-9020 alignnone size-full\" \/><img loading=\"lazy\" decoding=\"async\" src=\"https:\/\/www.horizonemployeur.fr\/wp2019\/wp-content\/uploads\/2019\/10\/Train_H.png\" width=\"60\" height=\"60\" alt=\"\" class=\"wp-image-9021 alignnone size-full\" \/><\/h1><\/div>\n\t\t\t<\/div>\n\t\t\t<\/div><div class=\"et_d4_element et_pb_column_3_4 et_pb_column et_pb_column_12  et_pb_css_mix_blend_mode et-last-child et_block_column\">\n\t\t\t\t\n\t\t\t\t\n\t\t\t\t\n\t\t\t\t\n\t\t\t\t<div class=\"et_pb_module et_d4_element et_pb_text et_pb_text_12  et_pb_text_align_left et_pb_bg_layout_light\">\n\t\t\t\t\n\t\t\t\t\n\t\t\t\t\n\t\t\t\t\n\t\t\t\t<div class=\"et_pb_text_inner\"><ul>\n<li><strong>Du samedi 26 d\u00e9but de service au dimanche 27 octobre fin de service<\/strong><span style=\"color: #68d800;\"><br \/> <span style=\"color: #993300;\">interruption entre Paris-Nord et St-Denis<span>\u00a0\u00a0<a href=\"http:\/\/documents.transilien.com\/1569920113197.pdf\"><img loading=\"lazy\" decoding=\"async\" src=\"https:\/\/www.horizonemployeur.fr\/wp2019\/wp-content\/uploads\/2019\/10\/Picto_info.png\" width=\"18\" height=\"18\" alt=\"\" class=\"wp-image-9034 alignnone size-full\" \/><\/a><\/span><\/span><br \/> <span style=\"color: #993300;\">interruption entre Ermont-Eaubonne et Pontoise<span>\u00a0\u00a0<a href=\"http:\/\/documents.transilien.com\/1569920113197.pdf\"><img loading=\"lazy\" decoding=\"async\" src=\"https:\/\/www.horizonemployeur.fr\/wp2019\/wp-content\/uploads\/2019\/10\/Picto_info.png\" width=\"18\" height=\"18\" alt=\"\" class=\"wp-image-9034 alignnone size-full\" \/><\/a><\/span><\/span><\/span><\/li>\n<\/ul><\/div>\n\t\t\t<\/div>\n\t\t\t<\/div>\n\t\t\t\t\n\t\t\t\t\n\t\t\t\t\n\t\t\t\t\n\t\t\t<\/div><div class=\"et_d4_element et_pb_row et_pb_row_7  et_pb_css_mix_blend_mode et_block_row\">\n\t\t\t\t<div class=\"et_d4_element et_pb_column_1_4 et_pb_column et_pb_column_13  et_pb_css_mix_blend_mode et_block_column\">\n\t\t\t\t\n\t\t\t\t\n\t\t\t\t\n\t\t\t\t\n\t\t\t\t<div class=\"et_pb_module et_d4_element et_pb_text et_pb_text_13  et_pb_text_align_left et_pb_bg_layout_light\">\n\t\t\t\t\n\t\t\t\t\n\t\t\t\t\n\t\t\t\t\n\t\t\t\t<div class=\"et_pb_text_inner\"><h1 style=\"text-align: center;\"><img loading=\"lazy\" decoding=\"async\" src=\"https:\/\/www.horizonemployeur.fr\/wp2019\/wp-content\/uploads\/2019\/10\/Train.png\" width=\"60\" height=\"60\" alt=\"\" class=\"wp-image-9020 alignnone size-full\" \/><img loading=\"lazy\" decoding=\"async\" src=\"https:\/\/www.horizonemployeur.fr\/wp2019\/wp-content\/uploads\/2019\/10\/Train_J.png\" width=\"60\" height=\"60\" alt=\"\" class=\"wp-image-9022 alignnone size-full\" \/><\/h1><\/div>\n\t\t\t<\/div>\n\t\t\t<\/div><div class=\"et_d4_element et_pb_column_3_4 et_pb_column et_pb_column_14  et_pb_css_mix_blend_mode et-last-child et_block_column\">\n\t\t\t\t\n\t\t\t\t\n\t\t\t\t\n\t\t\t\t\n\t\t\t\t<div class=\"et_pb_module et_d4_element et_pb_text et_pb_text_14  et_pb_text_align_left et_pb_bg_layout_light\">\n\t\t\t\t\n\t\t\t\t\n\t\t\t\t\n\t\t\t\t\n\t\t\t\t<div class=\"et_pb_text_inner\"><ul>\n<li><strong>Du samedi 26 d\u00e9but de service au dimanche 27 octobre fin de service<\/strong><br \/> <span style=\"color: #99cc00;\">interruption entre Paris-St-Lazare et Argenteuil<span>\u00a0\u00a0<a href=\"http:\/\/documents.transilien.com\/1569920113214.pdf\"><img loading=\"lazy\" decoding=\"async\" src=\"https:\/\/www.horizonemployeur.fr\/wp2019\/wp-content\/uploads\/2019\/10\/Picto_info.png\" width=\"18\" height=\"18\" alt=\"\" class=\"wp-image-9034 alignnone size-full\" \/><\/a><\/span><br \/> modification de desserte entre Conflans-Ste-Honorine et Mantes-la-Jolie<span>\u00a0\u00a0<a href=\"http:\/\/documents.transilien.com\/1569920113214.pdf\"><img loading=\"lazy\" decoding=\"async\" src=\"https:\/\/www.horizonemployeur.fr\/wp2019\/wp-content\/uploads\/2019\/10\/Picto_info.png\" width=\"18\" height=\"18\" alt=\"\" class=\"wp-image-9034 alignnone size-full\" \/><\/a><\/span><\/span><\/li>\n<li><strong>Du samedi 26 d\u00e9but de service au dimanche 27 octobre 15h00<\/strong><br \/> <span style=\"color: #99cc00;\">interruption entre Pontoise et Gisors<span>\u00a0\u00a0<a href=\"http:\/\/documents.transilien.com\/1569920113214.pdf\"><img loading=\"lazy\" decoding=\"async\" src=\"https:\/\/www.horizonemployeur.fr\/wp2019\/wp-content\/uploads\/2019\/10\/Picto_info.png\" width=\"18\" height=\"18\" alt=\"\" class=\"wp-image-9034 alignnone size-full\" \/><\/a><\/span><\/span><\/li>\n<li><strong>Du vendredi 1er d\u00e9but de service au dimanche 3 novembre fin de service<\/strong><br \/> <span style=\"color: #99cc00;\">interruption entre Paris-St-Lazare et Mantes-la-Jolie via Poissy<span>\u00a0\u00a0<a href=\"http:\/\/documents.transilien.com\/1569920113227.pdf\"><img loading=\"lazy\" decoding=\"async\" src=\"https:\/\/www.horizonemployeur.fr\/wp2019\/wp-content\/uploads\/2019\/10\/Picto_info.png\" width=\"18\" height=\"18\" alt=\"\" class=\"wp-image-9034 alignnone size-full\" \/><\/a><\/span><\/span><\/li>\n<li><strong>Du vendredi 1er d\u00e9but de service au dimanche 3 novembre 18h00<\/strong><br \/> <span style=\"color: #99cc00;\">interruption entre Pontoise et Gisors<span>\u00a0\u00a0<a href=\"http:\/\/documents.transilien.com\/1569920113230.pdf\"><img loading=\"lazy\" decoding=\"async\" src=\"https:\/\/www.horizonemployeur.fr\/wp2019\/wp-content\/uploads\/2019\/10\/Picto_info.png\" width=\"18\" height=\"18\" alt=\"\" class=\"wp-image-9034 alignnone size-full\" \/><\/a><\/span><\/span><span style=\"color: #99cc00;\"><\/span><\/li>\n<\/ul><\/div>\n\t\t\t<\/div>\n\t\t\t<\/div>\n\t\t\t\t\n\t\t\t\t\n\t\t\t\t\n\t\t\t\t\n\t\t\t<\/div><div class=\"et_d4_element et_pb_row et_pb_row_8  et_pb_css_mix_blend_mode et_block_row\">\n\t\t\t\t<div class=\"et_d4_element et_pb_column_1_4 et_pb_column et_pb_column_15  et_pb_css_mix_blend_mode et_block_column\">\n\t\t\t\t\n\t\t\t\t\n\t\t\t\t\n\t\t\t\t\n\t\t\t\t<div class=\"et_pb_module et_d4_element et_pb_text et_pb_text_15  et_pb_text_align_left et_pb_bg_layout_light\">\n\t\t\t\t\n\t\t\t\t\n\t\t\t\t\n\t\t\t\t\n\t\t\t\t<div class=\"et_pb_text_inner\"><h1 style=\"text-align: center;\"><img loading=\"lazy\" decoding=\"async\" src=\"https:\/\/www.horizonemployeur.fr\/wp2019\/wp-content\/uploads\/2019\/10\/Train.png\" width=\"60\" height=\"60\" alt=\"\" class=\"wp-image-9020 alignnone size-full\" \/><img loading=\"lazy\" decoding=\"async\" src=\"https:\/\/www.horizonemployeur.fr\/wp2019\/wp-content\/uploads\/2019\/10\/Train_K.png\" width=\"60\" height=\"60\" alt=\"\" class=\"wp-image-9023 alignnone size-full\" \/><\/h1><\/div>\n\t\t\t<\/div>\n\t\t\t<\/div><div class=\"et_d4_element et_pb_column_3_4 et_pb_column et_pb_column_16  et_pb_css_mix_blend_mode et-last-child et_block_column\">\n\t\t\t\t\n\t\t\t\t\n\t\t\t\t\n\t\t\t\t\n\t\t\t\t<div class=\"et_pb_module et_d4_element et_pb_text et_pb_text_16  et_pb_text_align_left et_pb_bg_layout_light\">\n\t\t\t\t\n\t\t\t\t\n\t\t\t\t\n\t\t\t\t\n\t\t\t\t<div class=\"et_pb_text_inner\"><ul>\n<li><strong>Du vendredi 1er d\u00e9but de service au dimanche 3 novembre fin de service<\/strong><br \/><span style=\"color: #c9ab00;\"><span color=\"#4f1eff\">modification de desserte entre Paris-Nord et Cr\u00e9py-en-Valois<span>\u00a0\u00a0<a href=\"http:\/\/documents.transilien.com\/1569920113225.pdf\"><img loading=\"lazy\" decoding=\"async\" src=\"https:\/\/www.horizonemployeur.fr\/wp2019\/wp-content\/uploads\/2019\/10\/Picto_info.png\" width=\"18\" height=\"18\" alt=\"\" class=\"wp-image-9034 alignnone size-full\" \/><\/a><\/span><\/span><\/span><\/li>\n<\/ul><\/div>\n\t\t\t<\/div>\n\t\t\t<\/div>\n\t\t\t\t\n\t\t\t\t\n\t\t\t\t\n\t\t\t\t\n\t\t\t<\/div><div class=\"et_d4_element et_pb_row et_pb_row_9  et_pb_css_mix_blend_mode et_block_row\">\n\t\t\t\t<div class=\"et_d4_element et_pb_column_1_4 et_pb_column et_pb_column_17  et_pb_css_mix_blend_mode et_block_column\">\n\t\t\t\t\n\t\t\t\t\n\t\t\t\t\n\t\t\t\t\n\t\t\t\t<div class=\"et_pb_module et_d4_element et_pb_text et_pb_text_17  et_pb_text_align_left et_pb_bg_layout_light\">\n\t\t\t\t\n\t\t\t\t\n\t\t\t\t\n\t\t\t\t\n\t\t\t\t<div class=\"et_pb_text_inner\"><h1 style=\"text-align: center;\"><img loading=\"lazy\" decoding=\"async\" src=\"https:\/\/www.horizonemployeur.fr\/wp2019\/wp-content\/uploads\/2019\/10\/Train.png\" width=\"60\" height=\"60\" alt=\"\" class=\"wp-image-9020 alignnone size-full\" \/><img loading=\"lazy\" decoding=\"async\" src=\"https:\/\/www.horizonemployeur.fr\/wp2019\/wp-content\/uploads\/2019\/10\/Train_L.png\" width=\"60\" height=\"60\" alt=\"\" class=\"wp-image-9024 alignnone size-full\" \/><\/h1><\/div>\n\t\t\t<\/div>\n\t\t\t<\/div><div class=\"et_d4_element et_pb_column_3_4 et_pb_column et_pb_column_18  et_pb_css_mix_blend_mode et-last-child et_block_column\">\n\t\t\t\t\n\t\t\t\t\n\t\t\t\t\n\t\t\t\t\n\t\t\t\t<div class=\"et_pb_module et_d4_element et_pb_text et_pb_text_18  et_pb_text_align_left et_pb_bg_layout_light\">\n\t\t\t\t\n\t\t\t\t\n\t\t\t\t\n\t\t\t\t\n\t\t\t\t<div class=\"et_pb_text_inner\"><ul>\n<li><strong>Du samedi 26 d\u00e9but de service au dimanche 27 octobre fin de service<\/strong><br \/> <span style=\"color: #4f1eff;\">modification de desserte entre Paris-St-Lazare et Versailles-Rive Droite<span>\u00a0\u00a0<a href=\"http:\/\/documents.transilien.com\/1568815553281.pdf\"><img loading=\"lazy\" decoding=\"async\" src=\"https:\/\/www.horizonemployeur.fr\/wp2019\/wp-content\/uploads\/2019\/10\/Picto_info.png\" width=\"18\" height=\"18\" alt=\"\" class=\"wp-image-9034 alignnone size-full\" \/><\/a><\/span><\/span><br \/> <span style=\"color: #4f1eff;\"> modification de desserte entre Paris-St-Lazare et St-Nom-la-Bret\u00e8che<span>\u00a0\u00a0<a href=\"http:\/\/documents.transilien.com\/1568815553281.pdf\"><img loading=\"lazy\" decoding=\"async\" src=\"https:\/\/www.horizonemployeur.fr\/wp2019\/wp-content\/uploads\/2019\/10\/Picto_info.png\" width=\"18\" height=\"18\" alt=\"\" class=\"wp-image-9034 alignnone size-full\" \/><\/a><\/span><\/span><br \/> <span style=\"color: #4f1eff;\"> modification de desserte entre Paris-St-Lazare et Nanterre-Universit\u00e9 (1 train sur 2)<span>\u00a0\u00a0<a href=\"http:\/\/documents.transilien.com\/1568815553280.pdf\"><img loading=\"lazy\" decoding=\"async\" src=\"https:\/\/www.horizonemployeur.fr\/wp2019\/wp-content\/uploads\/2019\/10\/Picto_info.png\" width=\"18\" height=\"18\" alt=\"\" class=\"wp-image-9034 alignnone size-full\" \/><\/a><\/span><\/span><\/li>\n<li><strong>Du vendredi 1er d\u00e9but de service au dimanche 3 novembre fin de service<\/strong><br \/> <span style=\"color: #4f1eff;\">interruption entre Paris-St-Lazare et La D\u00e9fense<span>\u00a0\u00a0<a href=\"http:\/\/documents.transilien.com\/1571317924685.pdf\"><img loading=\"lazy\" decoding=\"async\" src=\"https:\/\/www.horizonemployeur.fr\/wp2019\/wp-content\/uploads\/2019\/10\/Picto_info.png\" width=\"18\" height=\"18\" alt=\"\" class=\"wp-image-9034 alignnone size-full\" \/><\/a><\/span><\/span><\/li>\n<li><strong>Du vendredi 1er d\u00e9but de service au dimanche 3 novembre 12h00<\/strong><span style=\"color: #4f1eff;\"><strong><br \/> <\/strong>interruption entre Sartrouville et Maisons-Laffitte<span>\u00a0\u00a0<a href=\"http:\/\/documents.transilien.com\/1571317924685.pdf\"><img loading=\"lazy\" decoding=\"async\" src=\"https:\/\/www.horizonemployeur.fr\/wp2019\/wp-content\/uploads\/2019\/10\/Picto_info.png\" width=\"18\" height=\"18\" alt=\"\" class=\"wp-image-9034 alignnone size-full\" \/><\/a><\/span><\/span><\/li>\n<\/ul><\/div>\n\t\t\t<\/div>\n\t\t\t<\/div>\n\t\t\t\t\n\t\t\t\t\n\t\t\t\t\n\t\t\t\t\n\t\t\t<\/div><div class=\"et_d4_element et_pb_row et_pb_row_10  et_pb_css_mix_blend_mode et_block_row\">\n\t\t\t\t<div class=\"et_d4_element et_pb_column_1_4 et_pb_column et_pb_column_19  et_pb_css_mix_blend_mode et_block_column\">\n\t\t\t\t\n\t\t\t\t\n\t\t\t\t\n\t\t\t\t\n\t\t\t\t<div class=\"et_pb_module et_d4_element et_pb_text et_pb_text_19  et_pb_text_align_left et_pb_bg_layout_light\">\n\t\t\t\t\n\t\t\t\t\n\t\t\t\t\n\t\t\t\t\n\t\t\t\t<div class=\"et_pb_text_inner\"><h1 style=\"text-align: center;\"><img loading=\"lazy\" decoding=\"async\" src=\"https:\/\/www.horizonemployeur.fr\/wp2019\/wp-content\/uploads\/2019\/10\/Train.png\" width=\"60\" height=\"60\" alt=\"\" class=\"wp-image-9020 alignnone size-full\" \/><img loading=\"lazy\" decoding=\"async\" src=\"https:\/\/www.horizonemployeur.fr\/wp2019\/wp-content\/uploads\/2019\/10\/Train_N.png\" width=\"60\" height=\"60\" alt=\"\" class=\"wp-image-9025 alignnone size-full\" \/><\/h1><\/div>\n\t\t\t<\/div>\n\t\t\t<\/div><div class=\"et_d4_element et_pb_column_3_4 et_pb_column et_pb_column_20  et_pb_css_mix_blend_mode et-last-child et_block_column\">\n\t\t\t\t\n\t\t\t\t\n\t\t\t\t\n\t\t\t\t\n\t\t\t\t<div class=\"et_pb_module et_d4_element et_pb_text et_pb_text_20  et_pb_text_align_left et_pb_bg_layout_light\">\n\t\t\t\t\n\t\t\t\t\n\t\t\t\t\n\t\t\t\t\n\t\t\t\t<div class=\"et_pb_text_inner\"><ul>\n<li><strong>Du samedi 26 d\u00e9but de service au dimanche 27 octobre fin de service<\/strong><br \/> <span style=\"color: #33cccc;\">modification de desserte entre Paris-Montparnasse et Rambouillet<span>\u00a0\u00a0<a href=\"http:\/\/documents.transilien.com\/1567692505800.pdf\"><img loading=\"lazy\" decoding=\"async\" src=\"https:\/\/www.horizonemployeur.fr\/wp2019\/wp-content\/uploads\/2019\/10\/Picto_info.png\" width=\"18\" height=\"18\" alt=\"\" class=\"wp-image-9034 alignnone size-full\" \/><\/a><\/span><\/span><br \/> <span style=\"color: #33cccc;\"> modification de desserte entre Paris-Montparnasse et Plaisir-Grignon<span>\u00a0\u00a0<a href=\"http:\/\/documents.transilien.com\/1567692505800.pdf\"><img loading=\"lazy\" decoding=\"async\" src=\"https:\/\/www.horizonemployeur.fr\/wp2019\/wp-content\/uploads\/2019\/10\/Picto_info.png\" width=\"18\" height=\"18\" alt=\"\" class=\"wp-image-9034 alignnone size-full\" \/><\/a><\/span><\/span><br \/> <span style=\"color: #33cccc;\"> modification de desserte entre Paris-Montparnasse et Mantes-la-Jolie<span>\u00a0\u00a0<a href=\"http:\/\/documents.transilien.com\/1567692505800.pdf\"><img loading=\"lazy\" decoding=\"async\" src=\"https:\/\/www.horizonemployeur.fr\/wp2019\/wp-content\/uploads\/2019\/10\/Picto_info.png\" width=\"18\" height=\"18\" alt=\"\" class=\"wp-image-9034 alignnone size-full\" \/><\/a><\/span><\/span><\/li>\n<li><strong>Du vendredi 1er d\u00e9but de service au samedi 2 novembre fin de service<\/strong><br \/> <span style=\"color: #33cccc;\"> interruption entre Plaisir-Grignon et Mantes-la-Jolie<span>\u00a0\u00a0<a href=\"http:\/\/documents.transilien.com\/1568815553302.pdf\"><img loading=\"lazy\" decoding=\"async\" src=\"https:\/\/www.horizonemployeur.fr\/wp2019\/wp-content\/uploads\/2019\/10\/Picto_info.png\" width=\"18\" height=\"18\" alt=\"\" class=\"wp-image-9034 alignnone size-full\" \/><\/a><\/span><\/span><\/li>\n<\/ul><\/div>\n\t\t\t<\/div>\n\t\t\t<\/div>\n\t\t\t\t\n\t\t\t\t\n\t\t\t\t\n\t\t\t\t\n\t\t\t<\/div><div class=\"et_d4_element et_pb_row et_pb_row_11  et_pb_css_mix_blend_mode et_block_row\">\n\t\t\t\t<div class=\"et_d4_element et_pb_column_1_4 et_pb_column et_pb_column_21  et_pb_css_mix_blend_mode et_block_column\">\n\t\t\t\t\n\t\t\t\t\n\t\t\t\t\n\t\t\t\t\n\t\t\t\t<div class=\"et_pb_module et_d4_element et_pb_text et_pb_text_21  et_pb_text_align_left et_pb_bg_layout_light\">\n\t\t\t\t\n\t\t\t\t\n\t\t\t\t\n\t\t\t\t\n\t\t\t\t<div class=\"et_pb_text_inner\"><h1 style=\"text-align: center;\"><img loading=\"lazy\" decoding=\"async\" src=\"https:\/\/www.horizonemployeur.fr\/wp2019\/wp-content\/uploads\/2019\/10\/Train.png\" width=\"60\" height=\"60\" alt=\"\" class=\"wp-image-9020 alignnone size-full\" \/><img loading=\"lazy\" decoding=\"async\" src=\"https:\/\/www.horizonemployeur.fr\/wp2019\/wp-content\/uploads\/2019\/10\/Train_P.png\" width=\"60\" height=\"60\" alt=\"\" class=\"wp-image-9026 alignnone size-full\" \/><\/h1><\/div>\n\t\t\t<\/div>\n\t\t\t<\/div><div class=\"et_d4_element et_pb_column_3_4 et_pb_column et_pb_column_22  et_pb_css_mix_blend_mode et-last-child et_block_column\">\n\t\t\t\t\n\t\t\t\t\n\t\t\t\t\n\t\t\t\t\n\t\t\t\t<div class=\"et_pb_module et_d4_element et_pb_text et_pb_text_22  et_pb_text_align_left et_pb_bg_layout_light\">\n\t\t\t\t\n\t\t\t\t\n\t\t\t\t\n\t\t\t\t\n\t\t\t\t<div class=\"et_pb_text_inner\"><ul>\n<li><strong>Du lundi 21 octobre d\u00e9but de service au vendredi 1er novembre fin de service<\/strong><br \/> <span color=\"#0ef5f9\" style=\"color: #ff8300;\">interruption entre Esbly et Cr\u00e9cy-la-Chapelle<span>\u00a0\u00a0<a href=\"http:\/\/documents.transilien.com\/1569920113213.pdf\"><img loading=\"lazy\" decoding=\"async\" src=\"https:\/\/www.horizonemployeur.fr\/wp2019\/wp-content\/uploads\/2019\/10\/Picto_info.png\" width=\"18\" height=\"18\" alt=\"\" class=\"wp-image-9034 alignnone size-full\" \/><\/a><\/span><\/span><\/li>\n<\/ul><\/div>\n\t\t\t<\/div>\n\t\t\t<\/div>\n\t\t\t\t\n\t\t\t\t\n\t\t\t\t\n\t\t\t\t\n\t\t\t<\/div><div class=\"et_d4_element et_pb_row et_pb_row_12  et_pb_css_mix_blend_mode et_block_row\">\n\t\t\t\t<div class=\"et_d4_element et_pb_column_1_4 et_pb_column et_pb_column_23  et_pb_css_mix_blend_mode et_block_column\">\n\t\t\t\t\n\t\t\t\t\n\t\t\t\t\n\t\t\t\t\n\t\t\t\t<div class=\"et_pb_module et_d4_element et_pb_text et_pb_text_23  et_pb_text_align_left et_pb_bg_layout_light\">\n\t\t\t\t\n\t\t\t\t\n\t\t\t\t\n\t\t\t\t\n\t\t\t\t<div class=\"et_pb_text_inner\"><h1 style=\"text-align: center;\"><img loading=\"lazy\" decoding=\"async\" src=\"https:\/\/www.horizonemployeur.fr\/wp2019\/wp-content\/uploads\/2019\/10\/Train.png\" width=\"60\" height=\"60\" alt=\"\" class=\"wp-image-9020 alignnone size-full\" \/><img loading=\"lazy\" decoding=\"async\" src=\"https:\/\/www.horizonemployeur.fr\/wp2019\/wp-content\/uploads\/2019\/10\/Train_R.png\" width=\"60\" height=\"60\" alt=\"\" class=\"wp-image-9027 alignnone size-full\" \/><\/h1><\/div>\n\t\t\t<\/div>\n\t\t\t<\/div><div class=\"et_d4_element et_pb_column_3_4 et_pb_column et_pb_column_24  et_pb_css_mix_blend_mode et-last-child et_block_column\">\n\t\t\t\t\n\t\t\t\t\n\t\t\t\t\n\t\t\t\t\n\t\t\t\t<div class=\"et_pb_module et_d4_element et_pb_text et_pb_text_24  et_pb_text_align_left et_pb_bg_layout_light\">\n\t\t\t\t\n\t\t\t\t\n\t\t\t\t\n\t\t\t\t\n\t\t\t\t<div class=\"et_pb_text_inner\"><ul>\n<li><strong>Du\u00a0samedi 26\u00a0d\u00e9but de service au dimanche 27 octobre fin de service<\/strong><br \/> <span style=\"color: #ff7cff;\">desserte modifi\u00e9e entre Paris et Montereau par Moret<span>\u00a0\u00a0<a href=\"http:\/\/documents.transilien.com\/1571317924676.pdf\"><img loading=\"lazy\" decoding=\"async\" src=\"https:\/\/www.horizonemployeur.fr\/wp2019\/wp-content\/uploads\/2019\/10\/Picto_info.png\" width=\"18\" height=\"18\" alt=\"\" class=\"wp-image-9034 alignnone size-full\" \/><\/a><\/span><\/span><br \/> <span style=\"color: #ff7cff;\"> desserte modifi\u00e9e entre Paris et Montargis<span>\u00a0\u00a0<a href=\"http:\/\/documents.transilien.com\/1571317924676.pdf\"><img loading=\"lazy\" decoding=\"async\" src=\"https:\/\/www.horizonemployeur.fr\/wp2019\/wp-content\/uploads\/2019\/10\/Picto_info.png\" width=\"18\" height=\"18\" alt=\"\" class=\"wp-image-9034 alignnone size-full\" \/><\/a><\/span><\/span><\/li>\n<li><strong>Du\u00a0samedi 2 d\u00e9but de service au dimanche 3 novembre fin de service<\/strong><br \/> <span><span style=\"color: #ff7cff;\">horaires modifi\u00e9s entre Paris et Montereau par Moret<\/span><span>\u00a0\u00a0<a href=\"http:\/\/documents.transilien.com\/1571391790207.pdf\"><img loading=\"lazy\" decoding=\"async\" src=\"https:\/\/www.horizonemployeur.fr\/wp2019\/wp-content\/uploads\/2019\/10\/Picto_info.png\" width=\"18\" height=\"18\" alt=\"\" class=\"wp-image-9034 alignnone size-full\" \/><\/a><\/span><\/span><br \/> <span><span style=\"color: #ff7cff;\">horaires modifi\u00e9s entre Paris et Montargis<\/span><span>\u00a0\u00a0<a href=\"http:\/\/documents.transilien.com\/1571391790207.pdf\"><img loading=\"lazy\" decoding=\"async\" src=\"https:\/\/www.horizonemployeur.fr\/wp2019\/wp-content\/uploads\/2019\/10\/Picto_info.png\" width=\"18\" height=\"18\" alt=\"\" class=\"wp-image-9034 alignnone size-full\" \/><\/a><\/span><\/span><span style=\"color: #ff7cff;\"><span><\/span><\/span><\/li>\n<\/ul><\/div>\n\t\t\t<\/div>\n\t\t\t<\/div>\n\t\t\t\t\n\t\t\t\t\n\t\t\t\t\n\t\t\t\t\n\t\t\t<\/div><div class=\"et_d4_element et_pb_row et_pb_row_13  et_pb_css_mix_blend_mode et_block_row\">\n\t\t\t\t<div class=\"et_d4_element et_pb_column_1_4 et_pb_column et_pb_column_25  et_pb_css_mix_blend_mode et_block_column\">\n\t\t\t\t\n\t\t\t\t\n\t\t\t\t\n\t\t\t\t\n\t\t\t\t<div class=\"et_pb_module et_d4_element et_pb_text et_pb_text_25  et_pb_text_align_left et_pb_bg_layout_light\">\n\t\t\t\t\n\t\t\t\t\n\t\t\t\t\n\t\t\t\t\n\t\t\t\t<div class=\"et_pb_text_inner\"><h1 style=\"text-align: center;\"><img loading=\"lazy\" decoding=\"async\" src=\"https:\/\/www.horizonemployeur.fr\/wp2019\/wp-content\/uploads\/2019\/10\/Metro.png\" width=\"60\" height=\"60\" alt=\"\" class=\"wp-image-9029 alignnone size-full\" \/><img loading=\"lazy\" decoding=\"async\" src=\"https:\/\/www.horizonemployeur.fr\/wp2019\/wp-content\/uploads\/2019\/10\/Metro_9.png\" width=\"60\" height=\"60\" alt=\"\" class=\"wp-image-9030 alignnone size-full\" \/><\/h1><\/div>\n\t\t\t<\/div>\n\t\t\t<\/div><div class=\"et_d4_element et_pb_column_3_4 et_pb_column et_pb_column_26  et_pb_css_mix_blend_mode et-last-child et_block_column\">\n\t\t\t\t\n\t\t\t\t\n\t\t\t\t\n\t\t\t\t\n\t\t\t\t<div class=\"et_pb_module et_d4_element et_pb_text et_pb_text_26  et_pb_text_align_left et_pb_bg_layout_light\">\n\t\t\t\t\n\t\t\t\t\n\t\t\t\t\n\t\t\t\t\n\t\t\t\t<div class=\"et_pb_text_inner\"><ul>\n<li><strong>Du vendredi 1er d\u00e9but de service au dimanche 3 novembre fin de service<\/strong><br \/> <span style=\"color: #68d800;\">interruption entre Porte-de-St-Cloud et Pont de S\u00e8vres<span>\u00a0\u00a0<a href=\"https:\/\/www.ratp.fr\/sites\/default\/files\/inline-files\/P31328%20M9%20Ferm-PteStCloud-PtS%C3%A8vres__Depli.pdf\"><img loading=\"lazy\" decoding=\"async\" src=\"https:\/\/www.horizonemployeur.fr\/wp2019\/wp-content\/uploads\/2019\/10\/Picto_info.png\" width=\"18\" height=\"18\" alt=\"\" class=\"wp-image-9034 alignnone size-full\" \/><\/a><\/span><\/span><\/li>\n<\/ul><\/div>\n\t\t\t<\/div>\n\t\t\t<\/div>\n\t\t\t\t\n\t\t\t\t\n\t\t\t\t\n\t\t\t\t\n\t\t\t<\/div><div class=\"et_d4_element et_pb_row et_pb_row_14  et_pb_css_mix_blend_mode et_block_row\">\n\t\t\t\t<div class=\"et_d4_element et_pb_column_1_4 et_pb_column et_pb_column_27  et_pb_css_mix_blend_mode et_block_column\">\n\t\t\t\t\n\t\t\t\t\n\t\t\t\t\n\t\t\t\t\n\t\t\t\t<div class=\"et_pb_module et_d4_element et_pb_text et_pb_text_27  et_pb_text_align_left et_pb_bg_layout_light\">\n\t\t\t\t\n\t\t\t\t\n\t\t\t\t\n\t\t\t\t\n\t\t\t\t<div class=\"et_pb_text_inner\"><h1 style=\"text-align: center;\"><img loading=\"lazy\" decoding=\"async\" src=\"https:\/\/www.horizonemployeur.fr\/wp2019\/wp-content\/uploads\/2019\/10\/Tram.png\" width=\"60\" height=\"60\" alt=\"\" class=\"wp-image-9031 alignnone size-full\" \/><img loading=\"lazy\" decoding=\"async\" src=\"https:\/\/www.horizonemployeur.fr\/wp2019\/wp-content\/uploads\/2019\/10\/Tram_4.png\" width=\"60\" height=\"60\" alt=\"\" class=\"wp-image-9032 alignnone size-full\" \/><\/h1><\/div>\n\t\t\t<\/div>\n\t\t\t<\/div><div class=\"et_d4_element et_pb_column_3_4 et_pb_column et_pb_column_28  et_pb_css_mix_blend_mode et-last-child et_block_column\">\n\t\t\t\t\n\t\t\t\t\n\t\t\t\t\n\t\t\t\t\n\t\t\t\t<div class=\"et_pb_module et_d4_element et_pb_text et_pb_text_28  et_pb_text_align_left et_pb_bg_layout_light\">\n\t\t\t\t\n\t\t\t\t\n\t\t\t\t\n\t\t\t\t\n\t\t\t\t<div class=\"et_pb_text_inner\"><ul>\n<li><strong>Du samedi 19 octobre d\u00e9but de service au dimanche 3 novembre fin de service<\/strong><br \/> <span color=\"#0ef5f9\" style=\"color: #ffd400;\">interruption entre Bondy et Aulnay-sous-Bois<span>\u00a0\u00a0<a href=\"http:\/\/documents.transilien.com\/1568815553210.pdf\"><img loading=\"lazy\" decoding=\"async\" src=\"https:\/\/www.horizonemployeur.fr\/wp2019\/wp-content\/uploads\/2019\/10\/Picto_info.png\" width=\"18\" height=\"18\" alt=\"\" class=\"wp-image-9034 alignnone size-full\" \/><\/a><\/span><\/span><\/li>\n<\/ul><\/div>\n\t\t\t<\/div>\n\t\t\t<\/div>\n\t\t\t\t\n\t\t\t\t\n\t\t\t\t\n\t\t\t\t\n\t\t\t<\/div><div class=\"et_d4_element et_pb_row et_pb_row_15  et_pb_css_mix_blend_mode et_block_row\">\n\t\t\t\t<div class=\"et_d4_element et_pb_column_1_4 et_pb_column et_pb_column_29  et_pb_css_mix_blend_mode et_block_column\">\n\t\t\t\t\n\t\t\t\t\n\t\t\t\t\n\t\t\t\t\n\t\t\t\t<div class=\"et_pb_module et_d4_element et_pb_text et_pb_text_29  et_pb_text_align_left et_pb_bg_layout_light\">\n\t\t\t\t\n\t\t\t\t\n\t\t\t\t\n\t\t\t\t\n\t\t\t\t<div class=\"et_pb_text_inner\"><h1 style=\"text-align: center;\"><img loading=\"lazy\" decoding=\"async\" src=\"https:\/\/www.horizonemployeur.fr\/wp2019\/wp-content\/uploads\/2019\/10\/Tram.png\" width=\"60\" height=\"60\" alt=\"\" class=\"wp-image-9031 alignnone size-full\" \/><img loading=\"lazy\" decoding=\"async\" src=\"https:\/\/www.horizonemployeur.fr\/wp2019\/wp-content\/uploads\/2019\/10\/Tram_6.png\" width=\"60\" height=\"60\" alt=\"\" class=\"wp-image-9033 alignnone size-full\" \/><\/h1><\/div>\n\t\t\t<\/div>\n\t\t\t<\/div><div class=\"et_d4_element et_pb_column_3_4 et_pb_column et_pb_column_30  et_pb_css_mix_blend_mode et-last-child et_block_column\">\n\t\t\t\t\n\t\t\t\t\n\t\t\t\t\n\t\t\t\t\n\t\t\t\t<div class=\"et_pb_module et_d4_element et_pb_text et_pb_text_30  et_pb_text_align_left et_pb_bg_layout_light\">\n\t\t\t\t\n\t\t\t\t\n\t\t\t\t\n\t\t\t\t\n\t\t\t\t<div class=\"et_pb_text_inner\"><ul>\n<li><strong>Du samedi 26 d\u00e9but de service au mardi 29 octobre fin de service<\/strong><br \/> <span style=\"color: #ff0000;\">interruption entre Division Leclerc et Georges Pompidou<br \/> <span>Bus de remplacement (service Cam\u00e9l\u00e9on)\u00a0\u00a0<a href=\"https:\/\/www.ratp.fr\/sites\/default\/files\/inline-files\/liste-arret-cameleon_T6_0.pdf\"><img loading=\"lazy\" decoding=\"async\" src=\"https:\/\/www.horizonemployeur.fr\/wp2019\/wp-content\/uploads\/2019\/10\/Picto_info.png\" width=\"18\" height=\"18\" alt=\"\" class=\"wp-image-9034 alignnone size-full\" \/><\/a><\/span><\/span><\/li>\n<\/ul><\/div>\n\t\t\t<\/div>\n\t\t\t<\/div>\n\t\t\t\t\n\t\t\t\t\n\t\t\t\t\n\t\t\t\t\n\t\t\t<\/div><div class=\"et_d4_element et_pb_row et_pb_row_16  et_pb_css_mix_blend_mode et_block_row\">\n\t\t\t\t<div class=\"et_d4_element et_pb_column_4_4 et_pb_column et_pb_column_31  et_pb_css_mix_blend_mode et-last-child et_block_column\">\n\t\t\t\t\n\t\t\t\t\n\t\t\t\t\n\t\t\t\t\n\t\t\t\t<div class=\"et_pb_module et_d4_element et_pb_text et_pb_text_31  et_pb_text_align_left et_pb_bg_layout_light\">\n\t\t\t\t\n\t\t\t\t\n\t\t\t\t\n\t\t\t\t\n\t\t\t\t<div class=\"et_pb_text_inner\"><p>Note: l'illustration n'est qu'un test r\u00e9alis\u00e9 par Le Lab Vianavigo (Ile-de-France Mobilit\u00e9s) pour am\u00e9liorer l'information travaux. Elle ne correspond \u00e0 aucune interruption r\u00e9elle planifi\u00e9e dans les prochains jours.<\/p><\/div>\n\t\t\t<\/div>\n\t\t\t<\/div>\n\t\t\t\t\n\t\t\t\t\n\t\t\t\t\n\t\t\t\t\n\t\t\t<\/div>\n\t\t\t\t\n\t\t\t\t\n\t\t\t<\/div>\n","protected":false},"excerpt":{"rendered":"","protected":false},"author":1,"featured_media":9036,"comment_status":"open","ping_status":"open","sticky":false,"template":"","format":"standard","meta":{"_acf_changed":false,"inline_featured_image":false,"_et_pb_use_builder":"on","_et_pb_old_content":"","_et_gb_content_width":"","footnotes":""},"categories":[12],"tags":[37],"dipi_cpt_category":[],"class_list":["post-9007","post","type-post","status-publish","format-standard","has-post-thumbnail","hentry","category-transports-en-commun","tag-travaux"],"acf":[],"dsm_author":{"name":"Association Horizon Employeur","avatar_url":"https:\/\/www.horizonemployeur.fr\/wp2019\/wp-content\/plugins\/ultimate-member\/assets\/img\/default_avatar.jpg","archive_link":"https:\/\/www.horizonemployeur.fr\/wp2019\/author\/horizonemployeur\/","biodata":""},"dsm_categories":[{"term_name":"Transports en Commun","term_id":12,"term_link":"https:\/\/www.horizonemployeur.fr\/wp2019\/category\/transports-en-commun\/"}],"dsm_attachment_categories":[],"dsm_featured_image":{"thumbnail":"https:\/\/www.horizonemployeur.fr\/wp2019\/wp-content\/uploads\/2019\/10\/Banniere_travaux_975x466-150x150.png","medium":"https:\/\/www.horizonemployeur.fr\/wp2019\/wp-content\/uploads\/2019\/10\/Banniere_travaux_975x466-300x143.png","medium_large":"https:\/\/www.horizonemployeur.fr\/wp2019\/wp-content\/uploads\/2019\/10\/Banniere_travaux_975x466-768x367.png","large":"https:\/\/www.horizonemployeur.fr\/wp2019\/wp-content\/uploads\/2019\/10\/Banniere_travaux_975x466.png","1536x1536":"https:\/\/www.horizonemployeur.fr\/wp2019\/wp-content\/uploads\/2019\/10\/Banniere_travaux_975x466.png","2048x2048":"https:\/\/www.horizonemployeur.fr\/wp2019\/wp-content\/uploads\/2019\/10\/Banniere_travaux_975x466.png","et-pb-post-main-image":"https:\/\/www.horizonemployeur.fr\/wp2019\/wp-content\/uploads\/2019\/10\/Banniere_travaux_975x466-400x250.png","et-pb-post-main-image-fullwidth":"https:\/\/www.horizonemployeur.fr\/wp2019\/wp-content\/uploads\/2019\/10\/Banniere_travaux_975x466.png","et-pb-portfolio-image":"https:\/\/www.horizonemployeur.fr\/wp2019\/wp-content\/uploads\/2019\/10\/Banniere_travaux_975x466-400x284.png","et-pb-portfolio-module-image":"https:\/\/www.horizonemployeur.fr\/wp2019\/wp-content\/uploads\/2019\/10\/Banniere_travaux_975x466-510x382.png","et-pb-portfolio-image-single":"https:\/\/www.horizonemployeur.fr\/wp2019\/wp-content\/uploads\/2019\/10\/Banniere_travaux_975x466.png","et-pb-gallery-module-image-portrait":"https:\/\/www.horizonemployeur.fr\/wp2019\/wp-content\/uploads\/2019\/10\/Banniere_travaux_975x466-400x466.png","et-pb-post-main-image-fullwidth-large":"https:\/\/www.horizonemployeur.fr\/wp2019\/wp-content\/uploads\/2019\/10\/Banniere_travaux_975x466.png","et-pb-image--responsive--desktop":"https:\/\/www.horizonemployeur.fr\/wp2019\/wp-content\/uploads\/2019\/10\/Banniere_travaux_975x466.png","et-pb-image--responsive--tablet":"https:\/\/www.horizonemployeur.fr\/wp2019\/wp-content\/uploads\/2019\/10\/Banniere_travaux_975x466.png","et-pb-image--responsive--phone":"https:\/\/www.horizonemployeur.fr\/wp2019\/wp-content\/uploads\/2019\/10\/Banniere_travaux_975x466-480x229.png","full":"https:\/\/www.horizonemployeur.fr\/wp2019\/wp-content\/uploads\/2019\/10\/Banniere_travaux_975x466.png"},"_links":{"self":[{"href":"https:\/\/www.horizonemployeur.fr\/wp2019\/wp-json\/wp\/v2\/posts\/9007","targetHints":{"allow":["GET"]}}],"collection":[{"href":"https:\/\/www.horizonemployeur.fr\/wp2019\/wp-json\/wp\/v2\/posts"}],"about":[{"href":"https:\/\/www.horizonemployeur.fr\/wp2019\/wp-json\/wp\/v2\/types\/post"}],"author":[{"embeddable":true,"href":"https:\/\/www.horizonemployeur.fr\/wp2019\/wp-json\/wp\/v2\/users\/1"}],"replies":[{"embeddable":true,"href":"https:\/\/www.horizonemployeur.fr\/wp2019\/wp-json\/wp\/v2\/comments?post=9007"}],"version-history":[{"count":16,"href":"https:\/\/www.horizonemployeur.fr\/wp2019\/wp-json\/wp\/v2\/posts\/9007\/revisions"}],"predecessor-version":[{"id":20764,"href":"https:\/\/www.horizonemployeur.fr\/wp2019\/wp-json\/wp\/v2\/posts\/9007\/revisions\/20764"}],"wp:featuredmedia":[{"embeddable":true,"href":"https:\/\/www.horizonemployeur.fr\/wp2019\/wp-json\/wp\/v2\/media\/9036"}],"wp:attachment":[{"href":"https:\/\/www.horizonemployeur.fr\/wp2019\/wp-json\/wp\/v2\/media?parent=9007"}],"wp:term":[{"taxonomy":"category","embeddable":true,"href":"https:\/\/www.horizonemployeur.fr\/wp2019\/wp-json\/wp\/v2\/categories?post=9007"},{"taxonomy":"post_tag","embeddable":true,"href":"https:\/\/www.horizonemployeur.fr\/wp2019\/wp-json\/wp\/v2\/tags?post=9007"},{"taxonomy":"dipi_cpt_category","embeddable":true,"href":"https:\/\/www.horizonemployeur.fr\/wp2019\/wp-json\/wp\/v2\/dipi_cpt_category?post=9007"}],"curies":[{"name":"wp","href":"https:\/\/api.w.org\/{rel}","templated":true}]}}