{"id":5285,"date":"2018-06-28T18:23:48","date_gmt":"2018-06-28T16:23:48","guid":{"rendered":"http:\/\/www.horizonemployeur.fr\/wordpress\/?p=5285"},"modified":"2018-06-28T18:23:48","modified_gmt":"2018-06-28T16:23:48","slug":"trafic-29-06-2018","status":"publish","type":"post","link":"https:\/\/www.horizonemployeur.fr\/wp2019\/2018\/06\/28\/trafic-29-06-2018\/","title":{"rendered":"Vendredi 29 juin 2018: pr\u00e9visions de trafic SNCF"},"content":{"rendered":"<p>Vendredi 29 juin, on joue les arr\u00eats de jeu. Certaines lignes, soit les lignes C, E, J, L, N et U ainsi que TER&nbsp;Paris-Chartres, sont touch\u00e9es par un mouvement local <strong>vendredi 29<\/strong>, avec un trafic allant de 1 train sur 2 \u00e0 9 trains sur 10.<\/p>\n<p><!--more--><\/p>\n<p>(mise \u00e0 jour:&nbsp; jeudi 28 juin 18h25)<\/p>\n<p>Deux rappels avant de passer aux pr\u00e9visions, les m\u00eames qu&#8217;hier:<\/p>\n<p>Le premier concerne les <strong>d\u00e9dommagements Transilien<\/strong><\/p>\n<ul>\n<li>si vous \u00eates titulaire d&#8217;un abonnement Navigo annuel ou mois<\/li>\n<li>si vous habitez, travaillez ou \u00e9tudiez dans une commune hors Paris, desservie par une ligne Transilien (les gares de Paris, les gares de la ligne A \u00e0 l&#8217;est d&#8217;Etoile, et celles de la ligne B au sud de Gare du Nord ne sont pas \u00e9ligibles)<\/li>\n<li>vous \u00eates peut-\u00eatre en mesure de toucher un d\u00e9dommagement suite aux gr\u00e8ves sur les mois d&#8217;avril et mai<\/li>\n<li>les d\u00e9marches sont \u00e0 effectuer avant le 22 juillet 2018<br \/>\nPour en savoir plus:&nbsp;<a href=\"http:\/\/mobilite.horizonemployeur.fr\/2018\/06\/20\/dedommagements-sncf-04-05-2018\/\">mobilite.horizonemployeur.fr\/2018\/06\/20\/dedommagements-sncf-04-05-2018\/<\/a><\/li>\n<li>des mesures sp\u00e9cifiques pour les lignes particuli\u00e8rement touch\u00e9es, dont la liste est \u00e0 d\u00e9finir, et sous des conditions \u00e0 d\u00e9finir, devraient \u00eatre annonc\u00e9es prochainement<\/li>\n<\/ul>\n<p>Le second concerne les <strong>travaux et horaires d&#8217;\u00e9t\u00e9<\/strong><\/p>\n<ul>\n<li>D\u00e8s le 2 juillet, les travaux d&#8217;\u00e9t\u00e9 RATP et SNCF commencent. La liste&nbsp;<a href=\"http:\/\/mobilite.horizonemployeur.fr\/2018\/06\/05\/travaux-ete-2018\/\">http:\/\/mobilite.horizonemployeur.fr\/2018\/06\/05\/travaux-ete-2018\/<\/a> doit en principe reprendre l&#8217;ensemble des coupures concernant des journ\u00e9es ouvr\u00e9es<\/li>\n<li>D\u00e8s le 1er juillet, les premi\u00e8res lignes de transport en commun passent en horaires d&#8217;\u00e9t\u00e9 (all\u00e9g\u00e9s) et cela concernera en particulier les lignes RATP bus, tramway, m\u00e9tro.<\/li>\n<\/ul>\n<p>&nbsp;<\/p>\n<p>Il reste \u00e0 voir les pr\u00e9visions du <strong>vendredi 29<\/strong><strong>&nbsp;juin.<\/strong><\/p>\n<p>&nbsp;<\/p>\n<h1>Ile-de-France<\/h1>\n<h2>RER et Transilien<\/h2>\n<p><span style=\"color: #ff0000;\">Attention, certaines lignes dont le trafic est indiqu\u00e9 comme normal peuvent \u00eatre affect\u00e9es par des modifications ou des suppressions de desserte dues \u00e0 des travaux, notamment en fin de soir\u00e9e.<\/span><\/p>\n<table style=\"width: 100%; height: 1410px;\">\n<tbody>\n<tr style=\"height: 24px;\">\n<td style=\"width: 5%; height: 24px; text-align: center; vertical-align: top;\"><strong>Ligne<\/strong><\/td>\n<td style=\"width: 40%; height: 24px; text-align: center; vertical-align: top;\"><b>Description g\u00e9n\u00e9rale<\/b><\/td>\n<td style=\"width: 55%; height: 24px; text-align: center; vertical-align: top;\"><b>Horaires d\u00e9taill\u00e9s<\/b><\/td>\n<\/tr>\n<tr style=\"height: 9px;\">\n<td style=\"width: 5%; height: 68px; vertical-align: top; text-align: center;\" rowspan=\"2\"><img loading=\"lazy\" decoding=\"async\" class=\"alignnone wp-image-3223\" src=\"http:\/\/www.horizonemployeur.fr\/wordpress\/wp-content\/uploads\/2017\/06\/picto_a.png\" alt=\"\" width=\"40\" height=\"40\"><\/td>\n<td style=\"width: 40%; height: 9px; vertical-align: top;\"><img loading=\"lazy\" decoding=\"async\" class=\"alignnone size-full wp-image-4635\" src=\"http:\/\/www.horizonemployeur.fr\/wordpress\/wp-content\/uploads\/2018\/05\/vendredi.png\" alt=\"\" width=\"78\" height=\"15\"><\/p>\n<ul>\n<li>Trafic normal<\/li>\n<\/ul>\n<\/td>\n<td style=\"width: 55%; height: 9px; text-align: left; vertical-align: top;\">&nbsp;<\/td>\n<\/tr>\n<tr style=\"height: 59px;\">\n<td style=\"background-color: #ffe7b8; vertical-align: top; height: 59px; width: 40%;\"><img loading=\"lazy\" decoding=\"async\" class=\"alignnone size-full wp-image-4638\" src=\"http:\/\/www.horizonemployeur.fr\/wordpress\/wp-content\/uploads\/2018\/05\/travaux.png\" alt=\"\" width=\"85\" height=\"15\"><\/p>\n<ul>\n<li><span style=\"color: #ff0000;\"><span style=\"text-decoration: underline;\"><strong>du lundi 4 juin au vendredi 13 juillet<\/strong><\/span>, sauf week-ends et 21 juin, interruptions \u00e0 partir de 21h15 sur<\/span>\n<ul>\n<li><span style=\"color: #ff0000;\">Nanterre-Pr\u00e9fecture &lt;&gt; Cergy&nbsp;<\/span><\/li>\n<li><span style=\"color: #ff0000;\">Nanterre-Pr\u00e9fecture &lt;&gt; Poissy<\/span><\/li>\n<\/ul>\n<\/li>\n<li><span style=\"color: #ff0000;\"><span style=\"text-decoration: underline;\"><strong>samedi 30 juin et dimanche 1er juillet<\/strong><\/span>, interruptions pour travaux sur:<\/span>\n<ul>\n<li><span style=\"color: #ff0000;\">Nanterre-Pr\u00e9fecture &lt;&gt; Cergy&nbsp;<\/span><\/li>\n<li><span style=\"color: #ff0000;\">Nanterre-Pr\u00e9fecture &lt;&gt; Poissy<\/span><\/li>\n<\/ul>\n<\/li>\n<\/ul>\n<\/td>\n<td style=\"background-color: #ffe7b8; vertical-align: top; height: 59px; width: 55%;\"><img loading=\"lazy\" decoding=\"async\" class=\"alignnone size-full wp-image-4638\" src=\"http:\/\/www.horizonemployeur.fr\/wordpress\/wp-content\/uploads\/2018\/05\/travaux.png\" alt=\"\" width=\"85\" height=\"15\"><\/p>\n<ul>\n<li><a href=\"http:\/\/documents.transilien.com\/1527750473967.pdf\" target=\"_blank\" rel=\"noopener\">Travaux soir\u00e9e Nanterre-Pr\u00e9fecture &lt;&gt; Cergy \/ Poissy<\/a>&nbsp;(du 18 au 29 juin)<\/li>\n<li><a href=\"http:\/\/documents.transilien.com\/1527750474016.pdf\" target=\"_blank\" rel=\"noopener\">Travaux Nanterre-Pr\u00e9fecture &lt;&gt; Cergy \/ Poissy<\/a> (30 juin et 1er juillet)<\/li>\n<\/ul>\n<\/td>\n<\/tr>\n<tr style=\"height: 9px;\">\n<td style=\"width: 5%; height: 19px; vertical-align: top; text-align: center;\" rowspan=\"2\"><img loading=\"lazy\" decoding=\"async\" class=\"alignnone wp-image-3224\" src=\"http:\/\/www.horizonemployeur.fr\/wordpress\/wp-content\/uploads\/2017\/06\/picto_b.png\" alt=\"\" width=\"40\" height=\"40\"><\/td>\n<td style=\"width: 40%; text-align: left; height: 9px; vertical-align: top;\"><span style=\"color: #ff0000;\">Mardi 12 juin au matin, un accident (d\u00e9raillement partiel d&#8217;une rame, avec 7 bless\u00e9s l\u00e9gers) s&#8217;est produit \u00e0 proximit\u00e9 de la gare de Courcelle, d\u00fb \u00e0 un affaissement de terrain, cons\u00e9quence des pluies importantes.<\/span><\/p>\n<ul>\n<li><span style=\"color: #ff0000;\">Les trains sont terminus Gif.<\/span><\/li>\n<li><span style=\"color: #ff0000;\">Des bus assurent la desserte entre Gif et St-R\u00e9my<\/span><\/li>\n<\/ul>\n<p><span style=\"color: #ff0000;\"><strong>La reprise d&#8217;un trafic normal est attendue pour la mi-juillet<\/strong><\/span><\/p>\n<p><img loading=\"lazy\" decoding=\"async\" class=\"alignnone size-full wp-image-4635\" src=\"http:\/\/www.horizonemployeur.fr\/wordpress\/wp-content\/uploads\/2018\/05\/vendredi.png\" alt=\"\" width=\"78\" height=\"15\"><\/p>\n<ul>\n<li>Trafic normal<\/li>\n<\/ul>\n<\/td>\n<td style=\"width: 55%; height: 9px; text-align: left; vertical-align: top;\"><img loading=\"lazy\" decoding=\"async\" class=\"alignnone size-full wp-image-4635\" src=\"http:\/\/www.horizonemployeur.fr\/wordpress\/wp-content\/uploads\/2018\/05\/vendredi.png\" alt=\"\" width=\"78\" height=\"15\"><\/p>\n<ul>\n<li><a href=\"https:\/\/www.rerb-leblog.fr\/wp-content\/uploads\/2018\/06\/Horaires-RER-B-navette-gif-sur-yvette-st-remy.pdf\" target=\"_blank\" rel=\"noopener\">Gif &lt; BUS &gt; St-R\u00e9my<\/a><\/li>\n<\/ul>\n<\/td>\n<\/tr>\n<tr style=\"height: 10px;\">\n<td style=\"background-color: #ffe7b8; vertical-align: top; height: 10px; width: 40%;\"><img loading=\"lazy\" decoding=\"async\" class=\"alignnone size-full wp-image-4638\" src=\"http:\/\/www.horizonemployeur.fr\/wordpress\/wp-content\/uploads\/2018\/05\/travaux.png\" alt=\"\" width=\"85\" height=\"15\"><\/td>\n<td style=\"background-color: #ffe7b8; vertical-align: top; height: 10px; width: 55%;\"><img loading=\"lazy\" decoding=\"async\" class=\"alignnone size-full wp-image-4638\" src=\"http:\/\/www.horizonemployeur.fr\/wordpress\/wp-content\/uploads\/2018\/05\/travaux.png\" alt=\"\" width=\"85\" height=\"15\"><\/td>\n<\/tr>\n<tr style=\"height: 47px;\">\n<td style=\"width: 5%; height: 371px; vertical-align: top; text-align: center;\" rowspan=\"2\"><img loading=\"lazy\" decoding=\"async\" class=\"alignnone wp-image-3225\" src=\"http:\/\/www.horizonemployeur.fr\/wordpress\/wp-content\/uploads\/2017\/06\/picto_c.png\" alt=\"\" width=\"40\" height=\"40\">&nbsp;<\/td>\n<td style=\"width: 40%; height: 47px; vertical-align: top;\"><img loading=\"lazy\" decoding=\"async\" class=\"alignnone size-full wp-image-4635\" src=\"http:\/\/www.horizonemployeur.fr\/wordpress\/wp-content\/uploads\/2018\/05\/vendredi.png\" alt=\"\" width=\"78\" height=\"15\"><\/p>\n<ul>\n<li>3 trains sur 4<\/li>\n<li>Les missions St-Quentin-en-Yvelines sont limit\u00e9es \u00e0 Chaville-V\u00e9lizy ou Invalides<br \/>\n<span style=\"color: #0000ff;\">Pour St-Quentin-en-Yvelines, empruntez les trains Versailles-Ch\u00e2teau-RG et changez \u00e0 Viroflay-RG<\/span><\/li>\n<\/ul>\n<\/td>\n<td style=\"width: 55%; text-align: left; height: 47px; vertical-align: top;\"><img loading=\"lazy\" decoding=\"async\" class=\"alignnone size-full wp-image-4635\" src=\"http:\/\/www.horizonemployeur.fr\/wordpress\/wp-content\/uploads\/2018\/05\/vendredi.png\" alt=\"\" width=\"78\" height=\"15\"><\/p>\n<ul>\n<li><a href=\"http:\/\/documents.transilien.com\/1530176108974.pdf\" target=\"_blank\" rel=\"noopener\">Pontoise &lt;&gt; Paris &lt;&gt; Massy<\/a><\/li>\n<li><a href=\"http:\/\/documents.transilien.com\/1530176108973.pdf\" target=\"_blank\" rel=\"noopener\">Invalides &lt;&gt; Dourdan<\/a><\/li>\n<li><a href=\"http:\/\/documents.transilien.com\/1530176108975.pdf\" target=\"_blank\" rel=\"noopener\"><strong>Chaville-V\u00e9lizy<\/strong> &lt;&gt; Paris &lt;&gt; St-Martin d\u2019Etampes<\/a><\/li>\n<li><a href=\"http:\/\/documents.transilien.com\/1530176108976.pdf\" target=\"_blank\" rel=\"noopener\">Versailles-Ch\u00e2teau-RG &lt;&gt; Paris &lt;&gt; Juvisy &lt;&gt; Versailles Chantiers<\/a><\/li>\n<\/ul>\n<\/td>\n<\/tr>\n<tr style=\"height: 324px;\">\n<td style=\"background-color: #ffe7b8; vertical-align: top; height: 324px; width: 40%;\"><img loading=\"lazy\" decoding=\"async\" class=\"alignnone size-full wp-image-4638\" src=\"http:\/\/www.horizonemployeur.fr\/wordpress\/wp-content\/uploads\/2018\/05\/travaux.png\" alt=\"\" width=\"85\" height=\"15\">&nbsp;<\/p>\n<ul>\n<li><span style=\"color: #ff0000;\"><span style=\"text-decoration: underline;\"><strong>Jusqu\u2019au 25 ao\u00fbt 2019 inclus<\/strong><\/span>, aucune desserte pour travaux de Pont de l\u2019Alma<\/span><\/li>\n<li><span style=\"color: #ff0000;\"><b><span style=\"text-decoration: underline;\">samedi 30 juin et dimanche 1er juillet,<\/span><\/b>&nbsp;interruption pour travaux entre Ermont et Pontoise<\/span><\/li>\n<li><span style=\"color: #ff0000;\"><b><span style=\"text-decoration: underline;\">Dimanche 1er juillet<\/span>, <\/b>interruptions pour travaux<\/span>\n<ul>\n<li><span style=\"color: #ff0000;\">Br\u00e9tigny &lt;&gt; Dourdan \u00e0 partir de 22h00<\/span><\/li>\n<li><span style=\"color: #ff0000;\">Austerlitz &lt;&gt; Dourdan \u00e0 partir de 23h00<\/span><\/li>\n<li><span style=\"color: #ff0000;\">Austerlitz &lt;&gt; St-Martin-d&#8217;Etampes \u00e0 partir de 23h30<\/span><\/li>\n<\/ul>\n<\/li>\n<li><span style=\"color: #ff0000;\"><span style=\"text-decoration: underline;\"><strong>Du lundi 18 juin au vendredi 29 juin<\/strong><\/span>, sauf jeudi 21 juin, samedis et dimanches,<\/span>\n<ul>\n<li><span style=\"color: #ff0000;\">suppression du dernier ZICK \/ VICK Massy &gt; Pont de Rungis &gt; Austerlitz<\/span><\/li>\n<li><span style=\"color: #ff0000;\">interruption pour travaux Austerlitz &lt;&gt; Pont de Rungis \u00e0 partir de 22h30<\/span><\/li>\n<li><span style=\"color: #ff0000;\">interruption pour travaux Austerlitz &lt;&gt; Juvisy \u00e0 partir de 23h00<\/span><\/li>\n<\/ul>\n<\/li>\n<li><span style=\"color: #ff0000;\"><span style=\"text-decoration: underline;\"><strong>Du lundi 18 juin au vendredi 13 juillet<\/strong><\/span>, sauf jeudi 21 juin, samedis et dimanches, interruption pour travaux \u00e0 partir de 21h15:<\/span>\n<ul>\n<li><span style=\"color: #ff0000;\">Viroflay-RG &lt;&gt; Versailles-Chantiers &lt;&gt; St-Quentin-en-Yvelines<\/span><\/li>\n<\/ul>\n<\/li>\n<\/ul>\n<\/td>\n<td style=\"background-color: #ffe7b8; vertical-align: top; height: 324px; width: 55%;\"><img loading=\"lazy\" decoding=\"async\" class=\"alignnone size-full wp-image-4638\" src=\"http:\/\/www.horizonemployeur.fr\/wordpress\/wp-content\/uploads\/2018\/05\/travaux.png\" alt=\"\" width=\"85\" height=\"15\">&nbsp;<\/p>\n<p>Samedi 30 juin et dimanche 1er juillet:<\/p>\n<ul>\n<li><a href=\"http:\/\/documents.transilien.com\/1526722108531.pdf\" target=\"_blank\" rel=\"noopener\">interruption Ermont &lt;&gt; Pontoise<\/a><\/li>\n<\/ul>\n<p>Dimanche 1er juillet:<\/p>\n<ul>\n<li><a href=\"http:\/\/documents.transilien.com\/1526722108524.pdf\" target=\"_blank\" rel=\"noopener\">interruptions Br\u00e9tigny &lt;&gt; Dourdan et Austerlitz &lt;&gt; Dourdan<\/a><\/li>\n<li><a href=\"http:\/\/documents.transilien.com\/1526722108525.pdf\" target=\"_blank\" rel=\"noopener\">interruption Austerlitz &lt;&gt; St-Martin-d&#8217;Etampes<\/a><\/li>\n<\/ul>\n<p>Travaux en soir\u00e9e:<\/p>\n<ul>\n<li>suppression du dernier ZICK \/ VICK:&nbsp;<a href=\"http:\/\/documents.transilien.com\/1526722108509.pdf\" target=\"_blank\" rel=\"noopener\">18-29 juin<\/a>&nbsp;\/&nbsp;<a href=\"http:\/\/documents.transilien.com\/1526722108530.pdf\" target=\"_blank\" rel=\"noopener\">2-13 juillet<\/a><\/li>\n<li><a href=\"http:\/\/documents.transilien.com\/1526722108508.pdf\" target=\"_blank\" rel=\"noopener\">Austerlitz &lt;&gt; Pont de Rungis<\/a><\/li>\n<li><a href=\"http:\/\/documents.transilien.com\/1526722108510.pdf\" target=\"_blank\" rel=\"noopener\">Austerlitz &lt;&gt; Juvisy<\/a><\/li>\n<li>Viroflay-RG &lt;&gt; Versailles-Chantiers &lt;&gt; St-Quentin-en-Yvelines:<br \/>\n<a href=\"http:\/\/documents.transilien.com\/1526722108506.pdf\" target=\"_blank\" rel=\"noopener\">18-29 juin<\/a>&nbsp;\/&nbsp;<a href=\"http:\/\/documents.transilien.com\/1526722108527.pdf\" target=\"_blank\" rel=\"noopener\">2-13 juillet<\/a><\/li>\n<\/ul>\n<p>&nbsp;<\/p>\n<p>&nbsp;<\/td>\n<\/tr>\n<tr style=\"height: 26px;\">\n<td style=\"width: 5%; height: 45px; vertical-align: top; text-align: center;\" rowspan=\"2\"><img loading=\"lazy\" decoding=\"async\" class=\"alignnone wp-image-3226\" src=\"http:\/\/www.horizonemployeur.fr\/wordpress\/wp-content\/uploads\/2017\/06\/picto_d.png\" alt=\"\" width=\"40\" height=\"40\"><\/td>\n<td style=\"height: 26px; vertical-align: top; width: 40%;\"><img loading=\"lazy\" decoding=\"async\" class=\"alignnone size-full wp-image-4635\" src=\"http:\/\/www.horizonemployeur.fr\/wordpress\/wp-content\/uploads\/2018\/05\/vendredi.png\" alt=\"\" width=\"78\" height=\"15\"><\/p>\n<ul>\n<li>Trafic normal<\/li>\n<\/ul>\n<\/td>\n<td style=\"width: 55%; text-align: left; height: 26px; vertical-align: top;\">&nbsp;<\/td>\n<\/tr>\n<tr style=\"height: 19px;\">\n<td style=\"background-color: #ffe7b8; vertical-align: top; height: 19px; width: 40%;\"><img loading=\"lazy\" decoding=\"async\" class=\"alignnone size-full wp-image-4638\" src=\"http:\/\/www.horizonemployeur.fr\/wordpress\/wp-content\/uploads\/2018\/05\/travaux.png\" alt=\"\" width=\"85\" height=\"15\"><\/p>\n<ul>\n<li><span style=\"color: #ff0000;\"><span style=\"text-decoration: underline;\"><strong>Du lundi 18 au vendredi 29 juin<\/strong><\/span>, sauf week-ends et 21 juin, Pierrefitte-Stains n&#8217;est pas desservie \u00e0 partir de 22h40<\/span><\/li>\n<li><span style=\"color: #ff0000;\"><span style=\"text-decoration: underline;\"><strong>Du lundi 25 juin au vendredi 13 juillet<\/strong><\/span><\/span>\n<ul>\n<li><span style=\"color: #ff0000;\">modification de desserte Gare de Lyon &lt;&gt; Villeneuve \u00e0 partir de 22h50<\/span><\/li>\n<\/ul>\n<\/li>\n<li><span style=\"color: #ff0000;\"><span style=\"text-decoration: underline;\"><strong>Du lundi 25 au vendredi 29 juin<\/strong><\/span><\/span>\n<ul>\n<li><span style=\"color: #ff0000;\">interruption Juvisy &lt;&gt; Corbeil de 23h20 \u00e0 04h30&nbsp;<\/span><\/li>\n<\/ul>\n<\/li>\n<\/ul>\n<\/td>\n<td style=\"background-color: #ffe7b8; vertical-align: top; height: 19px; width: 55%;\"><img loading=\"lazy\" decoding=\"async\" class=\"alignnone size-full wp-image-4638\" src=\"http:\/\/www.horizonemployeur.fr\/wordpress\/wp-content\/uploads\/2018\/05\/travaux.png\" alt=\"\" width=\"85\" height=\"15\"><\/p>\n<ul>\n<li>modifications de desserte\n<ul>\n<li><a href=\"http:\/\/documents.transilien.com\/1527750473942.pdf\" target=\"_blank\" rel=\"noopener\">gare de Pierrefitte-Stains<\/a><\/li>\n<li><a href=\"http:\/\/documents.transilien.com\/1527750473945.pdf\" target=\"_blank\" rel=\"noopener\">Gare de Lyon &lt;&gt; Villeneuve<\/a>\n<ul>\n<li><a href=\"http:\/\/documents.transilien.com\/1527750473980.pdf\" target=\"_blank\" rel=\"noopener\">informations<\/a> &#8211; <a href=\"http:\/\/documents.transilien.com\/1527750473984.pdf\" target=\"_blank\" rel=\"noopener\">horaires<\/a><\/li>\n<\/ul>\n<\/li>\n<li>Juvisy &lt;&gt; Corbeil &lt;&gt; Melun\n<ul>\n<li><a href=\"http:\/\/documents.transilien.com\/1527750473982.pdf\" target=\"_blank\" rel=\"noopener\">informations<\/a>&nbsp;&#8211; <a href=\"http:\/\/documents.transilien.com\/1527750473981.pdf\" target=\"_blank\" rel=\"noopener\">horaires<\/a><\/li>\n<\/ul>\n<\/li>\n<\/ul>\n<\/li>\n<\/ul>\n<\/td>\n<\/tr>\n<tr style=\"height: 48px;\">\n<td style=\"width: 5%; height: 77px; vertical-align: top; text-align: center;\" rowspan=\"2\"><img loading=\"lazy\" decoding=\"async\" class=\"alignnone wp-image-3227\" src=\"http:\/\/www.horizonemployeur.fr\/wordpress\/wp-content\/uploads\/2017\/06\/picto_e.png\" alt=\"\" width=\"40\" height=\"40\">&nbsp;<\/td>\n<td style=\"width: 40%; height: 48px; vertical-align: top;\"><img loading=\"lazy\" decoding=\"async\" class=\"alignnone size-full wp-image-4635\" src=\"http:\/\/www.horizonemployeur.fr\/wordpress\/wp-content\/uploads\/2018\/05\/vendredi.png\" alt=\"\" width=\"78\" height=\"15\"><\/p>\n<ul>\n<li>9 trains sur 10<\/li>\n<\/ul>\n<\/td>\n<td style=\"width: 55%; text-align: left; height: 48px; vertical-align: top;\"><img loading=\"lazy\" decoding=\"async\" class=\"alignnone size-full wp-image-4635\" src=\"http:\/\/www.horizonemployeur.fr\/wordpress\/wp-content\/uploads\/2018\/05\/vendredi.png\" alt=\"\" width=\"78\" height=\"15\"><\/p>\n<ul>\n<li><a href=\"http:\/\/documents.transilien.com\/1530176108979.pdf\" target=\"_blank\" rel=\"noopener\">Paris &lt;&gt; Chelles<\/a><\/li>\n<li><a href=\"http:\/\/documents.transilien.com\/1530176108980.pdf\" target=\"_blank\" rel=\"noopener\">Paris &lt;&gt; Villiers &lt;&gt; Tournan<\/a><\/li>\n<\/ul>\n<\/td>\n<\/tr>\n<tr style=\"height: 29px;\">\n<td style=\"background-color: #ffe7b8; vertical-align: top; height: 29px; width: 40%;\"><img loading=\"lazy\" decoding=\"async\" class=\"alignnone size-full wp-image-4638\" src=\"http:\/\/www.horizonemployeur.fr\/wordpress\/wp-content\/uploads\/2018\/05\/travaux.png\" alt=\"\" width=\"85\" height=\"15\"><\/p>\n<ul>\n<li><span style=\"color: #ff0000;\"><span style=\"text-decoration: underline;\"><strong>Du lundi 18 au vendredi 29 juin inclus<\/strong><\/span>, sauf samedis et dimanches, les trains sont origine-terminus Paris-Est<\/span>\n<ul>\n<li><span style=\"color: #ff0000;\">d\u00e9parts de Paris apr\u00e8s 23h20<\/span><\/li>\n<li><span style=\"color: #ff0000;\">arriv\u00e9es \u00e0 Paris apr\u00e8s 23h00<\/span><\/li>\n<\/ul>\n<\/li>\n<li><span style=\"color: #ff0000;\"><span style=\"text-decoration: underline;\"><strong>Du lundi 25 au vendredi 29 juin inclus<\/strong><\/span>, interruption Paris &lt;&gt; Tournan \u00e0 partir de 23h00<\/span><\/li>\n<\/ul>\n<\/td>\n<td style=\"background-color: #ffe7b8; vertical-align: top; height: 29px; width: 55%;\"><img loading=\"lazy\" decoding=\"async\" class=\"alignnone size-full wp-image-4638\" src=\"http:\/\/www.horizonemployeur.fr\/wordpress\/wp-content\/uploads\/2018\/05\/travaux.png\" alt=\"\" width=\"85\" height=\"15\"><\/p>\n<ul>\n<li>modifications de desserte\n<ul>\n<li><a href=\"http:\/\/documents.transilien.com\/1526722108413.pdf\" target=\"_blank\" rel=\"noopener\">Paris &lt;&gt; Chelles<\/a><\/li>\n<li>Paris &lt;&gt; Villiers &lt;&gt; Tournan:\n<ul>\n<li><a href=\"http:\/\/documents.transilien.com\/1526722108411.pdf\" target=\"_blank\" rel=\"noopener\">du 18 au 22 juin<\/a><\/li>\n<li><a href=\"http:\/\/documents.transilien.com\/1526722108412.pdf\" target=\"_blank\" rel=\"noopener\">du 25 au 29 juin<\/a><\/li>\n<\/ul>\n<\/li>\n<\/ul>\n<\/li>\n<\/ul>\n<\/td>\n<\/tr>\n<tr style=\"height: 47px;\">\n<td style=\"width: 5%; height: 55px; vertical-align: top; text-align: center;\" rowspan=\"2\"><img loading=\"lazy\" decoding=\"async\" class=\"alignnone wp-image-3232\" src=\"http:\/\/www.horizonemployeur.fr\/wordpress\/wp-content\/uploads\/2017\/06\/picto_h.png\" alt=\"\" width=\"40\" height=\"40\">&nbsp;<\/td>\n<td style=\"height: 47px; vertical-align: top; width: 40%;\"><img loading=\"lazy\" decoding=\"async\" class=\"alignnone size-full wp-image-4635\" src=\"http:\/\/www.horizonemployeur.fr\/wordpress\/wp-content\/uploads\/2018\/05\/vendredi.png\" alt=\"\" width=\"78\" height=\"15\"><\/p>\n<ul>\n<li>Trafic normal<\/li>\n<\/ul>\n<p><span style=\"font-size: 10pt;\">De Pontoise \u00e0 Pierrelaye, tous les trains en direction de Paris sont avanc\u00e9s de 1 minute jusqu&#8217;au samedi 14 juillet 2018<\/span><\/td>\n<td style=\"width: 55%; text-align: left; height: 47px; vertical-align: top;\">&nbsp;<\/td>\n<\/tr>\n<tr style=\"height: 8px;\">\n<td style=\"background-color: #ffe7b8; vertical-align: top; height: 8px; width: 40%;\"><img loading=\"lazy\" decoding=\"async\" class=\"alignnone size-full wp-image-4638\" src=\"http:\/\/www.horizonemployeur.fr\/wordpress\/wp-content\/uploads\/2018\/05\/travaux.png\" alt=\"\" width=\"85\" height=\"15\"><\/p>\n<ul>\n<li><span style=\"color: #ff0000;\"><span style=\"text-decoration: underline;\"><strong>Samedi 30 juin et dimanche 1er juillet<\/strong><\/span>, interruption pour travaux<\/span>\n<ul>\n<li><span style=\"color: #ff0000;\">Ermont &lt;&gt; Pontoise<\/span><\/li>\n<li><span style=\"color: #ff0000;\">Pontoise &lt;&gt; Persan<\/span><\/li>\n<\/ul>\n<\/li>\n<\/ul>\n<\/td>\n<td style=\"background-color: #ffe7b8; vertical-align: top; height: 8px; width: 55%;\"><img loading=\"lazy\" decoding=\"async\" class=\"alignnone size-full wp-image-4638\" src=\"http:\/\/www.horizonemployeur.fr\/wordpress\/wp-content\/uploads\/2018\/05\/travaux.png\" alt=\"\" width=\"85\" height=\"15\"><\/p>\n<ul>\n<li>Samedi 30 juin et dimanche 1er juillet\n<ul>\n<li><a href=\"http:\/\/documents.transilien.com\/1527672194224.pdf\" target=\"_blank\" rel=\"noopener\">interruption Ermont &lt;&gt; Pontoise<\/a><\/li>\n<li><a href=\"http:\/\/documents.transilien.com\/1527750474126.pdf\" target=\"_blank\" rel=\"noopener\">interruption Pontoise &lt;&gt; Persan<\/a><\/li>\n<\/ul>\n<\/li>\n<\/ul>\n<\/td>\n<\/tr>\n<tr style=\"height: 23px;\">\n<td style=\"width: 5%; height: 36px; vertical-align: top; text-align: center;\" rowspan=\"2\"><img loading=\"lazy\" decoding=\"async\" class=\"alignnone wp-image-3231\" src=\"http:\/\/www.horizonemployeur.fr\/wordpress\/wp-content\/uploads\/2017\/06\/picto_j.png\" alt=\"\" width=\"40\" height=\"40\">&nbsp;<\/td>\n<td style=\"width: 40%; height: 23px; vertical-align: top;\"><img loading=\"lazy\" decoding=\"async\" class=\"alignnone size-full wp-image-4635\" src=\"http:\/\/www.horizonemployeur.fr\/wordpress\/wp-content\/uploads\/2018\/05\/vendredi.png\" alt=\"\" width=\"78\" height=\"15\"><\/p>\n<ul>\n<li>3 trains sur 4<\/li>\n<\/ul>\n<\/td>\n<td style=\"width: 55%; text-align: left; height: 23px; vertical-align: top;\"><img loading=\"lazy\" decoding=\"async\" class=\"alignnone size-full wp-image-4635\" src=\"http:\/\/www.horizonemployeur.fr\/wordpress\/wp-content\/uploads\/2018\/05\/vendredi.png\" alt=\"\" width=\"78\" height=\"15\"><\/p>\n<ul>\n<li><a href=\"http:\/\/documents.transilien.com\/1530176108969.pdf\">Paris &lt;&gt; Ermont<\/a><\/li>\n<li><a href=\"http:\/\/documents.transilien.com\/1530176108970.pdf\" target=\"_blank\" rel=\"noopener\">Paris &lt;&gt; Poissy &lt;&gt; Mantes<\/a><\/li>\n<li><a href=\"http:\/\/documents.transilien.com\/1530176108972.pdf\" target=\"_blank\" rel=\"noopener\">Paris &lt;&gt; Conflans &lt;&gt; Mantes<\/a><\/li>\n<li><a href=\"http:\/\/documents.transilien.com\/1530176108971.pdf\" target=\"_blank\" rel=\"noopener\">Paris &lt;&gt; Pontoise &lt;&gt; Gisors<\/a><\/li>\n<\/ul>\n<\/td>\n<\/tr>\n<tr style=\"height: 13px;\">\n<td style=\"background-color: #ffe7b8; vertical-align: top; height: 13px; width: 40%;\"><img loading=\"lazy\" decoding=\"async\" class=\"alignnone size-full wp-image-4638\" src=\"http:\/\/www.horizonemployeur.fr\/wordpress\/wp-content\/uploads\/2018\/05\/travaux.png\" alt=\"\" width=\"85\" height=\"15\"><\/p>\n<ul>\n<li><span style=\"color: #ff0000;\"><strong><span style=\"text-decoration: underline;\">Jeudi 21 juin et du lundi 25 au vendredi 29 juin<\/span><\/strong>, interruption \u00e0 partir de 21h10 sur<\/span>\n<ul>\n<li><span style=\"color: #ff0000;\">Conflans &gt; Mantes<\/span><\/li>\n<\/ul>\n<\/li>\n<li><span style=\"color: #ff0000;\"><span style=\"text-decoration: underline;\"><strong>Du lundi 25 au vendredi 29 juin<\/strong><\/span> \u00e0 partir de 22h00, les gares de&nbsp;Bois-Colombes, Colombes, Le Stade, Sannois et Ermont ne sont plus desservies<\/span><\/li>\n<li><span style=\"color: #ff0000;\"><img loading=\"lazy\" decoding=\"async\" class=\"alignnone size-full wp-image-4634\" src=\"http:\/\/www.horizonemployeur.fr\/wordpress\/wp-content\/uploads\/2018\/05\/samedi.png\" alt=\"\" width=\"60\" height=\"15\">&nbsp;<img loading=\"lazy\" decoding=\"async\" class=\"alignnone size-full wp-image-4636\" src=\"http:\/\/www.horizonemployeur.fr\/wordpress\/wp-content\/uploads\/2018\/05\/dimanche.png\" alt=\"\" width=\"78\" height=\"15\">&nbsp;<span style=\"text-decoration: underline;\"><strong>et les 2 prochains week-ends<\/strong><\/span>, interruption pour travaux<\/span>\n<ul>\n<li><span style=\"color: #ff0000;\">Pontoise &lt;&gt; Gisors<\/span><\/li>\n<\/ul>\n<\/li>\n<\/ul>\n<\/td>\n<td style=\"background-color: #ffe7b8; vertical-align: top; height: 13px; width: 55%;\"><img loading=\"lazy\" decoding=\"async\" class=\"alignnone size-full wp-image-4638\" src=\"http:\/\/www.horizonemployeur.fr\/wordpress\/wp-content\/uploads\/2018\/05\/travaux.png\" alt=\"\" width=\"85\" height=\"15\"><\/p>\n<ul>\n<li><a href=\"http:\/\/documents.transilien.com\/1524685095475.pdf\" target=\"_blank\" rel=\"noopener\">Interruption Conflans &gt; Mantes<\/a><\/li>\n<li><a href=\"http:\/\/documents.transilien.com\/1526722108410.pdf\" target=\"_blank\" rel=\"noopener\">Interruption Paris &lt;&gt; Ermont<\/a><\/li>\n<li><a href=\"http:\/\/documents.transilien.com\/1526722108529.pdf\" target=\"_blank\" rel=\"noopener\">Interruption Pontoise &lt;&gt; Gisors<\/a><\/li>\n<\/ul>\n<\/td>\n<\/tr>\n<tr style=\"height: 47px;\">\n<td style=\"width: 5%; height: 90px; vertical-align: top; text-align: center;\" rowspan=\"2\"><img loading=\"lazy\" decoding=\"async\" class=\"alignnone wp-image-3230\" src=\"http:\/\/www.horizonemployeur.fr\/wordpress\/wp-content\/uploads\/2017\/06\/picto_k.png\" alt=\"\" width=\"40\" height=\"40\"><\/td>\n<td style=\"width: 40%; height: 47px; vertical-align: top;\"><img loading=\"lazy\" decoding=\"async\" class=\"alignnone size-full wp-image-4635\" src=\"http:\/\/www.horizonemployeur.fr\/wordpress\/wp-content\/uploads\/2018\/05\/vendredi.png\" alt=\"\" width=\"78\" height=\"15\"><\/p>\n<ul>\n<li>Trafic normal<\/li>\n<\/ul>\n<\/td>\n<td style=\"width: 55%; text-align: left; height: 47px; vertical-align: top;\">&nbsp;<\/td>\n<\/tr>\n<tr style=\"height: 43px;\">\n<td style=\"background-color: #ffe7b8; width: 40%; height: 43px;\"><img loading=\"lazy\" decoding=\"async\" class=\"alignnone size-full wp-image-4638\" src=\"http:\/\/www.horizonemployeur.fr\/wordpress\/wp-content\/uploads\/2018\/05\/travaux.png\" alt=\"\" width=\"85\" height=\"15\"><\/td>\n<td style=\"background-color: #ffe7b8; width: 55%; vertical-align: top; height: 43px;\"><img loading=\"lazy\" decoding=\"async\" class=\"alignnone size-full wp-image-4638\" src=\"http:\/\/www.horizonemployeur.fr\/wordpress\/wp-content\/uploads\/2018\/05\/travaux.png\" alt=\"\" width=\"85\" height=\"15\"><\/td>\n<\/tr>\n<tr style=\"height: 18px;\">\n<td style=\"width: 5%; height: 42px; vertical-align: top; text-align: center;\" rowspan=\"2\"><img loading=\"lazy\" decoding=\"async\" class=\"alignnone wp-image-3229\" src=\"http:\/\/www.horizonemployeur.fr\/wordpress\/wp-content\/uploads\/2017\/06\/picto_l.png\" alt=\"\" width=\"40\" height=\"40\"> <em><strong>nord<\/strong><\/em>&nbsp;<\/td>\n<td style=\"vertical-align: top; height: 18px; width: 40%;\"><img loading=\"lazy\" decoding=\"async\" class=\"alignnone size-full wp-image-4635\" src=\"http:\/\/www.horizonemployeur.fr\/wordpress\/wp-content\/uploads\/2018\/05\/vendredi.png\" alt=\"\" width=\"78\" height=\"15\"><\/p>\n<ul>\n<li>3 trains sur 4<\/li>\n<\/ul>\n<\/td>\n<td style=\"width: 55%; text-align: left; height: 18px; vertical-align: top;\"><img loading=\"lazy\" decoding=\"async\" class=\"alignnone size-full wp-image-4635\" src=\"http:\/\/www.horizonemployeur.fr\/wordpress\/wp-content\/uploads\/2018\/05\/vendredi.png\" alt=\"\" width=\"78\" height=\"15\"><\/p>\n<ul>\n<li><a href=\"http:\/\/documents.transilien.com\/1530176108964.pdf\" target=\"_blank\" rel=\"noopener\">Paris &lt;&gt; Maisons-Laffitte &lt;&gt; Cergy<\/a><\/li>\n<\/ul>\n<\/td>\n<\/tr>\n<tr style=\"height: 24px;\">\n<td style=\"background-color: #ffe7b8; vertical-align: top; width: 40%; height: 24px;\"><img loading=\"lazy\" decoding=\"async\" class=\"alignnone size-full wp-image-4638\" src=\"http:\/\/www.horizonemployeur.fr\/wordpress\/wp-content\/uploads\/2018\/05\/travaux.png\" alt=\"\" width=\"85\" height=\"15\"><\/p>\n<ul>\n<li><span style=\"color: #ff0000;\"><strong><span style=\"text-decoration: underline;\">Du lundi 4 juin au vendredi 13 juillet<\/span>&nbsp;<\/strong>sauf 21 juin, samedis et dimanches,&nbsp;<span style=\"text-decoration: underline;\">\u00e0 partir de 21h30<\/span>, les trains Paris \u2013 Maisons-Laffitte ne desservent que La Garenne, Houilles et le terminus Sartrouville<\/span><\/li>\n<li><span style=\"color: #ff0000;\"><span style=\"text-decoration: underline;\"><strong>Du lundi 18 juin au vendredi 13 juillet<\/strong><\/span>, sauf samedis et dimanches, Pont Cardinet n&#8217;est pas desservi en direction de Cergy de 6h41 \u00e0 20h12<\/span><\/li>\n<li><span style=\"color: #ff0000;\"><img loading=\"lazy\" decoding=\"async\" class=\"alignnone size-full wp-image-4634\" src=\"http:\/\/www.horizonemployeur.fr\/wordpress\/wp-content\/uploads\/2018\/05\/samedi.png\" alt=\"\" width=\"60\" height=\"15\">&nbsp;<img loading=\"lazy\" decoding=\"async\" class=\"alignnone size-full wp-image-4636\" src=\"http:\/\/www.horizonemployeur.fr\/wordpress\/wp-content\/uploads\/2018\/05\/dimanche.png\" alt=\"\" width=\"78\" height=\"15\">&nbsp;importantes modifications de desserte<\/span><\/li>\n<li><span style=\"color: #ff0000;\"><span style=\"text-decoration: underline;\"><strong>Samedi 30 juin et dimanche 1er juillet<\/strong><\/span>, les gares des Vall\u00e9es et Nanterre-Universit\u00e9 ne sont pas desservies<\/span><\/li>\n<\/ul>\n<\/td>\n<td style=\"background-color: #ffe7b8; vertical-align: top; width: 55%; height: 24px;\"><img loading=\"lazy\" decoding=\"async\" class=\"alignnone size-full wp-image-4638\" src=\"http:\/\/www.horizonemployeur.fr\/wordpress\/wp-content\/uploads\/2018\/05\/travaux.png\" alt=\"\" width=\"85\" height=\"15\"><\/p>\n<ul>\n<li><a href=\"http:\/\/documents.transilien.com\/1526722108553.pdf\" target=\"_blank\" rel=\"noopener\">Modification de desserte Paris &lt;&gt; Sartrouville (&lt;&gt; Maisons-Laffitte)<\/a><\/li>\n<li><a href=\"http:\/\/documents.transilien.com\/1527750474088.pdf\" target=\"_blank\" rel=\"noopener\">Modification de desserte Pont Cardinet<\/a><\/li>\n<li><a href=\"http:\/\/documents.transilien.com\/1527750473965.pdf\" target=\"_blank\" rel=\"noopener\">Modifications importantes de desserte 23 et 24 juin<\/a><\/li>\n<li><a href=\"http:\/\/documents.transilien.com\/1527750474016.pdf\" target=\"_blank\" rel=\"noopener\">Travaux Les Vall\u00e9es et Nanterre-Universit\u00e9 30 juin et 1er juillet<\/a><\/li>\n<\/ul>\n<\/td>\n<\/tr>\n<tr style=\"height: 72px;\">\n<td style=\"width: 5%; height: 82px; vertical-align: top; text-align: center;\" rowspan=\"2\"><img loading=\"lazy\" decoding=\"async\" class=\"alignnone wp-image-3229\" src=\"http:\/\/www.horizonemployeur.fr\/wordpress\/wp-content\/uploads\/2017\/06\/picto_l.png\" alt=\"\" width=\"40\" height=\"40\"> <em><strong>sud<\/strong><\/em>&nbsp;<\/td>\n<td style=\"vertical-align: top; height: 72px; width: 40%;\"><img loading=\"lazy\" decoding=\"async\" class=\"alignnone size-full wp-image-4635\" src=\"http:\/\/www.horizonemployeur.fr\/wordpress\/wp-content\/uploads\/2018\/05\/vendredi.png\" alt=\"\" width=\"78\" height=\"15\"><\/p>\n<ul>\n<li>3 trains sur 4<\/li>\n<\/ul>\n<\/td>\n<td style=\"width: 55%; text-align: left; height: 72px; vertical-align: top;\"><img loading=\"lazy\" decoding=\"async\" class=\"alignnone size-full wp-image-4635\" src=\"http:\/\/www.horizonemployeur.fr\/wordpress\/wp-content\/uploads\/2018\/05\/vendredi.png\" alt=\"\" width=\"78\" height=\"15\"><\/p>\n<ul>\n<li><a href=\"http:\/\/documents.transilien.com\/1530176108967.pdf\">Paris &lt;&gt; St-Cloud &lt;&gt; Versailles-RD<\/a><\/li>\n<li><a href=\"http:\/\/documents.transilien.com\/1530176108966.pdf\">Paris &lt;&gt; St-Cloud &lt;&gt; St-Nom<\/a><\/li>\n<li><a href=\"http:\/\/documents.transilien.com\/1530176108965.pdf\" target=\"_blank\" rel=\"noopener\">Noisy &lt;&gt; Saint-Germain-GC<\/a><\/li>\n<\/ul>\n<\/td>\n<\/tr>\n<tr style=\"height: 10px;\">\n<td style=\"background-color: #ffe7b8; vertical-align: top; height: 10px; width: 40%;\"><img loading=\"lazy\" decoding=\"async\" class=\"alignnone size-full wp-image-4638\" src=\"http:\/\/www.horizonemployeur.fr\/wordpress\/wp-content\/uploads\/2018\/05\/travaux.png\" alt=\"\" width=\"85\" height=\"15\"><\/p>\n<ul>\n<li><span style=\"color: #ff0000;\"><span style=\"text-decoration: underline;\"><strong>Du lundi 11 juin au vendredi 6 juillet<\/strong><\/span>, sauf samedis, dimanches et 21 juin, interruptions \u00e0 partir de 21h30:<\/span>\n<ul>\n<li><span style=\"color: #ff0000;\">St Cloud &lt;&gt; Versailles-RD<\/span><\/li>\n<li><span style=\"color: #ff0000;\">St-Cloud &lt;&gt; St-Nom<\/span><\/li>\n<\/ul>\n<\/li>\n<li><span style=\"color: #ff0000;\"><span style=\"text-decoration: underline;\"><strong>Du mardi 12 juin au samedi 7 juillet<\/strong><\/span>, sauf dimanches et lundis, les premiers trains sont supprim\u00e9s<\/span>\n<ul>\n<li><span style=\"color: #ff0000;\">Versailles-RD &gt; Paris-St-Lazare<\/span><\/li>\n<li><span style=\"color: #ff0000;\">St-Nom &gt; Paris-St-Lazare&nbsp;<\/span><\/li>\n<\/ul>\n<\/li>\n<\/ul>\n<\/td>\n<td style=\"background-color: #ffe7b8; vertical-align: top; height: 10px; width: 55%;\"><img loading=\"lazy\" decoding=\"async\" class=\"alignnone size-full wp-image-4638\" src=\"http:\/\/www.horizonemployeur.fr\/wordpress\/wp-content\/uploads\/2018\/05\/travaux.png\" alt=\"\" width=\"85\" height=\"15\"><\/p>\n<ul>\n<li><a href=\"http:\/\/documents.transilien.com\/1527750473941.pdf\" target=\"_blank\" rel=\"noopener\">interruptions St-Cloud &lt;&gt; Versailles-RD \/ St-Nom<\/a><\/li>\n<li><a href=\"http:\/\/documents.transilien.com\/1527750473966.pdf\" target=\"_blank\" rel=\"noopener\">suppressions des 1ers trains<\/a><\/li>\n<\/ul>\n<\/td>\n<\/tr>\n<tr style=\"height: 48px;\">\n<td style=\"width: 5%; height: 188px; vertical-align: top; text-align: center;\" rowspan=\"2\"><img loading=\"lazy\" decoding=\"async\" class=\"alignnone wp-image-3228\" src=\"http:\/\/www.horizonemployeur.fr\/wordpress\/wp-content\/uploads\/2017\/06\/picto_n.png\" alt=\"\" width=\"40\" height=\"40\"><\/td>\n<td style=\"height: 48px; vertical-align: top; width: 40%;\"><img loading=\"lazy\" decoding=\"async\" class=\"alignnone size-full wp-image-4635\" src=\"http:\/\/www.horizonemployeur.fr\/wordpress\/wp-content\/uploads\/2018\/05\/vendredi.png\" alt=\"\" width=\"78\" height=\"15\"><\/p>\n<ul>\n<li>1 train sur 2<\/li>\n<\/ul>\n<\/td>\n<td style=\"width: 55%; text-align: left; height: 48px; vertical-align: top;\"><img loading=\"lazy\" decoding=\"async\" class=\"alignnone size-full wp-image-4635\" style=\"font-family: inherit; font-size: inherit;\" src=\"http:\/\/www.horizonemployeur.fr\/wordpress\/wp-content\/uploads\/2018\/05\/vendredi.png\" alt=\"\" width=\"78\" height=\"15\"><\/p>\n<ul>\n<li><a href=\"http:\/\/documents.transilien.com\/1530176108963.pdf\" target=\"_blank\" rel=\"noopener\">Rambouillet \/ Dreux \/ Mantes &gt; Versailles-Chantiers &gt; Paris<\/a><\/li>\n<li><a href=\"http:\/\/documents.transilien.com\/1530176108962.pdf\" target=\"_blank\" rel=\"noopener\">Paris &gt; Versailles-Chantiers &gt; Rambouillet \/ Dreux \/ Mantes<\/a><\/li>\n<\/ul>\n<\/td>\n<\/tr>\n<tr style=\"height: 140px;\">\n<td style=\"background-color: #ffe7b8; vertical-align: top; height: 140px; width: 40%;\"><img loading=\"lazy\" decoding=\"async\" class=\"alignnone size-full wp-image-4638\" src=\"http:\/\/www.horizonemployeur.fr\/wordpress\/wp-content\/uploads\/2018\/05\/travaux.png\" alt=\"\" width=\"85\" height=\"15\"><\/p>\n<ul>\n<li><span style=\"color: #ff0000;\"><strong><span style=\"text-decoration: underline;\">Jusqu\u2019au vendredi 29 juin inclus<\/span>&nbsp;<\/strong>(sauf week-ends et 21 juin): modifications de dessertes sur<\/span>\n<ul>\n<li><span style=\"color: #ff0000;\">Paris &lt;&gt; Versailles &lt;&gt; Rambouillet (\u00e0 partir de 0h45 vers Rambouillet, 23h20 vers Paris)<\/span><\/li>\n<li><span style=\"color: #ff0000;\">Paris &lt;&gt; Versailles &lt;&gt; Plaisir (\u00e0 partir de 0h00)<\/span><\/li>\n<li><span style=\"color: #ff0000;\">Plaisir &gt; Mantes (\u00e0 partir de 22h40)<\/span><\/li>\n<\/ul>\n<\/li>\n<li><span style=\"color: #ff0000;\"><span style=\"text-decoration: underline;\"><strong>Du lundi 18 juin au 10 ao\u00fbt<\/strong><\/span>, sauf week-ends, modification des horaires des trains Rambouillet &gt; Paris jusqu&#8217;\u00e0 2 minutes entre Rambouillet et St-Quentin<\/span><\/li>\n<\/ul>\n<\/td>\n<td style=\"background-color: #ffe7b8; vertical-align: top; height: 140px; width: 55%;\"><img loading=\"lazy\" decoding=\"async\" class=\"alignnone size-full wp-image-4638\" style=\"font-family: inherit; font-size: inherit;\" src=\"http:\/\/www.horizonemployeur.fr\/wordpress\/wp-content\/uploads\/2018\/05\/travaux.png\" alt=\"\" width=\"85\" height=\"15\"><\/p>\n<ul>\n<li>Travaux\n<ul>\n<li><a href=\"http:\/\/documents.transilien.com\/1524685095442.pdf\" target=\"_blank\" rel=\"noopener\">Paris &lt;&gt; Versailles &lt;&gt; Rambouillet<\/a><\/li>\n<li><a href=\"http:\/\/documents.transilien.com\/1524685095441.pdf\" target=\"_blank\" rel=\"noopener\">Paris &gt; Versailles &gt; Plaisir<\/a><\/li>\n<li><a href=\"http:\/\/documents.transilien.com\/1524685095440.pdf\" target=\"_blank\" rel=\"noopener\">Plaisir &gt; Mantes<\/a><\/li>\n<\/ul>\n<\/li>\n<li><a href=\"http:\/\/documents.transilien.com\/1524685095443.pdf\" target=\"_blank\" rel=\"noopener\">Modification des horaires entre Rambouillet et St-Quentin<\/a><\/li>\n<\/ul>\n<\/td>\n<\/tr>\n<tr style=\"height: 27px;\">\n<td style=\"width: 5%; height: 50px; vertical-align: top; text-align: center;\" rowspan=\"2\"><img loading=\"lazy\" decoding=\"async\" class=\"alignnone wp-image-3222\" src=\"http:\/\/www.horizonemployeur.fr\/wordpress\/wp-content\/uploads\/2017\/06\/picto_p.png\" alt=\"\" width=\"40\" height=\"40\"><\/td>\n<td style=\"width: 40%; height: 27px; vertical-align: top;\"><img loading=\"lazy\" decoding=\"async\" class=\"alignnone size-full wp-image-4635\" src=\"http:\/\/www.horizonemployeur.fr\/wordpress\/wp-content\/uploads\/2018\/05\/vendredi.png\" alt=\"\" width=\"78\" height=\"15\"><\/p>\n<ul>\n<li>Trafic normal<\/li>\n<\/ul>\n<\/td>\n<td style=\"width: 55%; text-align: left; height: 27px; vertical-align: top;\">&nbsp;<\/td>\n<\/tr>\n<tr style=\"height: 23px;\">\n<td style=\"background-color: #ffe7b8; vertical-align: top; height: 23px; width: 40%;\"><img loading=\"lazy\" decoding=\"async\" class=\"alignnone size-full wp-image-4638\" src=\"http:\/\/www.horizonemployeur.fr\/wordpress\/wp-content\/uploads\/2018\/05\/travaux.png\" alt=\"\" width=\"85\" height=\"15\"><\/td>\n<td style=\"background-color: #ffe7b8; vertical-align: top; height: 23px; width: 55%;\"><img loading=\"lazy\" decoding=\"async\" class=\"alignnone size-full wp-image-4638\" src=\"http:\/\/www.horizonemployeur.fr\/wordpress\/wp-content\/uploads\/2018\/05\/travaux.png\" alt=\"\" width=\"85\" height=\"15\"><\/td>\n<\/tr>\n<tr style=\"height: 50px;\">\n<td style=\"width: 5%; height: 73px; vertical-align: top; text-align: center;\" rowspan=\"2\"><img loading=\"lazy\" decoding=\"async\" class=\"alignnone wp-image-3221\" src=\"http:\/\/www.horizonemployeur.fr\/wordpress\/wp-content\/uploads\/2017\/06\/picto_r.png\" alt=\"\" width=\"40\" height=\"40\"><\/td>\n<td style=\"width: 40%; height: 50px; vertical-align: top;\"><img loading=\"lazy\" decoding=\"async\" class=\"alignnone size-full wp-image-4635\" src=\"http:\/\/www.horizonemployeur.fr\/wordpress\/wp-content\/uploads\/2018\/05\/vendredi.png\" alt=\"\" width=\"78\" height=\"15\"><\/p>\n<ul>\n<li>Trafic normal<\/li>\n<\/ul>\n<\/td>\n<td style=\"width: 55%; vertical-align: top; height: 50px;\">&nbsp;<\/td>\n<\/tr>\n<tr style=\"height: 23px;\">\n<td style=\"background-color: #ffe7b8; vertical-align: top; height: 23px; width: 40%;\"><img loading=\"lazy\" decoding=\"async\" class=\"alignnone size-full wp-image-4638\" src=\"http:\/\/www.horizonemployeur.fr\/wordpress\/wp-content\/uploads\/2018\/05\/travaux.png\" alt=\"\" width=\"85\" height=\"15\"><\/p>\n<ul>\n<li><span style=\"color: #ff0000;\"><span style=\"text-decoration: underline;\"><strong>Du lundi 18 au vendredi 29 juin<\/strong><\/span>, sauf samedis et dimanches, interruption Melun &lt;&gt; Montargis \u00e0 partir de 23h15<\/span><\/li>\n<li><span style=\"color: #ff0000;\"><span style=\"text-decoration: underline;\"><strong>Le week-end du 30 juin\/1er juillet<\/strong><\/span>, interruption Melun &lt;&gt; H\u00e9ricy &lt;&gt; Montereau<\/span><\/li>\n<\/ul>\n<\/td>\n<td style=\"background-color: #ffe7b8; vertical-align: top; height: 23px; width: 55%;\"><img loading=\"lazy\" decoding=\"async\" class=\"alignnone size-full wp-image-4638\" src=\"http:\/\/www.horizonemployeur.fr\/wordpress\/wp-content\/uploads\/2018\/05\/travaux.png\" alt=\"\" width=\"85\" height=\"15\"><\/p>\n<ul>\n<li><a href=\"http:\/\/documents.transilien.com\/1527750473917.pdf\" target=\"_blank\" rel=\"noopener\">Interruption Melun &lt;&gt; Montargis<\/a><\/li>\n<li><a href=\"http:\/\/documents.transilien.com\/1527750473918.pdf\" target=\"_blank\" rel=\"noopener\">Interruption Melun &lt;&gt; H\u00e9ricy &lt;&gt; Montargis<\/a><\/li>\n<\/ul>\n<\/td>\n<\/tr>\n<tr style=\"height: 47px;\">\n<td style=\"width: 5%; height: 190px; vertical-align: top; text-align: center;\" rowspan=\"2\"><img loading=\"lazy\" decoding=\"async\" class=\"alignnone wp-image-3221\" src=\"http:\/\/www.horizonemployeur.fr\/wordpress\/wp-content\/uploads\/2017\/06\/picto_u.png\" alt=\"\" width=\"40\" height=\"40\"><\/td>\n<td style=\"width: 40%; height: 47px; vertical-align: top;\"><img loading=\"lazy\" decoding=\"async\" class=\"alignnone size-full wp-image-4635\" src=\"http:\/\/www.horizonemployeur.fr\/wordpress\/wp-content\/uploads\/2018\/05\/vendredi.png\" alt=\"\" width=\"78\" height=\"15\"><\/p>\n<ul>\n<li>1 train sur 2<\/li>\n<\/ul>\n<\/td>\n<td style=\"width: 55%; height: 47px; text-align: left; vertical-align: top;\"><img loading=\"lazy\" decoding=\"async\" class=\"alignnone size-full wp-image-4635\" src=\"http:\/\/www.horizonemployeur.fr\/wordpress\/wp-content\/uploads\/2018\/05\/vendredi.png\" alt=\"\" width=\"78\" height=\"15\"><\/p>\n<ul>\n<li><a href=\"http:\/\/documents.transilien.com\/1530176108968.pdf\" target=\"_blank\" rel=\"noopener\">La D\u00e9fense &lt;&gt; Versailles-Chantiers &lt;&gt; La Verri\u00e8re<\/a><\/li>\n<\/ul>\n<\/td>\n<\/tr>\n<tr style=\"height: 143px;\">\n<td style=\"background-color: #ffe7b8; vertical-align: top; height: 143px; width: 40%;\"><img loading=\"lazy\" decoding=\"async\" class=\"alignnone size-full wp-image-4638\" src=\"http:\/\/www.horizonemployeur.fr\/wordpress\/wp-content\/uploads\/2018\/05\/travaux.png\" alt=\"\" width=\"85\" height=\"15\"><\/p>\n<ul>\n<li><span style=\"color: #ff0000;\"><span style=\"text-decoration: underline;\"><strong>Du lundi 4 au vendredi 29 juin inclus<\/strong><\/span>&nbsp;(sauf week-ends et 21 juin): interruption&nbsp;pour travaux entre La D\u00e9fense et La Verri\u00e8re \u00e0 partir de<\/span>\n<ul>\n<li><span style=\"color: #ff0000;\">22h15 vers La Verri\u00e8re<\/span><\/li>\n<li><span style=\"color: #ff0000;\">21h20 vers La D\u00e9fense<\/span><\/li>\n<\/ul>\n<\/li>\n<li><span style=\"color: #ff0000;\"><span style=\"text-decoration: underline;\"><strong>Le prochain week-end<\/strong><\/span>, les trains DEFI en direction de La D\u00e9fense sont retard\u00e9s de 15 minutes jusqu\u2019\u00e0 23h59 (avant-dernier train)<\/span><\/li>\n<li><span style=\"color: #ff0000;\"><span style=\"text-decoration: underline;\"><strong>Du lundi 18 juin au 10 ao\u00fbt<\/strong><\/span>, sauf week-ends, modification des horaires des trains DEFI jusqu&#8217;\u00e0 2 minutes entre La Verri\u00e8re et St-Quentin<\/span><\/li>\n<\/ul>\n<\/td>\n<td style=\"background-color: #ffe7b8; vertical-align: top; height: 143px; width: 55%;\"><img loading=\"lazy\" decoding=\"async\" class=\"alignnone size-full wp-image-4638\" src=\"http:\/\/www.horizonemployeur.fr\/wordpress\/wp-content\/uploads\/2018\/05\/travaux.png\" alt=\"\" width=\"85\" height=\"15\"><\/p>\n<ul>\n<li><a href=\"http:\/\/documents.transilien.com\/1524685095421.pdf\" target=\"_blank\" rel=\"noopener\">Travaux La D\u00e9fense &lt;&gt; La Verri\u00e8re<\/a><\/li>\n<li><img loading=\"lazy\" decoding=\"async\" class=\"alignnone size-full wp-image-4634\" src=\"http:\/\/www.horizonemployeur.fr\/wordpress\/wp-content\/uploads\/2018\/05\/samedi.png\" alt=\"\" width=\"60\" height=\"15\"> <span style=\"color: #ff0000;\"><b><img loading=\"lazy\" decoding=\"async\" class=\"alignnone size-full wp-image-4636\" src=\"http:\/\/www.horizonemployeur.fr\/wordpress\/wp-content\/uploads\/2018\/05\/dimanche.png\" alt=\"\" width=\"78\" height=\"15\">&nbsp;<\/b><\/span><a href=\"http:\/\/documents.transilien.com\/1524685095422.pdf\" target=\"_blank\" rel=\"noopener\">Modification des horaires des trains DEFI les week-ends<\/a><\/li>\n<li><a href=\"http:\/\/documents.transilien.com\/1524685095443.pdf\" target=\"_blank\" rel=\"noopener\">Modification des horaires des trains DEFI entre La Verri\u00e8re et St-Quentin<\/a><\/li>\n<\/ul>\n<\/td>\n<\/tr>\n<\/tbody>\n<\/table>\n<h2>M\u00e9tro (RATP)<\/h2>\n<ul>\n<li>trafic normal<\/li>\n<\/ul>\n<table style=\"width: 100%;\">\n<tbody>\n<tr>\n<td style=\"text-align: center; width: 9%;\"><strong>Ligne<\/strong><\/td>\n<td style=\"text-align: center; width: 37.0826%;\"><strong>Pr\u00e9vision globale<\/strong><\/td>\n<td style=\"text-align: center; width: 49.9174%;\"><strong>Notes<\/strong><\/td>\n<\/tr>\n<tr>\n<td style=\"width: 9%; text-align: center; vertical-align: top;\">&nbsp;<\/td>\n<td style=\"background-color: #ffe7b8; width: 37.0826%;\"><img loading=\"lazy\" decoding=\"async\" class=\"alignnone size-full wp-image-4638\" src=\"http:\/\/www.horizonemployeur.fr\/wordpress\/wp-content\/uploads\/2018\/05\/travaux.png\" alt=\"\" width=\"85\" height=\"15\"><\/td>\n<td style=\"background-color: #ffe7b8; vertical-align: top; width: 49.9174%;\"><img loading=\"lazy\" decoding=\"async\" class=\"alignnone size-full wp-image-4638\" src=\"http:\/\/www.horizonemployeur.fr\/wordpress\/wp-content\/uploads\/2018\/05\/travaux.png\" alt=\"\" width=\"85\" height=\"15\"><\/td>\n<\/tr>\n<\/tbody>\n<\/table>\n<h2>Tramway<\/h2>\n<table style=\"width: 100%;\">\n<tbody>\n<tr>\n<td style=\"text-align: center; width: 9%;\"><strong>Ligne<\/strong><\/td>\n<td style=\"text-align: center; width: 37.0826%;\"><strong>Pr\u00e9vision globale<\/strong><\/td>\n<td style=\"text-align: center; width: 49.9174%;\"><strong>Notes<\/strong><\/td>\n<\/tr>\n<tr>\n<td style=\"width: 9%; text-align: center; vertical-align: top;\" rowspan=\"2\"><img loading=\"lazy\" decoding=\"async\" class=\"alignnone wp-image-3219\" src=\"http:\/\/www.horizonemployeur.fr\/wordpress\/wp-content\/uploads\/2017\/06\/picto_t4.png\" alt=\"\" width=\"39\" height=\"39\"><\/td>\n<td style=\"width: 37.0826%; vertical-align: top;\"><img loading=\"lazy\" decoding=\"async\" class=\"alignnone size-full wp-image-4635\" src=\"http:\/\/www.horizonemployeur.fr\/wordpress\/wp-content\/uploads\/2018\/05\/vendredi.png\" alt=\"\" width=\"78\" height=\"15\"><\/p>\n<ul>\n<li>Trafic normal<\/li>\n<\/ul>\n<\/td>\n<td style=\"width: 49.9174%; vertical-align: top;\">&nbsp;<\/td>\n<\/tr>\n<tr style=\"height: 9px;\">\n<td style=\"background-color: #ffe7b8; width: 37.0826%;\"><img loading=\"lazy\" decoding=\"async\" class=\"alignnone size-full wp-image-4638\" src=\"http:\/\/www.horizonemployeur.fr\/wordpress\/wp-content\/uploads\/2018\/05\/travaux.png\" alt=\"\" width=\"85\" height=\"15\"><\/p>\n<ul>\n<li><span style=\"color: #ff0000;\"><span style=\"text-decoration: underline;\"><strong>Jusqu&#8217;au vendredi 6 juillet<\/strong><\/span> sauf week-ends, substitution BUS \u00e0 partir de 21h00<\/span><\/li>\n<\/ul>\n<\/td>\n<td style=\"background-color: #ffe7b8; vertical-align: top; width: 49.9174%;\"><img loading=\"lazy\" decoding=\"async\" class=\"alignnone size-full wp-image-4638\" src=\"http:\/\/www.horizonemployeur.fr\/wordpress\/wp-content\/uploads\/2018\/05\/travaux.png\" alt=\"\" width=\"85\" height=\"15\"><\/p>\n<ul>\n<li><a href=\"http:\/\/documents.transilien.com\/1521625603380.pdf\" target=\"_blank\" rel=\"noopener\">Information travaux de soir\u00e9e<\/a><\/li>\n<\/ul>\n<\/td>\n<\/tr>\n<tr>\n<td style=\"text-align: center; width: 9%;\"><img loading=\"lazy\" decoding=\"async\" class=\"alignnone wp-image-4120\" src=\"http:\/\/www.horizonemployeur.fr\/wordpress\/wp-content\/uploads\/2018\/03\/picto-tram-express-11.png\" alt=\"\" width=\"40\" height=\"40\"><\/td>\n<td style=\"width: 37.0826%;\"><img loading=\"lazy\" decoding=\"async\" class=\"alignnone size-full wp-image-4635\" src=\"http:\/\/www.horizonemployeur.fr\/wordpress\/wp-content\/uploads\/2018\/05\/vendredi.png\" alt=\"\" width=\"78\" height=\"15\"><\/p>\n<ul>\n<li>Trafic normal<\/li>\n<\/ul>\n<\/td>\n<td style=\"width: 49.9174%;\">&nbsp;<\/td>\n<\/tr>\n<tr>\n<td style=\"width: 9%; text-align: center; vertical-align: top;\">&nbsp;<\/td>\n<td style=\"background-color: #ffe7b8; width: 37.0826%;\"><img loading=\"lazy\" decoding=\"async\" class=\"alignnone size-full wp-image-4638\" src=\"http:\/\/www.horizonemployeur.fr\/wordpress\/wp-content\/uploads\/2018\/05\/travaux.png\" alt=\"\" width=\"85\" height=\"15\"><\/td>\n<td style=\"background-color: #ffe7b8; width: 49.9174%;\"><img loading=\"lazy\" decoding=\"async\" class=\"alignnone size-full wp-image-4638\" src=\"http:\/\/www.horizonemployeur.fr\/wordpress\/wp-content\/uploads\/2018\/05\/travaux.png\" alt=\"\" width=\"85\" height=\"15\"><\/td>\n<\/tr>\n<tr>\n<td style=\"width: 9%; text-align: center; vertical-align: top;\"><strong>Autres<br \/>\n(RATP)<\/strong><\/td>\n<td style=\"width: 37.0826%;\">\n<ul>\n<li>Trafic normal<\/li>\n<\/ul>\n<\/td>\n<td style=\"width: 49.9174%;\">&nbsp;<\/td>\n<\/tr>\n<\/tbody>\n<\/table>\n<h2>Bus<\/h2>\n<ul>\n<li>Trafic normal dans notre secteur<\/li>\n<\/ul>\n<p><span style=\"color: #ffffff;\">Il toche les lignes Albatrans 91.01 et 91.09 (les autres lignes Albatrans ne sont pas affect\u00e9es).<\/span><\/p>\n<h1>Centre-Val-de-Loire<\/h1>\n<h2>TER Paris-Chartres<\/h2>\n<table style=\"width: 100%;\">\n<tbody>\n<tr style=\"height: 24px;\">\n<td style=\"width: 6%; height: 24px; text-align: center; vertical-align: top;\"><strong>Ligne<\/strong><\/td>\n<td style=\"width: 39.6817%; height: 24px; text-align: center; vertical-align: top;\"><b>Description g\u00e9n\u00e9rale<\/b><\/td>\n<td style=\"width: 50.3183%; height: 24px; text-align: center; vertical-align: top;\"><b>Horaires d\u00e9taill\u00e9s<\/b><\/td>\n<\/tr>\n<tr style=\"height: 9px;\">\n<td style=\"background-color: #ffffff; vertical-align: top; text-align: center; width: 6%;\" rowspan=\"2\"><strong>TER<br \/>\nPCLM<\/strong><\/td>\n<td style=\"background-color: #ffffff; vertical-align: top; width: 39.6817%;\"><img loading=\"lazy\" decoding=\"async\" class=\"alignnone size-full wp-image-4635\" src=\"http:\/\/www.horizonemployeur.fr\/wordpress\/wp-content\/uploads\/2018\/05\/vendredi.png\" alt=\"\" width=\"78\" height=\"15\"><\/p>\n<p>1 train sur 2<\/p>\n<ul>\n<li>Chartres &gt; Paris:<br \/>\n\u2013 9 trains le matin<br \/>\n\u2013 8 trains* l\u2019apr\u00e8s-midi et le soir&nbsp;<em>(* dont 2 sans arr\u00eat \u00e0 Versailles)<\/em><\/li>\n<li>Paris &gt; Chartres:&nbsp;<br \/>\n\u2013 5 trains le matin<br \/>\n\u2013 13 trains l\u2019apr\u00e8s-midi et le soir<\/li>\n<\/ul>\n<\/td>\n<td style=\"vertical-align: top; width: 50.3183%;\"><img loading=\"lazy\" decoding=\"async\" class=\"alignnone size-full wp-image-4635\" src=\"http:\/\/www.horizonemployeur.fr\/wordpress\/wp-content\/uploads\/2018\/05\/vendredi.png\" alt=\"\" width=\"78\" height=\"15\"><\/p>\n<ul>\n<li><a href=\"https:\/\/cdn.ter.sncf.com\/medias\/PDF\/centre_val_de_loire\/Info%20Trafic%20PCLM%20du%2029_tcm56-46804_tcm56-199258.pdf\" target=\"_blank\" rel=\"noopener\">Paris &lt;&gt; Chartres &lt;&gt; Le Mans<\/a><\/li>\n<\/ul>\n<\/td>\n<\/tr>\n<tr style=\"height: 9px;\">\n<td style=\"background-color: #ffe7b8; vertical-align: top; width: 39.6817%;\"><img loading=\"lazy\" decoding=\"async\" class=\"alignnone size-full wp-image-4638\" src=\"http:\/\/www.horizonemployeur.fr\/wordpress\/wp-content\/uploads\/2018\/05\/travaux.png\" alt=\"\" width=\"85\" height=\"15\"><\/td>\n<td style=\"background-color: #ffe7b8; vertical-align: top; width: 50.3183%;\"><img loading=\"lazy\" decoding=\"async\" class=\"alignnone size-full wp-image-4638\" src=\"http:\/\/www.horizonemployeur.fr\/wordpress\/wp-content\/uploads\/2018\/05\/travaux.png\" alt=\"\" width=\"85\" height=\"15\"><\/td>\n<\/tr>\n<\/tbody>\n<\/table>\n","protected":false},"excerpt":{"rendered":"<p>Vendredi 29 juin, on joue les arr\u00eats de jeu. Certaines lignes, soit les lignes C, E, J, L, N et U ainsi que TER&nbsp;Paris-Chartres, sont touch\u00e9es par un mouvement local vendredi 29, avec un trafic allant de 1 train sur 2 \u00e0 9 trains sur 10.<\/p>\n","protected":false},"author":1,"featured_media":5289,"comment_status":"open","ping_status":"open","sticky":false,"template":"page-templates\/no-sidebar.php","format":"standard","meta":{"_acf_changed":false,"inline_featured_image":false,"footnotes":""},"categories":[12],"tags":[23],"dipi_cpt_category":[],"class_list":["post-5285","post","type-post","status-publish","format-standard","has-post-thumbnail","hentry","category-transports-en-commun","tag-greve"],"acf":[],"dsm_author":{"name":"Association Horizon Employeur","avatar_url":"https:\/\/www.horizonemployeur.fr\/wp2019\/wp-content\/plugins\/ultimate-member\/assets\/img\/default_avatar.jpg","archive_link":"https:\/\/www.horizonemployeur.fr\/wp2019\/author\/horizonemployeur\/","biodata":""},"dsm_categories":[{"term_name":"Transports en Commun","term_id":12,"term_link":"https:\/\/www.horizonemployeur.fr\/wp2019\/category\/transports-en-commun\/"}],"dsm_attachment_categories":[],"dsm_featured_image":[],"_links":{"self":[{"href":"https:\/\/www.horizonemployeur.fr\/wp2019\/wp-json\/wp\/v2\/posts\/5285","targetHints":{"allow":["GET"]}}],"collection":[{"href":"https:\/\/www.horizonemployeur.fr\/wp2019\/wp-json\/wp\/v2\/posts"}],"about":[{"href":"https:\/\/www.horizonemployeur.fr\/wp2019\/wp-json\/wp\/v2\/types\/post"}],"author":[{"embeddable":true,"href":"https:\/\/www.horizonemployeur.fr\/wp2019\/wp-json\/wp\/v2\/users\/1"}],"replies":[{"embeddable":true,"href":"https:\/\/www.horizonemployeur.fr\/wp2019\/wp-json\/wp\/v2\/comments?post=5285"}],"version-history":[{"count":0,"href":"https:\/\/www.horizonemployeur.fr\/wp2019\/wp-json\/wp\/v2\/posts\/5285\/revisions"}],"wp:featuredmedia":[{"embeddable":true,"href":"https:\/\/www.horizonemployeur.fr\/wp2019\/wp-json\/"}],"wp:attachment":[{"href":"https:\/\/www.horizonemployeur.fr\/wp2019\/wp-json\/wp\/v2\/media?parent=5285"}],"wp:term":[{"taxonomy":"category","embeddable":true,"href":"https:\/\/www.horizonemployeur.fr\/wp2019\/wp-json\/wp\/v2\/categories?post=5285"},{"taxonomy":"post_tag","embeddable":true,"href":"https:\/\/www.horizonemployeur.fr\/wp2019\/wp-json\/wp\/v2\/tags?post=5285"},{"taxonomy":"dipi_cpt_category","embeddable":true,"href":"https:\/\/www.horizonemployeur.fr\/wp2019\/wp-json\/wp\/v2\/dipi_cpt_category?post=5285"}],"curies":[{"name":"wp","href":"https:\/\/api.w.org\/{rel}","templated":true}]}}