{"id":4189,"date":"2018-04-01T18:06:06","date_gmt":"2018-04-01T16:06:06","guid":{"rendered":"http:\/\/www.horizonemployeur.fr\/wordpress\/?p=4189"},"modified":"2018-04-01T18:06:06","modified_gmt":"2018-04-01T16:06:06","slug":"trafic-03-04-2018","status":"publish","type":"post","link":"https:\/\/www.horizonemployeur.fr\/wp2019\/2018\/04\/01\/trafic-03-04-2018\/","title":{"rendered":"Mardi 3 avril 2018: pr\u00e9visions de trafic SNCF"},"content":{"rendered":"<p>Mardi 3 avril 2018, premier jour de la s\u00e9rie de 36 jours de gr\u00e8ves SNCF annonc\u00e9s sur le 2e trimestre. Voici les pr\u00e9visions de trafic publi\u00e9es par la SNCF. N&#8217;oubliez pas d&#8217;examiner les alternatives d\u00e9crites sur la page&nbsp;<a href=\"http:\/\/mobilite.horizonemployeur.fr\/2018\/03\/30\/greves-avril-2018\/\">http:\/\/mobilite.horizonemployeur.fr\/2018\/03\/30\/greves-avril-2018\/<\/a><\/p>\n<p><!--more--><\/p>\n<p>(mise \u00e0 jour lundi 2 avril 19h00)<\/p>\n<p>Dimanche 1er avril au soir, la SNCF annonce un trafic normal sur l&#8217;ensemble de son r\u00e9seau pour le lundi 2 avril au soir.<\/p>\n<p>Les appels \u00e0 la gr\u00e8ve ne concernent que la SNCF.&nbsp;Au dimanche 1er avril 18 heures, les pr\u00e9visions pour la journ\u00e9e du <strong>mardi 3 avril<\/strong> sont les suivantes<\/p>\n<h1>Ile-de-France<\/h1>\n<h2>RER et Transilien<\/h2>\n<p>Lorsqu&#8217;il n&#8217;y a pas d&#8217;affiche horaire disponible, les horaires des trains (s&#8217;il y en a) peuvent \u00eatre trouv\u00e9s sur le site transilien.com ou sur l&#8217;application SNCF.<\/p>\n<p><span style=\"color: #ff0000;\">Attention, plusieurs lignes sont affect\u00e9es par des chantiers en soir\u00e9e !<\/span><\/p>\n<table style=\"width: 991px;\">\n<tbody>\n<tr>\n<td style=\"text-align: center; width: 48px;\"><strong>Ligne<\/strong><\/td>\n<td style=\"text-align: center; width: 480.2px;\"><strong>Pr\u00e9vision globale<\/strong><\/td>\n<td style=\"text-align: center; width: 443.8px;\"><strong>D\u00e9tails<\/strong><\/td>\n<\/tr>\n<tr>\n<td style=\"text-align: center; width: 48px;\"><img loading=\"lazy\" decoding=\"async\" class=\"alignnone wp-image-3223\" src=\"http:\/\/www.horizonemployeur.fr\/wordpress\/wp-content\/uploads\/2017\/06\/picto_a.png\" alt=\"\" width=\"40\" height=\"40\"><br \/>\n<b><i>RATP<\/i><\/b><\/td>\n<td style=\"width: 480.2px;\">Branches A1 St-Germain, A2 Boissy et A4 Marne-la-Vall\u00e9e, tron\u00e7on central:<br \/>\n<strong>Trafic normal<\/strong><\/td>\n<td style=\"text-align: center; width: 443.8px;\">&nbsp;<\/td>\n<\/tr>\n<tr>\n<td style=\"text-align: center; width: 48px;\"><b><i><img loading=\"lazy\" decoding=\"async\" class=\"alignnone wp-image-3223\" src=\"http:\/\/www.horizonemployeur.fr\/wordpress\/wp-content\/uploads\/2017\/06\/picto_a.png\" alt=\"\" width=\"40\" height=\"40\"><br \/>\nSNCF<\/i><\/b><\/td>\n<td style=\"width: 480.2px;\">Branches A3 Cergy et A5 Poissy:<strong><br \/>\n1 train sur 2<\/strong> sans rupture d&#8217;interconnexion<strong><br \/>\n<\/strong><span style=\"text-decoration: underline; color: #ff0000;\">Attention, travaux en soir\u00e9e !<\/span><\/td>\n<td style=\"text-align: center; width: 443.8px;\"><a href=\"http:\/\/documents.transilien.com\/1521625603133.pdf\" target=\"_blank\" rel=\"noopener\">(Paris &lt;&gt;) Nanterre &lt;&gt; Cergy \/ Poissy<\/a><\/td>\n<\/tr>\n<tr>\n<td style=\"text-align: center; width: 48px;\"><img loading=\"lazy\" decoding=\"async\" class=\"alignnone wp-image-3224\" src=\"http:\/\/www.horizonemployeur.fr\/wordpress\/wp-content\/uploads\/2017\/06\/picto_b.png\" alt=\"\" width=\"40\" height=\"40\"><br \/>\n<em><strong>nord<\/strong><\/em><\/td>\n<td style=\"width: 480.2px;\"><strong>1 train sur 3<\/strong><br \/>\n<span style=\"text-decoration: underline; color: #ff0000;\">changement obligatoire \u00e0 Gare du Nord<\/span>&nbsp;<\/td>\n<td style=\"text-align: center; width: 443.8px;\"><a href=\"http:\/\/documents.transilien.com\/1521625603135.pdf\" target=\"_blank\" rel=\"noopener\">Paris Nord &gt; Roissy CDG2 \/ Mitry<\/a><\/p>\n<p><a href=\"http:\/\/documents.transilien.com\/1521625603134.pdf\" target=\"_blank\" rel=\"noopener\">Roissy CDG2 \/ Mitry &gt; Paris Nord<\/a><\/td>\n<\/tr>\n<tr>\n<td style=\"text-align: center; width: 48px;\"><img loading=\"lazy\" decoding=\"async\" class=\"alignnone wp-image-3224\" src=\"http:\/\/www.horizonemployeur.fr\/wordpress\/wp-content\/uploads\/2017\/06\/picto_b.png\" alt=\"\" width=\"40\" height=\"40\"><br \/>\n<em><strong>sud<\/strong><\/em><\/td>\n<td style=\"width: 480.2px;\">&#x2666; Heures de pointe: <strong>2 trains sur 3<\/strong><br \/>\n&#x2666; Heures creuses: normal<br \/>\n<span style=\"text-decoration: underline;\"><span style=\"color: #ff0000; text-decoration: underline;\">changement obligatoire \u00e0 Gare du Nord<\/span><br \/>\n<\/span><span style=\"color: #808080; font-size: 10pt;\"><em>La r\u00e9duction du nombre de trains en heure de pointe est une cons\u00e9quence de la capacit\u00e9 limit\u00e9e de retournement des trains \u00e0 Gare du Nord<\/em><\/span><span style=\"text-decoration: underline;\"><br \/>\n<\/span><\/td>\n<td style=\"text-align: center; width: 443.8px;\"><a href=\"http:\/\/documents.transilien.com\/1521625603102.pdf\" target=\"_blank\" rel=\"noopener\">Paris Nord &gt; Robinson \/ St-R\u00e9my<\/a><\/p>\n<p><a href=\"http:\/\/documents.transilien.com\/1521625603104.pdf\" target=\"_blank\" rel=\"noopener\">Robinson\/St-R\u00e9my &gt; Paris Nord<\/a><\/td>\n<\/tr>\n<tr>\n<td style=\"text-align: center; width: 48px;\"><img loading=\"lazy\" decoding=\"async\" class=\"alignnone wp-image-3225\" src=\"http:\/\/www.horizonemployeur.fr\/wordpress\/wp-content\/uploads\/2017\/06\/picto_c.png\" alt=\"\" width=\"40\" height=\"40\"><em><strong>nord<\/strong><\/em><\/td>\n<td style=\"width: 480.2px;\">&#x2666; Branche C1 Pontoise, tron\u00e7on central (jusqu&#8217;\u00e0 Paris-Austerlitz):<br \/>\n<strong>trafic nul<\/strong><\/td>\n<td style=\"text-align: center; width: 443.8px;\">&nbsp;<\/td>\n<\/tr>\n<tr>\n<td style=\"text-align: center; width: 48px;\"><img loading=\"lazy\" decoding=\"async\" class=\"alignnone wp-image-3225\" src=\"http:\/\/www.horizonemployeur.fr\/wordpress\/wp-content\/uploads\/2017\/06\/picto_c.png\" alt=\"\" width=\"40\" height=\"40\"><em><strong>ouest<\/strong><\/em><\/td>\n<td style=\"width: 480.2px;\">&#x2666; Branche C5 Versailles-Ch\u00e2teau-RG et C7 St-Quentin-en-Yvelines, tron\u00e7on central (jusqu&#8217;\u00e0 Paris-Austerlitz):<br \/>\n<strong>trafic nul<\/strong><\/td>\n<td style=\"text-align: center; width: 443.8px;\">&nbsp;<\/td>\n<\/tr>\n<tr>\n<td style=\"text-align: center; width: 48px;\"><img loading=\"lazy\" decoding=\"async\" class=\"alignnone wp-image-3225\" src=\"http:\/\/www.horizonemployeur.fr\/wordpress\/wp-content\/uploads\/2017\/06\/picto_c.png\" alt=\"\" width=\"40\" height=\"40\"><em><strong>sud<\/strong><\/em><\/td>\n<td style=\"width: 480.2px;\"><span style=\"text-decoration: underline; color: #ff0000;\">Attention, d\u00e9parts et arriv\u00e9es Paris-Austerlitz-surface !&nbsp;<\/span><br \/>\n&#x2666; Branche C2 Massy:&nbsp;<strong>1 train toutes les 30 minutes aux seules heures de pointe<\/strong><br \/>\n&#x2666; Branche C4 Dourdan:&nbsp;<strong>1 train <\/strong>(direct entre BFM et Juvisy)<strong> toutes les 30 minutes aux seules heures de pointe<\/strong>. Dourdan-la-For\u00eat pas desservi<br \/>\n&#x2666; Branche C6 Etampes: <strong>1 train <\/strong>(direct entre BFM et Juvisy)<strong> toutes les 30 minutes aux seules heures de pointe<\/strong><br \/>\n&#x2666; Branche C8 Versailles-Chantiers par Juvisy: <strong>1 train toutes les 30 minutes aux seules heures de pointe. T<\/strong><strong>rafic nul au-del\u00e0 de Juvisy<br \/>\n<\/strong><span style=\"text-decoration: underline; color: #ff0000;\">Derniers d\u00e9parts d&#8217;Austerlitz entre 19h30 et 20h00 le soir<\/span><\/td>\n<td style=\"width: 443.8px; text-align: left;\"><a href=\"http:\/\/documents.transilien.com\/1521625603105.pdf\" target=\"_blank\" rel=\"noopener\">Paris-Austerlitz &lt;&gt; Massy \/ Juvisy \/ Dourdan \/ Etampes<\/a><\/td>\n<\/tr>\n<tr>\n<td style=\"text-align: center; width: 48px;\"><img loading=\"lazy\" decoding=\"async\" class=\"alignnone wp-image-3226\" src=\"http:\/\/www.horizonemployeur.fr\/wordpress\/wp-content\/uploads\/2017\/06\/picto_d.png\" alt=\"\" width=\"40\" height=\"40\"><br \/>\n<em><strong>nord<\/strong><\/em><\/td>\n<td style=\"width: 480.2px;\"><span style=\"text-decoration: underline; color: #ff0000;\">Attention, quelques d\u00e9parts et arriv\u00e9es Paris-Nord-banlieue !&nbsp;<\/span><br \/>\n&#x2666; Entre Paris-Nord et Villiers-le-Bel: <strong>3 trains <\/strong>(omnibus)<strong> par heure en pointe, et 1 train<\/strong> (omnibus) <strong>par heure en heures creuses<br \/>\n<\/strong>&#x2666; Au nord de Villiers-le-Bel: <strong>trafic nul<\/strong><\/td>\n<td style=\"width: 443.8px; text-align: left;\"><a href=\"http:\/\/documents.transilien.com\/1521625603123.pdf\" target=\"_blank\" rel=\"noopener\">Paris-Nord &lt;&gt; Villiers le Bel<\/a><\/td>\n<\/tr>\n<tr>\n<td style=\"text-align: center; width: 48px;\"><img loading=\"lazy\" decoding=\"async\" class=\"alignnone wp-image-3226\" src=\"http:\/\/www.horizonemployeur.fr\/wordpress\/wp-content\/uploads\/2017\/06\/picto_d.png\" alt=\"\" width=\"40\" height=\"40\"><br \/>\n<em><strong>sud<\/strong><\/em><\/td>\n<td style=\"width: 480.2px;\"><span style=\"text-decoration: underline; color: #ff0000;\">Attention, d\u00e9parts et arriv\u00e9es Paris-Gare de Lyon-surface !&nbsp;<br \/>\n<\/span>&#x2666; Branche Melun par Combs-la-Ville:&nbsp;<strong>1 train <\/strong>(omnibus)<strong> toutes les 30 minutes aux seules heures de pointe<\/strong>.<br \/>\n&#x2666; Branche Corbeil par Evry-Courcouronnes: <strong>1 train <\/strong>(omnibus)<strong> toutes les 30 minutes aux seules heures de pointe<br \/>\n<\/strong>&#x2666; Branches Vall\u00e9e (Ris-Orangis), Littoral (Ponthierry-Pringy) et Malesherbes: <strong>trafic nul<\/strong><\/td>\n<td style=\"width: 443.8px; text-align: left;\"><a href=\"http:\/\/documents.transilien.com\/1521625603154.pdf\" target=\"_blank\" rel=\"noopener\">Paris-Gare de Lyon &lt;&gt; Corbeil via Evry-CC \/ Melun via Combs la Ville<\/a><\/td>\n<\/tr>\n<tr>\n<td style=\"text-align: center; width: 48px;\"><img loading=\"lazy\" decoding=\"async\" class=\"alignnone wp-image-3227\" src=\"http:\/\/www.horizonemployeur.fr\/wordpress\/wp-content\/uploads\/2017\/06\/picto_e.png\" alt=\"\" width=\"40\" height=\"40\"><\/td>\n<td style=\"width: 480.2px;\">&#x2666; Branche Chelles: <strong>1 train sur 3 aux seules heures de pointe<\/strong> (de 04h30 \u00e0 09h30 et de 15h00 \u00e0 21h30)<br \/>\n&#x2666; Branche Villiers &#8211; Tournan: <strong>1 train sur 3<\/strong><\/td>\n<td style=\"width: 443.8px; text-align: left;\"><a href=\"http:\/\/documents.transilien.com\/1521625603106.pdf\" target=\"_blank\" rel=\"noopener\">Haussmann-SL &lt;&gt; Chelles<\/a><br \/>\n<a href=\"http:\/\/documents.transilien.com\/1521625603107.pdf\" target=\"_blank\" rel=\"noopener\">Haussmann-SL &lt;&gt; Villiers &lt;&gt; Tournan<\/a><\/td>\n<\/tr>\n<tr>\n<td style=\"text-align: center; width: 48px;\"><img loading=\"lazy\" decoding=\"async\" class=\"alignnone wp-image-3232\" src=\"http:\/\/www.horizonemployeur.fr\/wordpress\/wp-content\/uploads\/2017\/06\/picto_h.png\" alt=\"\" width=\"40\" height=\"40\"><\/td>\n<td style=\"width: 480.2px;\">&#x2666; Branche Montsoult &#8211; Persan \/ Luzarches: <strong>1 train sur 3<br \/>\n&#x2666; <\/strong>Branche Ermont &#8211; Pontoise \/ Persan: <strong>1 train sur 3<br \/>\n&#x2666; <\/strong>Transversale Creil &#8211; Persan &#8211; Pontoise:<strong>&nbsp;services de bus de substitution<br \/>\n<\/strong><\/td>\n<td style=\"text-align: center; width: 443.8px;\">\n<p style=\"text-align: left;\"><a href=\"http:\/\/documents.transilien.com\/1521625603143.pdf\" target=\"_blank\" rel=\"noopener\">Paris-Nord &lt;&gt; Montsoult &lt;&gt; Persan \/ Luzarches<\/a><br \/>\n<a href=\"http:\/\/documents.transilien.com\/1521625603142.pdf\" target=\"_blank\" rel=\"noopener\">Paris-Nord &lt;&gt; Ermont &lt;&gt; Pontoise \/&nbsp; Persan<\/a><br \/>\n<a href=\"http:\/\/documents.transilien.com\/1521625603141.pdf\" target=\"_blank\" rel=\"noopener\">Creil &lt;&gt; Persan &lt;&gt; Pontoise<\/a><\/p>\n<\/td>\n<\/tr>\n<tr>\n<td style=\"text-align: center; width: 48px;\"><img loading=\"lazy\" decoding=\"async\" class=\"alignnone wp-image-3231\" src=\"http:\/\/www.horizonemployeur.fr\/wordpress\/wp-content\/uploads\/2017\/06\/picto_j.png\" alt=\"\" width=\"40\" height=\"40\"><\/td>\n<td style=\"width: 480.2px;\"><strong>&#x2666; <\/strong>Branche J4 Ermont:&nbsp;<strong>1 train sur 3<br \/>\n<\/strong><strong>&#x2666; <\/strong>Branche J5 Poissy &#8211; Mantes:&nbsp;<strong>1 train sur 3<br \/>\n&#x2666; <\/strong>Branche J6 Conflans &#8211; Mantes:<strong>&nbsp;1 train sur 3<\/strong><br \/>\n<strong>&#x2666; <\/strong>Branche J6 Pontoise &#8211; Gisors:&nbsp;<strong>1 train sur 3<\/strong><\/td>\n<td style=\"text-align: center; width: 443.8px;\">\n<p style=\"text-align: left;\"><a href=\"http:\/\/documents.transilien.com\/1521625603126.pdf\" target=\"_blank\" rel=\"noopener\">Paris-SL &lt;&gt; Ermont<\/a><br \/>\n<a href=\"http:\/\/documents.transilien.com\/1521625603152.pdf\" target=\"_blank\" rel=\"noopener\">Paris-SL &lt;&gt; Poissy &lt;&gt; Mantes<\/a><br \/>\n<a href=\"http:\/\/documents.transilien.com\/1521625603151.pdf\" target=\"_blank\" rel=\"noopener\">Paris-SL &lt;&gt; Conflans &lt;&gt; Mantes<\/a><br \/>\n<a href=\"http:\/\/documents.transilien.com\/1521625603128.pdf\" target=\"_blank\" rel=\"noopener\">Paris-SL &lt;&gt; Pontoise &lt;&gt; Gisors<\/a><\/p>\n<\/td>\n<\/tr>\n<tr>\n<td style=\"text-align: center; width: 48px;\"><img loading=\"lazy\" decoding=\"async\" class=\"alignnone wp-image-3230\" src=\"http:\/\/www.horizonemployeur.fr\/wordpress\/wp-content\/uploads\/2017\/06\/picto_k.png\" alt=\"\" width=\"40\" height=\"40\"><\/td>\n<td style=\"width: 480.2px;\"><strong>1 train sur 3<br \/>\n<\/strong>En d&#8217;autres termes, 3 AR trains Paris-Aulnay-Mitry-Cr\u00e9py et 5 AR bus Mitry-Cr\u00e9py dans la journ\u00e9e.<\/td>\n<td style=\"width: 443.8px; text-align: left;\"><a href=\"http:\/\/documents.transilien.com\/1521625603144.pdf\" target=\"_blank\" rel=\"noopener\">Paris-Nord &lt;&gt; Mitry &lt;&gt; Cr\u00e9py<\/a><\/td>\n<\/tr>\n<tr>\n<td style=\"text-align: center; width: 48px;\"><em><strong><img loading=\"lazy\" decoding=\"async\" class=\"alignnone wp-image-3229\" src=\"http:\/\/www.horizonemployeur.fr\/wordpress\/wp-content\/uploads\/2017\/06\/picto_l.png\" alt=\"\" width=\"40\" height=\"40\">nord<\/strong><\/em><\/td>\n<td style=\"width: 480.2px;\"><strong>&#x2666; <\/strong>Branche L3 Cergy:&nbsp;<strong>1 train sur 3<br \/>\n<\/strong><\/td>\n<td style=\"text-align: center; width: 443.8px;\">\n<p style=\"text-align: left;\"><a href=\"http:\/\/documents.transilien.com\/1521625603132.pdf\" target=\"_blank\" rel=\"noopener\">Paris-SL &lt;&gt; Nanterre-U &lt;&gt; Cergy<\/a><\/p>\n<\/td>\n<\/tr>\n<tr>\n<td style=\"text-align: center; width: 48px;\"><img loading=\"lazy\" decoding=\"async\" class=\"alignnone wp-image-3229\" src=\"http:\/\/www.horizonemployeur.fr\/wordpress\/wp-content\/uploads\/2017\/06\/picto_l.png\" alt=\"\" width=\"40\" height=\"40\"><em><strong>sud<\/strong><\/em><\/td>\n<td style=\"width: 480.2px;\"><strong>&#x2666; <\/strong>Branche L2 Versailles-RD \/ St-Nom:&nbsp;<strong>1 train sur 3<br \/>\n&#x2666; <\/strong>GCO Noisy &#8211; St Germain-GC: <strong>service de bus de substitution<\/strong><strong><br \/>\n<\/strong><\/td>\n<td style=\"text-align: center; width: 443.8px;\">\n<p style=\"text-align: left;\"><a href=\"http:\/\/documents.transilien.com\/1521625603131.pdf\" target=\"_blank\" rel=\"noopener\">Paris-SL &lt;&gt; St-Cloud &lt;&gt; Versailles-RD<\/a><br \/>\n<a href=\"http:\/\/documents.transilien.com\/1521625603148.pdf\" target=\"_blank\" rel=\"noopener\">Paris-SL &lt;&gt; St-Cloud &lt;&gt; Saint-Nom la Bret\u00e8che<br \/>\n<\/a><a href=\"http:\/\/documents.transilien.com\/1521625603125.pdf\" target=\"_blank\" rel=\"noopener\">Noisy le Roi &#8211; St-Germain-GC<\/a><\/p>\n<\/td>\n<\/tr>\n<tr>\n<td style=\"text-align: center; width: 48px;\"><img loading=\"lazy\" decoding=\"async\" class=\"alignnone wp-image-3228\" src=\"http:\/\/www.horizonemployeur.fr\/wordpress\/wp-content\/uploads\/2017\/06\/picto_n.png\" alt=\"\" width=\"40\" height=\"40\"><\/td>\n<td style=\"width: 480.2px;\"><strong>&#x2666; <\/strong>Branche Rambouillet : <strong>1 train sur 3 aux seules heures de pointe<br \/>\n<\/strong>&#x2666; Branche Plaisir :<strong> 1 train sur 3 aux seules heures de pointe<\/strong><br \/>\n<strong>&#x2666; <\/strong>Branche Dreux : <strong>3 Dreux-Paris le matin, 3 Paris-Dreux le soir<\/strong><br \/>\n<strong>&#x2666; <\/strong>Branche Mantes : <strong>trafic nul entre Plaisir et Mantes<\/strong><\/td>\n<td style=\"text-align: center; width: 443.8px;\"><a href=\"http:\/\/documents.transilien.com\/1521625603140.pdf\" target=\"_blank\" rel=\"noopener\">Paris-MP &lt;&gt; Versailles-Chantiers &lt;&gt; Rambouillet \/ Plaisir &lt;&gt; Dreux<\/a><\/td>\n<\/tr>\n<tr>\n<td style=\"text-align: center; width: 48px;\"><img loading=\"lazy\" decoding=\"async\" class=\"alignnone wp-image-3222\" src=\"http:\/\/www.horizonemployeur.fr\/wordpress\/wp-content\/uploads\/2017\/06\/picto_p.png\" alt=\"\" width=\"40\" height=\"40\"><\/td>\n<td style=\"width: 480.2px;\"><strong>&#x2666; <\/strong>Branche Meaux &#8211; Ch\u00e2teau Thierry : <strong>1 train sur 3<\/strong><br \/>\n<strong>&#x2666; <\/strong>Branches Coulommiers \/ Provins : <strong>trafic nul<\/strong><br \/>\n<strong>&#x2666; <\/strong>Branche La Fert\u00e9 Milon : <strong>trafic nul<\/strong><strong>&#x2666; <\/strong>Axe Esbly &#8211; Cr\u00e9cy: <strong>trafic normal<\/strong>.<\/td>\n<td style=\"text-align: center; width: 443.8px;\">\n<p style=\"text-align: left;\"><a href=\"http:\/\/documents.transilien.com\/1521625603153.pdf\" target=\"_blank\" rel=\"noopener\">Paris-Est &lt;&gt; Meaux<\/a><br \/>\n<a href=\"http:\/\/documents.transilien.com\/1521625603117.pdf\" target=\"_blank\" rel=\"noopener\">Paris-Est &lt;&gt; Ch\u00e2teau-Thierry<\/a><\/p>\n<\/td>\n<\/tr>\n<tr>\n<td style=\"text-align: center; width: 48px;\"><img loading=\"lazy\" decoding=\"async\" class=\"alignnone wp-image-3221\" src=\"http:\/\/www.horizonemployeur.fr\/wordpress\/wp-content\/uploads\/2017\/06\/picto_r.png\" alt=\"\" width=\"40\" height=\"40\"><\/td>\n<td style=\"width: 480.2px;\"><strong>Trafic nul<br \/>\n<\/strong>Les TER Bourgogne et Intercit\u00e9s ne s&#8217;arr\u00eatent pas en Ile-de-France<\/td>\n<td style=\"text-align: center; width: 443.8px;\">&nbsp;<\/td>\n<\/tr>\n<tr>\n<td style=\"text-align: center; width: 48px;\"><img loading=\"lazy\" decoding=\"async\" class=\"alignnone wp-image-3220\" src=\"http:\/\/www.horizonemployeur.fr\/wordpress\/wp-content\/uploads\/2017\/06\/picto_u.png\" alt=\"\" width=\"40\" height=\"40\"><\/td>\n<td style=\"width: 480.2px;\"><strong>Trafic nul<\/strong><br \/>\nUtiliser la ligne N entre La Verri\u00e8re \/ St-Quentin et Viroflay-RG<br \/>\nla ligne L entre Viroflay-RD et St-Cloud \/ La D\u00e9fense&nbsp;<br \/>\net le tramway T6 entre les 2 gares de Viroflay<\/td>\n<td style=\"text-align: center; width: 443.8px;\">&nbsp;<\/td>\n<\/tr>\n<\/tbody>\n<\/table>\n<h2>M\u00e9tro (RATP)<\/h2>\n<ul>\n<li>trafic normal<\/li>\n<\/ul>\n<h2>Tramway<\/h2>\n<table>\n<tbody>\n<tr>\n<td style=\"text-align: center;\"><strong>Ligne<\/strong><\/td>\n<td style=\"text-align: center;\"><strong>Pr\u00e9vision globale<\/strong><\/td>\n<td style=\"text-align: center;\"><strong>Notes<\/strong><\/td>\n<\/tr>\n<tr>\n<td style=\"text-align: center;\"><img loading=\"lazy\" decoding=\"async\" class=\"alignnone wp-image-3219\" src=\"http:\/\/www.horizonemployeur.fr\/wordpress\/wp-content\/uploads\/2017\/06\/picto_t4.png\" alt=\"\" width=\"40\" height=\"40\"><\/td>\n<td><strong>&#x2666;<\/strong> Jusqu&#8217;\u00e0 21h: <strong>un tramway toutes les 12 min<br \/>\n&#x2666;<\/strong> Au-del\u00e0 de 21h:&nbsp;<strong>service de bus de substitution<br \/>\n<\/strong><\/td>\n<td><a href=\"http:\/\/documents.transilien.com\/1521625603122.pdf\" target=\"_blank\" rel=\"noopener\">Informations<\/a><\/td>\n<\/tr>\n<tr>\n<td style=\"text-align: center;\"><img loading=\"lazy\" decoding=\"async\" class=\"alignnone wp-image-4120\" src=\"http:\/\/www.horizonemployeur.fr\/wordpress\/wp-content\/uploads\/2018\/03\/picto-tram-express-11.png\" alt=\"\" width=\"40\" height=\"40\"><\/td>\n<td><strong>Trafic normal<\/strong><\/td>\n<td>&nbsp;<\/td>\n<\/tr>\n<tr>\n<td style=\"text-align: center;\"><strong>Autres<br \/>\n(RATP)<\/strong><\/td>\n<td><strong>Trafic normal<\/strong><\/td>\n<td>Le service des lignes T2 et T5 est renforc\u00e9<\/td>\n<\/tr>\n<\/tbody>\n<\/table>\n<h2>Bus<\/h2>\n<ul>\n<li>Lignes RATP: trafic normal<\/li>\n<li>Autres lignes: trafic normal.<\/li>\n<\/ul>\n<p>Certaines lignes font l&#8217;objet de renforcements pour les journ\u00e9es des 3 et 4 avril. C&#8217;est le cas dans notre secteur des lignes Ph\u00e9bus 40, 42 et 60 et de la ligne MobiCAPS 15. Il en est question ici:<br \/>\n<a href=\"http:\/\/mobilite.horizonemployeur.fr\/2018\/03\/30\/greves-avril-2018\/\">http:\/\/mobilite.horizonemployeur.fr\/2018\/03\/30\/greves-avril-2018\/<\/a><\/p>\n<p>&nbsp;<\/p>\n<h1>Centre-Val-de-Loire<\/h1>\n<h2>TER Paris-Chartres<\/h2>\n<p>Service normal lundi 2 avril.<\/p>\n<p>Mardi 3 avril<\/p>\n<ul>\n<li>le matin, 8 Chartres &gt; Paris, dont 2 venant du Mans (et 4 Paris &gt; Chartres)<\/li>\n<li>le soir, 8 Paris &gt; Chartres dont 2 allant jusqu&#8217;au Mans (et 4 Chartres &gt; Paris)<\/li>\n<\/ul>\n<p>Aucun de ces trains ne dessert Rambouillet ou Gazeran.<\/p>\n<p><a href=\"https:\/\/cdn.ter.sncf.com\/medias\/PDF\/centre_val_de_loire\/Info%20Trafic%20PCLM%2003_tcm56-46804_tcm56-182605.pdf\" target=\"_blank\" rel=\"noopener\">Horaires Paris &lt;&gt; Chartres &lt;&gt; Le Mans<\/a><\/p>\n<p>&nbsp;<\/p>\n<p>&nbsp;<\/p>\n<h1>National et international<\/h1>\n<p>Le communiqu\u00e9 de presse du 1er avril apr\u00e8s-midi d\u00e9taille la situation en infographies:<br \/>\n<a href=\"http:\/\/www.sncf.com\/sncv1\/ressources\/cp_infotrafic_3_avril_2018_vf_1.pdf\" target=\"_blank\" rel=\"noopener\">http:\/\/www.sncf.com\/sncv1\/ressources\/cp_infotrafic_3_avril_2018_vf_1.pdf<\/a><\/p>\n<p>Globalement, on a sur les lignes int\u00e9rieures 1 train sur 5 sur les Transilien et TER, 1 train sur 8 sur les TGV et Intercit\u00e9s.<\/p>\n<p><img loading=\"lazy\" decoding=\"async\" class=\"alignnone size-full wp-image-4205\" src=\"http:\/\/www.horizonemployeur.fr\/wordpress\/wp-content\/uploads\/2018\/04\/CP-SNCF-1er-avril-2018-A.png\" alt=\"\" width=\"1590\" height=\"893\" srcset=\"https:\/\/www.horizonemployeur.fr\/wp2019\/wp-content\/uploads\/2018\/04\/CP-SNCF-1er-avril-2018-A.png 1590w, https:\/\/www.horizonemployeur.fr\/wp2019\/wp-content\/uploads\/2018\/04\/CP-SNCF-1er-avril-2018-A-300x168.png 300w, https:\/\/www.horizonemployeur.fr\/wp2019\/wp-content\/uploads\/2018\/04\/CP-SNCF-1er-avril-2018-A-768x431.png 768w, https:\/\/www.horizonemployeur.fr\/wp2019\/wp-content\/uploads\/2018\/04\/CP-SNCF-1er-avril-2018-A-1024x575.png 1024w, https:\/\/www.horizonemployeur.fr\/wp2019\/wp-content\/uploads\/2018\/04\/CP-SNCF-1er-avril-2018-A-1080x607.png 1080w, https:\/\/www.horizonemployeur.fr\/wp2019\/wp-content\/uploads\/2018\/04\/CP-SNCF-1er-avril-2018-A-1568x881.png 1568w\" sizes=\"(max-width: 1590px) 100vw, 1590px\" \/> <img loading=\"lazy\" decoding=\"async\" class=\"alignnone size-full wp-image-4204\" src=\"http:\/\/www.horizonemployeur.fr\/wordpress\/wp-content\/uploads\/2018\/04\/CP-SNCF-1er-avril-2018-B.png\" alt=\"\" width=\"1590\" height=\"893\" srcset=\"https:\/\/www.horizonemployeur.fr\/wp2019\/wp-content\/uploads\/2018\/04\/CP-SNCF-1er-avril-2018-B.png 1590w, https:\/\/www.horizonemployeur.fr\/wp2019\/wp-content\/uploads\/2018\/04\/CP-SNCF-1er-avril-2018-B-300x168.png 300w, https:\/\/www.horizonemployeur.fr\/wp2019\/wp-content\/uploads\/2018\/04\/CP-SNCF-1er-avril-2018-B-768x431.png 768w, https:\/\/www.horizonemployeur.fr\/wp2019\/wp-content\/uploads\/2018\/04\/CP-SNCF-1er-avril-2018-B-1024x575.png 1024w, https:\/\/www.horizonemployeur.fr\/wp2019\/wp-content\/uploads\/2018\/04\/CP-SNCF-1er-avril-2018-B-1080x607.png 1080w, https:\/\/www.horizonemployeur.fr\/wp2019\/wp-content\/uploads\/2018\/04\/CP-SNCF-1er-avril-2018-B-1568x881.png 1568w\" sizes=\"(max-width: 1590px) 100vw, 1590px\" \/> <img loading=\"lazy\" decoding=\"async\" class=\"alignnone size-full wp-image-4203\" src=\"http:\/\/www.horizonemployeur.fr\/wordpress\/wp-content\/uploads\/2018\/04\/CP-SNCF-1er-avril-2018-C.png\" alt=\"\" width=\"1590\" height=\"893\" srcset=\"https:\/\/www.horizonemployeur.fr\/wp2019\/wp-content\/uploads\/2018\/04\/CP-SNCF-1er-avril-2018-C.png 1590w, https:\/\/www.horizonemployeur.fr\/wp2019\/wp-content\/uploads\/2018\/04\/CP-SNCF-1er-avril-2018-C-300x168.png 300w, https:\/\/www.horizonemployeur.fr\/wp2019\/wp-content\/uploads\/2018\/04\/CP-SNCF-1er-avril-2018-C-768x431.png 768w, https:\/\/www.horizonemployeur.fr\/wp2019\/wp-content\/uploads\/2018\/04\/CP-SNCF-1er-avril-2018-C-1024x575.png 1024w, https:\/\/www.horizonemployeur.fr\/wp2019\/wp-content\/uploads\/2018\/04\/CP-SNCF-1er-avril-2018-C-1080x607.png 1080w, https:\/\/www.horizonemployeur.fr\/wp2019\/wp-content\/uploads\/2018\/04\/CP-SNCF-1er-avril-2018-C-1568x881.png 1568w\" sizes=\"(max-width: 1590px) 100vw, 1590px\" \/> <img loading=\"lazy\" decoding=\"async\" class=\"alignnone size-full wp-image-4202\" src=\"http:\/\/www.horizonemployeur.fr\/wordpress\/wp-content\/uploads\/2018\/04\/CP-SNCF-1er-avril-2018-D.png\" alt=\"\" width=\"1590\" height=\"893\" srcset=\"https:\/\/www.horizonemployeur.fr\/wp2019\/wp-content\/uploads\/2018\/04\/CP-SNCF-1er-avril-2018-D.png 1590w, https:\/\/www.horizonemployeur.fr\/wp2019\/wp-content\/uploads\/2018\/04\/CP-SNCF-1er-avril-2018-D-300x168.png 300w, https:\/\/www.horizonemployeur.fr\/wp2019\/wp-content\/uploads\/2018\/04\/CP-SNCF-1er-avril-2018-D-768x431.png 768w, https:\/\/www.horizonemployeur.fr\/wp2019\/wp-content\/uploads\/2018\/04\/CP-SNCF-1er-avril-2018-D-1024x575.png 1024w, https:\/\/www.horizonemployeur.fr\/wp2019\/wp-content\/uploads\/2018\/04\/CP-SNCF-1er-avril-2018-D-1080x607.png 1080w, https:\/\/www.horizonemployeur.fr\/wp2019\/wp-content\/uploads\/2018\/04\/CP-SNCF-1er-avril-2018-D-1568x881.png 1568w\" sizes=\"(max-width: 1590px) 100vw, 1590px\" \/> <img loading=\"lazy\" decoding=\"async\" class=\"alignnone size-full wp-image-4201\" src=\"http:\/\/www.horizonemployeur.fr\/wordpress\/wp-content\/uploads\/2018\/04\/CP-SNCF-1er-avril-2018-E.png\" alt=\"\" width=\"1590\" height=\"893\" srcset=\"https:\/\/www.horizonemployeur.fr\/wp2019\/wp-content\/uploads\/2018\/04\/CP-SNCF-1er-avril-2018-E.png 1590w, https:\/\/www.horizonemployeur.fr\/wp2019\/wp-content\/uploads\/2018\/04\/CP-SNCF-1er-avril-2018-E-300x168.png 300w, https:\/\/www.horizonemployeur.fr\/wp2019\/wp-content\/uploads\/2018\/04\/CP-SNCF-1er-avril-2018-E-768x431.png 768w, https:\/\/www.horizonemployeur.fr\/wp2019\/wp-content\/uploads\/2018\/04\/CP-SNCF-1er-avril-2018-E-1024x575.png 1024w, https:\/\/www.horizonemployeur.fr\/wp2019\/wp-content\/uploads\/2018\/04\/CP-SNCF-1er-avril-2018-E-1080x607.png 1080w, https:\/\/www.horizonemployeur.fr\/wp2019\/wp-content\/uploads\/2018\/04\/CP-SNCF-1er-avril-2018-E-1568x881.png 1568w\" sizes=\"(max-width: 1590px) 100vw, 1590px\" \/> <img loading=\"lazy\" decoding=\"async\" class=\"alignnone size-full wp-image-4200\" src=\"http:\/\/www.horizonemployeur.fr\/wordpress\/wp-content\/uploads\/2018\/04\/CP-SNCF-1er-avril-2018-F.png\" alt=\"\" width=\"1590\" height=\"893\" srcset=\"https:\/\/www.horizonemployeur.fr\/wp2019\/wp-content\/uploads\/2018\/04\/CP-SNCF-1er-avril-2018-F.png 1590w, https:\/\/www.horizonemployeur.fr\/wp2019\/wp-content\/uploads\/2018\/04\/CP-SNCF-1er-avril-2018-F-300x168.png 300w, https:\/\/www.horizonemployeur.fr\/wp2019\/wp-content\/uploads\/2018\/04\/CP-SNCF-1er-avril-2018-F-768x431.png 768w, https:\/\/www.horizonemployeur.fr\/wp2019\/wp-content\/uploads\/2018\/04\/CP-SNCF-1er-avril-2018-F-1024x575.png 1024w, https:\/\/www.horizonemployeur.fr\/wp2019\/wp-content\/uploads\/2018\/04\/CP-SNCF-1er-avril-2018-F-1080x607.png 1080w, https:\/\/www.horizonemployeur.fr\/wp2019\/wp-content\/uploads\/2018\/04\/CP-SNCF-1er-avril-2018-F-1568x881.png 1568w\" sizes=\"(max-width: 1590px) 100vw, 1590px\" \/> <img loading=\"lazy\" decoding=\"async\" class=\"alignnone size-full wp-image-4199\" src=\"http:\/\/www.horizonemployeur.fr\/wordpress\/wp-content\/uploads\/2018\/04\/CP-SNCF-1er-avril-2018-G.png\" alt=\"\" width=\"1590\" height=\"893\" srcset=\"https:\/\/www.horizonemployeur.fr\/wp2019\/wp-content\/uploads\/2018\/04\/CP-SNCF-1er-avril-2018-G.png 1590w, https:\/\/www.horizonemployeur.fr\/wp2019\/wp-content\/uploads\/2018\/04\/CP-SNCF-1er-avril-2018-G-300x168.png 300w, https:\/\/www.horizonemployeur.fr\/wp2019\/wp-content\/uploads\/2018\/04\/CP-SNCF-1er-avril-2018-G-768x431.png 768w, https:\/\/www.horizonemployeur.fr\/wp2019\/wp-content\/uploads\/2018\/04\/CP-SNCF-1er-avril-2018-G-1024x575.png 1024w, https:\/\/www.horizonemployeur.fr\/wp2019\/wp-content\/uploads\/2018\/04\/CP-SNCF-1er-avril-2018-G-1080x607.png 1080w, https:\/\/www.horizonemployeur.fr\/wp2019\/wp-content\/uploads\/2018\/04\/CP-SNCF-1er-avril-2018-G-1568x881.png 1568w\" sizes=\"(max-width: 1590px) 100vw, 1590px\" \/> <img loading=\"lazy\" decoding=\"async\" class=\"alignnone size-full wp-image-4198\" src=\"http:\/\/www.horizonemployeur.fr\/wordpress\/wp-content\/uploads\/2018\/04\/CP-SNCF-1er-avril-2018-H.png\" alt=\"\" width=\"1590\" height=\"893\" srcset=\"https:\/\/www.horizonemployeur.fr\/wp2019\/wp-content\/uploads\/2018\/04\/CP-SNCF-1er-avril-2018-H.png 1590w, https:\/\/www.horizonemployeur.fr\/wp2019\/wp-content\/uploads\/2018\/04\/CP-SNCF-1er-avril-2018-H-300x168.png 300w, https:\/\/www.horizonemployeur.fr\/wp2019\/wp-content\/uploads\/2018\/04\/CP-SNCF-1er-avril-2018-H-768x431.png 768w, https:\/\/www.horizonemployeur.fr\/wp2019\/wp-content\/uploads\/2018\/04\/CP-SNCF-1er-avril-2018-H-1024x575.png 1024w, https:\/\/www.horizonemployeur.fr\/wp2019\/wp-content\/uploads\/2018\/04\/CP-SNCF-1er-avril-2018-H-1080x607.png 1080w, https:\/\/www.horizonemployeur.fr\/wp2019\/wp-content\/uploads\/2018\/04\/CP-SNCF-1er-avril-2018-H-1568x881.png 1568w\" sizes=\"(max-width: 1590px) 100vw, 1590px\" \/> <img loading=\"lazy\" decoding=\"async\" class=\"alignnone size-full wp-image-4197\" src=\"http:\/\/www.horizonemployeur.fr\/wordpress\/wp-content\/uploads\/2018\/04\/CP-SNCF-1er-avril-2018-I.png\" alt=\"\" width=\"1590\" height=\"893\" srcset=\"https:\/\/www.horizonemployeur.fr\/wp2019\/wp-content\/uploads\/2018\/04\/CP-SNCF-1er-avril-2018-I.png 1590w, https:\/\/www.horizonemployeur.fr\/wp2019\/wp-content\/uploads\/2018\/04\/CP-SNCF-1er-avril-2018-I-300x168.png 300w, https:\/\/www.horizonemployeur.fr\/wp2019\/wp-content\/uploads\/2018\/04\/CP-SNCF-1er-avril-2018-I-768x431.png 768w, https:\/\/www.horizonemployeur.fr\/wp2019\/wp-content\/uploads\/2018\/04\/CP-SNCF-1er-avril-2018-I-1024x575.png 1024w, https:\/\/www.horizonemployeur.fr\/wp2019\/wp-content\/uploads\/2018\/04\/CP-SNCF-1er-avril-2018-I-1080x607.png 1080w, https:\/\/www.horizonemployeur.fr\/wp2019\/wp-content\/uploads\/2018\/04\/CP-SNCF-1er-avril-2018-I-1568x881.png 1568w\" sizes=\"(max-width: 1590px) 100vw, 1590px\" \/> <img loading=\"lazy\" decoding=\"async\" class=\"alignnone size-full wp-image-4196\" src=\"http:\/\/www.horizonemployeur.fr\/wordpress\/wp-content\/uploads\/2018\/04\/CP-SNCF-1er-avril-2018-J.png\" alt=\"\" width=\"1590\" height=\"893\" srcset=\"https:\/\/www.horizonemployeur.fr\/wp2019\/wp-content\/uploads\/2018\/04\/CP-SNCF-1er-avril-2018-J.png 1590w, https:\/\/www.horizonemployeur.fr\/wp2019\/wp-content\/uploads\/2018\/04\/CP-SNCF-1er-avril-2018-J-300x168.png 300w, https:\/\/www.horizonemployeur.fr\/wp2019\/wp-content\/uploads\/2018\/04\/CP-SNCF-1er-avril-2018-J-768x431.png 768w, https:\/\/www.horizonemployeur.fr\/wp2019\/wp-content\/uploads\/2018\/04\/CP-SNCF-1er-avril-2018-J-1024x575.png 1024w, https:\/\/www.horizonemployeur.fr\/wp2019\/wp-content\/uploads\/2018\/04\/CP-SNCF-1er-avril-2018-J-1080x607.png 1080w, https:\/\/www.horizonemployeur.fr\/wp2019\/wp-content\/uploads\/2018\/04\/CP-SNCF-1er-avril-2018-J-1568x881.png 1568w\" sizes=\"(max-width: 1590px) 100vw, 1590px\" \/><\/p>\n<p>Les lignes SNCF \u00e0 trafic nul apparaissent en gris\u00e9 sur ce sch\u00e9ma:<\/p>\n<p><img loading=\"lazy\" decoding=\"async\" class=\"alignnone size-full wp-image-4209\" src=\"http:\/\/www.horizonemployeur.fr\/wordpress\/wp-content\/uploads\/2018\/04\/Lignes-SNCF-\u00e0-trafic-nul-3-avril-2018-J.png\" alt=\"\" width=\"2171\" height=\"1885\" srcset=\"https:\/\/www.horizonemployeur.fr\/wp2019\/wp-content\/uploads\/2018\/04\/Lignes-SNCF-\u00e0-trafic-nul-3-avril-2018-J.png 2171w, https:\/\/www.horizonemployeur.fr\/wp2019\/wp-content\/uploads\/2018\/04\/Lignes-SNCF-\u00e0-trafic-nul-3-avril-2018-J-300x260.png 300w, https:\/\/www.horizonemployeur.fr\/wp2019\/wp-content\/uploads\/2018\/04\/Lignes-SNCF-\u00e0-trafic-nul-3-avril-2018-J-768x667.png 768w, https:\/\/www.horizonemployeur.fr\/wp2019\/wp-content\/uploads\/2018\/04\/Lignes-SNCF-\u00e0-trafic-nul-3-avril-2018-J-1024x889.png 1024w, https:\/\/www.horizonemployeur.fr\/wp2019\/wp-content\/uploads\/2018\/04\/Lignes-SNCF-\u00e0-trafic-nul-3-avril-2018-J-1080x938.png 1080w, https:\/\/www.horizonemployeur.fr\/wp2019\/wp-content\/uploads\/2018\/04\/Lignes-SNCF-\u00e0-trafic-nul-3-avril-2018-J-1568x1361.png 1568w\" sizes=\"(max-width: 2171px) 100vw, 2171px\" \/><\/p>\n","protected":false},"excerpt":{"rendered":"<p>Mardi 3 avril 2018, premier jour de la s\u00e9rie de 36 jours de gr\u00e8ves SNCF annonc\u00e9s sur le 2e trimestre. Voici les pr\u00e9visions de trafic publi\u00e9es par la SNCF. N&#8217;oubliez pas d&#8217;examiner les alternatives d\u00e9crites sur la page&nbsp;http:\/\/mobilite.horizonemployeur.fr\/2018\/03\/30\/greves-avril-2018\/<\/p>\n","protected":false},"author":1,"featured_media":4211,"comment_status":"open","ping_status":"open","sticky":false,"template":"page-templates\/no-sidebar.php","format":"standard","meta":{"_acf_changed":false,"inline_featured_image":false,"footnotes":""},"categories":[12],"tags":[23],"dipi_cpt_category":[],"class_list":["post-4189","post","type-post","status-publish","format-standard","has-post-thumbnail","hentry","category-transports-en-commun","tag-greve"],"acf":[],"dsm_author":{"name":"Association Horizon Employeur","avatar_url":"https:\/\/www.horizonemployeur.fr\/wp2019\/wp-content\/plugins\/ultimate-member\/assets\/img\/default_avatar.jpg","archive_link":"https:\/\/www.horizonemployeur.fr\/wp2019\/author\/horizonemployeur\/","biodata":""},"dsm_categories":[{"term_name":"Transports en Commun","term_id":12,"term_link":"https:\/\/www.horizonemployeur.fr\/wp2019\/category\/transports-en-commun\/"}],"dsm_attachment_categories":[],"dsm_featured_image":{"thumbnail":"https:\/\/www.horizonemployeur.fr\/wp2019\/wp-content\/uploads\/2018\/04\/Lignes-SNCF-\u00e0-trafic-nul-3-avril-2018-extrait-150x150.png","medium":"https:\/\/www.horizonemployeur.fr\/wp2019\/wp-content\/uploads\/2018\/04\/Lignes-SNCF-\u00e0-trafic-nul-3-avril-2018-extrait-300x191.png","medium_large":"https:\/\/www.horizonemployeur.fr\/wp2019\/wp-content\/uploads\/2018\/04\/Lignes-SNCF-\u00e0-trafic-nul-3-avril-2018-extrait.png","large":"https:\/\/www.horizonemployeur.fr\/wp2019\/wp-content\/uploads\/2018\/04\/Lignes-SNCF-\u00e0-trafic-nul-3-avril-2018-extrait.png","1536x1536":"https:\/\/www.horizonemployeur.fr\/wp2019\/wp-content\/uploads\/2018\/04\/Lignes-SNCF-\u00e0-trafic-nul-3-avril-2018-extrait.png","2048x2048":"https:\/\/www.horizonemployeur.fr\/wp2019\/wp-content\/uploads\/2018\/04\/Lignes-SNCF-\u00e0-trafic-nul-3-avril-2018-extrait.png","et-pb-post-main-image":"https:\/\/www.horizonemployeur.fr\/wp2019\/wp-content\/uploads\/2018\/04\/Lignes-SNCF-\u00e0-trafic-nul-3-avril-2018-extrait-400x250.png","et-pb-post-main-image-fullwidth":"https:\/\/www.horizonemployeur.fr\/wp2019\/wp-content\/uploads\/2018\/04\/Lignes-SNCF-\u00e0-trafic-nul-3-avril-2018-extrait.png","et-pb-portfolio-image":"https:\/\/www.horizonemployeur.fr\/wp2019\/wp-content\/uploads\/2018\/04\/Lignes-SNCF-\u00e0-trafic-nul-3-avril-2018-extrait-400x284.png","et-pb-portfolio-module-image":"https:\/\/www.horizonemployeur.fr\/wp2019\/wp-content\/uploads\/2018\/04\/Lignes-SNCF-\u00e0-trafic-nul-3-avril-2018-extrait-510x382.png","et-pb-portfolio-image-single":"https:\/\/www.horizonemployeur.fr\/wp2019\/wp-content\/uploads\/2018\/04\/Lignes-SNCF-\u00e0-trafic-nul-3-avril-2018-extrait.png","et-pb-gallery-module-image-portrait":"https:\/\/www.horizonemployeur.fr\/wp2019\/wp-content\/uploads\/2018\/04\/Lignes-SNCF-\u00e0-trafic-nul-3-avril-2018-extrait-400x484.png","et-pb-post-main-image-fullwidth-large":"https:\/\/www.horizonemployeur.fr\/wp2019\/wp-content\/uploads\/2018\/04\/Lignes-SNCF-\u00e0-trafic-nul-3-avril-2018-extrait.png","et-pb-image--responsive--desktop":"https:\/\/www.horizonemployeur.fr\/wp2019\/wp-content\/uploads\/2018\/04\/Lignes-SNCF-\u00e0-trafic-nul-3-avril-2018-extrait.png","et-pb-image--responsive--tablet":"https:\/\/www.horizonemployeur.fr\/wp2019\/wp-content\/uploads\/2018\/04\/Lignes-SNCF-\u00e0-trafic-nul-3-avril-2018-extrait.png","et-pb-image--responsive--phone":"https:\/\/www.horizonemployeur.fr\/wp2019\/wp-content\/uploads\/2018\/04\/Lignes-SNCF-\u00e0-trafic-nul-3-avril-2018-extrait.png","full":"https:\/\/www.horizonemployeur.fr\/wp2019\/wp-content\/uploads\/2018\/04\/Lignes-SNCF-\u00e0-trafic-nul-3-avril-2018-extrait.png"},"_links":{"self":[{"href":"https:\/\/www.horizonemployeur.fr\/wp2019\/wp-json\/wp\/v2\/posts\/4189","targetHints":{"allow":["GET"]}}],"collection":[{"href":"https:\/\/www.horizonemployeur.fr\/wp2019\/wp-json\/wp\/v2\/posts"}],"about":[{"href":"https:\/\/www.horizonemployeur.fr\/wp2019\/wp-json\/wp\/v2\/types\/post"}],"author":[{"embeddable":true,"href":"https:\/\/www.horizonemployeur.fr\/wp2019\/wp-json\/wp\/v2\/users\/1"}],"replies":[{"embeddable":true,"href":"https:\/\/www.horizonemployeur.fr\/wp2019\/wp-json\/wp\/v2\/comments?post=4189"}],"version-history":[{"count":0,"href":"https:\/\/www.horizonemployeur.fr\/wp2019\/wp-json\/wp\/v2\/posts\/4189\/revisions"}],"wp:featuredmedia":[{"embeddable":true,"href":"https:\/\/www.horizonemployeur.fr\/wp2019\/wp-json\/wp\/v2\/media\/4211"}],"wp:attachment":[{"href":"https:\/\/www.horizonemployeur.fr\/wp2019\/wp-json\/wp\/v2\/media?parent=4189"}],"wp:term":[{"taxonomy":"category","embeddable":true,"href":"https:\/\/www.horizonemployeur.fr\/wp2019\/wp-json\/wp\/v2\/categories?post=4189"},{"taxonomy":"post_tag","embeddable":true,"href":"https:\/\/www.horizonemployeur.fr\/wp2019\/wp-json\/wp\/v2\/tags?post=4189"},{"taxonomy":"dipi_cpt_category","embeddable":true,"href":"https:\/\/www.horizonemployeur.fr\/wp2019\/wp-json\/wp\/v2\/dipi_cpt_category?post=4189"}],"curies":[{"name":"wp","href":"https:\/\/api.w.org\/{rel}","templated":true}]}}