{"id":4183,"date":"2018-03-30T14:58:48","date_gmt":"2018-03-30T12:58:48","guid":{"rendered":"http:\/\/www.horizonemployeur.fr\/wordpress\/?p=4183"},"modified":"2018-03-30T14:58:48","modified_gmt":"2018-03-30T12:58:48","slug":"greves-avril-2018","status":"publish","type":"post","link":"https:\/\/www.horizonemployeur.fr\/wp2019\/2018\/03\/30\/greves-avril-2018\/","title":{"rendered":"Vendredi 30 mars 2018: gr\u00e8ves, ce qui nous attend \u00e0 partir de la semaine prochaine"},"content":{"rendered":"<p>&nbsp;(cet article sera mis \u00e0 jour en fonction de l&#8217;actualit\u00e9)<\/p>\n<p><img loading=\"lazy\" decoding=\"async\" class=\"alignnone size-full wp-image-4114\" src=\"http:\/\/www.horizonemployeur.fr\/wordpress\/wp-content\/uploads\/2018\/03\/Calendrier-voyageurs-2e-trimestre-2018-\u00e0-la-date-du-16-mars-2018.png\" alt=\"\" width=\"933\" height=\"294\" srcset=\"https:\/\/www.horizonemployeur.fr\/wp2019\/wp-content\/uploads\/2018\/03\/Calendrier-voyageurs-2e-trimestre-2018-\u00e0-la-date-du-16-mars-2018.png 933w, https:\/\/www.horizonemployeur.fr\/wp2019\/wp-content\/uploads\/2018\/03\/Calendrier-voyageurs-2e-trimestre-2018-\u00e0-la-date-du-16-mars-2018-300x95.png 300w, https:\/\/www.horizonemployeur.fr\/wp2019\/wp-content\/uploads\/2018\/03\/Calendrier-voyageurs-2e-trimestre-2018-\u00e0-la-date-du-16-mars-2018-768x242.png 768w\" sizes=\"(max-width: 933px) 100vw, 933px\" \/><\/p>\n<p>Il est difficile aujourd&#8217;hui d&#8217;ignorer que les semaines \u00e0 venir vont \u00eatre marqu\u00e9es par un certain nombre de jours de perturbations sur les r\u00e9seaux SNCF. Le principe du calendrier &#8220;2 jours sur 5&#8221; qui a \u00e9t\u00e9 retenu par certaines organisations syndicales est maintenant connu de la plupart des usagers.<!--more--> Il faut cependant garder \u00e0 l&#8217;esprit certaines informations compl\u00e9mentaires:<\/p>\n<ul>\n<li>les pr\u00e9avis d\u00e9pos\u00e9s vont de la veille du premier jour \u00e0 19 heures au lendemain du second jour \u00e0 8 heures<\/li>\n<li>2 journ\u00e9es de trafic perturb\u00e9 engendrent habituellement des difficult\u00e9s de remise en route par la suite: les trains ne sont en effet pas n\u00e9cessairement l\u00e0 o\u00f9 ils devraient se trouver, ils ne sont pas n\u00e9cessairement de la bonne longueur (train court au lieu de train long) et les conducteurs ne sont pas non plus n\u00e9cessairement l\u00e0 o\u00f9 ils devraient se trouver (ayant termin\u00e9 leur service \u00e0 une extr\u00e9mit\u00e9 de la ligne alors qu&#8217;ils auraient d\u00fb le terminer \u00e0 l&#8217;autre extr\u00e9mit\u00e9 la veille)<\/li>\n<li>enfin, une organisation syndicale a appel\u00e9 \u00e0 un mouvement continu, \u00e9chappant \u00e0 la r\u00e8gle des &#8220;2 jours sur 5&#8221;<\/li>\n<\/ul>\n<p>Pour toutes ces raisons, si on peut s&#8217;attendre \u00e0 des perturbations les 2 jours concern\u00e9s, les 3 autres jours pourraient \u00e9galement \u00eatre marqu\u00e9s par des modifications de desserte.<\/p>\n<p>&nbsp;<\/p>\n<h1>Quand serons-nous inform\u00e9s de ce qui roule (ou pas) ?<\/h1>\n<p>La SNCF s&#8217;est engag\u00e9e \u00e0 informer les voyageurs:<\/p>\n<ul>\n<li>dimanche 1er avril en milieu de journ\u00e9e pour les modifications du lundi 2 avril au soir (retours de week-end)<\/li>\n<li>dimanche 1er avril \u00e0 17 heures pour les modifications du mardi 3 avril (avec diffusion de la liste des trains qui circulent)<\/li>\n<li>la veille \u00e0 17 heures pour les circulations du lendemain<\/li>\n<\/ul>\n<p>et ce par les canaux habituels, application SNCF, site transilien.com, TER, &#8230;<\/p>\n<p>&nbsp;<\/p>\n<h1>Quelles sont les mesures mises en place ?<\/h1>\n<p>Outre les mesures \u00e9ventuellement mises en oeuvre dans votre entreprise, les mesures applicables \u00e0 tous sont les suivantes.<\/p>\n<p><img loading=\"lazy\" decoding=\"async\" class=\"alignnone size-full wp-image-4184\" src=\"http:\/\/www.horizonemployeur.fr\/wordpress\/wp-content\/uploads\/2018\/03\/13895_Infographie_mesures_exception_greves-1-1024x512.png\" alt=\"\" width=\"1024\" height=\"512\" srcset=\"https:\/\/www.horizonemployeur.fr\/wp2019\/wp-content\/uploads\/2018\/03\/13895_Infographie_mesures_exception_greves-1-1024x512.png 1024w, https:\/\/www.horizonemployeur.fr\/wp2019\/wp-content\/uploads\/2018\/03\/13895_Infographie_mesures_exception_greves-1-1024x512-300x150.png 300w, https:\/\/www.horizonemployeur.fr\/wp2019\/wp-content\/uploads\/2018\/03\/13895_Infographie_mesures_exception_greves-1-1024x512-768x384.png 768w\" sizes=\"(max-width: 1024px) 100vw, 1024px\" \/><br \/>\nSource:&nbsp;<a href=\"https:\/\/www.iledefrance-mobilites.fr\/actualites\/mesures-exceptionnelles-mises-en-place-pendant-les-greves-pour-faciliter-les-deplacements-des-franciliens\/\" target=\"_blank\" rel=\"noopener\">https:\/\/www.iledefrance-mobilites.fr\/actualites\/mesures-exceptionnelles-mises-en-place-pendant-les-greves-pour-faciliter-les-deplacements-des-franciliens\/<\/a><\/p>\n<p>&nbsp;<\/p>\n<h2>Covoiturage<\/h2>\n<p>Les mesures mises en place par la r\u00e9gion et Ile-de-France Mobilit\u00e9s pour la journ\u00e9e du 22 mars sont reconduites, en particulier la gratuit\u00e9 des trajets de covoiturage r\u00e9serv\u00e9s depuis la plateforme vianavigo.com. Le d\u00e9tail se trouve ici:&nbsp;<a href=\"http:\/\/mobilite.horizonemployeur.fr\/2018\/03\/20\/covoiturage-printemps-2018\/\">http:\/\/mobilite.horizonemployeur.fr\/2018\/03\/20\/covoiturage-printemps-2018\/<\/a><\/p>\n<p>Attention, seules <strong>8 plates-formes<\/strong> sont d\u00e9sormais partenaires:&nbsp;<a href=\"https:\/\/www.blablalines.com\/\" target=\"_blank\" rel=\"noopener\">BlaBlaLines<\/a>,&nbsp;<a href=\"http:\/\/clem.mobi\/autopartage\" target=\"_blank\" rel=\"noopener\">Clem\u2019<\/a><a href=\"https:\/\/www.karos.fr\/\" target=\"_blank\" rel=\"noopener\">,<\/a><a href=\"https:\/\/covoitici.fr\/\" target=\"_blank\" rel=\"noopener\">&nbsp;Covoit\u2019ici<\/a>,&nbsp;<a href=\"https:\/\/www.idvroom.com\/\" target=\"_blank\" rel=\"noopener\">IDVROOM<\/a>,&nbsp;<a href=\"https:\/\/www.karos.fr\/\" target=\"_blank\" rel=\"noopener\">Karos<\/a>,&nbsp;<a href=\"https:\/\/www.klaxit.com\/\" target=\"_blank\" rel=\"noopener\">Klaxit<\/a>,&nbsp;<a href=\"https:\/\/www.ouihop.com\/\" target=\"_blank\" rel=\"noopener\">Ouihop<\/a>,&nbsp;<a href=\"https:\/\/www.roulezmalin.com\/\" target=\"_blank\" rel=\"noopener\">Roulez Malin<\/a>&nbsp;. Citygoo n&#8217;appara\u00eet plus comme partenaire.<\/p>\n<p>&nbsp;<\/p>\n<p>La SNCF, la ville de Paris, Waze et Facebook mettent par ailleurs en place un dispositif tr\u00e8s simple:&nbsp;<a href=\"http:\/\/autostop-citoyen.fr\/\" target=\"_blank\" rel=\"noopener\">http:\/\/autostop-citoyen.fr\/<\/a>&nbsp;<br \/>\nCommuniqu\u00e9 de presse:&nbsp;<a href=\"http:\/\/www.sncf.com\/sncv1\/ressources\/communique_de_presse_lancement_autostop-citoyen.fr_mars_2018.pdf\" target=\"_blank\" rel=\"noopener\">http:\/\/www.sncf.com\/sncv1\/ressources\/communique_de_presse_lancement_autostop-citoyen.fr_mars_2018.pdf<\/a><\/p>\n<p>&nbsp;<\/p>\n<h2>Renforcement de certaines lignes r\u00e9guli\u00e8res<\/h2>\n<p>Ile-de-France Mobilit\u00e9s a d\u00e9cid\u00e9 du renforcement de certaines lignes r\u00e9guli\u00e8res de transport. A la date d&#8217;aujourd&#8217;hui 30 mars, ces mesures ne sont mises en oeuvre que les mardi 3 et mercredi 4 avril.<\/p>\n<p>Source:&nbsp;https:\/\/www.iledefrance-mobilites.fr\/actualites\/mesures-exceptionnelles-mises-en-place-pendant-les-greves-pour-faciliter-les-deplacements-des-franciliens\/<\/p>\n<h3>Noctilien<\/h3>\n<p>Les lignes N21, N22, N23, N41, N43, N44, N51, N52 et N151 sont mises en service d\u00e8s 22 heures.<\/p>\n<h3>Tramways<\/h3>\n<p>Les lignes T2 et T5 sont renforc\u00e9es aux heures de pointe<\/p>\n<h3>Bus<\/h3>\n<p>Plusieurs dizaines de lignes sont \u00e9galement renforc\u00e9es.<\/p>\n<p>C\u00f4t\u00e9 <strong>Keolis V\u00e9lizy<\/strong>, 3 lignes sont renforc\u00e9es<\/p>\n<ul>\n<li><a href=\"https:\/\/www.phebus.tm.fr\/fileadmin\/Sites\/Phebus\/SE_DEPLACER\/Affiches_deviations\/Greve_SNCF_3_et_4_avril_2018_-_Info_Voyageur_40.pdf\">ligne 40&nbsp;<\/a>&nbsp;(en d\u00e9but de pointe du soir principalement)<\/li>\n<li><a href=\"https:\/\/www.phebus.tm.fr\/fileadmin\/Sites\/Phebus\/SE_DEPLACER\/Affiches_deviations\/Greve_SNCF_3_et_4_avril_2018_-_Info_Voyageur_42.pdf\">ligne 42<\/a>&nbsp;(en d\u00e9but de pointe du soir principalement)<\/li>\n<li><a href=\"https:\/\/www.phebus.tm.fr\/fileadmin\/Sites\/Phebus\/SE_DEPLACER\/Affiches_deviations\/Greve_SNCF_3_et_4_avril_2018_-_Info_Voyageur_Express_60.pdf\">ligne 60 express<\/a>&nbsp;(durant les pointes du matin et du soir)<\/li>\n<\/ul>\n<p>C\u00f4t\u00e9 <strong>MobiCAPS<\/strong>, les Cars d&#8217;Orsay renforcent la ligne 15<\/p>\n<div class=\"status-line\">\n<div class=\"line-item\">\n<div class=\"line-description\">\n<div class=\"start\"><span style=\"color: #0000ff;\"><em><span class=\"city\">Massy<\/span>&nbsp;<span class=\"station\">&#8211; Gare de Massy Palaiseau C &#8211;&nbsp;<\/span><span class=\"city\">V\u00e9lizy-Villacoublay<\/span>&nbsp;<span class=\"station\">&#8211; V\u00e9lizy 2<\/span><\/em><\/span><\/div>\n<\/div>\n<\/div>\n<\/div>\n<div class=\"status-line-content\">\n<div class=\"info-trafic-block\">\n<div class=\"status-title\"><span style=\"color: #0000ff;\"><em><span class=\"status-header\">RENFORT D&#8217;OFFRE &#8211;&nbsp;<\/span><span class=\"fckcontainer\">MASSY-V\u00c9LIZY &#8211; L 15<\/span><\/em><\/span><\/div>\n<div id=\"line-alert-2\" class=\"collapse in\" aria-expanded=\"true\">\n<div class=\"status-content\">\n<div class=\"fckcontainer\">\n<div><span style=\"color: #0000ff;\"><em>Pour vous aider \u00e0 vous d\u00e9placer, \u00cele-de-France Mobilit\u00e9s met en place des mesures exceptionnelles :<\/em><\/span><\/div>\n<div><span style=\"color: #0000ff;\"><em>&nbsp;<\/em><\/span><\/div>\n<div><span style=\"color: #0000ff;\"><em><span class=\"underline\">mardi 3 et mercredi 4 avril 2018<\/span><\/em><\/span><\/div>\n<div><span style=\"color: #0000ff;\"><em>&nbsp;<\/em><\/span><\/div>\n<div><span style=\"color: #0000ff;\"><em>ATTENTION ! Ces services suppl\u00e9mentaires seront en nombre limit\u00e9s et sont des solutions de secours pendant les gr\u00e8ves SNCF, sans garantie de places suffisantes.<\/em><\/span><\/div>\n<ul>\n<li><span style=\"color: #0000ff;\"><em><span class=\"underline\">9 d\u00e9parts bus suppl\u00e9mentaires<\/span>&nbsp;\u00e0 09h50, 10h35, 11h20, 12h05, 12h50, 13h35, 14h20, 15h05, 15h50&nbsp;<\/em><\/span><em style=\"color: #0000ff;\">entre Massy-Palaiseau RER et V\u00e9lizy 2<\/em><em style=\"color: #0000ff;\">&nbsp;<\/em><\/li>\n<\/ul>\n<ul>\n<li><span style=\"color: #0000ff;\"><em><span class=\"underline\">10 retours bus suppl\u00e9mentaires<\/span>&nbsp;\u00e0 09h12, 09h50, 10h35, 11h20, 12h05, 12h50, 13h35, 14h20, 15h05, 15h25 e<\/em><\/span><em style=\"color: #0000ff;\">ntre V\u00e9lizy 2 et Massy-Palaiseau RER<\/em><\/li>\n<\/ul>\n<\/div>\n<\/div>\n<\/div>\n<\/div>\n<\/div>\n","protected":false},"excerpt":{"rendered":"<p>&nbsp;(cet article sera mis \u00e0 jour en fonction de l&#8217;actualit\u00e9) Il est difficile aujourd&#8217;hui d&#8217;ignorer que les semaines \u00e0 venir vont \u00eatre marqu\u00e9es par un certain nombre de jours de perturbations sur les r\u00e9seaux SNCF. Le principe du calendrier &#8220;2 jours sur 5&#8221; qui a \u00e9t\u00e9 retenu par certaines organisations syndicales est maintenant connu de [&hellip;]<\/p>\n","protected":false},"author":1,"featured_media":0,"comment_status":"open","ping_status":"open","sticky":false,"template":"","format":"standard","meta":{"_acf_changed":false,"inline_featured_image":false,"footnotes":""},"categories":[4,12],"tags":[23],"dipi_cpt_category":[],"class_list":["post-4183","post","type-post","status-publish","format-standard","hentry","category-covoiturage","category-transports-en-commun","tag-greve"],"acf":[],"dsm_author":{"name":"Association Horizon Employeur","avatar_url":"https:\/\/www.horizonemployeur.fr\/wp2019\/wp-content\/plugins\/ultimate-member\/assets\/img\/default_avatar.jpg","archive_link":"https:\/\/www.horizonemployeur.fr\/wp2019\/author\/horizonemployeur\/","biodata":""},"dsm_categories":[{"term_name":"Covoiturage","term_id":4,"term_link":"https:\/\/www.horizonemployeur.fr\/wp2019\/category\/covoiturage\/"},{"term_name":"Transports en Commun","term_id":12,"term_link":"https:\/\/www.horizonemployeur.fr\/wp2019\/category\/transports-en-commun\/"}],"dsm_attachment_categories":[],"dsm_featured_image":null,"_links":{"self":[{"href":"https:\/\/www.horizonemployeur.fr\/wp2019\/wp-json\/wp\/v2\/posts\/4183","targetHints":{"allow":["GET"]}}],"collection":[{"href":"https:\/\/www.horizonemployeur.fr\/wp2019\/wp-json\/wp\/v2\/posts"}],"about":[{"href":"https:\/\/www.horizonemployeur.fr\/wp2019\/wp-json\/wp\/v2\/types\/post"}],"author":[{"embeddable":true,"href":"https:\/\/www.horizonemployeur.fr\/wp2019\/wp-json\/wp\/v2\/users\/1"}],"replies":[{"embeddable":true,"href":"https:\/\/www.horizonemployeur.fr\/wp2019\/wp-json\/wp\/v2\/comments?post=4183"}],"version-history":[{"count":0,"href":"https:\/\/www.horizonemployeur.fr\/wp2019\/wp-json\/wp\/v2\/posts\/4183\/revisions"}],"wp:attachment":[{"href":"https:\/\/www.horizonemployeur.fr\/wp2019\/wp-json\/wp\/v2\/media?parent=4183"}],"wp:term":[{"taxonomy":"category","embeddable":true,"href":"https:\/\/www.horizonemployeur.fr\/wp2019\/wp-json\/wp\/v2\/categories?post=4183"},{"taxonomy":"post_tag","embeddable":true,"href":"https:\/\/www.horizonemployeur.fr\/wp2019\/wp-json\/wp\/v2\/tags?post=4183"},{"taxonomy":"dipi_cpt_category","embeddable":true,"href":"https:\/\/www.horizonemployeur.fr\/wp2019\/wp-json\/wp\/v2\/dipi_cpt_category?post=4183"}],"curies":[{"name":"wp","href":"https:\/\/api.w.org\/{rel}","templated":true}]}}