{"id":2986,"date":"2016-09-20T17:10:13","date_gmt":"2016-09-20T15:10:13","guid":{"rendered":"http:\/\/www.horizonemployeur.fr\/wordpress\/?p=2986"},"modified":"2016-09-20T17:10:13","modified_gmt":"2016-09-20T15:10:13","slug":"enquete-mobilite-2016","status":"publish","type":"post","link":"https:\/\/www.horizonemployeur.fr\/wp2019\/2016\/09\/20\/enquete-mobilite-2016\/","title":{"rendered":"Enqu\u00eate mobilit\u00e9 2016, c&#8217;est parti !"},"content":{"rendered":"<p><img loading=\"lazy\" decoding=\"async\" class=\"alignnone wp-image-2987\" src=\"http:\/\/www.horizonemployeur.fr\/wordpress\/wp-content\/uploads\/2016\/09\/Vignette_enquete_mobilite_2016.png\" alt=\"vignette_enquete_mobilite_2016\" width=\"172\" height=\"129\" srcset=\"https:\/\/www.horizonemployeur.fr\/wp2019\/wp-content\/uploads\/2016\/09\/Vignette_enquete_mobilite_2016.png 1000w, https:\/\/www.horizonemployeur.fr\/wp2019\/wp-content\/uploads\/2016\/09\/Vignette_enquete_mobilite_2016-300x225.png 300w, https:\/\/www.horizonemployeur.fr\/wp2019\/wp-content\/uploads\/2016\/09\/Vignette_enquete_mobilite_2016-768x576.png 768w, https:\/\/www.horizonemployeur.fr\/wp2019\/wp-content\/uploads\/2016\/09\/Vignette_enquete_mobilite_2016-510x382.png 510w\" sizes=\"(max-width: 172px) 100vw, 172px\" \/><\/p>\n<p>Vous \u00eates collaborateur d&#8217;une entreprise d&#8217;Inovel Parc, \u00e9tudiant sur le site universitaire de V\u00e9lizy ?<br \/>\nVotre avis nous int\u00e9resse !<\/p>\n<p>L&#8217;un des objectifs de l&#8217;association Horizon Employeur, c&#8217;est d&#8217;oeuvrer en faveur de l&#8217;am\u00e9lioration de la mobilit\u00e9, de fa\u00e7on \u00e0 vous offrir une palette de moyens de d\u00e9placement la plus large possible, en particulier pour effectuer vos d\u00e9placements domicile-travail. L&#8217;association ne travaille \u00e9videmment pas seule \u00e0 cette fin, mais en liaison avec de nombreux partenaires que sont (<span style=\"text-decoration: underline;\">liste non exhaustive<\/span>):<\/p>\n<ul>\n<li>les gestionnaires de voirie, en particulier les mairies de V\u00e9lizy-Villacoublay et de Meudon, la communaut\u00e9 d&#8217;agglom\u00e9ration Versailles Grand Parc et\u00a0le territoire Grand Paris Seine Ouest, que ce soit pour l&#8217;am\u00e9nagement des routes, des trottoirs ou des voies cyclables<\/li>\n<li>les transporteurs, en particulier la RATP (tramway et bus), Ph\u00e9bus, la SAVAC, &#8230;<\/li>\n<li>le STIF en tant qu&#8217;autorit\u00e9 organisatrice des transports<\/li>\n<li>la CCI Versailles-Yvelines en tant que partenaire pour l&#8217;animation du plan de d\u00e9placements inter-entreprises<\/li>\n<\/ul>\n<p>Durant ces derni\u00e8res ann\u00e9es, ont \u00e9t\u00e9 ainsi r\u00e9alis\u00e9s:<\/p>\n<ul>\n<li>le tramway T6, mis en service en 2 parties, fin 2014 et printemps 2016<\/li>\n<li>la voie verte parall\u00e8le \u00e0 ce tramway entre la patinoire de Meudon-la-For\u00eat et L&#8217;Onde, ouverte \u00e0 l&#8217;\u00e9t\u00e9 2013, puis d&#8217;autres am\u00e9nagements (par exemple rue G\u00e9n\u00e9ral Val\u00e9rie Andr\u00e9, jusqu&#8217;au double sens cyclable rue de Villacoublay r\u00e9alis\u00e9 ces derni\u00e8res semaines)<\/li>\n<li>la restructuration des lignes de transport en commun, d&#8217;abord pour permettre la r\u00e9alisation des travaux du tramway puis pour tenir compte de l&#8217;ouverture des 2 sections du tramway et ainsi permettre une compl\u00e9mentarit\u00e9 la meilleure possible, tout en am\u00e9liorant l&#8217;offre de service\u00a0sur plusieurs axes<\/li>\n<\/ul>\n<p>Afin de poursuivre cette action avec l&#8217;efficacit\u00e9 la plus grande, il est n\u00e9cessaire d&#8217;avoir des retours de votre part:<\/p>\n<ul>\n<li>sur ce qui a \u00e9t\u00e9 r\u00e9alis\u00e9: utilisez-vous d\u00e9sormais le tramway ? vous \u00eates-vous converti au v\u00e9lo pour venir au travail et en repartir ? vous arrive-t-il d&#8217;utiliser les services d&#8217;Autolib&#8217; disponibles \u00e0 la fois sur Meudon-la-For\u00eat et V\u00e9lizy, bient\u00f4t sur Bi\u00e8vres, Jouy-en-Josas, Versailles<\/li>\n<li>sur ce qui doit \u00eatre fait: qu&#8217;est-ce qui manque pour que vous laissiez la voiture au garage et preniez les transports en commun, utilisiez votre v\u00e9lo ou recouriez au covoiturage ?<\/li>\n<li>et plus globalement sur vos \u00e9ventuelles actions dans le domaine de la mobilit\u00e9: avez-vous d\u00e9m\u00e9nag\u00e9 pour vous rapprocher de votre travail ?<\/li>\n<\/ul>\n<p>C&#8217;est l&#8217;objet de l&#8217;enqu\u00eate qui est d&#8217;ores et d\u00e9j\u00e0 lanc\u00e9e et qui sera ouverte jusqu&#8217;\u00e0 la fin octobre 2016. Pour ceux qui \u00e9taient pr\u00e9sents sur Inovel Parc ces derni\u00e8res ann\u00e9es, il s&#8217;agit d&#8217;un questionnaire similaire \u00e0 celui qui vous avait \u00e9t\u00e9 soumis en 2010 et en 2013.<\/p>\n<h2>Quelques indications pratiques<\/h2>\n<p>Le questionnaire est anonyme. Il vous sera cependant demand\u00e9 quelques informations relatives \u00e0 votre site de rattachement, au code postal de votre commune de r\u00e9sidence, et \u00e0 quelques informations permettant un classement des r\u00e9ponses.<\/p>\n<ul>\n<li>les questions qui sont affich\u00e9es d\u00e9pendent pour partie des r\u00e9ponses que vous avez d\u00e9j\u00e0 donn\u00e9es. On ne vous demandera pas le nombre de correspondances que vous devez emprunter si vous faites votre trajet en voiture<\/li>\n<li>pour ce qui est du site ou \u00e9tablissement de rattachement, il ne s&#8217;agit pas n\u00e9cessairement de l&#8217;entreprise dont vous \u00eates salari\u00e9(e), mais du site sur lequel vous travaillez. Si, employ\u00e9 de l&#8217;entreprise A, vous travaillez en prestation de service sur le site de l&#8217;entreprise B, merci de s\u00e9lectionner la r\u00e9ponse &#8220;B&#8221; dans la toute premi\u00e8re question<\/li>\n<li>le moyen de d\u00e9placement vous permettant d&#8217;arriver sur votre lieu de travail (question &#8220;<span class=\"question-heading\">Quel est votre mode de d\u00e9placement habituel pour venir sur votre lieu d&#8217;activit\u00e9 ?&#8221;)\u00a0<\/span>est celui qui vous permet d&#8217;arriver sur Inovel Parc. Sauf si vous ne faites qu&#8217;un trajet \u00e0 pied depuis chez vous, il s&#8217;agit donc de votre dernier moyen de transport lorsque vous arrivez au travail<\/li>\n<li>une derni\u00e8re information, quand m\u00eame indispensable: le lien \u00e0 utiliser pour acc\u00e9der au questionnaire<a href=\"http:\/\/ccir.efm.me\/itw\/answer\/Ov4PFrglJWNLJnHQalDoAQ\"><strong><span style=\"color: #0000ff;\">http:\/\/ccir.efm.me\/itw\/answer\/Ov4PFrglJWNLJnHQalDoAQ<\/span><\/strong><\/a><\/li>\n<\/ul>\n<p>Pour toute information compl\u00e9mentaire, une adresse mail <a href=\"mailto:em2016@horizonemployeur.fr\">em2016@horizonemployeur.fr<\/a><\/p>\n<p>&nbsp;<\/p>\n<p style=\"text-align: center;\"><strong>Merci par avance de votre concours !<\/strong><\/p>\n","protected":false},"excerpt":{"rendered":"<p>Vous \u00eates collaborateur d&#8217;une entreprise d&#8217;Inovel Parc, \u00e9tudiant sur le site universitaire de V\u00e9lizy ? Votre avis nous int\u00e9resse ! L&#8217;un des objectifs de l&#8217;association Horizon Employeur, c&#8217;est d&#8217;oeuvrer en faveur de l&#8217;am\u00e9lioration de la mobilit\u00e9, de fa\u00e7on \u00e0 vous offrir une palette de moyens de d\u00e9placement la plus large possible, en particulier pour effectuer [&hellip;]<\/p>\n","protected":false},"author":1,"featured_media":0,"comment_status":"open","ping_status":"open","sticky":false,"template":"","format":"standard","meta":{"_acf_changed":false,"inline_featured_image":false,"footnotes":""},"categories":[6,7],"tags":[20],"dipi_cpt_category":[],"class_list":["post-2986","post","type-post","status-publish","format-standard","hentry","category-mobilite","category-plan-de-deplacements","tag-enquete-mobilite"],"acf":[],"dsm_author":{"name":"Association Horizon Employeur","avatar_url":"https:\/\/www.horizonemployeur.fr\/wp2019\/wp-content\/plugins\/ultimate-member\/assets\/img\/default_avatar.jpg","archive_link":"https:\/\/www.horizonemployeur.fr\/wp2019\/author\/horizonemployeur\/","biodata":""},"dsm_categories":[{"term_name":"Mobilit\u00e9","term_id":6,"term_link":"https:\/\/www.horizonemployeur.fr\/wp2019\/category\/mobilite\/"},{"term_name":"Plan de D\u00e9placements","term_id":7,"term_link":"https:\/\/www.horizonemployeur.fr\/wp2019\/category\/plan-de-deplacements\/"}],"dsm_attachment_categories":[],"dsm_featured_image":null,"_links":{"self":[{"href":"https:\/\/www.horizonemployeur.fr\/wp2019\/wp-json\/wp\/v2\/posts\/2986","targetHints":{"allow":["GET"]}}],"collection":[{"href":"https:\/\/www.horizonemployeur.fr\/wp2019\/wp-json\/wp\/v2\/posts"}],"about":[{"href":"https:\/\/www.horizonemployeur.fr\/wp2019\/wp-json\/wp\/v2\/types\/post"}],"author":[{"embeddable":true,"href":"https:\/\/www.horizonemployeur.fr\/wp2019\/wp-json\/wp\/v2\/users\/1"}],"replies":[{"embeddable":true,"href":"https:\/\/www.horizonemployeur.fr\/wp2019\/wp-json\/wp\/v2\/comments?post=2986"}],"version-history":[{"count":0,"href":"https:\/\/www.horizonemployeur.fr\/wp2019\/wp-json\/wp\/v2\/posts\/2986\/revisions"}],"wp:attachment":[{"href":"https:\/\/www.horizonemployeur.fr\/wp2019\/wp-json\/wp\/v2\/media?parent=2986"}],"wp:term":[{"taxonomy":"category","embeddable":true,"href":"https:\/\/www.horizonemployeur.fr\/wp2019\/wp-json\/wp\/v2\/categories?post=2986"},{"taxonomy":"post_tag","embeddable":true,"href":"https:\/\/www.horizonemployeur.fr\/wp2019\/wp-json\/wp\/v2\/tags?post=2986"},{"taxonomy":"dipi_cpt_category","embeddable":true,"href":"https:\/\/www.horizonemployeur.fr\/wp2019\/wp-json\/wp\/v2\/dipi_cpt_category?post=2986"}],"curies":[{"name":"wp","href":"https:\/\/api.w.org\/{rel}","templated":true}]}}