{"id":2948,"date":"2016-08-03T16:11:37","date_gmt":"2016-08-03T14:11:37","guid":{"rendered":"http:\/\/www.horizonemployeur.fr\/wordpress\/?p=2948"},"modified":"2016-08-03T16:11:37","modified_gmt":"2016-08-03T14:11:37","slug":"travaux-general-valerie-andre-aout-2016","status":"publish","type":"post","link":"https:\/\/www.horizonemployeur.fr\/wp2019\/2016\/08\/03\/travaux-general-valerie-andre-aout-2016\/","title":{"rendered":"Travaux rue G\u00e9n\u00e9ral Val\u00e9rie Andr\u00e9 du 8 ao\u00fbt au 2 septembre 2016"},"content":{"rendered":"<p>La construction du nouveau d\u00e9p\u00f4t de bus Keolis V\u00e9lizy, dans l&#8217;all\u00e9e donnant sur la rue G\u00e9n\u00e9ral Val\u00e9rie Andr\u00e9 (ex route militaire) situ\u00e9e \u00e0 proximit\u00e9 des sites PSA VVB, SMR T6 RATP et Ineo, a commenc\u00e9 depuis quelques semaines. Ce d\u00e9p\u00f4t devrait \u00eatre mis en service vers septembre 2017 et remplacera alors l&#8217;implantation actuelle du Plessis-Robinson.<!--more--><\/p>\n<p><img loading=\"lazy\" decoding=\"async\" class=\"alignnone wp-image-3173 size-full\" src=\"http:\/\/www.horizonemployeur.fr\/wordpress\/wp-content\/uploads\/2016\/08\/Rue-General-Valerie-Andre-07-2013-ter-1.png\" alt=\"\" width=\"1219\" height=\"359\" srcset=\"https:\/\/www.horizonemployeur.fr\/wp2019\/wp-content\/uploads\/2016\/08\/Rue-General-Valerie-Andre-07-2013-ter-1.png 1219w, https:\/\/www.horizonemployeur.fr\/wp2019\/wp-content\/uploads\/2016\/08\/Rue-General-Valerie-Andre-07-2013-ter-1-300x88.png 300w, https:\/\/www.horizonemployeur.fr\/wp2019\/wp-content\/uploads\/2016\/08\/Rue-General-Valerie-Andre-07-2013-ter-1-768x226.png 768w, https:\/\/www.horizonemployeur.fr\/wp2019\/wp-content\/uploads\/2016\/08\/Rue-General-Valerie-Andre-07-2013-ter-1-1024x302.png 1024w, https:\/\/www.horizonemployeur.fr\/wp2019\/wp-content\/uploads\/2016\/08\/Rue-General-Valerie-Andre-07-2013-ter-1-1080x318.png 1080w\" sizes=\"(max-width: 1219px) 100vw, 1219px\" \/><em>Vues Street View juillet 2013: le SMR \u00e9tait en cours de construction, le trottoir n&#8217;avait pas encore rendu \u00e9t\u00e9 cyclable<\/em><\/p>\n<h1>Pourquoi des travaux ?<\/h1>\n<p>Afin de faciliter les acc\u00e8s et les sorties du d\u00e9p\u00f4t de bus (ainsi que du SMR RATP et d&#8217;Ineo), le carrefour entre l&#8217;all\u00e9e et la rue G\u00e9n\u00e9ral Val\u00e9rie Andr\u00e9 va \u00eatre r\u00e9am\u00e9nag\u00e9 avec cr\u00e9ation d&#8217;une voie tourne-\u00e0-gauche en provenance de la Pointe Ouest.<\/p>\n<p><img loading=\"lazy\" decoding=\"async\" class=\"alignnone wp-image-3171 size-full\" src=\"http:\/\/www.horizonemployeur.fr\/wordpress\/wp-content\/uploads\/2016\/08\/Rue-General-Valerie-Andre-07-2013-1.png\" alt=\"\" width=\"1219\" height=\"359\" srcset=\"https:\/\/www.horizonemployeur.fr\/wp2019\/wp-content\/uploads\/2016\/08\/Rue-General-Valerie-Andre-07-2013-1.png 1219w, https:\/\/www.horizonemployeur.fr\/wp2019\/wp-content\/uploads\/2016\/08\/Rue-General-Valerie-Andre-07-2013-1-300x88.png 300w, https:\/\/www.horizonemployeur.fr\/wp2019\/wp-content\/uploads\/2016\/08\/Rue-General-Valerie-Andre-07-2013-1-768x226.png 768w, https:\/\/www.horizonemployeur.fr\/wp2019\/wp-content\/uploads\/2016\/08\/Rue-General-Valerie-Andre-07-2013-1-1024x302.png 1024w, https:\/\/www.horizonemployeur.fr\/wp2019\/wp-content\/uploads\/2016\/08\/Rue-General-Valerie-Andre-07-2013-1-1080x318.png 1080w\" sizes=\"(max-width: 1219px) 100vw, 1219px\" \/><\/p>\n<p><img loading=\"lazy\" decoding=\"async\" class=\"alignnone wp-image-3173 size-full\" src=\"http:\/\/www.horizonemployeur.fr\/wordpress\/wp-content\/uploads\/2016\/08\/Rue-General-Valerie-Andre-07-2013-ter-1.png\" alt=\"\" width=\"1219\" height=\"359\" srcset=\"https:\/\/www.horizonemployeur.fr\/wp2019\/wp-content\/uploads\/2016\/08\/Rue-General-Valerie-Andre-07-2013-ter-1.png 1219w, https:\/\/www.horizonemployeur.fr\/wp2019\/wp-content\/uploads\/2016\/08\/Rue-General-Valerie-Andre-07-2013-ter-1-300x88.png 300w, https:\/\/www.horizonemployeur.fr\/wp2019\/wp-content\/uploads\/2016\/08\/Rue-General-Valerie-Andre-07-2013-ter-1-768x226.png 768w, https:\/\/www.horizonemployeur.fr\/wp2019\/wp-content\/uploads\/2016\/08\/Rue-General-Valerie-Andre-07-2013-ter-1-1024x302.png 1024w, https:\/\/www.horizonemployeur.fr\/wp2019\/wp-content\/uploads\/2016\/08\/Rue-General-Valerie-Andre-07-2013-ter-1-1080x318.png 1080w\" sizes=\"(max-width: 1219px) 100vw, 1219px\" \/><\/p>\n<p>Graphiquement, cela se traduit ainsi:<\/p>\n<p><img loading=\"lazy\" decoding=\"async\" class=\"alignnone wp-image-3174 size-full\" src=\"http:\/\/www.horizonemployeur.fr\/wordpress\/wp-content\/uploads\/2016\/08\/Travaux-rue-General-Valerie-Andre-08-2016-1.png\" alt=\"\" width=\"2086\" height=\"712\" srcset=\"https:\/\/www.horizonemployeur.fr\/wp2019\/wp-content\/uploads\/2016\/08\/Travaux-rue-General-Valerie-Andre-08-2016-1.png 2086w, https:\/\/www.horizonemployeur.fr\/wp2019\/wp-content\/uploads\/2016\/08\/Travaux-rue-General-Valerie-Andre-08-2016-1-300x102.png 300w, https:\/\/www.horizonemployeur.fr\/wp2019\/wp-content\/uploads\/2016\/08\/Travaux-rue-General-Valerie-Andre-08-2016-1-768x262.png 768w, https:\/\/www.horizonemployeur.fr\/wp2019\/wp-content\/uploads\/2016\/08\/Travaux-rue-General-Valerie-Andre-08-2016-1-1024x350.png 1024w, https:\/\/www.horizonemployeur.fr\/wp2019\/wp-content\/uploads\/2016\/08\/Travaux-rue-General-Valerie-Andre-08-2016-1-1080x369.png 1080w, https:\/\/www.horizonemployeur.fr\/wp2019\/wp-content\/uploads\/2016\/08\/Travaux-rue-General-Valerie-Andre-08-2016-1-1568x535.png 1568w\" sizes=\"(max-width: 2086px) 100vw, 2086px\" \/><\/p>\n<p>Le plan est approximativement orient\u00e9 nord en haut, avec PSA VVB en haut \u00e0 gauche, le SMR T6 RATP en haut \u00e0 droite et les terrains de la BA 107 en bas. En noir, c&#8217;est la situation actuelle; en couleurs, les modifications apport\u00e9es. On note donc la cr\u00e9ation de 3 \u00eelots centraux \u00e0 la suite, le d\u00e9placement des passages pi\u00e9tons et des 2 arr\u00eats de bus. Bizarrement, l&#8217;abri situ\u00e9 sur le trottoir-piste cyclable est \u00e9loign\u00e9 de la bordure de trottoir: les personnes attendant le bus seront donc avis\u00e9es de regarder des 2 c\u00f4t\u00e9s avant de quitter l&#8217;abri pour prendre leur bus.<\/p>\n<h1>Des travaux, comment ?<\/h1>\n<p>On voit qu&#8217;il est n\u00e9cessaire d&#8217;intervenir sur les 2 c\u00f4t\u00e9s de la chauss\u00e9e. Ces interventions se feront successivement sur chaque c\u00f4t\u00e9 pour laisser toujours libre une des 2 voies, un alternat devrait donc \u00eatre mis en place par feux ou par piquet de circulation rouge \/ vert.<\/p>\n<p>Les travaux auront lieu <strong>du lundi 8 ao\u00fbt au vendredi 2 septembre&nbsp;sur le cr\u00e9neau horaire 9h30-16h30<\/strong>. En dehors de cette plage horaire, la chauss\u00e9e est en principe rendue dans son int\u00e9gralit\u00e9.<\/p>\n<p>Si vous utilisez les lignes Ph\u00e9bus 22, 33 ou 42 en journ\u00e9e (9h30 &#8211; 16h30 environ), celles-ci peuvent \u00eatre perturb\u00e9es en raison du passage dans la zone de travaux.<\/p>\n<p>Quoi qu&#8217;il en soit, et quelle soit l&#8217;heure, que vous soyez pi\u00e9ton, cycliste ou automobiliste, restez prudent \u00e0 l&#8217;approche du chantier.<\/p>\n","protected":false},"excerpt":{"rendered":"<p>La construction du nouveau d\u00e9p\u00f4t de bus Keolis V\u00e9lizy, dans l&#8217;all\u00e9e donnant sur la rue G\u00e9n\u00e9ral Val\u00e9rie Andr\u00e9 (ex route militaire) situ\u00e9e \u00e0 proximit\u00e9 des sites PSA VVB, SMR T6 RATP et Ineo, a commenc\u00e9 depuis quelques semaines. Ce d\u00e9p\u00f4t devrait \u00eatre mis en service vers septembre 2017 et remplacera alors l&#8217;implantation actuelle du Plessis-Robinson.<\/p>\n","protected":false},"author":1,"featured_media":0,"comment_status":"open","ping_status":"open","sticky":false,"template":"","format":"standard","meta":{"_acf_changed":false,"inline_featured_image":false,"footnotes":""},"categories":[10,12],"tags":[37],"dipi_cpt_category":[],"class_list":["post-2948","post","type-post","status-publish","format-standard","hentry","category-trafic-routier","category-transports-en-commun","tag-travaux"],"acf":[],"dsm_author":{"name":"Association Horizon Employeur","avatar_url":"https:\/\/www.horizonemployeur.fr\/wp2019\/wp-content\/plugins\/ultimate-member\/assets\/img\/default_avatar.jpg","archive_link":"https:\/\/www.horizonemployeur.fr\/wp2019\/author\/horizonemployeur\/","biodata":""},"dsm_categories":[{"term_name":"Trafic routier","term_id":10,"term_link":"https:\/\/www.horizonemployeur.fr\/wp2019\/category\/trafic-routier\/"},{"term_name":"Transports en Commun","term_id":12,"term_link":"https:\/\/www.horizonemployeur.fr\/wp2019\/category\/transports-en-commun\/"}],"dsm_attachment_categories":[],"dsm_featured_image":null,"_links":{"self":[{"href":"https:\/\/www.horizonemployeur.fr\/wp2019\/wp-json\/wp\/v2\/posts\/2948","targetHints":{"allow":["GET"]}}],"collection":[{"href":"https:\/\/www.horizonemployeur.fr\/wp2019\/wp-json\/wp\/v2\/posts"}],"about":[{"href":"https:\/\/www.horizonemployeur.fr\/wp2019\/wp-json\/wp\/v2\/types\/post"}],"author":[{"embeddable":true,"href":"https:\/\/www.horizonemployeur.fr\/wp2019\/wp-json\/wp\/v2\/users\/1"}],"replies":[{"embeddable":true,"href":"https:\/\/www.horizonemployeur.fr\/wp2019\/wp-json\/wp\/v2\/comments?post=2948"}],"version-history":[{"count":0,"href":"https:\/\/www.horizonemployeur.fr\/wp2019\/wp-json\/wp\/v2\/posts\/2948\/revisions"}],"wp:attachment":[{"href":"https:\/\/www.horizonemployeur.fr\/wp2019\/wp-json\/wp\/v2\/media?parent=2948"}],"wp:term":[{"taxonomy":"category","embeddable":true,"href":"https:\/\/www.horizonemployeur.fr\/wp2019\/wp-json\/wp\/v2\/categories?post=2948"},{"taxonomy":"post_tag","embeddable":true,"href":"https:\/\/www.horizonemployeur.fr\/wp2019\/wp-json\/wp\/v2\/tags?post=2948"},{"taxonomy":"dipi_cpt_category","embeddable":true,"href":"https:\/\/www.horizonemployeur.fr\/wp2019\/wp-json\/wp\/v2\/dipi_cpt_category?post=2948"}],"curies":[{"name":"wp","href":"https:\/\/api.w.org\/{rel}","templated":true}]}}