{"id":1711,"date":"2016-02-29T18:31:19","date_gmt":"2016-02-29T16:31:19","guid":{"rendered":"https:\/\/horizonmobi.wordpress.com\/?p=1711"},"modified":"2016-02-29T18:31:19","modified_gmt":"2016-02-29T16:31:19","slug":"phebus-01-03-2016","status":"publish","type":"post","link":"https:\/\/www.horizonemployeur.fr\/wp2019\/2016\/02\/29\/phebus-01-03-2016\/","title":{"rendered":"1er mars 2016 \u2013 mouvement social Ph\u00e9bus: comment circuler ?"},"content":{"rendered":"<p><img loading=\"lazy\" decoding=\"async\" class=\"alignnone  wp-image-1541\" src=\"http:\/\/www.horizonemployeur.fr\/wordpress\/wp-content\/uploads\/2016\/02\/phc3a9bus-vc3a9lizy-mouvement-social-22-02-2016.png\" alt=\"Ph\u00e9bus V\u00e9lizy Mouvement social 22-02-2016\" width=\"112\" height=\"84\" srcset=\"https:\/\/www.horizonemployeur.fr\/wp2019\/wp-content\/uploads\/2016\/02\/phc3a9bus-vc3a9lizy-mouvement-social-22-02-2016.png 400w, https:\/\/www.horizonemployeur.fr\/wp2019\/wp-content\/uploads\/2016\/02\/phc3a9bus-vc3a9lizy-mouvement-social-22-02-2016-300x225.png 300w\" sizes=\"(max-width: 112px) 100vw, 112px\" \/><\/p>\n<p>Ph\u00e9bus a communiqu\u00e9 lundi 29\u00a0f\u00e9vrier apr\u00e8s-midi les pr\u00e9visions de circulation suivantes pour la journ\u00e9e du mardi 1er mars. On note encore par rapport \u00e0 la journ\u00e9e de lundi quelques am\u00e9liorations concernant le fonctionnement de certaines lignes. 3 lignes restent cependant totalement \u00e0 l&#8217;arr\u00eat, et 2 autres en service du samedi.<\/p>\n<p>Il reste cependant pr\u00e9f\u00e9rable de v\u00e9rifier ces informations avant tout d\u00e9placement\u00a0(voir sources d\u2019information officielles en bas de cette page).<!--more--><\/p>\n<h1>Axe Versailles (lignes 20 \u00e0 24)<\/h1>\n<blockquote><p>Attention ! l\u2019installation de la f\u00eate de printemps commence ce dimanche 28 f\u00e9vrier avenue Breguet. La circulation des lignes de bus, comme celles des autres v\u00e9hicules, sera donc d\u00e9vi\u00e9e, dans le sens Meudon &gt; Versailles uniquement, jusqu\u2019au jeudi 24 mars midi par l\u2019avenue Sadi Lecointe (derri\u00e8re la caserne des CRS).<br \/>\nIl pourrait en r\u00e9sulter des difficult\u00e9s de circulation aux heures de pointe.<\/p><\/blockquote>\n<p>Ligne <strong>20<\/strong>\u00a0(Versailles-Rive Gauche \u2013 Versailles-Chantiers\u00a0\u2013 Inovel Parc Nord \u2013 V\u00e9lizy 2 Gare routi\u00e8re):<br \/>\n<span style=\"color:#ff0000;\"><strong>aucun service<\/strong><\/span><br \/>\n<em>Utiliser les lignes Ph\u00e9bus Versailles jusqu\u2019\u00e0 la gare des Chantiers puis la ligne 24<\/em><\/p>\n<p>Ligne <strong>22<\/strong> (Versailles-Chantiers \u2013 Inovel Parc Sud \u2013 BA 107 \u2013 Burospace):<br \/>\n<span style=\"color:#00ff00;\"><strong>service\u00a0normal<\/strong><\/span><\/p>\n<p>Ligne <strong>23<\/strong> (Versailles-Europe \u2013 Inovel Parc Nord \u2013 V\u00e9lizy Centre Commercial):<br \/>\n<span style=\"color:#00ff00;\"><strong>service normal<\/strong><\/span><\/p>\n<p>Ligne <strong>24\u00a0<\/strong>(Versailles-Chantiers \u2013 Inovel Parc Nord \u2013 V\u00e9lizy Centre Commercial):<br \/>\n<span style=\"color:#00ff00;\"><strong>service normal<\/strong><\/span><\/p>\n<h1>Axe Chaville (lignes 30 \u00e0 34)<\/h1>\n<p>Ligne <strong>30<\/strong> (Chaville-V\u00e9lizy \u2013 Inovel Parc Nord \u2013 V\u00e9lizy Centre Commercial \u2013 V\u00e9lizy 2 Gare routi\u00e8re):<br \/>\n<span style=\"color:#00ff00;\"><strong>service normal<\/strong><\/span><\/p>\n<p>Ligne <strong>31<\/strong> (Chaville-V\u00e9lizy \u2013 V\u00e9lizy-le-Bas):<br \/>\n<span style=\"color:#ff0000;\"><strong>aucun service<\/strong><\/span><\/p>\n<p>Ligne <strong>32<\/strong> (Chaville 3 gares \u2013 V\u00e9lizy Wagner T6 \u2013 Jouy-en-Josas RER):<br \/>\n<span style=\"color:#ffcc00;\"><strong>service du samedi<\/strong> (1 d\u00e9part de Chaville-Rive Droite toutes les heures de 8h13 \u00e0 19h13, 1 d\u00e9part de Jouy-en-Josas toutes les heures de 8h10 \u00e0 19h10)<\/span><br \/>\n<em>Possibilit\u00e9 d\u2019emprunter le RER C pour rejoindre<\/em><br \/>\n<em>\u2013 Versailles-Chantiers puis ligne 24 direction V\u00e9lizy Centre Commercial (correspondance T6 \u00e0 L\u2019Onde)<\/em><br \/>\n<em>\u2013 ou Bi\u00e8vres puis ligne MobiCAPS 15 direction V\u00e9lizy 2 Gare routi\u00e8re (correspondance T6 au terminus)<\/em><\/p>\n<p>Ligne <strong>33<\/strong> (Chaville 3 gares \u2013\u00a0V\u00e9lizy Wagner T6 \u2013 Inovel Parc Sud \u2013 BA 107 \u2013 Burospace):<br \/>\n<span style=\"color:#00ff00;\"><strong>service normal<\/strong><\/span><\/p>\n<p>Ligne <strong>34<\/strong> (Chaville 3 gares \u2013 Inovel Parc Nord \u2013 V\u00e9lizy 2 Gare routi\u00e8re):<br \/>\n<span style=\"color:#00ff00;\"><strong>service normal<\/strong><\/span><\/p>\n<h1>Axe Pont de S\u00e8vres\u00a0(lignes 40 \u00e0 45)<\/h1>\n<p>Ligne <strong>40<\/strong>\u00a0(Pont de S\u00e8vres M\u00e9tro \u2013 Inovel Parc Nord T6):<br \/>\n<span style=\"color:#ff9900;\"><strong>service du samedi<\/strong> (1 d\u00e9part de Pont de S\u00e8vres\u00a0toutes les heures de 7h05 \u00e0 21h05, 1 d\u00e9part d\u2019Inovel Parc Nord T6 toutes les heures de 6h30 \u00e0 21h30)<\/span><br \/>\n<em>Vous pouvez emprunter\u00a0(de l\u2019autre c\u00f4t\u00e9 du quai \u00e0 Pont de S\u00e8vres)<br \/>\n\u2013 la ligne RATP 291, \u00e0 partir de 7h00, qui dessert l\u2019avenue Morane-Saunier, la rue Dassault puis la rue Grange Dame Rose jusqu\u2019\u00e0 l\u2019arr\u00eat \u00ab\u00a0La Chemin\u00e9e\u00a0\u00bb. Pour l\u2019avenue Mar\u00e9chal Juin, arr\u00eats A\u00e9rodrome\u00a0Morane ou Le\u00a0Bois en provenance de Pont de S\u00e8vres, arr\u00eats Le Bois, V\u00e9lizy 2 Gare routi\u00e8re ou, de l\u2019autre c\u00f4t\u00e9 de la RN 118, De Lattre de Tassigny ou A\u00e9rodrome Morane,\u00a0en direction de Pont de S\u00e8vres<br \/>\n\u2013 ou la ligne RATP 179 qui dessert la gare routi\u00e8re V\u00e9lizy 2 (attention au d\u00e9part de V\u00e9lizy 2: la direction \u00e0 suivre est Pont de S\u00e8vres M\u00e9tro et pas Robinson RER). En direction de Pont de S\u00e8vres, la ligne 179 dessert \u00e9galement,\u00a0de l\u2019autre c\u00f4t\u00e9 de la RN 118, De Lattre de Tassigny\u00a0(au niveau de l\u2019Abribus !)\u00a0ou A\u00e9rodrome Morane<\/em><\/p>\n<p>Ligne <strong>42<\/strong>\u00a0(Pont de S\u00e8vres M\u00e9tro \u2013 BA 107 \u2013 Burospace \u2013 Inovel Parc Sud \u2013 V\u00e9lizy L\u2019Onde T6):<br \/>\n<span style=\"color:#00ff00;\"><strong>service normal<\/strong><\/span><\/p>\n<p>Ligne <strong>45<\/strong>\u00a0(Mus\u00e9e de S\u00e8vres T2 \u2013 Inovel Parc Nord \u2013 Mairie de V\u00e9lizy T6):<br \/>\n<span style=\"color:#00ff00;\"><strong>service\u00a0normal<\/strong><\/span><\/p>\n<h1>Axe Antony\u00a0(ligne 50)<\/h1>\n<p>Ligne <strong>50<\/strong>\u00a0(Antony-Fontaine Michalon RER B \u2013 Ch\u00e2tenay-Malabry \u2013 V\u00e9lizy 2 Gare routi\u00e8re \u2013 V\u00e9lizy Centre Commercial):<br \/>\n<span style=\"color:#ff0000;\"><strong>aucun service<\/strong><\/span><br \/>\n<em>Utiliser le RER B, la ligne RATP 294 ou les lignes Paladin pour rejoindre la ligne RATP 379 qui circule sur la RD 986<\/em><\/p>\n<h1>Axe Massy\u00a0(ligne 60)<\/h1>\n<p>Ligne <strong>60<\/strong>\u00a0(Massy-Palaiseau Gare routi\u00e8re Vilmorin c\u00f4t\u00e9 RER C \u2013 Palaiseau-Rd-Pt du Pileu \u2013 (direct par RD 444 et RN 118) \u2013 Inovel Parc Nord \u2013 V\u00e9lizy R\u00e9sidence Europe):<br \/>\n<span style=\"color:#00ff00;\"><strong>service normal<\/strong><\/span><\/p>\n<p>&nbsp;<\/p>\n<h1>Pour avoir les derni\u00e8res informations<\/h1>\n<ul>\n<li>site officiel\u00a0<a href=\"http:\/\/www.phebus.tm.fr\/\" target=\"_blank\">www.phebus.tm.fr<\/a> rubrique Actualit\u00e9s<\/li>\n<li>compte <a href=\"https:\/\/twitter.com\/KeolisVelizy\" target=\"_blank\">@KeolisVelizy<\/a><\/li>\n<\/ul>\n","protected":false},"excerpt":{"rendered":"<p>Ph\u00e9bus a communiqu\u00e9 lundi 29\u00a0f\u00e9vrier apr\u00e8s-midi les pr\u00e9visions de circulation suivantes pour la journ\u00e9e du mardi 1er mars. On note encore par rapport \u00e0 la journ\u00e9e de lundi quelques am\u00e9liorations concernant le fonctionnement de certaines lignes. 3 lignes restent cependant totalement \u00e0 l&#8217;arr\u00eat, et 2 autres en service du samedi. Il reste cependant pr\u00e9f\u00e9rable de [&hellip;]<\/p>\n","protected":false},"author":1,"featured_media":0,"comment_status":"open","ping_status":"open","sticky":false,"template":"","format":"standard","meta":{"_acf_changed":false,"inline_featured_image":false,"footnotes":""},"categories":[12],"tags":[],"dipi_cpt_category":[],"class_list":["post-1711","post","type-post","status-publish","format-standard","hentry","category-transports-en-commun"],"acf":[],"dsm_author":{"name":"Association Horizon Employeur","avatar_url":"https:\/\/www.horizonemployeur.fr\/wp2019\/wp-content\/plugins\/ultimate-member\/assets\/img\/default_avatar.jpg","archive_link":"https:\/\/www.horizonemployeur.fr\/wp2019\/author\/horizonemployeur\/","biodata":""},"dsm_categories":[{"term_name":"Transports en Commun","term_id":12,"term_link":"https:\/\/www.horizonemployeur.fr\/wp2019\/category\/transports-en-commun\/"}],"dsm_attachment_categories":[],"dsm_featured_image":null,"_links":{"self":[{"href":"https:\/\/www.horizonemployeur.fr\/wp2019\/wp-json\/wp\/v2\/posts\/1711","targetHints":{"allow":["GET"]}}],"collection":[{"href":"https:\/\/www.horizonemployeur.fr\/wp2019\/wp-json\/wp\/v2\/posts"}],"about":[{"href":"https:\/\/www.horizonemployeur.fr\/wp2019\/wp-json\/wp\/v2\/types\/post"}],"author":[{"embeddable":true,"href":"https:\/\/www.horizonemployeur.fr\/wp2019\/wp-json\/wp\/v2\/users\/1"}],"replies":[{"embeddable":true,"href":"https:\/\/www.horizonemployeur.fr\/wp2019\/wp-json\/wp\/v2\/comments?post=1711"}],"version-history":[{"count":0,"href":"https:\/\/www.horizonemployeur.fr\/wp2019\/wp-json\/wp\/v2\/posts\/1711\/revisions"}],"wp:attachment":[{"href":"https:\/\/www.horizonemployeur.fr\/wp2019\/wp-json\/wp\/v2\/media?parent=1711"}],"wp:term":[{"taxonomy":"category","embeddable":true,"href":"https:\/\/www.horizonemployeur.fr\/wp2019\/wp-json\/wp\/v2\/categories?post=1711"},{"taxonomy":"post_tag","embeddable":true,"href":"https:\/\/www.horizonemployeur.fr\/wp2019\/wp-json\/wp\/v2\/tags?post=1711"},{"taxonomy":"dipi_cpt_category","embeddable":true,"href":"https:\/\/www.horizonemployeur.fr\/wp2019\/wp-json\/wp\/v2\/dipi_cpt_category?post=1711"}],"curies":[{"name":"wp","href":"https:\/\/api.w.org\/{rel}","templated":true}]}}