{"id":15349,"date":"2022-03-24T09:40:14","date_gmt":"2022-03-24T08:40:14","guid":{"rendered":"https:\/\/www.horizonemployeur.fr\/wp2019\/?p=15349"},"modified":"2022-03-25T11:09:47","modified_gmt":"2022-03-25T10:09:47","slug":"mouvements-sociaux-ratp-25-03-2022","status":"publish","type":"post","link":"https:\/\/www.horizonemployeur.fr\/wp2019\/2022\/03\/24\/mouvements-sociaux-ratp-25-03-2022\/","title":{"rendered":"Vendredi 25 mars 2022 : mouvements sociaux RATP"},"content":{"rendered":"<div class=\"et_d4_element et_pb_section et_pb_section_0  et_pb_css_mix_blend_mode et_section_regular et_block_section\" >\n\t\t\t\t\n\t\t\t\t\n\t\t\t\t\n\t\t\t\t\n\t\t\t\t\n\t\t\t\t\n\t\t\t\t<div class=\"et_d4_element et_pb_row et_pb_row_0  et_pb_css_mix_blend_mode et_block_row\">\n\t\t\t\t<div class=\"et_d4_element et_pb_column_4_4 et_pb_column et_pb_column_0  et_pb_css_mix_blend_mode et-last-child et_block_column\">\n\t\t\t\t\n\t\t\t\t\n\t\t\t\t\n\t\t\t\t\n\t\t\t\t<div class=\"et_pb_module et_d4_element et_pb_text et_pb_text_0  et_pb_text_align_left et_pb_bg_layout_light\">\n\t\t\t\t\n\t\t\t\t\n\t\t\t\t\n\t\t\t\t\n\t\t\t\t<div class=\"et_pb_text_inner\"><p>Mise \u00e0 jour vendredi 25 mars, 11h10<\/p><\/div>\n\t\t\t<\/div><div class=\"et_pb_module et_d4_element et_pb_text et_pb_text_1  et_pb_text_align_left et_pb_bg_layout_light\">\n\t\t\t\t\n\t\t\t\t\n\t\t\t\t\n\t\t\t\t\n\t\t\t\t<div class=\"et_pb_text_inner\"><p>La journ\u00e9e du <strong>vendredi 25 mars 2022<\/strong> sera marqu\u00e9e par des mouvements sociaux \u00e0 la RATP. En r\u00e9sum\u00e9, il y a 2 revendications :<\/p>\n<ul>\n<li>c\u00f4t\u00e9 bus, la question du statut social des salari\u00e9s apr\u00e8s la mise en oeuvre en 2025 de la mise en concurrence des 12 lots constituant l'actuel r\u00e9seau bus RATP de Paris et petite couronne<\/li>\n<li>globalement, un autre sujet li\u00e9 aux revalorisations salariales en 2022.<\/li>\n<\/ul>\n<p>&nbsp;<\/p>\n<p>Concr\u00e8tement, les mouvements pr\u00e9vus pour le vendredi 25 mars sont annonc\u00e9s comme <strong>reconductibles<\/strong>. Les perturbations pourront donc se poursuivre durant les journ\u00e9es suivantes.<\/p>\n<p>&nbsp;<\/p>\n<p>Les pr\u00e9visions connues sont les suivantes<\/p>\n<h2><img loading=\"lazy\" decoding=\"async\" src=\"https:\/\/www.horizonemployeur.fr\/wp2019\/wp-content\/uploads\/2022\/03\/symbole_RER_fc_RVB.svg\" width=\"30\" height=\"30\" alt=\"\" class=\"wp-image-15320 alignnone size-full\" \/> R\u00e9seau express r\u00e9gional<\/h2>\n<p>Les RER C, D et E ne sont exploit\u00e9s que par la SNCF.<\/p>\n<table border=\"1\" style=\"width: 100%; border-collapse: collapse;\">\n<tbody>\n<tr>\n<td style=\"width: 100px; text-align: center;\"><img loading=\"lazy\" decoding=\"async\" src=\"https:\/\/www.horizonemployeur.fr\/wp2019\/wp-content\/uploads\/2022\/03\/RER_A_fc_RVB.svg\" width=\"40\" height=\"40\" alt=\"\" class=\"wp-image-15365 alignnone size-full\" \/><\/td>\n<td>SERVICE NORMAL<br \/>Interconnexion assur\u00e9e \u00e0 Nanterre<\/td>\n<\/tr>\n<tr>\n<td style=\"width: 100px; text-align: center;\"><img loading=\"lazy\" decoding=\"async\" src=\"https:\/\/www.horizonemployeur.fr\/wp2019\/wp-content\/uploads\/2022\/03\/RER_B_fc_RVB.svg\" width=\"40\" height=\"40\" alt=\"\" class=\"wp-image-15318 alignnone size-full\" \/><\/td>\n<td>SERVICE NORMAL<br \/>Interconnexion assur\u00e9e \u00e0 Gare du Nord<\/td>\n<\/tr>\n<\/tbody>\n<\/table>\n<p>&nbsp;<\/p>\n<h2><img loading=\"lazy\" decoding=\"async\" src=\"https:\/\/www.horizonemployeur.fr\/wp2019\/wp-content\/uploads\/2022\/03\/symbole_metro_fc_RVB.svg\" width=\"25\" height=\"25\" alt=\"\" class=\"wp-image-15310 alignnone size-full\" \/> R\u00e9seau m\u00e9tro<\/h2>\n<table border=\"1\" style=\"border-collapse: collapse; width: 100%;\">\n<tbody>\n<tr>\n<td style=\"width: 9.5814%; text-align: center;\"><img loading=\"lazy\" decoding=\"async\" src=\"https:\/\/www.horizonemployeur.fr\/wp2019\/wp-content\/uploads\/2022\/03\/metro_1_fc_RVB.svg\" width=\"40\" height=\"40\" alt=\"\" class=\"wp-image-15352 alignnone size-full\" \/><\/td>\n<td style=\"width: 90.3256%;\">SERVICE NORMAL<\/td>\n<\/tr>\n<tr>\n<td style=\"width: 9.5814%; text-align: center;\"><img loading=\"lazy\" decoding=\"async\" src=\"https:\/\/www.horizonemployeur.fr\/wp2019\/wp-content\/uploads\/2022\/03\/metro_2_fc_RVB.svg\" width=\"40\" height=\"40\" alt=\"\" class=\"wp-image-15353 alignnone size-full\" \/><\/td>\n<td style=\"width: 90.3256%;\">SERVICE LEGEREMENT PERTURBE<br \/>9 rames sur 10<\/td>\n<\/tr>\n<tr>\n<td style=\"width: 9.5814%; text-align: center;\"><img loading=\"lazy\" decoding=\"async\" src=\"https:\/\/www.horizonemployeur.fr\/wp2019\/wp-content\/uploads\/2022\/03\/metro_3_fc_RVB.svg\" width=\"40\" height=\"40\" alt=\"\" class=\"wp-image-15354 alignnone size-full\" \/><\/td>\n<td style=\"width: 90.3256%;\">SERVICE LEGEREMENT PERTURBE<br \/>9 rames sur 10<\/td>\n<\/tr>\n<tr>\n<td style=\"width: 9.5814%; text-align: center;\"><img loading=\"lazy\" decoding=\"async\" src=\"https:\/\/www.horizonemployeur.fr\/wp2019\/wp-content\/uploads\/2022\/03\/metro_3bis_fc_RVB.svg\" width=\"40\" height=\"40\" alt=\"\" class=\"wp-image-15355 alignnone size-full\" \/><\/td>\n<td style=\"width: 90.3256%;\">SERVICE NORMAL<\/td>\n<\/tr>\n<tr>\n<td style=\"width: 9.5814%; text-align: center;\"><img loading=\"lazy\" decoding=\"async\" src=\"https:\/\/www.horizonemployeur.fr\/wp2019\/wp-content\/uploads\/2022\/03\/metro_4_fc_RVB.svg\" width=\"40\" height=\"40\" alt=\"\" class=\"wp-image-15356 alignnone size-full\" \/><\/td>\n<td style=\"width: 90.3256%;\">SERVICE NORMAL<\/td>\n<\/tr>\n<tr>\n<td style=\"width: 9.5814%; text-align: center;\"><img loading=\"lazy\" decoding=\"async\" src=\"https:\/\/www.horizonemployeur.fr\/wp2019\/wp-content\/uploads\/2022\/03\/metro_5_fc_RVB.svg\" width=\"40\" height=\"40\" alt=\"\" class=\"wp-image-15357 alignnone size-full\" \/><\/td>\n<td style=\"width: 90.3256%;\">SERVICE NORMAL<\/td>\n<\/tr>\n<tr>\n<td style=\"width: 9.5814%; text-align: center;\"><img loading=\"lazy\" decoding=\"async\" src=\"https:\/\/www.horizonemployeur.fr\/wp2019\/wp-content\/uploads\/2022\/03\/metro_6_fc_RVB.svg\" width=\"40\" height=\"40\" alt=\"\" class=\"wp-image-15358 alignnone size-full\" \/><\/td>\n<td style=\"width: 90.3256%;\">SERVICE NORMAL<\/td>\n<\/tr>\n<tr>\n<td style=\"width: 9.5814%; text-align: center;\"><img loading=\"lazy\" decoding=\"async\" src=\"https:\/\/www.horizonemployeur.fr\/wp2019\/wp-content\/uploads\/2022\/03\/metro_7_fc_RVB.svg\" width=\"40\" height=\"40\" alt=\"\" class=\"wp-image-15359 alignnone size-full\" \/><\/td>\n<td style=\"width: 90.3256%;\">SERVICE LEGEREMENT PERTURBE<br \/>9 rames sur 10<\/td>\n<\/tr>\n<tr>\n<td style=\"width: 9.5814%; text-align: center;\"><img loading=\"lazy\" decoding=\"async\" src=\"https:\/\/www.horizonemployeur.fr\/wp2019\/wp-content\/uploads\/2022\/03\/metro_7bis_fc_RVB.svg\" width=\"40\" height=\"40\" alt=\"\" class=\"wp-image-15360 alignnone size-full\" \/><\/td>\n<td style=\"width: 90.3256%;\">SERVICE NORMAL<\/td>\n<\/tr>\n<tr>\n<td style=\"width: 9.5814%; text-align: center;\"><img loading=\"lazy\" decoding=\"async\" src=\"https:\/\/www.horizonemployeur.fr\/wp2019\/wp-content\/uploads\/2022\/03\/metro_8_fc_RVB.svg\" width=\"40\" height=\"40\" alt=\"\" class=\"wp-image-15361 alignnone size-full\" \/><\/td>\n<td style=\"width: 90.3256%;\">SERVICE LEGEREMENT PERTURBE<br \/>8 rames sur 10<\/td>\n<\/tr>\n<tr>\n<td style=\"width: 9.5814%; text-align: center;\"><img loading=\"lazy\" decoding=\"async\" src=\"https:\/\/www.horizonemployeur.fr\/wp2019\/wp-content\/uploads\/2022\/03\/metro_9_fc_RVB.svg\" width=\"40\" height=\"40\" alt=\"\" class=\"wp-image-15309 alignnone size-full\" \/><\/td>\n<td style=\"width: 90.3256%;\">SERVICE NORMAL<\/td>\n<\/tr>\n<tr>\n<td style=\"width: 9.5814%; text-align: center;\"><img loading=\"lazy\" decoding=\"async\" src=\"https:\/\/www.horizonemployeur.fr\/wp2019\/wp-content\/uploads\/2022\/03\/metro_10_fc_RVB.svg\" width=\"40\" height=\"40\" alt=\"\" class=\"wp-image-15373 alignnone size-full\" \/><\/td>\n<td style=\"width: 90.3256%;\">SERVICE NORMAL<\/td>\n<\/tr>\n<tr>\n<td style=\"width: 9.5814%; text-align: center;\"><img loading=\"lazy\" decoding=\"async\" src=\"https:\/\/www.horizonemployeur.fr\/wp2019\/wp-content\/uploads\/2022\/03\/metro_11_fc_RVB.svg\" width=\"40\" height=\"40\" alt=\"\" class=\"wp-image-15362 alignnone size-full\" \/><\/td>\n<td style=\"width: 90.3256%;\">SERVICE NORMAL<\/td>\n<\/tr>\n<tr>\n<td style=\"width: 9.5814%; text-align: center;\"><img loading=\"lazy\" decoding=\"async\" src=\"https:\/\/www.horizonemployeur.fr\/wp2019\/wp-content\/uploads\/2022\/03\/metro_12_fc_RVB.svg\" width=\"40\" height=\"40\" alt=\"\" class=\"wp-image-15363 alignnone size-full\" \/><\/td>\n<td style=\"width: 90.3256%;\">SERVICE NORMAL<\/td>\n<\/tr>\n<tr>\n<td style=\"width: 9.5814%; text-align: center;\"><img loading=\"lazy\" decoding=\"async\" src=\"https:\/\/www.horizonemployeur.fr\/wp2019\/wp-content\/uploads\/2022\/03\/metro_13_fc_RVB.svg\" width=\"39\" height=\"39\" alt=\"\" class=\"wp-image-15317 alignnone size-full\" \/><\/td>\n<td style=\"width: 90.3256%;\">SERVICE LEGEREMENT PERTURBE<br \/>9 rames sur 10<\/td>\n<\/tr>\n<tr>\n<td style=\"width: 9.5814%; text-align: center;\"><img loading=\"lazy\" decoding=\"async\" src=\"https:\/\/www.horizonemployeur.fr\/wp2019\/wp-content\/uploads\/2022\/03\/metro_14_fc_RVB.svg\" width=\"40\" height=\"40\" alt=\"\" class=\"wp-image-15364 alignnone size-full\" \/><\/td>\n<td style=\"width: 90.3256%;\">SERVICE NORMAL<\/td>\n<\/tr>\n<\/tbody>\n<\/table>\n<p>&nbsp;<\/p>\n<h2><img loading=\"lazy\" decoding=\"async\" src=\"https:\/\/www.horizonemployeur.fr\/wp2019\/wp-content\/uploads\/2022\/03\/symbole_tram_fc_RVB.svg\" width=\"25\" height=\"25\" alt=\"\" class=\"wp-image-15313 alignnone size-full\" \/> R\u00e9seau tramway<\/h2>\n<p>Les tramways T4, T9 et T11 ne sont pas exploit\u00e9s par la RATP et ne sont donc pas concern\u00e9s par les mouvements sociaux.<\/p>\n<p><strong>Il est possible que le service ne soit assur\u00e9 que sur une partie de la ligne.<\/strong><\/p>\n<p><strong>HP = fr\u00e9quence de passage aux heures de pointe, HC = fr\u00e9quence de passage aux heures creuses<\/strong><\/p>\n<div>\n<table border=\"1\" style=\"width: 100%; border-collapse: collapse;\">\n<tbody>\n<tr>\n<td style=\"width: 10.4186%; text-align: center;\"><img loading=\"lazy\" decoding=\"async\" src=\"https:\/\/www.horizonemployeur.fr\/wp2019\/wp-content\/uploads\/2022\/03\/tram_T1_fc_RVB.svg\" width=\"40\" height=\"40\" alt=\"\" class=\"wp-image-15366 alignnone size-full\" \/><\/td>\n<td style=\"width: 89.4884%;\">SERVICE FORTEMENT PERTURBE<br \/>1 tramway sur 2 entre Gare de St-Denis et Gare de Noisy-le-Sec, entre 6h00 et 11h00 et entre 15h00 et 20h00 environ<br \/>1 tramway toutes les 10 min en moyenne<\/td>\n<\/tr>\n<tr>\n<td style=\"width: 10.4186%; text-align: center;\"><img loading=\"lazy\" decoding=\"async\" src=\"https:\/\/www.horizonemployeur.fr\/wp2019\/wp-content\/uploads\/2022\/03\/tram_T2_fc_RVB.svg\" width=\"40\" height=\"40\" alt=\"\" class=\"wp-image-15314 alignnone size-full\" \/><\/td>\n<td style=\"width: 89.4884%;\">SERVICE FORTEMENT PERTURBE<br \/>1 tramway sur 3 entre Porte de Versailles et Puteaux, entre 6h00 et 22h00 environ<br \/>HP 10 min - HC 20 min<\/td>\n<\/tr>\n<tr>\n<td style=\"width: 10.4186%; text-align: center;\"><img loading=\"lazy\" decoding=\"async\" src=\"https:\/\/www.horizonemployeur.fr\/wp2019\/wp-content\/uploads\/2022\/03\/tram_T3a_fc_RVB.svg\" width=\"40\" height=\"40\" alt=\"\" class=\"wp-image-15367 alignnone size-full\" \/><\/td>\n<td style=\"width: 89.4884%;\">SERVICE FORTEMENT PERTURBE<br \/>2 tramways sur 3 entre 6h00 et 11h00 et entre 16h30 et 20h30<br \/>HP 5-6 min - HC 8 min<\/td>\n<\/tr>\n<tr>\n<td style=\"width: 10.4186%; text-align: center;\"><img loading=\"lazy\" decoding=\"async\" src=\"https:\/\/www.horizonemployeur.fr\/wp2019\/wp-content\/uploads\/2022\/03\/tram_T3b_fc_RVB.svg\" width=\"40\" height=\"40\" alt=\"\" class=\"wp-image-15368 alignnone size-full\" \/><\/td>\n<td style=\"width: 89.4884%;\">SERVICE FORTEMENT PERTURBE<br \/>2 tramways sur 3 entre Porte de Pantin et Porte de Vincennes, entre 6h30 et 10h00 et entre 16h00 et 20h00<br \/>HP 6 min<\/td>\n<\/tr>\n<tr>\n<td style=\"width: 10.4186%; text-align: center;\"><img loading=\"lazy\" decoding=\"async\" src=\"https:\/\/www.horizonemployeur.fr\/wp2019\/wp-content\/uploads\/2022\/03\/tram_T5_fc_RVB.svg\" width=\"40\" height=\"40\" alt=\"\" class=\"wp-image-15369 alignnone size-full\" \/><\/td>\n<td style=\"width: 89.4884%;\">SERVICE FORTEMENT PERTURBE<br \/>1 tramway sur 2 entre 5h30 et 10h00 !<br \/>1 tramway toutes les 10 min en moyenne<\/td>\n<\/tr>\n<tr>\n<td style=\"width: 10.4186%; text-align: center;\"><img loading=\"lazy\" decoding=\"async\" src=\"https:\/\/www.horizonemployeur.fr\/wp2019\/wp-content\/uploads\/2022\/03\/tram_T6_fc_RVB.svg\" width=\"40\" height=\"40\" alt=\"\" class=\"wp-image-15315 alignnone size-full\" \/><\/td>\n<td style=\"width: 89.4884%;\">SERVICE FORTEMENT PERTURBE<br \/>1 tramway sur 2 entre 6h30 et 21h00<br \/>HP 10 min - HC 25 min<\/td>\n<\/tr>\n<tr>\n<td style=\"width: 10.4186%; text-align: center;\"><img loading=\"lazy\" decoding=\"async\" src=\"https:\/\/www.horizonemployeur.fr\/wp2019\/wp-content\/uploads\/2022\/03\/tram_T7_fc_RVB.svg\" width=\"40\" height=\"40\" alt=\"\" class=\"wp-image-15371 alignnone size-full\" \/><\/td>\n<td style=\"width: 89.4884%;\">SERVICE FORTEMENT PERTURBE<br \/>1 tramway sur 2 entre 6h30 et 12h00 et entre 15h30 et 22h30<br \/>1 tramway toutes les 14 min en moyenne<\/td>\n<\/tr>\n<tr>\n<td style=\"width: 10.4186%; text-align: center;\"><img loading=\"lazy\" decoding=\"async\" src=\"https:\/\/www.horizonemployeur.fr\/wp2019\/wp-content\/uploads\/2022\/03\/tram_T8_fc_RVB.svg\" width=\"40\" height=\"40\" alt=\"\" class=\"wp-image-15372 alignnone size-full\" \/><\/td>\n<td style=\"width: 89.4884%;\">AUCUN SERVICE<\/td>\n<\/tr>\n<\/tbody>\n<\/table>\n<\/div>\n<div>\n<p>&nbsp;<\/p>\n<\/div>\n<div>\n<h2><img loading=\"lazy\" decoding=\"async\" src=\"https:\/\/www.horizonemployeur.fr\/wp2019\/wp-content\/uploads\/2022\/03\/symbole_bus_fc_RVB.svg\" width=\"25\" height=\"25\" alt=\"\" class=\"wp-image-15312 alignnone size-full\" \/>\u00a0R\u00e9seau bus<\/h2>\n<p>Informations disponibles le jeudi 24 mars, 17 heures. En rouge, les donn\u00e9es disponibles vendredi 25 mars, 11 heures, pour l'heure de pointe du matin.<\/p>\n<div>\n<table border=\"1\" style=\"width: 100%; border-collapse: collapse;\">\n<tbody>\n<tr>\n<td style=\"width: 100px; text-align: center;\"><img loading=\"lazy\" decoding=\"async\" src=\"https:\/\/www.horizonemployeur.fr\/wp2019\/wp-content\/uploads\/2022\/03\/Picto_169.svg\" width=\"89\" height=\"40\" alt=\"\" class=\"wp-image-15380 alignnone size-full\" \/><\/td>\n<td>1 bus toutes les 29 min (heures de pointe)<br \/><span style=\"color: #ff0000;\">1 bus toutes les 40 min (heure de pointe du matin)<\/span><\/td>\n<\/tr>\n<tr>\n<td style=\"width: 100px; text-align: center;\"><img loading=\"lazy\" decoding=\"async\" src=\"https:\/\/www.horizonemployeur.fr\/wp2019\/wp-content\/uploads\/2022\/03\/Picto_171.svg\" width=\"89\" height=\"40\" alt=\"\" class=\"wp-image-15381 alignnone size-full\" \/><\/td>\n<td>1 bus toutes les 8 min (heures de pointe)<br \/><span style=\"color: #ff0000;\">1 bus toutes les 12 min (heure de pointe du matin)<\/span><\/td>\n<\/tr>\n<tr>\n<td style=\"width: 100px; text-align: center;\"><img loading=\"lazy\" decoding=\"async\" src=\"https:\/\/www.horizonemployeur.fr\/wp2019\/wp-content\/uploads\/2022\/03\/Picto_179.svg\" width=\"89\" height=\"40\" alt=\"\" class=\"wp-image-15337 alignnone size-full\" \/><\/td>\n<td>1 bus toutes les 18 min (heures de pointe)<br \/><span style=\"color: #ff0000;\">1 bus toutes les 13 min (heure de pointe du matin)<\/span><\/td>\n<\/tr>\n<tr>\n<td style=\"width: 100px; text-align: center;\"><img loading=\"lazy\" decoding=\"async\" src=\"https:\/\/www.horizonemployeur.fr\/wp2019\/wp-content\/uploads\/2022\/03\/Picto_189.svg\" width=\"89\" height=\"40\" alt=\"\" class=\"wp-image-15382 alignnone size-full\" \/><\/td>\n<td>1 bus toutes les 13 min (heures de pointe)<br \/><span style=\"color: #ff0000;\">1 bus toutes les 10 min (heure de pointe du matin)<\/span><\/td>\n<\/tr>\n<tr>\n<td style=\"width: 100px; text-align: center;\"><img loading=\"lazy\" decoding=\"async\" src=\"https:\/\/www.horizonemployeur.fr\/wp2019\/wp-content\/uploads\/2022\/03\/Picto_190.svg\" width=\"89\" height=\"40\" alt=\"\" class=\"wp-image-15383 alignnone size-full\" \/><\/td>\n<td>aucun service<\/td>\n<\/tr>\n<tr>\n<td style=\"width: 100px; text-align: center;\"><img loading=\"lazy\" decoding=\"async\" src=\"https:\/\/www.horizonemployeur.fr\/wp2019\/wp-content\/uploads\/2022\/03\/Picto_289.svg\" width=\"89\" height=\"40\" alt=\"\" class=\"wp-image-15384 alignnone size-full\" \/><\/td>\n<td>1 bus toutes les 23 min [matin] \/ 20 min [soir] (heures de pointe)<br \/><span style=\"color: #ff0000;\">1 bus toutes les 40 min (heure de pointe du matin)<\/span><\/td>\n<\/tr>\n<tr>\n<td style=\"width: 100px; text-align: center;\"><img loading=\"lazy\" decoding=\"async\" src=\"https:\/\/www.horizonemployeur.fr\/wp2019\/wp-content\/uploads\/2022\/03\/Picto_290.svg\" width=\"89\" height=\"40\" alt=\"\" class=\"wp-image-15385 alignnone size-full\" \/><\/td>\n<td>1 bus toutes les 30 min [matin] \/ 38 min [soir] (heures de pointe)<br \/><span style=\"color: #ff0000;\">1 bus toutes les 30 min (heure de pointe du matin)<\/span><\/td>\n<\/tr>\n<tr>\n<td style=\"width: 100px; text-align: center;\"><img loading=\"lazy\" decoding=\"async\" src=\"https:\/\/www.horizonemployeur.fr\/wp2019\/wp-content\/uploads\/2022\/03\/Picto_291.svg\" width=\"89\" height=\"40\" alt=\"\" class=\"wp-image-15338 alignnone size-full\" \/><\/td>\n<td>1 bus toutes les 8 min (heures de pointe)<br \/><span style=\"color: #ff0000;\">1 bus toutes les 11 min (heure de pointe du matin)<\/span><\/td>\n<\/tr>\n<tr>\n<td style=\"width: 100px; text-align: center;\"><img loading=\"lazy\" decoding=\"async\" src=\"https:\/\/www.horizonemployeur.fr\/wp2019\/wp-content\/uploads\/2022\/03\/Picto_379.svg\" width=\"89\" height=\"40\" alt=\"\" class=\"wp-image-15340 alignnone size-full\" \/><\/td>\n<td>aucun service<\/td>\n<\/tr>\n<tr>\n<td style=\"width: 100px; text-align: center;\"><img loading=\"lazy\" decoding=\"async\" src=\"https:\/\/www.horizonemployeur.fr\/wp2019\/wp-content\/uploads\/2022\/03\/Picto_389.svg\" width=\"89\" height=\"40\" alt=\"\" class=\"wp-image-15386 alignnone size-full\" \/><\/td>\n<td>1 bus toutes les 38 min (heures de pointe)<br \/><span style=\"color: #ff0000;\">service non assur\u00e9 (heure de pointe du matin)<\/span><\/td>\n<\/tr>\n<tr>\n<td style=\"width: 100px; text-align: center;\"><img loading=\"lazy\" decoding=\"async\" src=\"https:\/\/www.horizonemployeur.fr\/wp2019\/wp-content\/uploads\/2022\/03\/Picto_390.svg\" width=\"89\" height=\"40\" alt=\"\" class=\"wp-image-15341 alignnone size-full\" \/><\/td>\n<td>1 bus toutes les 30 min (heures de pointe)<br \/><span style=\"color: #ff0000;\">1 bus toutes les 36 min (heure de pointe du matin)<\/span><\/td>\n<\/tr>\n<\/tbody>\n<\/table>\n<\/div>\n<div>\n<p>\u00a0Pour les autres lignes : <a href=\"https:\/\/www.ratp.fr\/infos-trafic\/busratp\">https:\/\/www.ratp.fr\/infos-trafic\/busratp<\/a><\/p>\n<p>&nbsp;<\/p>\n<p>&nbsp;<\/p>\n<\/div>\n<\/div>\n<div>\n<p>&nbsp;<\/p>\n<\/div>\n<div>\n<p>&nbsp;<\/p>\n<\/div><\/div>\n\t\t\t<\/div>\n\t\t\t<\/div>\n\t\t\t\t\n\t\t\t\t\n\t\t\t\t\n\t\t\t\t\n\t\t\t<\/div>\n\t\t\t\t\n\t\t\t\t\n\t\t\t<\/div>\n","protected":false},"excerpt":{"rendered":"","protected":false},"author":1,"featured_media":0,"comment_status":"open","ping_status":"open","sticky":false,"template":"","format":"standard","meta":{"_acf_changed":false,"inline_featured_image":false,"_et_pb_use_builder":"on","_et_pb_old_content":"","_et_gb_content_width":"","footnotes":""},"categories":[6],"tags":[23],"dipi_cpt_category":[],"class_list":["post-15349","post","type-post","status-publish","format-standard","hentry","category-mobilite","tag-greve"],"acf":[],"dsm_author":{"name":"Association Horizon Employeur","avatar_url":"https:\/\/www.horizonemployeur.fr\/wp2019\/wp-content\/plugins\/ultimate-member\/assets\/img\/default_avatar.jpg","archive_link":"https:\/\/www.horizonemployeur.fr\/wp2019\/author\/horizonemployeur\/","biodata":""},"dsm_categories":[{"term_name":"Mobilit\u00e9","term_id":6,"term_link":"https:\/\/www.horizonemployeur.fr\/wp2019\/category\/mobilite\/"}],"dsm_attachment_categories":[],"dsm_featured_image":null,"_links":{"self":[{"href":"https:\/\/www.horizonemployeur.fr\/wp2019\/wp-json\/wp\/v2\/posts\/15349","targetHints":{"allow":["GET"]}}],"collection":[{"href":"https:\/\/www.horizonemployeur.fr\/wp2019\/wp-json\/wp\/v2\/posts"}],"about":[{"href":"https:\/\/www.horizonemployeur.fr\/wp2019\/wp-json\/wp\/v2\/types\/post"}],"author":[{"embeddable":true,"href":"https:\/\/www.horizonemployeur.fr\/wp2019\/wp-json\/wp\/v2\/users\/1"}],"replies":[{"embeddable":true,"href":"https:\/\/www.horizonemployeur.fr\/wp2019\/wp-json\/wp\/v2\/comments?post=15349"}],"version-history":[{"count":0,"href":"https:\/\/www.horizonemployeur.fr\/wp2019\/wp-json\/wp\/v2\/posts\/15349\/revisions"}],"wp:attachment":[{"href":"https:\/\/www.horizonemployeur.fr\/wp2019\/wp-json\/wp\/v2\/media?parent=15349"}],"wp:term":[{"taxonomy":"category","embeddable":true,"href":"https:\/\/www.horizonemployeur.fr\/wp2019\/wp-json\/wp\/v2\/categories?post=15349"},{"taxonomy":"post_tag","embeddable":true,"href":"https:\/\/www.horizonemployeur.fr\/wp2019\/wp-json\/wp\/v2\/tags?post=15349"},{"taxonomy":"dipi_cpt_category","embeddable":true,"href":"https:\/\/www.horizonemployeur.fr\/wp2019\/wp-json\/wp\/v2\/dipi_cpt_category?post=15349"}],"curies":[{"name":"wp","href":"https:\/\/api.w.org\/{rel}","templated":true}]}}