{"id":1021,"date":"2015-11-27T12:44:10","date_gmt":"2015-11-27T10:44:10","guid":{"rendered":"https:\/\/horizonmobi.wordpress.com\/?p=1021"},"modified":"2015-11-27T12:44:10","modified_gmt":"2015-11-27T10:44:10","slug":"questionnaire-sur-les-difficultes-structurelles-du-reseau-de-bus","status":"publish","type":"post","link":"https:\/\/www.horizonemployeur.fr\/wp2019\/2015\/11\/27\/questionnaire-sur-les-difficultes-structurelles-du-reseau-de-bus\/","title":{"rendered":"Questionnaire sur les difficult\u00e9s structurelles du r\u00e9seau de bus."},"content":{"rendered":"<p><a title=\"Enqu\u00eate des difficult\u00e9s rencontr\u00e9es dans les TC (3)\" href=\"http:\/\/www.horizonemployeur.fr\/wordpress\/wp-content\/uploads\/2015\/11\/enquc3aate-des-difficultc3a9s-rencontrc3a9es-dans-les-tc-3.docx\">Enqu\u00eate des difficult\u00e9s rencontr\u00e9es dans les TC<\/a><\/p>\n<p>Afin d&#8217;am\u00e9liorer la qualit\u00e9 du service, vous pouvez adresser aux autorit\u00e9s comp\u00e9tentes votre ressenti en tant qu&#8217;usager.<\/p>\n<p>Envoyez-nous le questionnaire compl\u00e9t\u00e9 \u00a0envoy\u00e9 \u00e0 :<\/p>\n<p>azorrilla@cci-paris-idf.fr<\/p>\n<p>Bernard.BAUR@3ds.com.<\/p>\n<p><img loading=\"lazy\" decoding=\"async\" class=\"alignnone size-full wp-image-1031\" src=\"http:\/\/www.horizonemployeur.fr\/wordpress\/wp-content\/uploads\/2015\/11\/citaro_phebus850.jpg\" alt=\"citaro_phebus850\" width=\"780\" height=\"585\" srcset=\"https:\/\/www.horizonemployeur.fr\/wp2019\/wp-content\/uploads\/2015\/11\/citaro_phebus850.jpg 780w, https:\/\/www.horizonemployeur.fr\/wp2019\/wp-content\/uploads\/2015\/11\/citaro_phebus850-300x225.jpg 300w, https:\/\/www.horizonemployeur.fr\/wp2019\/wp-content\/uploads\/2015\/11\/citaro_phebus850-768x576.jpg 768w, https:\/\/www.horizonemployeur.fr\/wp2019\/wp-content\/uploads\/2015\/11\/citaro_phebus850-510x382.jpg 510w\" sizes=\"(max-width: 780px) 100vw, 780px\" \/><\/p>\n","protected":false},"excerpt":{"rendered":"<p>Enqu\u00eate des difficult\u00e9s rencontr\u00e9es dans les TC Afin d&#8217;am\u00e9liorer la qualit\u00e9 du service, vous pouvez adresser aux autorit\u00e9s comp\u00e9tentes votre ressenti en tant qu&#8217;usager. Envoyez-nous le questionnaire compl\u00e9t\u00e9 \u00a0envoy\u00e9 \u00e0 : azorrilla@cci-paris-idf.fr Bernard.BAUR@3ds.com.<\/p>\n","protected":false},"author":17,"featured_media":0,"comment_status":"open","ping_status":"open","sticky":false,"template":"","format":"standard","meta":{"_acf_changed":false,"inline_featured_image":false,"footnotes":""},"categories":[12],"tags":[36],"dipi_cpt_category":[],"class_list":["post-1021","post","type-post","status-publish","format-standard","hentry","category-transports-en-commun","tag-transport-en-commun"],"acf":[],"dsm_author":{"name":"Andrea Zorrilla","avatar_url":"https:\/\/www.horizonemployeur.fr\/wp2019\/wp-content\/plugins\/ultimate-member\/assets\/img\/default_avatar.jpg","archive_link":"https:\/\/www.horizonemployeur.fr\/wp2019\/author\/azorrilla\/","biodata":""},"dsm_categories":[{"term_name":"Transports en Commun","term_id":12,"term_link":"https:\/\/www.horizonemployeur.fr\/wp2019\/category\/transports-en-commun\/"}],"dsm_attachment_categories":[],"dsm_featured_image":null,"_links":{"self":[{"href":"https:\/\/www.horizonemployeur.fr\/wp2019\/wp-json\/wp\/v2\/posts\/1021","targetHints":{"allow":["GET"]}}],"collection":[{"href":"https:\/\/www.horizonemployeur.fr\/wp2019\/wp-json\/wp\/v2\/posts"}],"about":[{"href":"https:\/\/www.horizonemployeur.fr\/wp2019\/wp-json\/wp\/v2\/types\/post"}],"author":[{"embeddable":true,"href":"https:\/\/www.horizonemployeur.fr\/wp2019\/wp-json\/wp\/v2\/users\/17"}],"replies":[{"embeddable":true,"href":"https:\/\/www.horizonemployeur.fr\/wp2019\/wp-json\/wp\/v2\/comments?post=1021"}],"version-history":[{"count":0,"href":"https:\/\/www.horizonemployeur.fr\/wp2019\/wp-json\/wp\/v2\/posts\/1021\/revisions"}],"wp:attachment":[{"href":"https:\/\/www.horizonemployeur.fr\/wp2019\/wp-json\/wp\/v2\/media?parent=1021"}],"wp:term":[{"taxonomy":"category","embeddable":true,"href":"https:\/\/www.horizonemployeur.fr\/wp2019\/wp-json\/wp\/v2\/categories?post=1021"},{"taxonomy":"post_tag","embeddable":true,"href":"https:\/\/www.horizonemployeur.fr\/wp2019\/wp-json\/wp\/v2\/tags?post=1021"},{"taxonomy":"dipi_cpt_category","embeddable":true,"href":"https:\/\/www.horizonemployeur.fr\/wp2019\/wp-json\/wp\/v2\/dipi_cpt_category?post=1021"}],"curies":[{"name":"wp","href":"https:\/\/api.w.org\/{rel}","templated":true}]}}