{"id":874,"date":"2015-10-30T17:39:35","date_gmt":"2015-10-30T15:39:35","guid":{"rendered":"https:\/\/horizonmobi.wordpress.com\/?p=874"},"modified":"2016-08-10T09:29:51","modified_gmt":"2016-08-10T07:29:51","slug":"sa-2016","status":"publish","type":"post","link":"https:\/\/www.horizonemployeur.fr\/wordpress\/2015\/10\/30\/sa-2016\/","title":{"rendered":"Les modifications des horaires SNCF pour l&rsquo;ann\u00e9e 2016"},"content":{"rendered":"<p>Traditionnellement, la nouvelle ann\u00e9e arrive toujours avec quelques jours d&rsquo;avance \u00e0 la SNCF. C&rsquo;est en effet le 2e dimanche de d\u00e9cembre qui marque l&rsquo;av\u00e8nement des horaires pour l&rsquo;ann\u00e9e qui suit. Et c&rsquo;est donc cette ann\u00e9e le 13 d\u00e9cembre que les horaires 2016 rentreront en service.<\/p>\n<p>Pour ce qui concerne notre secteur, un certain nombre de modifications apparaissent, sur les lignes L2 (Paris-St-Lazare &#8211; La D\u00e9fense &#8211; St-Cloud &#8211; Versailles-RD \/ St-Nom-la-Bret\u00e8che) et U (La Verri\u00e8re &#8211; Versailles-Chantiers &#8211; St-Cloud &#8211; La D\u00e9fense), mais aussi, dans une moindre mesure sur les lignes C (Paris &#8211; Versailles-Ch\u00e2teau-RG \/ Versailles-Chantiers &#8211; St-Quentin-en-Yvelines) et N (Paris-Montparnasse &#8211; Versailles-Chantiers &#8211; Rambouillet \/ Dreux \/ Mantes-la-Jolie).\u00a0<!--more--><\/p>\n<p>D&rsquo;autres modifications interviendront en Ile-de-France, notamment sur la ligne E (Haussmann-St-Lazare &#8211; Chelles \/ Tournan) avec l&rsquo;ouverture de la gare Rosa Parks dans le 19e arrondissement de Paris.<\/p>\n<ul>\n<li><a href=\"#l2-u\">les lignes L2 et U<\/a><\/li>\n<li><a href=\"#rer-c\">la ligne RER C<\/a><\/li>\n<li><a href=\"#n\">la ligne N<\/a><\/li>\n<li><a href=\"#rer-e\">la ligne RER E<\/a><\/li>\n<\/ul>\n<p>&nbsp;<\/p>\n<hr id=\"l2-u\" \/>\n<h1>Les lignes L2 et U<\/h1>\n<p>La principale modification se situe entre Paris-St-Lazare, La D\u00e9fense et St-Cloud. Les missions Paris &#8211; St-Cloud sont supprim\u00e9es, les gares correspondantes sont d\u00e9sormais desservies par des arr\u00eats des anciennes missions semi-directes.<\/p>\n<p>De plus, les trains de la ligne U desserviront d\u00e9sormais les gares de S\u00e8vres-Ville-d&rsquo;Avray et Chaville-Rive Droite. Jusqu&rsquo;\u00e0 maintenant, ces 2 gares \u00e9taient travers\u00e9es par les trains mais sans arr\u00eat.<\/p>\n<p>Le sch\u00e9ma suivant pr\u00e9sente les 3 missions de base de la desserte, 2 pour la ligne L2 (Paris-St-Lazare &#8211; Versailles-Rive Droite et Paris-St-Lazare &#8211; St-Nom-la-Bret\u00e8che) et 1 pour la ligne U (La D\u00e9fense &#8211; La Verri\u00e8re)<\/p>\n<p><a href=\"https:\/\/i0.wp.com\/www.horizonemployeur.fr\/wordpress\/wp-content\/uploads\/2015\/10\/lsud-nouveau-plan-de-ligne-2015.png\"><img data-attachment-id=\"885\" data-permalink=\"https:\/\/www.horizonemployeur.fr\/wordpress\/2015\/10\/30\/sa-2016\/lsud-nouveau-plan-de-ligne-2015\/\" data-orig-file=\"https:\/\/i0.wp.com\/www.horizonemployeur.fr\/wordpress\/wp-content\/uploads\/2015\/10\/lsud-nouveau-plan-de-ligne-2015.png?fit=716%2C189&amp;ssl=1\" data-orig-size=\"716,189\" data-comments-opened=\"1\" data-image-meta=\"{&quot;aperture&quot;:&quot;0&quot;,&quot;credit&quot;:&quot;&quot;,&quot;camera&quot;:&quot;&quot;,&quot;caption&quot;:&quot;&quot;,&quot;created_timestamp&quot;:&quot;0&quot;,&quot;copyright&quot;:&quot;&quot;,&quot;focal_length&quot;:&quot;0&quot;,&quot;iso&quot;:&quot;0&quot;,&quot;shutter_speed&quot;:&quot;0&quot;,&quot;title&quot;:&quot;&quot;,&quot;orientation&quot;:&quot;0&quot;}\" data-image-title=\"LSud &#8211; Nouveau-plan-de-ligne-2015\" data-image-description=\"\" data-image-caption=\"\" data-medium-file=\"https:\/\/i0.wp.com\/www.horizonemployeur.fr\/wordpress\/wp-content\/uploads\/2015\/10\/lsud-nouveau-plan-de-ligne-2015.png?fit=300%2C79&amp;ssl=1\" data-large-file=\"https:\/\/i0.wp.com\/www.horizonemployeur.fr\/wordpress\/wp-content\/uploads\/2015\/10\/lsud-nouveau-plan-de-ligne-2015.png?fit=700%2C185&amp;ssl=1\" decoding=\"async\" loading=\"lazy\" class=\"alignnone size-medium wp-image-885\" src=\"https:\/\/i0.wp.com\/www.horizonemployeur.fr\/wordpress\/wp-content\/uploads\/2015\/10\/lsud-nouveau-plan-de-ligne-2015.png?resize=300%2C79\" alt=\"LSud - Nouveau-plan-de-ligne-2015\" width=\"300\" height=\"79\" srcset=\"https:\/\/i0.wp.com\/www.horizonemployeur.fr\/wordpress\/wp-content\/uploads\/2015\/10\/lsud-nouveau-plan-de-ligne-2015.png?w=716&amp;ssl=1 716w, https:\/\/i0.wp.com\/www.horizonemployeur.fr\/wordpress\/wp-content\/uploads\/2015\/10\/lsud-nouveau-plan-de-ligne-2015.png?resize=300%2C79&amp;ssl=1 300w, https:\/\/i0.wp.com\/www.horizonemployeur.fr\/wordpress\/wp-content\/uploads\/2015\/10\/lsud-nouveau-plan-de-ligne-2015.png?resize=648%2C171&amp;ssl=1 648w, https:\/\/i0.wp.com\/www.horizonemployeur.fr\/wordpress\/wp-content\/uploads\/2015\/10\/lsud-nouveau-plan-de-ligne-2015.png?resize=583%2C154&amp;ssl=1 583w\" sizes=\"(max-width: 300px) 100vw, 300px\" data-recalc-dims=\"1\" \/><\/a><\/p>\n<p>On voit donc\u00a0les diff\u00e9rentes dessertes:<\/p>\n<ul>\n<li>mission Versailles-Rive Droite: toutes les gares de <strong>Paris-St-Lazare<\/strong> \u00e0 Asni\u00e8res, <strong>La D\u00e9fense<\/strong>, Suresnes, puis toutes les gares de <strong>St-Cloud<\/strong> \u00e0 Versailles-Rive Droite<\/li>\n<li>mission St-Nom-la-Bret\u00e8che: <strong>Paris-St-Lazare<\/strong>, toutes les gares de B\u00e9con-Les-Bruy\u00e8res \u00e0 <strong>La D\u00e9fense<\/strong>, Puteaux, Le Val d&rsquo;Or, puis toutes les gares de <strong>St-Cloud<\/strong> \u00e0\u00a0St-Nom-la-Bret\u00e8che<\/li>\n<li>mission La Verri\u00e8re: toutes les gares de <strong>La D\u00e9fense<\/strong>\u00a0\u00e0 Suresnes, toutes les gares de <strong>St-Cloud<\/strong> \u00e0 Chaville-Rive Droite, puis toutes les gares de Versailles-Chantiers \u00e0 La Verri\u00e8re<\/li>\n<\/ul>\n<p>En d\u00e9but et en fin de service, les missions de la ligne L2 sont omnibus.<\/p>\n<p><em>La mission La Verri\u00e8re ne dessert pas Viroflay: puisqu&rsquo;elle traverse la ville par le viaduc; les trains ne desservent aucune de ses 2 gares. Viroflay-Rive Droite, qui sera le terminus du tramway T6 \u00e0 partir du printemps 2016, ne sera desservie que par les missions Versailles-Rive Droite.<\/em><\/p>\n<p>En parall\u00e8le, Les fr\u00e9quences sont augment\u00e9es:<\/p>\n<table>\n<tbody>\n<tr>\n<th style=\"text-align:center;\">Mission<\/th>\n<th style=\"text-align:center;\">Fr\u00e9quence en pointe<\/th>\n<th style=\"text-align:center;\">Fr\u00e9quence en journ\u00e9e<\/th>\n<th style=\"text-align:center;\">Fr\u00e9quence en soir\u00e9e<\/th>\n<\/tr>\n<tr>\n<td style=\"text-align:center;\"><strong>Versailles-RD<\/strong><\/td>\n<td style=\"text-align:center;\">9 \u00e0 11 min<\/td>\n<td style=\"text-align:center;\">15 min<\/td>\n<td style=\"text-align:center;\">30 min<\/td>\n<\/tr>\n<tr>\n<td style=\"text-align:center;\"><strong>St-Nom-la-Bret\u00e8che<\/strong><\/td>\n<td style=\"text-align:center;\">9 \u00e0 11 min<\/td>\n<td style=\"text-align:center;\">15 min<\/td>\n<td style=\"text-align:center;\">30 min<\/td>\n<\/tr>\n<tr>\n<td style=\"text-align:center;\"><strong>La Verri\u00e8re<\/strong><\/td>\n<td style=\"text-align:center;\">15 min<\/td>\n<td style=\"text-align:center;\">30 min<\/td>\n<td style=\"text-align:center;\">60 min<\/td>\n<\/tr>\n<\/tbody>\n<\/table>\n<p>L&rsquo;intercalage de missions de la ligne L2 avec une fr\u00e9quence de 9 \u00e0 11 minutes en heure de pointe et de missions de la ligne U avec une fr\u00e9quence de 15 min rend la grille des horaires plus complexe que la pr\u00e9c\u00e9dente.<\/p>\n<p>Sauf erreur de mise en page, les horaires seront les suivants:\u00a0<a href=\"http:\/\/www.horizonemployeur.fr\/wordpress\/wp-content\/uploads\/2015\/10\/sa-2016-lignes-l2-u-1.pdf\">SA 2016 Lignes L2-U<\/a><\/p>\n<p>Vous pouvez ces horaires, ainsi que ceux du week-end, sur le site de Transilien:\u00a0<a href=\"http:\/\/www.transilien.com\/fichehoraire\/fichehoraire\/init\" target=\"_blank\">http:\/\/www.transilien.com\/fichehoraire\/fichehoraire\/init<\/a> en utilisant la \u00ab\u00a0fiche horaire personnalis\u00e9e\u00a0\u00bb <span style=\"text-decoration:underline;\">pour une date situ\u00e9e au-del\u00e0 du 13 d\u00e9cembre 2015<\/span>.<\/p>\n<p>&nbsp;<\/p>\n<hr id=\"rer-c\" \/>\n<h1>La ligne RER C<\/h1>\n<p>Les nouveaux horaires 2016\u00a0voient se mettre en place 3 trains suppl\u00e9mentaires entre Juvisy et Versailles-Ch\u00e2teau-Rive Gauche les dimanches et jours f\u00e9ri\u00e9s.<\/p>\n<p>Par ailleurs, certains travaux sur les parties parisiennes de la ligne seront d\u00e9sormais effectu\u00e9es en \u00ab\u00a0nuits longues\u00a0\u00bb. Les zones concern\u00e9es sont Javel &#8211; Austerlitz et Henri Martin &#8211; Austerlitz (soit la zone de travaux de Castor 2015). <span style=\"text-decoration:underline;\">Les nuits concern\u00e9es, les circulations seront interrompues \u00e0 partir de\u00a023 heures pour ne reprendre que le lendemain matin en d\u00e9but de service.<\/span><\/p>\n<p>En cons\u00e9quence, un certain nombre de nouveaux codes missions sont cr\u00e9\u00e9s \u00e0 compter de d\u00e9cembre 2015:<\/p>\n<p>&#8211;&gt;\u00a02\u00a0pour les missions ordinaires<\/p>\n<table>\n<tbody>\n<tr>\n<th style=\"text-align:center;\">MISSION<br \/>\n2015<\/th>\n<th style=\"text-align:center;\">MISSION<br \/>\n2016<\/th>\n<th style=\"text-align:center;\">TRAJET<\/th>\n<\/tr>\n<tr>\n<td style=\"text-align:center;\">DUFY<\/td>\n<td style=\"text-align:center;\"><strong>DYVI<\/strong><\/td>\n<td>de Chaville-V\u00e9lizy \u00e0 Dourdan<\/td>\n<\/tr>\n<tr>\n<td style=\"text-align:center;\">KUMA<\/td>\n<td style=\"text-align:center;\"><strong>KYVI<\/strong><\/td>\n<td>de Dourdan la For\u00eat \u00e0 Chaville-V\u00e9lizy<\/td>\n<\/tr>\n<\/tbody>\n<\/table>\n<p>&#8211;&gt; 8 pour\u00a0 certaines missions des soirs o\u00f9 les circulations dans Paris intramuros seront interrompues<\/p>\n<table>\n<tbody>\n<tr>\n<th style=\"text-align:center;\">Mission<br \/>\nhabituelle<\/th>\n<th style=\"text-align:center;\">Mission<br \/>\nmodifi\u00e9e<\/th>\n<th style=\"text-align:center;\">Trajet<\/th>\n<\/tr>\n<tr>\n<td style=\"text-align:center;\">ROMI<\/td>\n<td style=\"text-align:center;\"><strong>HOMI<\/strong><\/td>\n<td>de Montigny-Beauchamp \u00e0 Avenue Henri Martin<\/td>\n<\/tr>\n<tr>\n<td style=\"text-align:center;\">MONA<\/td>\n<td style=\"text-align:center;\"><strong>HONA<\/strong><\/td>\n<td>de Pontoise \u00e0 Avenue Henri Martin<\/td>\n<\/tr>\n<tr>\n<td style=\"text-align:center;\">ELBA<\/td>\n<td style=\"text-align:center;\"><strong>TOSO<\/strong><\/td>\n<td>de St-Quentin-en-Yvelines \u00e0 Javel<\/td>\n<\/tr>\n<tr>\n<td style=\"text-align:center;\">CIME<\/td>\n<td style=\"text-align:center;\"><strong>TOVO<\/strong><\/td>\n<td>de Versailles-Ch\u00e2teau-Rive Gauche \u00e0 Javel<\/td>\n<\/tr>\n<tr>\n<td style=\"text-align:center;\">SARA<\/td>\n<td style=\"text-align:center;\"><strong>ZARA<\/strong><\/td>\n<td>de St Martin d&rsquo;Etampes \u00e0 Paris-Austerlitz<\/td>\n<\/tr>\n<tr>\n<td style=\"text-align:center;\">VICK<\/td>\n<td style=\"text-align:center;\"><strong>ZICK<\/strong><\/td>\n<td>de Versailles-Chantiers \u00e0 Paris-Austerlitz [via Massy et Juvisy]<\/td>\n<\/tr>\n<tr>\n<td style=\"text-align:center;\">GOTA<\/td>\n<td style=\"text-align:center;\"><strong>ZOTA<\/strong><\/td>\n<td>de Massy-Palaiseau \u00e0 Paris-Austerlitz<\/td>\n<\/tr>\n<tr>\n<td style=\"text-align:center;\">LARA<\/td>\n<td style=\"text-align:center;\"><strong>ZERA<\/strong><\/td>\n<td>de Dourdan \u00e0 Paris-Austerlitz<\/td>\n<\/tr>\n<\/tbody>\n<\/table>\n<h2>Comprendre les codes missions<\/h2>\n<h3>Premi\u00e8re lettre<\/h3>\n<p>La premi\u00e8re lettre d\u00e9signe le terminus de la mission.<\/p>\n<table>\n<tbody>\n<tr>\n<th style=\"text-align:center;\">LETTRE<\/th>\n<th style=\"text-align:center;\">TERMINUS<\/th>\n<th style=\"text-align:center;\">LETTRE<\/th>\n<th style=\"text-align:center;\">TERMINUS<\/th>\n<\/tr>\n<tr>\n<td style=\"text-align:center;\"><strong>B<\/strong><\/td>\n<td>Br\u00e9tigny<\/td>\n<td style=\"text-align:center;\"><strong>L<\/strong><\/td>\n<td>Invalides<\/td>\n<\/tr>\n<tr>\n<td style=\"text-align:center;\"><strong>C<\/strong><\/td>\n<td>Versailles-Chantiers (par Massy)<\/td>\n<td style=\"text-align:center;\"><strong>M<\/strong><\/td>\n<td>Massy-Palaiseau<\/td>\n<\/tr>\n<tr>\n<td style=\"text-align:center;\"><strong>D<\/strong><\/td>\n<td>Dourdan \u00a0\/ Dourdan-la-For\u00eat<\/td>\n<td style=\"text-align:center;\"><strong>N<\/strong><\/td>\n<td>Pontoise<\/td>\n<\/tr>\n<tr>\n<td style=\"text-align:center;\"><strong>E<\/strong><\/td>\n<td>St-Martin-d&rsquo;Etampes<\/td>\n<td style=\"text-align:center;\"><strong>P<\/strong><\/td>\n<td>Pont du Garigliano<\/td>\n<\/tr>\n<tr>\n<td style=\"text-align:center;\"><strong>F<\/strong><\/td>\n<td>Biblioth\u00e8que Fran\u00e7ois Mitterrand (BFM)<\/td>\n<td style=\"text-align:center;\"><strong>R<\/strong><\/td>\n<td>Pont de Rungis<\/td>\n<\/tr>\n<tr>\n<td style=\"text-align:center;\"><strong>G<\/strong><\/td>\n<td>Montigny-Beauchamp<\/td>\n<td style=\"text-align:center;\"><strong>S<\/strong><\/td>\n<td>St-Quentin-en-Yvelines<\/td>\n<\/tr>\n<tr>\n<td style=\"text-align:center;\"><strong>H<\/strong><\/td>\n<td>Avenue Henri Martin<\/td>\n<td style=\"text-align:center;\"><strong>T<\/strong><\/td>\n<td>Javel<\/td>\n<\/tr>\n<tr>\n<td style=\"text-align:center;\"><strong>J<\/strong><\/td>\n<td>Juvisy<\/td>\n<td style=\"text-align:center;\"><strong>V<\/strong><\/td>\n<td>Versailles-Ch\u00e2teau-RG<\/td>\n<\/tr>\n<tr>\n<td style=\"text-align:center;\"><strong>K<\/strong><\/td>\n<td>Chaville-V\u00e9lizy<\/td>\n<td style=\"text-align:center;\"><strong>Z<\/strong><\/td>\n<td>Paris-Austerlitz (cette lettre a \u00e9t\u00e9 un \u00ab\u00a0A\u00a0\u00bb)<\/td>\n<\/tr>\n<\/tbody>\n<\/table>\n<h3>Deuxi\u00e8me lettre<\/h3>\n<p>La deuxi\u00e8me lettre caract\u00e9rise la desserte au sud de Paris<\/p>\n<table>\n<tbody>\n<tr>\n<th style=\"text-align:center;\">Lettre<\/th>\n<th style=\"text-align:center;\">TRAJET<\/th>\n<\/tr>\n<tr>\n<td style=\"text-align:center;\"><strong>Y<\/strong><\/td>\n<td>arr\u00eat \u00e0 Ivry-sur-Seine<\/td>\n<\/tr>\n<tr>\n<td style=\"text-align:center;\"><strong>I<\/strong><\/td>\n<td>direct de BFM \u00e0 Choisy-le-Roi<br \/>\n(sauf VITY et CITY qui desservent Vitry-sur-Seine)<\/td>\n<\/tr>\n<tr>\n<td style=\"text-align:center;\"><strong>A &#8211;\u00a0E &#8211;\u00a0L<\/strong><\/td>\n<td>direct entre BFM et Juvisy<\/td>\n<\/tr>\n<tr>\n<td style=\"text-align:center;\"><strong>U<\/strong><\/td>\n<td>direct entre BFM et Br\u00e9tigny avec arr\u00eat \u00e0 Choisy-le-Roi et Juvisy<\/td>\n<\/tr>\n<\/tbody>\n<\/table>\n<p><em>Ces informations proviennent d&rsquo;une documentation interne SNCF, rendue publique sur Twitter.<\/em><\/p>\n<p>&nbsp;<\/p>\n<hr id=\"n\" \/>\n<h1>La ligne N<\/h1>\n<p>Comme par ailleurs sur les lignes H (ouest de la banlieue Nord) et J (nord de la banlieue St-Lazare), les horaires des dimanches et jours f\u00e9ri\u00e9s seront d\u00e9sormais align\u00e9s sur ceux des samedis. Il en r\u00e9sultera la cr\u00e9ation de quelques trains suppl\u00e9mentaires les dimanches et jours f\u00e9ri\u00e9s.<\/p>\n<p>&nbsp;<\/p>\n<hr id=\"rer-e\" \/>\n<h1>La ligne RER E<\/h1>\n<p>Le 13 d\u00e9cembre marquera l&rsquo;ouverture d&rsquo;une nouvelle gare sur la ligne E: il s&rsquo;agit de la gare Rosa Parks (initialement connue sous le nom \u00ab\u00a0Evangile\u00a0\u00bb, en raison de la pr\u00e9sence d&rsquo;une rue \u00e9ponyme \u00e0 proximit\u00e9).<\/p>\n<p>A son ouverture, cette gare proposera une correspondance avec le tramway des Mar\u00e9chaux T3b (Porte de la Chapelle &#8211; Porte de Vincennes) et avec plusieurs lignes de bus.<\/p>\n<p><a href=\"https:\/\/i0.wp.com\/www.horizonemployeur.fr\/wordpress\/wp-content\/uploads\/2015\/10\/rosaparks1.jpg\"><img data-attachment-id=\"878\" data-permalink=\"https:\/\/www.horizonemployeur.fr\/wordpress\/rosaparks2-2\/\" data-orig-file=\"https:\/\/i0.wp.com\/www.horizonemployeur.fr\/wordpress\/wp-content\/uploads\/2015\/10\/rosaparks2-1.jpg?fit=920%2C350&amp;ssl=1\" data-orig-size=\"920,350\" data-comments-opened=\"1\" data-image-meta=\"{&quot;aperture&quot;:&quot;0&quot;,&quot;credit&quot;:&quot;&quot;,&quot;camera&quot;:&quot;&quot;,&quot;caption&quot;:&quot;&quot;,&quot;created_timestamp&quot;:&quot;0&quot;,&quot;copyright&quot;:&quot;&quot;,&quot;focal_length&quot;:&quot;0&quot;,&quot;iso&quot;:&quot;0&quot;,&quot;shutter_speed&quot;:&quot;0&quot;,&quot;title&quot;:&quot;&quot;,&quot;orientation&quot;:&quot;0&quot;}\" data-image-title=\"rosaparks2\" data-image-description=\"\" data-image-caption=\"\" data-medium-file=\"https:\/\/i0.wp.com\/www.horizonemployeur.fr\/wordpress\/wp-content\/uploads\/2015\/10\/rosaparks2-1.jpg?fit=300%2C114&amp;ssl=1\" data-large-file=\"https:\/\/i0.wp.com\/www.horizonemployeur.fr\/wordpress\/wp-content\/uploads\/2015\/10\/rosaparks2-1.jpg?fit=700%2C266&amp;ssl=1\" decoding=\"async\" loading=\"lazy\" class=\"alignnone size-medium wp-image-878\" src=\"https:\/\/i0.wp.com\/www.horizonemployeur.fr\/wordpress\/wp-content\/uploads\/2015\/10\/rosaparks1.jpg?resize=300%2C192\" alt=\"rosaparks1\" width=\"300\" height=\"192\" data-recalc-dims=\"1\" \/><img data-attachment-id=\"877\" data-permalink=\"https:\/\/www.horizonemployeur.fr\/wordpress\/2015\/10\/30\/sa-2016\/rosaparks2\/\" data-orig-file=\"https:\/\/i0.wp.com\/www.horizonemployeur.fr\/wordpress\/wp-content\/uploads\/2015\/10\/rosaparks2.jpg?fit=920%2C350&amp;ssl=1\" data-orig-size=\"920,350\" data-comments-opened=\"1\" data-image-meta=\"{&quot;aperture&quot;:&quot;0&quot;,&quot;credit&quot;:&quot;&quot;,&quot;camera&quot;:&quot;&quot;,&quot;caption&quot;:&quot;&quot;,&quot;created_timestamp&quot;:&quot;0&quot;,&quot;copyright&quot;:&quot;&quot;,&quot;focal_length&quot;:&quot;0&quot;,&quot;iso&quot;:&quot;0&quot;,&quot;shutter_speed&quot;:&quot;0&quot;,&quot;title&quot;:&quot;&quot;,&quot;orientation&quot;:&quot;0&quot;}\" data-image-title=\"rosaparks2\" data-image-description=\"\" data-image-caption=\"\" data-medium-file=\"https:\/\/i0.wp.com\/www.horizonemployeur.fr\/wordpress\/wp-content\/uploads\/2015\/10\/rosaparks2.jpg?fit=300%2C114&amp;ssl=1\" data-large-file=\"https:\/\/i0.wp.com\/www.horizonemployeur.fr\/wordpress\/wp-content\/uploads\/2015\/10\/rosaparks2.jpg?fit=700%2C266&amp;ssl=1\" decoding=\"async\" loading=\"lazy\" class=\"alignnone size-medium wp-image-877\" src=\"https:\/\/i0.wp.com\/www.horizonemployeur.fr\/wordpress\/wp-content\/uploads\/2015\/10\/rosaparks2.jpg?resize=300%2C114\" alt=\"rosaparks2\" width=\"300\" height=\"114\" srcset=\"https:\/\/i0.wp.com\/www.horizonemployeur.fr\/wordpress\/wp-content\/uploads\/2015\/10\/rosaparks2.jpg?w=920&amp;ssl=1 920w, https:\/\/i0.wp.com\/www.horizonemployeur.fr\/wordpress\/wp-content\/uploads\/2015\/10\/rosaparks2.jpg?resize=300%2C114&amp;ssl=1 300w, https:\/\/i0.wp.com\/www.horizonemployeur.fr\/wordpress\/wp-content\/uploads\/2015\/10\/rosaparks2.jpg?resize=768%2C292&amp;ssl=1 768w, https:\/\/i0.wp.com\/www.horizonemployeur.fr\/wordpress\/wp-content\/uploads\/2015\/10\/rosaparks2.jpg?resize=648%2C247&amp;ssl=1 648w, https:\/\/i0.wp.com\/www.horizonemployeur.fr\/wordpress\/wp-content\/uploads\/2015\/10\/rosaparks2.jpg?resize=505%2C192&amp;ssl=1 505w\" sizes=\"(max-width: 300px) 100vw, 300px\" data-recalc-dims=\"1\" \/><\/a><\/p>\n<p>Pour en savoir plus sur cette gare, consultez le site du projet:\u00a0<a href=\"http:\/\/garerosaparks.fr\/\" target=\"_blank\">http:\/\/garerosaparks.fr\/<\/a><\/p>\n<p>Cette gare RER, comme toutes celles situ\u00e9es dans Paris, sera desservie par tous les trains de la ligne. Les temps de parcours sont donc l\u00e9g\u00e8rement revus \u00e0 la hausse.<\/p>\n<p>Le nombre de rames \u00e0 2 niveaux \u00e9tant actuellement limit\u00e9 pour assurer le service, il a \u00e9t\u00e9 d\u00e9cid\u00e9 de compl\u00e9ter temporairement le parc par des rames \u00e0 un seul niveau de type \u00ab\u00a0Francilien\u00a0\u00bb (identiques \u00e0 celles qu&rsquo;on trouve en gare du Nord).<\/p>\n","protected":false},"excerpt":{"rendered":"<p>Traditionnellement, la nouvelle ann\u00e9e arrive toujours avec quelques jours d&rsquo;avance \u00e0 la SNCF. C&rsquo;est en effet le 2e dimanche de d\u00e9cembre qui marque l&rsquo;av\u00e8nement des horaires pour l&rsquo;ann\u00e9e qui suit. Et c&rsquo;est donc cette ann\u00e9e le 13 d\u00e9cembre que les horaires 2016 rentreront en service. Pour ce qui concerne notre secteur, un certain nombre de [&hellip;]<\/p>\n","protected":false},"author":1,"featured_media":0,"comment_status":"open","ping_status":"open","sticky":false,"template":"","format":"standard","meta":{"ngg_post_thumbnail":0,"jetpack_post_was_ever_published":false},"categories":[12],"tags":[22],"jetpack_featured_media_url":"","jetpack_sharing_enabled":true,"jetpack_shortlink":"https:\/\/wp.me\/p7AoJR-e6","jetpack-related-posts":[{"id":4665,"url":"https:\/\/www.horizonemployeur.fr\/wordpress\/2018\/05\/04\/trafic-05-06-05-2018\/","url_meta":{"origin":874,"position":0},"title":"Samedi 5 et dimanche 6 mai: pr\u00e9visions de trafic SNCF et RATP","date":"4 mai 2018","format":false,"excerpt":"Samedi 5 et dimanche 6 mai, les 2 premiers jours de relative accalmie apr\u00e8s les 2 journ\u00e9es rouges des jeudi 3 et vendredi 4 mai. Il faut cependant tenir compte de 2 chantiers (Montparnasse et Porte Maillot) qui commencent pour plusieurs jours, sans oublier de nombreuses coupures et modifications de\u2026","rel":"","context":"Dans &quot;Transports en Commun&quot;","img":{"alt_text":"","src":"https:\/\/i0.wp.com\/www.horizonemployeur.fr\/wordpress\/wp-content\/uploads\/2018\/04\/P1020200_1024x512d.jpg?fit=1024%2C512&ssl=1&resize=350%2C200","width":350,"height":200},"classes":[]},{"id":4671,"url":"https:\/\/www.horizonemployeur.fr\/wordpress\/2018\/05\/04\/trafic-07-13-05-2018\/","url_meta":{"origin":874,"position":1},"title":"Du lundi 7 au dimanche 13 mai 2018: pr\u00e9visions de trafic","date":"4 mai 2018","format":false,"excerpt":"La semaine du 7 au 13 mai sera une semaine atyp\u00eeque puisque, outre un week-end, elle comporte \u00e9galement 2 jours f\u00e9ri\u00e9s, l'armistice de 1945 le 8 mai et l'Ascension le 10 mai. SNCF et RATP en ont donc profit\u00e9 pour \"caser\" quelques importants chantiers. Mais cette semaine comportera \u00e9galement 3\u2026","rel":"","context":"Dans &quot;Transports en Commun&quot;","img":{"alt_text":"","src":"https:\/\/i0.wp.com\/www.horizonemployeur.fr\/wordpress\/wp-content\/uploads\/2018\/05\/P1050064_975d.jpg?fit=975%2C466&ssl=1&resize=350%2C200","width":350,"height":200},"classes":[]},{"id":5357,"url":"https:\/\/www.horizonemployeur.fr\/wordpress\/2018\/07\/09\/trafic-11-07-2018\/","url_meta":{"origin":874,"position":2},"title":"Mercredi 11 juillet 2018: pr\u00e9visions de trafic SNCF","date":"9 juillet 2018","format":false,"excerpt":"Ce mercredi 11 juillet sera marqu\u00e9 par un mouvement social affectant certaines lignes SNCF, en l'occurrence les lignes C, N et TER Paris-Chartres. L'appel \u00e0 la gr\u00e8ve concerne les aiguilleurs. (mise \u00e0 jour: lundi 9 juillet 15h40) Voici les pr\u00e9visions du mercredi 11 juillet pour ce qui concerne les lignes\u2026","rel":"","context":"Dans &quot;Transports en Commun&quot;","img":{"alt_text":"","src":"https:\/\/i0.wp.com\/www.horizonemployeur.fr\/wordpress\/wp-content\/uploads\/2018\/06\/P1080884_975d.jpg?fit=975%2C466&ssl=1&resize=350%2C200","width":350,"height":200},"classes":[]},{"id":5285,"url":"https:\/\/www.horizonemployeur.fr\/wordpress\/2018\/06\/28\/trafic-29-06-2018\/","url_meta":{"origin":874,"position":3},"title":"Vendredi 29 juin 2018: pr\u00e9visions de trafic SNCF","date":"28 juin 2018","format":false,"excerpt":"Vendredi 29 juin, on joue les arr\u00eats de jeu. Certaines lignes, soit les lignes C, E, J, L, N et U ainsi que TER\u00a0Paris-Chartres, sont touch\u00e9es par un mouvement local vendredi 29, avec un trafic allant de 1 train sur 2 \u00e0 9 trains sur 10. (mise \u00e0 jour:\u00a0 jeudi\u2026","rel":"","context":"Dans &quot;Transports en Commun&quot;","img":{"alt_text":"","src":"https:\/\/i0.wp.com\/www.horizonemployeur.fr\/wordpress\/wp-content\/uploads\/2018\/06\/P1150546_975d.jpg?fit=975%2C466&ssl=1&resize=350%2C200","width":350,"height":200},"classes":[]},{"id":5337,"url":"https:\/\/www.horizonemployeur.fr\/wordpress\/2018\/07\/05\/trafic-06-07-2018\/","url_meta":{"origin":874,"position":4},"title":"Vendredi 6 juillet 2018: pr\u00e9visions de trafic SNCF","date":"5 juillet 2018","format":false,"excerpt":"Comme cela avait \u00e9t\u00e9 annonc\u00e9 depuis un certain nombre de jours, les vendredi 6 et samedi 7 juillet sont les premiers jours de gr\u00e8ve de la saison SNCF d'\u00e9t\u00e9. Cependant, \u00e0 la diff\u00e9rence de la saison pr\u00e9c\u00e9dente: ce mouvement ne regroupe pas l'ensemble des organisations syndicales il ne fait pas\u2026","rel":"","context":"Dans &quot;Transports en Commun&quot;","img":{"alt_text":"","src":"https:\/\/i0.wp.com\/www.horizonemployeur.fr\/wordpress\/wp-content\/uploads\/2018\/06\/P1150499_975d.jpg?fit=975%2C466&ssl=1&resize=350%2C200","width":350,"height":200},"classes":[]},{"id":3305,"url":"https:\/\/www.horizonemployeur.fr\/wordpress\/2017\/08\/21\/horaires-septembre-2017\/","url_meta":{"origin":874,"position":5},"title":"Horaires de rentr\u00e9e 2017 dans les transports en commun","date":"21 ao\u00fbt 2017","format":false,"excerpt":"Traditionnellement, la seconde quinzaine d'ao\u00fbt marque le retour progressif aux services habituels dans les transports en commun (RER, trains, tramways, bus). Il s'agit bien d'un retour progressif puisque cette mise en place des horaires d'hiver s'effectue \u00e0 des dates diff\u00e9rentes suivant les transporteurs, voire suivant les lignes. Certaines fiches horaires\u2026","rel":"","context":"Dans &quot;Transports en Commun&quot;","img":{"alt_text":"","src":"","width":0,"height":0},"classes":[]}],"_links":{"self":[{"href":"https:\/\/www.horizonemployeur.fr\/wordpress\/wp-json\/wp\/v2\/posts\/874"}],"collection":[{"href":"https:\/\/www.horizonemployeur.fr\/wordpress\/wp-json\/wp\/v2\/posts"}],"about":[{"href":"https:\/\/www.horizonemployeur.fr\/wordpress\/wp-json\/wp\/v2\/types\/post"}],"author":[{"embeddable":true,"href":"https:\/\/www.horizonemployeur.fr\/wordpress\/wp-json\/wp\/v2\/users\/1"}],"replies":[{"embeddable":true,"href":"https:\/\/www.horizonemployeur.fr\/wordpress\/wp-json\/wp\/v2\/comments?post=874"}],"version-history":[{"count":1,"href":"https:\/\/www.horizonemployeur.fr\/wordpress\/wp-json\/wp\/v2\/posts\/874\/revisions"}],"predecessor-version":[{"id":2971,"href":"https:\/\/www.horizonemployeur.fr\/wordpress\/wp-json\/wp\/v2\/posts\/874\/revisions\/2971"}],"wp:attachment":[{"href":"https:\/\/www.horizonemployeur.fr\/wordpress\/wp-json\/wp\/v2\/media?parent=874"}],"wp:term":[{"taxonomy":"category","embeddable":true,"href":"https:\/\/www.horizonemployeur.fr\/wordpress\/wp-json\/wp\/v2\/categories?post=874"},{"taxonomy":"post_tag","embeddable":true,"href":"https:\/\/www.horizonemployeur.fr\/wordpress\/wp-json\/wp\/v2\/tags?post=874"}],"curies":[{"name":"wp","href":"https:\/\/api.w.org\/{rel}","templated":true}]}}