{"id":727,"date":"2015-09-22T11:36:27","date_gmt":"2015-09-22T09:36:27","guid":{"rendered":"https:\/\/horizonmobi.wordpress.com\/?p=727"},"modified":"2018-04-23T10:21:18","modified_gmt":"2018-04-23T08:21:18","slug":"tunnel-viroflay","status":"publish","type":"post","link":"https:\/\/www.horizonemployeur.fr\/wordpress\/2015\/09\/22\/tunnel-viroflay\/","title":{"rendered":"Le tunnel de Viroflay"},"content":{"rendered":"<p>Le tunnel de Viroflay, ouvrage de 1600 m de long, est le souterrain qui permettra au printemps 2016 au tramway T6 d&rsquo;atteindre, depuis son terminus actuel de V\u00e9lizy-Robert Wagner:<\/p>\n<ul>\n<li>la gare de Viroflay-Rive Gauche (correspondances RER C branches Versailles-Ch\u00e2teau et Versailles-Chantiers &#8211; St-Quentin-en-Yvelines et Transilien N Paris-Montparnasse &#8211; Versailles-Chantiers &#8211;&nbsp;&nbsp;Rambouillet \/ Plaisir &#8211; Mantes)<\/li>\n<li>puis la gare de Viroflay-Rive Droite (correspondance Transilien L Paris-St-Lazare &#8211; La D\u00e9fense &#8211; St-Cloud &#8211; Versailles-Rive Droite)<\/li>\n<\/ul>\n<p><!--more--><\/p>\n<figure id=\"attachment_728\" aria-describedby=\"caption-attachment-728\" style=\"width: 300px\" class=\"wp-caption alignnone\"><a href=\"https:\/\/i0.wp.com\/www.horizonemployeur.fr\/wordpress\/wp-content\/uploads\/2015\/09\/plan-du-tunnel-de-viroflay.png\"><img data-attachment-id=\"728\" data-permalink=\"https:\/\/www.horizonemployeur.fr\/wordpress\/2015\/09\/22\/tunnel-viroflay\/plan-du-tunnel-de-viroflay\/\" data-orig-file=\"https:\/\/i0.wp.com\/www.horizonemployeur.fr\/wordpress\/wp-content\/uploads\/2015\/09\/plan-du-tunnel-de-viroflay.png?fit=579%2C1077&amp;ssl=1\" data-orig-size=\"579,1077\" data-comments-opened=\"1\" data-image-meta=\"{&quot;aperture&quot;:&quot;0&quot;,&quot;credit&quot;:&quot;&quot;,&quot;camera&quot;:&quot;&quot;,&quot;caption&quot;:&quot;&quot;,&quot;created_timestamp&quot;:&quot;0&quot;,&quot;copyright&quot;:&quot;&quot;,&quot;focal_length&quot;:&quot;0&quot;,&quot;iso&quot;:&quot;0&quot;,&quot;shutter_speed&quot;:&quot;0&quot;,&quot;title&quot;:&quot;&quot;,&quot;orientation&quot;:&quot;0&quot;}\" data-image-title=\"Plan du tunnel de Viroflay\" data-image-description=\"\" data-image-caption=\"\" data-medium-file=\"https:\/\/i0.wp.com\/www.horizonemployeur.fr\/wordpress\/wp-content\/uploads\/2015\/09\/plan-du-tunnel-de-viroflay.png?fit=161%2C300&amp;ssl=1\" data-large-file=\"https:\/\/i0.wp.com\/www.horizonemployeur.fr\/wordpress\/wp-content\/uploads\/2015\/09\/plan-du-tunnel-de-viroflay.png?fit=551%2C1024&amp;ssl=1\" decoding=\"async\" loading=\"lazy\" class=\"wp-image-728\" src=\"https:\/\/i0.wp.com\/www.horizonemployeur.fr\/wordpress\/wp-content\/uploads\/2015\/09\/plan-du-tunnel-de-viroflay.png?resize=509%2C1077\" alt=\"Plan du tunnel de Viroflay\" width=\"509\" height=\"1077\"  data-recalc-dims=\"1\"><\/a><figcaption id=\"caption-attachment-728\" class=\"wp-caption-text\">Plan du tunnel (document d\u00e9partement des Yvelines et entreprises)<\/figcaption><\/figure>\n<figure id=\"attachment_729\" aria-describedby=\"caption-attachment-729\" style=\"width: 300px\" class=\"wp-caption alignnone\"><a href=\"https:\/\/i0.wp.com\/www.horizonemployeur.fr\/wordpress\/wp-content\/uploads\/2015\/09\/coupe-du-tunnel-de-viroflay.png\"><img data-attachment-id=\"729\" data-permalink=\"https:\/\/www.horizonemployeur.fr\/wordpress\/coupe-du-tunnel-de-viroflay\/\" data-orig-file=\"https:\/\/i0.wp.com\/www.horizonemployeur.fr\/wordpress\/wp-content\/uploads\/2015\/09\/coupe-du-tunnel-de-viroflay.png?fit=707%2C436&amp;ssl=1\" data-orig-size=\"707,436\" data-comments-opened=\"1\" data-image-meta=\"{&quot;aperture&quot;:&quot;0&quot;,&quot;credit&quot;:&quot;&quot;,&quot;camera&quot;:&quot;&quot;,&quot;caption&quot;:&quot;&quot;,&quot;created_timestamp&quot;:&quot;0&quot;,&quot;copyright&quot;:&quot;&quot;,&quot;focal_length&quot;:&quot;0&quot;,&quot;iso&quot;:&quot;0&quot;,&quot;shutter_speed&quot;:&quot;0&quot;,&quot;title&quot;:&quot;&quot;,&quot;orientation&quot;:&quot;0&quot;}\" data-image-title=\"Coupe du tunnel de Viroflay\" data-image-description=\"\" data-image-caption=\"\" data-medium-file=\"https:\/\/i0.wp.com\/www.horizonemployeur.fr\/wordpress\/wp-content\/uploads\/2015\/09\/coupe-du-tunnel-de-viroflay.png?fit=300%2C185&amp;ssl=1\" data-large-file=\"https:\/\/i0.wp.com\/www.horizonemployeur.fr\/wordpress\/wp-content\/uploads\/2015\/09\/coupe-du-tunnel-de-viroflay.png?fit=700%2C432&amp;ssl=1\" decoding=\"async\" loading=\"lazy\" class=\"wp-image-729 size-medium\" src=\"https:\/\/i0.wp.com\/www.horizonemployeur.fr\/wordpress\/wp-content\/uploads\/2015\/09\/coupe-du-tunnel-de-viroflay.png?resize=300%2C185\" alt=\"Coupe du tunnel de Viroflay\" width=\"300\" height=\"185\" srcset=\"https:\/\/i0.wp.com\/www.horizonemployeur.fr\/wordpress\/wp-content\/uploads\/2015\/09\/coupe-du-tunnel-de-viroflay.png?w=707&amp;ssl=1 707w, https:\/\/i0.wp.com\/www.horizonemployeur.fr\/wordpress\/wp-content\/uploads\/2015\/09\/coupe-du-tunnel-de-viroflay.png?resize=300%2C185&amp;ssl=1 300w, https:\/\/i0.wp.com\/www.horizonemployeur.fr\/wordpress\/wp-content\/uploads\/2015\/09\/coupe-du-tunnel-de-viroflay.png?resize=648%2C400&amp;ssl=1 648w, https:\/\/i0.wp.com\/www.horizonemployeur.fr\/wordpress\/wp-content\/uploads\/2015\/09\/coupe-du-tunnel-de-viroflay.png?resize=311%2C192&amp;ssl=1 311w\" sizes=\"(max-width: 300px) 100vw, 300px\" data-recalc-dims=\"1\" \/><\/a><figcaption id=\"caption-attachment-729\" class=\"wp-caption-text\">Coupe du tunnel du nord vers le sud (document d\u00e9partement des Yvelines et entreprises)<\/figcaption><\/figure>\n<p>Alors que l&rsquo;installation et la mise sous tension des lignes a\u00e9riennes de contact est en cours et que les tramways doivent commencer leurs essais d&rsquo;ici la fin du mois de septembre, la RATP, avec le d\u00e9partement des Yvelines, organisait des visites du tunnel \u00e0 l&rsquo;occasion des Journ\u00e9es Europ\u00e9ennes du Patrimoine, les 19 et 20 septembre. C&rsquo;\u00e9tait une occasion unique de d\u00e9couvrir ce tunnel en le parcourant \u00e0 pied, de l&rsquo;entr\u00e9e en for\u00eat de Meudon jusqu&rsquo;\u00e0 la gare de Viroflay-Rive Gauche.<\/p>\n<h1>Etape 1 &#8211; la c\u00f4te de Chaville<\/h1>\n<p>Une distance de 600 m est \u00e0 parcourir \u00e0 l&rsquo;air libre entre le carrefour du Jumelage et l&rsquo;entr\u00e9e du tunnel. La pente atteint par endroits 10 %. La plus grande partie de la zone de chantier est d&rsquo;ores et d\u00e9j\u00e0 rebois\u00e9e (10 000 arbres), la surface restante, \u00e0 l&#8217;emplacement de la base travaux, suivra.<\/p>\n<p><a href=\"https:\/\/i0.wp.com\/www.horizonemployeur.fr\/wordpress\/wp-content\/uploads\/2015\/09\/p1090440.jpg\"><img data-attachment-id=\"738\" data-permalink=\"https:\/\/www.horizonemployeur.fr\/wordpress\/p1090440\/\" data-orig-file=\"https:\/\/i0.wp.com\/www.horizonemployeur.fr\/wordpress\/wp-content\/uploads\/2015\/09\/p1090440.jpg?fit=800%2C600&amp;ssl=1\" data-orig-size=\"800,600\" data-comments-opened=\"1\" data-image-meta=\"{&quot;aperture&quot;:&quot;0&quot;,&quot;credit&quot;:&quot;&quot;,&quot;camera&quot;:&quot;&quot;,&quot;caption&quot;:&quot;&quot;,&quot;created_timestamp&quot;:&quot;0&quot;,&quot;copyright&quot;:&quot;&quot;,&quot;focal_length&quot;:&quot;0&quot;,&quot;iso&quot;:&quot;0&quot;,&quot;shutter_speed&quot;:&quot;0&quot;,&quot;title&quot;:&quot;&quot;,&quot;orientation&quot;:&quot;0&quot;}\" data-image-title=\"P1090440\" data-image-description=\"\" data-image-caption=\"\" data-medium-file=\"https:\/\/i0.wp.com\/www.horizonemployeur.fr\/wordpress\/wp-content\/uploads\/2015\/09\/p1090440.jpg?fit=300%2C225&amp;ssl=1\" data-large-file=\"https:\/\/i0.wp.com\/www.horizonemployeur.fr\/wordpress\/wp-content\/uploads\/2015\/09\/p1090440.jpg?fit=700%2C525&amp;ssl=1\" decoding=\"async\" loading=\"lazy\" class=\"alignnone size-medium wp-image-738\" src=\"https:\/\/i0.wp.com\/www.horizonemployeur.fr\/wordpress\/wp-content\/uploads\/2015\/09\/p1090440.jpg?resize=300%2C225\" alt=\"P1090440\" width=\"300\" height=\"225\" srcset=\"https:\/\/i0.wp.com\/www.horizonemployeur.fr\/wordpress\/wp-content\/uploads\/2015\/09\/p1090440.jpg?w=800&amp;ssl=1 800w, https:\/\/i0.wp.com\/www.horizonemployeur.fr\/wordpress\/wp-content\/uploads\/2015\/09\/p1090440.jpg?resize=300%2C225&amp;ssl=1 300w, https:\/\/i0.wp.com\/www.horizonemployeur.fr\/wordpress\/wp-content\/uploads\/2015\/09\/p1090440.jpg?resize=768%2C576&amp;ssl=1 768w, https:\/\/i0.wp.com\/www.horizonemployeur.fr\/wordpress\/wp-content\/uploads\/2015\/09\/p1090440.jpg?resize=648%2C486&amp;ssl=1 648w, https:\/\/i0.wp.com\/www.horizonemployeur.fr\/wordpress\/wp-content\/uploads\/2015\/09\/p1090440.jpg?resize=256%2C192&amp;ssl=1 256w\" sizes=\"(max-width: 300px) 100vw, 300px\" data-recalc-dims=\"1\" \/><\/a> <a href=\"https:\/\/i0.wp.com\/www.horizonemployeur.fr\/wordpress\/wp-content\/uploads\/2015\/09\/p1090442.jpg\"><img data-attachment-id=\"739\" data-permalink=\"https:\/\/www.horizonemployeur.fr\/wordpress\/p1090442\/\" data-orig-file=\"https:\/\/i0.wp.com\/www.horizonemployeur.fr\/wordpress\/wp-content\/uploads\/2015\/09\/p1090442.jpg?fit=800%2C600&amp;ssl=1\" data-orig-size=\"800,600\" data-comments-opened=\"1\" data-image-meta=\"{&quot;aperture&quot;:&quot;0&quot;,&quot;credit&quot;:&quot;&quot;,&quot;camera&quot;:&quot;&quot;,&quot;caption&quot;:&quot;&quot;,&quot;created_timestamp&quot;:&quot;0&quot;,&quot;copyright&quot;:&quot;&quot;,&quot;focal_length&quot;:&quot;0&quot;,&quot;iso&quot;:&quot;0&quot;,&quot;shutter_speed&quot;:&quot;0&quot;,&quot;title&quot;:&quot;&quot;,&quot;orientation&quot;:&quot;0&quot;}\" data-image-title=\"P1090442\" data-image-description=\"\" data-image-caption=\"\" data-medium-file=\"https:\/\/i0.wp.com\/www.horizonemployeur.fr\/wordpress\/wp-content\/uploads\/2015\/09\/p1090442.jpg?fit=300%2C225&amp;ssl=1\" data-large-file=\"https:\/\/i0.wp.com\/www.horizonemployeur.fr\/wordpress\/wp-content\/uploads\/2015\/09\/p1090442.jpg?fit=700%2C525&amp;ssl=1\" decoding=\"async\" loading=\"lazy\" class=\"alignnone size-medium wp-image-739\" src=\"https:\/\/i0.wp.com\/www.horizonemployeur.fr\/wordpress\/wp-content\/uploads\/2015\/09\/p1090442.jpg?resize=300%2C225\" alt=\"P1090442\" width=\"300\" height=\"225\" srcset=\"https:\/\/i0.wp.com\/www.horizonemployeur.fr\/wordpress\/wp-content\/uploads\/2015\/09\/p1090442.jpg?w=800&amp;ssl=1 800w, https:\/\/i0.wp.com\/www.horizonemployeur.fr\/wordpress\/wp-content\/uploads\/2015\/09\/p1090442.jpg?resize=300%2C225&amp;ssl=1 300w, https:\/\/i0.wp.com\/www.horizonemployeur.fr\/wordpress\/wp-content\/uploads\/2015\/09\/p1090442.jpg?resize=768%2C576&amp;ssl=1 768w, https:\/\/i0.wp.com\/www.horizonemployeur.fr\/wordpress\/wp-content\/uploads\/2015\/09\/p1090442.jpg?resize=648%2C486&amp;ssl=1 648w, https:\/\/i0.wp.com\/www.horizonemployeur.fr\/wordpress\/wp-content\/uploads\/2015\/09\/p1090442.jpg?resize=256%2C192&amp;ssl=1 256w\" sizes=\"(max-width: 300px) 100vw, 300px\" data-recalc-dims=\"1\" \/><\/a> <a href=\"https:\/\/i0.wp.com\/www.horizonemployeur.fr\/wordpress\/wp-content\/uploads\/2015\/09\/p1090443.jpg\"><img data-attachment-id=\"740\" data-permalink=\"https:\/\/www.horizonemployeur.fr\/wordpress\/p1090443\/\" data-orig-file=\"https:\/\/i0.wp.com\/www.horizonemployeur.fr\/wordpress\/wp-content\/uploads\/2015\/09\/p1090443.jpg?fit=800%2C600&amp;ssl=1\" data-orig-size=\"800,600\" data-comments-opened=\"1\" data-image-meta=\"{&quot;aperture&quot;:&quot;0&quot;,&quot;credit&quot;:&quot;&quot;,&quot;camera&quot;:&quot;&quot;,&quot;caption&quot;:&quot;&quot;,&quot;created_timestamp&quot;:&quot;0&quot;,&quot;copyright&quot;:&quot;&quot;,&quot;focal_length&quot;:&quot;0&quot;,&quot;iso&quot;:&quot;0&quot;,&quot;shutter_speed&quot;:&quot;0&quot;,&quot;title&quot;:&quot;&quot;,&quot;orientation&quot;:&quot;0&quot;}\" data-image-title=\"P1090443\" data-image-description=\"\" data-image-caption=\"\" data-medium-file=\"https:\/\/i0.wp.com\/www.horizonemployeur.fr\/wordpress\/wp-content\/uploads\/2015\/09\/p1090443.jpg?fit=300%2C225&amp;ssl=1\" data-large-file=\"https:\/\/i0.wp.com\/www.horizonemployeur.fr\/wordpress\/wp-content\/uploads\/2015\/09\/p1090443.jpg?fit=700%2C525&amp;ssl=1\" decoding=\"async\" loading=\"lazy\" class=\"alignnone size-medium wp-image-740\" src=\"https:\/\/i0.wp.com\/www.horizonemployeur.fr\/wordpress\/wp-content\/uploads\/2015\/09\/p1090443.jpg?resize=300%2C225\" alt=\"P1090443\" width=\"300\" height=\"225\" srcset=\"https:\/\/i0.wp.com\/www.horizonemployeur.fr\/wordpress\/wp-content\/uploads\/2015\/09\/p1090443.jpg?w=800&amp;ssl=1 800w, https:\/\/i0.wp.com\/www.horizonemployeur.fr\/wordpress\/wp-content\/uploads\/2015\/09\/p1090443.jpg?resize=300%2C225&amp;ssl=1 300w, https:\/\/i0.wp.com\/www.horizonemployeur.fr\/wordpress\/wp-content\/uploads\/2015\/09\/p1090443.jpg?resize=768%2C576&amp;ssl=1 768w, https:\/\/i0.wp.com\/www.horizonemployeur.fr\/wordpress\/wp-content\/uploads\/2015\/09\/p1090443.jpg?resize=648%2C486&amp;ssl=1 648w, https:\/\/i0.wp.com\/www.horizonemployeur.fr\/wordpress\/wp-content\/uploads\/2015\/09\/p1090443.jpg?resize=256%2C192&amp;ssl=1 256w\" sizes=\"(max-width: 300px) 100vw, 300px\" data-recalc-dims=\"1\" \/><\/a> <a href=\"https:\/\/i0.wp.com\/www.horizonemployeur.fr\/wordpress\/wp-content\/uploads\/2015\/09\/p1090444.jpg\"><img data-attachment-id=\"741\" data-permalink=\"https:\/\/www.horizonemployeur.fr\/wordpress\/p1090444\/\" data-orig-file=\"https:\/\/i0.wp.com\/www.horizonemployeur.fr\/wordpress\/wp-content\/uploads\/2015\/09\/p1090444.jpg?fit=800%2C600&amp;ssl=1\" data-orig-size=\"800,600\" data-comments-opened=\"1\" data-image-meta=\"{&quot;aperture&quot;:&quot;0&quot;,&quot;credit&quot;:&quot;&quot;,&quot;camera&quot;:&quot;&quot;,&quot;caption&quot;:&quot;&quot;,&quot;created_timestamp&quot;:&quot;0&quot;,&quot;copyright&quot;:&quot;&quot;,&quot;focal_length&quot;:&quot;0&quot;,&quot;iso&quot;:&quot;0&quot;,&quot;shutter_speed&quot;:&quot;0&quot;,&quot;title&quot;:&quot;&quot;,&quot;orientation&quot;:&quot;0&quot;}\" data-image-title=\"P1090444\" data-image-description=\"\" data-image-caption=\"\" data-medium-file=\"https:\/\/i0.wp.com\/www.horizonemployeur.fr\/wordpress\/wp-content\/uploads\/2015\/09\/p1090444.jpg?fit=300%2C225&amp;ssl=1\" data-large-file=\"https:\/\/i0.wp.com\/www.horizonemployeur.fr\/wordpress\/wp-content\/uploads\/2015\/09\/p1090444.jpg?fit=700%2C525&amp;ssl=1\" decoding=\"async\" loading=\"lazy\" class=\"alignnone size-medium wp-image-741\" src=\"https:\/\/i0.wp.com\/www.horizonemployeur.fr\/wordpress\/wp-content\/uploads\/2015\/09\/p1090444.jpg?resize=300%2C225\" alt=\"P1090444\" width=\"300\" height=\"225\" srcset=\"https:\/\/i0.wp.com\/www.horizonemployeur.fr\/wordpress\/wp-content\/uploads\/2015\/09\/p1090444.jpg?w=800&amp;ssl=1 800w, https:\/\/i0.wp.com\/www.horizonemployeur.fr\/wordpress\/wp-content\/uploads\/2015\/09\/p1090444.jpg?resize=300%2C225&amp;ssl=1 300w, https:\/\/i0.wp.com\/www.horizonemployeur.fr\/wordpress\/wp-content\/uploads\/2015\/09\/p1090444.jpg?resize=768%2C576&amp;ssl=1 768w, https:\/\/i0.wp.com\/www.horizonemployeur.fr\/wordpress\/wp-content\/uploads\/2015\/09\/p1090444.jpg?resize=648%2C486&amp;ssl=1 648w, https:\/\/i0.wp.com\/www.horizonemployeur.fr\/wordpress\/wp-content\/uploads\/2015\/09\/p1090444.jpg?resize=256%2C192&amp;ssl=1 256w\" sizes=\"(max-width: 300px) 100vw, 300px\" data-recalc-dims=\"1\" \/><\/a> <a href=\"https:\/\/i0.wp.com\/www.horizonemployeur.fr\/wordpress\/wp-content\/uploads\/2015\/09\/p1090447.jpg\"><img data-attachment-id=\"742\" data-permalink=\"https:\/\/www.horizonemployeur.fr\/wordpress\/p1090447\/\" data-orig-file=\"https:\/\/i0.wp.com\/www.horizonemployeur.fr\/wordpress\/wp-content\/uploads\/2015\/09\/p1090447.jpg?fit=800%2C600&amp;ssl=1\" data-orig-size=\"800,600\" data-comments-opened=\"1\" data-image-meta=\"{&quot;aperture&quot;:&quot;0&quot;,&quot;credit&quot;:&quot;&quot;,&quot;camera&quot;:&quot;&quot;,&quot;caption&quot;:&quot;&quot;,&quot;created_timestamp&quot;:&quot;0&quot;,&quot;copyright&quot;:&quot;&quot;,&quot;focal_length&quot;:&quot;0&quot;,&quot;iso&quot;:&quot;0&quot;,&quot;shutter_speed&quot;:&quot;0&quot;,&quot;title&quot;:&quot;&quot;,&quot;orientation&quot;:&quot;0&quot;}\" data-image-title=\"P1090447\" data-image-description=\"\" data-image-caption=\"\" data-medium-file=\"https:\/\/i0.wp.com\/www.horizonemployeur.fr\/wordpress\/wp-content\/uploads\/2015\/09\/p1090447.jpg?fit=300%2C225&amp;ssl=1\" data-large-file=\"https:\/\/i0.wp.com\/www.horizonemployeur.fr\/wordpress\/wp-content\/uploads\/2015\/09\/p1090447.jpg?fit=700%2C525&amp;ssl=1\" decoding=\"async\" loading=\"lazy\" class=\"alignnone size-medium wp-image-742\" src=\"https:\/\/i0.wp.com\/www.horizonemployeur.fr\/wordpress\/wp-content\/uploads\/2015\/09\/p1090447.jpg?resize=300%2C225\" alt=\"P1090447\" width=\"300\" height=\"225\" srcset=\"https:\/\/i0.wp.com\/www.horizonemployeur.fr\/wordpress\/wp-content\/uploads\/2015\/09\/p1090447.jpg?w=800&amp;ssl=1 800w, https:\/\/i0.wp.com\/www.horizonemployeur.fr\/wordpress\/wp-content\/uploads\/2015\/09\/p1090447.jpg?resize=300%2C225&amp;ssl=1 300w, https:\/\/i0.wp.com\/www.horizonemployeur.fr\/wordpress\/wp-content\/uploads\/2015\/09\/p1090447.jpg?resize=768%2C576&amp;ssl=1 768w, https:\/\/i0.wp.com\/www.horizonemployeur.fr\/wordpress\/wp-content\/uploads\/2015\/09\/p1090447.jpg?resize=648%2C486&amp;ssl=1 648w, https:\/\/i0.wp.com\/www.horizonemployeur.fr\/wordpress\/wp-content\/uploads\/2015\/09\/p1090447.jpg?resize=256%2C192&amp;ssl=1 256w\" sizes=\"(max-width: 300px) 100vw, 300px\" data-recalc-dims=\"1\" \/><\/a><\/p>\n<p><a href=\"https:\/\/i0.wp.com\/www.horizonemployeur.fr\/wordpress\/wp-content\/uploads\/2015\/09\/p1020590.jpg\"><img data-attachment-id=\"744\" data-permalink=\"https:\/\/www.horizonemployeur.fr\/wordpress\/p1020590\/\" data-orig-file=\"https:\/\/i0.wp.com\/www.horizonemployeur.fr\/wordpress\/wp-content\/uploads\/2015\/09\/p1020590.jpg?fit=533%2C800&amp;ssl=1\" data-orig-size=\"533,800\" data-comments-opened=\"1\" data-image-meta=\"{&quot;aperture&quot;:&quot;0&quot;,&quot;credit&quot;:&quot;&quot;,&quot;camera&quot;:&quot;&quot;,&quot;caption&quot;:&quot;&quot;,&quot;created_timestamp&quot;:&quot;0&quot;,&quot;copyright&quot;:&quot;&quot;,&quot;focal_length&quot;:&quot;0&quot;,&quot;iso&quot;:&quot;0&quot;,&quot;shutter_speed&quot;:&quot;0&quot;,&quot;title&quot;:&quot;&quot;,&quot;orientation&quot;:&quot;1&quot;}\" data-image-title=\"P1020590\" data-image-description=\"\" data-image-caption=\"\" data-medium-file=\"https:\/\/i0.wp.com\/www.horizonemployeur.fr\/wordpress\/wp-content\/uploads\/2015\/09\/p1020590.jpg?fit=200%2C300&amp;ssl=1\" data-large-file=\"https:\/\/i0.wp.com\/www.horizonemployeur.fr\/wordpress\/wp-content\/uploads\/2015\/09\/p1020590.jpg?fit=533%2C800&amp;ssl=1\" decoding=\"async\" loading=\"lazy\" class=\"alignnone size-medium wp-image-744\" src=\"https:\/\/i0.wp.com\/www.horizonemployeur.fr\/wordpress\/wp-content\/uploads\/2015\/09\/p1020590.jpg?resize=200%2C300\" alt=\"P1020590\" width=\"200\" height=\"300\" srcset=\"https:\/\/i0.wp.com\/www.horizonemployeur.fr\/wordpress\/wp-content\/uploads\/2015\/09\/p1020590.jpg?w=533&amp;ssl=1 533w, https:\/\/i0.wp.com\/www.horizonemployeur.fr\/wordpress\/wp-content\/uploads\/2015\/09\/p1020590.jpg?resize=200%2C300&amp;ssl=1 200w, https:\/\/i0.wp.com\/www.horizonemployeur.fr\/wordpress\/wp-content\/uploads\/2015\/09\/p1020590.jpg?resize=128%2C192&amp;ssl=1 128w\" sizes=\"(max-width: 200px) 100vw, 200px\" data-recalc-dims=\"1\" \/><img data-attachment-id=\"743\" data-permalink=\"https:\/\/www.horizonemployeur.fr\/wordpress\/p1020588\/\" data-orig-file=\"https:\/\/i0.wp.com\/www.horizonemployeur.fr\/wordpress\/wp-content\/uploads\/2015\/09\/p1020588.jpg?fit=533%2C800&amp;ssl=1\" data-orig-size=\"533,800\" data-comments-opened=\"1\" data-image-meta=\"{&quot;aperture&quot;:&quot;0&quot;,&quot;credit&quot;:&quot;&quot;,&quot;camera&quot;:&quot;&quot;,&quot;caption&quot;:&quot;&quot;,&quot;created_timestamp&quot;:&quot;0&quot;,&quot;copyright&quot;:&quot;&quot;,&quot;focal_length&quot;:&quot;0&quot;,&quot;iso&quot;:&quot;0&quot;,&quot;shutter_speed&quot;:&quot;0&quot;,&quot;title&quot;:&quot;&quot;,&quot;orientation&quot;:&quot;1&quot;}\" data-image-title=\"P1020588\" data-image-description=\"\" data-image-caption=\"\" data-medium-file=\"https:\/\/i0.wp.com\/www.horizonemployeur.fr\/wordpress\/wp-content\/uploads\/2015\/09\/p1020588.jpg?fit=200%2C300&amp;ssl=1\" data-large-file=\"https:\/\/i0.wp.com\/www.horizonemployeur.fr\/wordpress\/wp-content\/uploads\/2015\/09\/p1020588.jpg?fit=533%2C800&amp;ssl=1\" decoding=\"async\" loading=\"lazy\" class=\"alignnone size-medium wp-image-743\" src=\"https:\/\/i0.wp.com\/www.horizonemployeur.fr\/wordpress\/wp-content\/uploads\/2015\/09\/p1020588.jpg?resize=200%2C300\" alt=\"P1020588\" width=\"200\" height=\"300\" srcset=\"https:\/\/i0.wp.com\/www.horizonemployeur.fr\/wordpress\/wp-content\/uploads\/2015\/09\/p1020588.jpg?w=533&amp;ssl=1 533w, https:\/\/i0.wp.com\/www.horizonemployeur.fr\/wordpress\/wp-content\/uploads\/2015\/09\/p1020588.jpg?resize=200%2C300&amp;ssl=1 200w, https:\/\/i0.wp.com\/www.horizonemployeur.fr\/wordpress\/wp-content\/uploads\/2015\/09\/p1020588.jpg?resize=128%2C192&amp;ssl=1 128w\" sizes=\"(max-width: 200px) 100vw, 200px\" data-recalc-dims=\"1\" \/><\/a><\/p>\n<h1>Etape 2 &#8211; la t\u00eate du tunnel<\/h1>\n<p>Apr\u00e8s une petite partie en section rectangulaire qui permet le passage de la chauss\u00e9e montante de la RD 53, le tunnel proprement dit, \u00e0 section circulaire, commence.<\/p>\n<p><a href=\"https:\/\/i0.wp.com\/www.horizonemployeur.fr\/wordpress\/wp-content\/uploads\/2015\/09\/p1020591.jpg\"><img data-attachment-id=\"748\" data-permalink=\"https:\/\/www.horizonemployeur.fr\/wordpress\/p1020591\/\" data-orig-file=\"https:\/\/i0.wp.com\/www.horizonemployeur.fr\/wordpress\/wp-content\/uploads\/2015\/09\/p1020591.jpg?fit=800%2C533&amp;ssl=1\" data-orig-size=\"800,533\" data-comments-opened=\"1\" data-image-meta=\"{&quot;aperture&quot;:&quot;0&quot;,&quot;credit&quot;:&quot;&quot;,&quot;camera&quot;:&quot;&quot;,&quot;caption&quot;:&quot;&quot;,&quot;created_timestamp&quot;:&quot;0&quot;,&quot;copyright&quot;:&quot;&quot;,&quot;focal_length&quot;:&quot;0&quot;,&quot;iso&quot;:&quot;0&quot;,&quot;shutter_speed&quot;:&quot;0&quot;,&quot;title&quot;:&quot;&quot;,&quot;orientation&quot;:&quot;0&quot;}\" data-image-title=\"P1020591\" data-image-description=\"\" data-image-caption=\"\" data-medium-file=\"https:\/\/i0.wp.com\/www.horizonemployeur.fr\/wordpress\/wp-content\/uploads\/2015\/09\/p1020591.jpg?fit=300%2C200&amp;ssl=1\" data-large-file=\"https:\/\/i0.wp.com\/www.horizonemployeur.fr\/wordpress\/wp-content\/uploads\/2015\/09\/p1020591.jpg?fit=700%2C466&amp;ssl=1\" decoding=\"async\" loading=\"lazy\" class=\"alignnone size-medium wp-image-748\" src=\"https:\/\/i0.wp.com\/www.horizonemployeur.fr\/wordpress\/wp-content\/uploads\/2015\/09\/p1020591.jpg?resize=300%2C200\" alt=\"P1020591\" width=\"300\" height=\"200\" srcset=\"https:\/\/i0.wp.com\/www.horizonemployeur.fr\/wordpress\/wp-content\/uploads\/2015\/09\/p1020591.jpg?w=800&amp;ssl=1 800w, https:\/\/i0.wp.com\/www.horizonemployeur.fr\/wordpress\/wp-content\/uploads\/2015\/09\/p1020591.jpg?resize=300%2C200&amp;ssl=1 300w, https:\/\/i0.wp.com\/www.horizonemployeur.fr\/wordpress\/wp-content\/uploads\/2015\/09\/p1020591.jpg?resize=768%2C512&amp;ssl=1 768w, https:\/\/i0.wp.com\/www.horizonemployeur.fr\/wordpress\/wp-content\/uploads\/2015\/09\/p1020591.jpg?resize=648%2C432&amp;ssl=1 648w, https:\/\/i0.wp.com\/www.horizonemployeur.fr\/wordpress\/wp-content\/uploads\/2015\/09\/p1020591.jpg?resize=288%2C192&amp;ssl=1 288w\" sizes=\"(max-width: 300px) 100vw, 300px\" data-recalc-dims=\"1\" \/><img data-attachment-id=\"747\" data-permalink=\"https:\/\/www.horizonemployeur.fr\/wordpress\/p1020589\/\" data-orig-file=\"https:\/\/i0.wp.com\/www.horizonemployeur.fr\/wordpress\/wp-content\/uploads\/2015\/09\/p1020589.jpg?fit=800%2C533&amp;ssl=1\" data-orig-size=\"800,533\" data-comments-opened=\"1\" data-image-meta=\"{&quot;aperture&quot;:&quot;0&quot;,&quot;credit&quot;:&quot;&quot;,&quot;camera&quot;:&quot;&quot;,&quot;caption&quot;:&quot;&quot;,&quot;created_timestamp&quot;:&quot;0&quot;,&quot;copyright&quot;:&quot;&quot;,&quot;focal_length&quot;:&quot;0&quot;,&quot;iso&quot;:&quot;0&quot;,&quot;shutter_speed&quot;:&quot;0&quot;,&quot;title&quot;:&quot;&quot;,&quot;orientation&quot;:&quot;0&quot;}\" data-image-title=\"P1020589\" data-image-description=\"\" data-image-caption=\"\" data-medium-file=\"https:\/\/i0.wp.com\/www.horizonemployeur.fr\/wordpress\/wp-content\/uploads\/2015\/09\/p1020589.jpg?fit=300%2C200&amp;ssl=1\" data-large-file=\"https:\/\/i0.wp.com\/www.horizonemployeur.fr\/wordpress\/wp-content\/uploads\/2015\/09\/p1020589.jpg?fit=700%2C466&amp;ssl=1\" decoding=\"async\" loading=\"lazy\" class=\"alignnone size-medium wp-image-747\" src=\"https:\/\/i0.wp.com\/www.horizonemployeur.fr\/wordpress\/wp-content\/uploads\/2015\/09\/p1020589.jpg?resize=300%2C200\" alt=\"P1020589\" width=\"300\" height=\"200\" srcset=\"https:\/\/i0.wp.com\/www.horizonemployeur.fr\/wordpress\/wp-content\/uploads\/2015\/09\/p1020589.jpg?w=800&amp;ssl=1 800w, https:\/\/i0.wp.com\/www.horizonemployeur.fr\/wordpress\/wp-content\/uploads\/2015\/09\/p1020589.jpg?resize=300%2C200&amp;ssl=1 300w, https:\/\/i0.wp.com\/www.horizonemployeur.fr\/wordpress\/wp-content\/uploads\/2015\/09\/p1020589.jpg?resize=768%2C512&amp;ssl=1 768w, https:\/\/i0.wp.com\/www.horizonemployeur.fr\/wordpress\/wp-content\/uploads\/2015\/09\/p1020589.jpg?resize=648%2C432&amp;ssl=1 648w, https:\/\/i0.wp.com\/www.horizonemployeur.fr\/wordpress\/wp-content\/uploads\/2015\/09\/p1020589.jpg?resize=288%2C192&amp;ssl=1 288w\" sizes=\"(max-width: 300px) 100vw, 300px\" data-recalc-dims=\"1\" \/><img data-attachment-id=\"745\" data-permalink=\"https:\/\/www.horizonemployeur.fr\/wordpress\/p1020597\/\" data-orig-file=\"https:\/\/i0.wp.com\/www.horizonemployeur.fr\/wordpress\/wp-content\/uploads\/2015\/09\/p1020597.jpg?fit=800%2C533&amp;ssl=1\" data-orig-size=\"800,533\" data-comments-opened=\"1\" data-image-meta=\"{&quot;aperture&quot;:&quot;0&quot;,&quot;credit&quot;:&quot;&quot;,&quot;camera&quot;:&quot;&quot;,&quot;caption&quot;:&quot;&quot;,&quot;created_timestamp&quot;:&quot;0&quot;,&quot;copyright&quot;:&quot;&quot;,&quot;focal_length&quot;:&quot;0&quot;,&quot;iso&quot;:&quot;0&quot;,&quot;shutter_speed&quot;:&quot;0&quot;,&quot;title&quot;:&quot;&quot;,&quot;orientation&quot;:&quot;0&quot;}\" data-image-title=\"P1020597\" data-image-description=\"\" data-image-caption=\"\" data-medium-file=\"https:\/\/i0.wp.com\/www.horizonemployeur.fr\/wordpress\/wp-content\/uploads\/2015\/09\/p1020597.jpg?fit=300%2C200&amp;ssl=1\" data-large-file=\"https:\/\/i0.wp.com\/www.horizonemployeur.fr\/wordpress\/wp-content\/uploads\/2015\/09\/p1020597.jpg?fit=700%2C466&amp;ssl=1\" decoding=\"async\" loading=\"lazy\" class=\"alignnone size-medium wp-image-745\" src=\"https:\/\/i0.wp.com\/www.horizonemployeur.fr\/wordpress\/wp-content\/uploads\/2015\/09\/p1020597.jpg?resize=300%2C200\" alt=\"P1020597\" width=\"300\" height=\"200\" srcset=\"https:\/\/i0.wp.com\/www.horizonemployeur.fr\/wordpress\/wp-content\/uploads\/2015\/09\/p1020597.jpg?w=800&amp;ssl=1 800w, https:\/\/i0.wp.com\/www.horizonemployeur.fr\/wordpress\/wp-content\/uploads\/2015\/09\/p1020597.jpg?resize=300%2C200&amp;ssl=1 300w, https:\/\/i0.wp.com\/www.horizonemployeur.fr\/wordpress\/wp-content\/uploads\/2015\/09\/p1020597.jpg?resize=768%2C512&amp;ssl=1 768w, https:\/\/i0.wp.com\/www.horizonemployeur.fr\/wordpress\/wp-content\/uploads\/2015\/09\/p1020597.jpg?resize=648%2C432&amp;ssl=1 648w, https:\/\/i0.wp.com\/www.horizonemployeur.fr\/wordpress\/wp-content\/uploads\/2015\/09\/p1020597.jpg?resize=288%2C192&amp;ssl=1 288w\" sizes=\"(max-width: 300px) 100vw, 300px\" data-recalc-dims=\"1\" \/><img data-attachment-id=\"746\" data-permalink=\"https:\/\/www.horizonemployeur.fr\/wordpress\/p1020662\/\" data-orig-file=\"https:\/\/i0.wp.com\/www.horizonemployeur.fr\/wordpress\/wp-content\/uploads\/2015\/09\/p1020662.jpg?fit=800%2C533&amp;ssl=1\" data-orig-size=\"800,533\" data-comments-opened=\"1\" data-image-meta=\"{&quot;aperture&quot;:&quot;0&quot;,&quot;credit&quot;:&quot;&quot;,&quot;camera&quot;:&quot;&quot;,&quot;caption&quot;:&quot;&quot;,&quot;created_timestamp&quot;:&quot;0&quot;,&quot;copyright&quot;:&quot;&quot;,&quot;focal_length&quot;:&quot;0&quot;,&quot;iso&quot;:&quot;0&quot;,&quot;shutter_speed&quot;:&quot;0&quot;,&quot;title&quot;:&quot;&quot;,&quot;orientation&quot;:&quot;0&quot;}\" data-image-title=\"P1020662\" data-image-description=\"\" data-image-caption=\"\" data-medium-file=\"https:\/\/i0.wp.com\/www.horizonemployeur.fr\/wordpress\/wp-content\/uploads\/2015\/09\/p1020662.jpg?fit=300%2C200&amp;ssl=1\" data-large-file=\"https:\/\/i0.wp.com\/www.horizonemployeur.fr\/wordpress\/wp-content\/uploads\/2015\/09\/p1020662.jpg?fit=700%2C466&amp;ssl=1\" decoding=\"async\" loading=\"lazy\" class=\"alignnone size-medium wp-image-746\" src=\"https:\/\/i0.wp.com\/www.horizonemployeur.fr\/wordpress\/wp-content\/uploads\/2015\/09\/p1020662.jpg?resize=300%2C200\" alt=\"P1020662\" width=\"300\" height=\"200\" srcset=\"https:\/\/i0.wp.com\/www.horizonemployeur.fr\/wordpress\/wp-content\/uploads\/2015\/09\/p1020662.jpg?w=800&amp;ssl=1 800w, https:\/\/i0.wp.com\/www.horizonemployeur.fr\/wordpress\/wp-content\/uploads\/2015\/09\/p1020662.jpg?resize=300%2C200&amp;ssl=1 300w, https:\/\/i0.wp.com\/www.horizonemployeur.fr\/wordpress\/wp-content\/uploads\/2015\/09\/p1020662.jpg?resize=768%2C512&amp;ssl=1 768w, https:\/\/i0.wp.com\/www.horizonemployeur.fr\/wordpress\/wp-content\/uploads\/2015\/09\/p1020662.jpg?resize=648%2C432&amp;ssl=1 648w, https:\/\/i0.wp.com\/www.horizonemployeur.fr\/wordpress\/wp-content\/uploads\/2015\/09\/p1020662.jpg?resize=288%2C192&amp;ssl=1 288w\" sizes=\"(max-width: 300px) 100vw, 300px\" data-recalc-dims=\"1\" \/><\/a><\/p>\n<p>C&rsquo;est parti, direction Viroflay-Rive Gauche. Il y a un peu de chemin:<\/p>\n<p><a href=\"https:\/\/i0.wp.com\/www.horizonemployeur.fr\/wordpress\/wp-content\/uploads\/2015\/09\/p1020598.jpg\"><img data-attachment-id=\"762\" data-permalink=\"https:\/\/www.horizonemployeur.fr\/wordpress\/p1020598\/\" data-orig-file=\"https:\/\/i0.wp.com\/www.horizonemployeur.fr\/wordpress\/wp-content\/uploads\/2015\/09\/p1020598.jpg?fit=800%2C533&amp;ssl=1\" data-orig-size=\"800,533\" data-comments-opened=\"1\" data-image-meta=\"{&quot;aperture&quot;:&quot;0&quot;,&quot;credit&quot;:&quot;&quot;,&quot;camera&quot;:&quot;&quot;,&quot;caption&quot;:&quot;&quot;,&quot;created_timestamp&quot;:&quot;0&quot;,&quot;copyright&quot;:&quot;&quot;,&quot;focal_length&quot;:&quot;0&quot;,&quot;iso&quot;:&quot;0&quot;,&quot;shutter_speed&quot;:&quot;0&quot;,&quot;title&quot;:&quot;&quot;,&quot;orientation&quot;:&quot;0&quot;}\" data-image-title=\"P1020598\" data-image-description=\"\" data-image-caption=\"\" data-medium-file=\"https:\/\/i0.wp.com\/www.horizonemployeur.fr\/wordpress\/wp-content\/uploads\/2015\/09\/p1020598.jpg?fit=300%2C200&amp;ssl=1\" data-large-file=\"https:\/\/i0.wp.com\/www.horizonemployeur.fr\/wordpress\/wp-content\/uploads\/2015\/09\/p1020598.jpg?fit=700%2C466&amp;ssl=1\" decoding=\"async\" loading=\"lazy\" class=\"alignnone size-medium wp-image-762\" src=\"https:\/\/i0.wp.com\/www.horizonemployeur.fr\/wordpress\/wp-content\/uploads\/2015\/09\/p1020598.jpg?resize=300%2C200\" alt=\"P1020598\" width=\"300\" height=\"200\" srcset=\"https:\/\/i0.wp.com\/www.horizonemployeur.fr\/wordpress\/wp-content\/uploads\/2015\/09\/p1020598.jpg?w=800&amp;ssl=1 800w, https:\/\/i0.wp.com\/www.horizonemployeur.fr\/wordpress\/wp-content\/uploads\/2015\/09\/p1020598.jpg?resize=300%2C200&amp;ssl=1 300w, https:\/\/i0.wp.com\/www.horizonemployeur.fr\/wordpress\/wp-content\/uploads\/2015\/09\/p1020598.jpg?resize=768%2C512&amp;ssl=1 768w, https:\/\/i0.wp.com\/www.horizonemployeur.fr\/wordpress\/wp-content\/uploads\/2015\/09\/p1020598.jpg?resize=648%2C432&amp;ssl=1 648w, https:\/\/i0.wp.com\/www.horizonemployeur.fr\/wordpress\/wp-content\/uploads\/2015\/09\/p1020598.jpg?resize=288%2C192&amp;ssl=1 288w\" sizes=\"(max-width: 300px) 100vw, 300px\" data-recalc-dims=\"1\" \/><\/a><\/p>\n<h1>Etape 3&nbsp;&#8211; la partie courante du tunnel<\/h1>\n<p>Le tunnel a \u00e9t\u00e9 for\u00e9 en 10 mois environ \u00e0 l&rsquo;aide d&rsquo;un tunnelier, d&rsquo;o\u00f9 sa section circulaire. La plateforme a \u00e9t\u00e9 cr\u00e9\u00e9e en suite en comblant la partie basse du tunnel.<\/p>\n<p><a href=\"https:\/\/i0.wp.com\/www.horizonemployeur.fr\/wordpress\/wp-content\/uploads\/2015\/09\/p1020595.jpg\"><img data-attachment-id=\"749\" data-permalink=\"https:\/\/www.horizonemployeur.fr\/wordpress\/p1020595\/\" data-orig-file=\"https:\/\/i0.wp.com\/www.horizonemployeur.fr\/wordpress\/wp-content\/uploads\/2015\/09\/p1020595.jpg?fit=533%2C800&amp;ssl=1\" data-orig-size=\"533,800\" data-comments-opened=\"1\" data-image-meta=\"{&quot;aperture&quot;:&quot;0&quot;,&quot;credit&quot;:&quot;&quot;,&quot;camera&quot;:&quot;&quot;,&quot;caption&quot;:&quot;&quot;,&quot;created_timestamp&quot;:&quot;0&quot;,&quot;copyright&quot;:&quot;&quot;,&quot;focal_length&quot;:&quot;0&quot;,&quot;iso&quot;:&quot;0&quot;,&quot;shutter_speed&quot;:&quot;0&quot;,&quot;title&quot;:&quot;&quot;,&quot;orientation&quot;:&quot;1&quot;}\" data-image-title=\"P1020595\" data-image-description=\"\" data-image-caption=\"\" data-medium-file=\"https:\/\/i0.wp.com\/www.horizonemployeur.fr\/wordpress\/wp-content\/uploads\/2015\/09\/p1020595.jpg?fit=200%2C300&amp;ssl=1\" data-large-file=\"https:\/\/i0.wp.com\/www.horizonemployeur.fr\/wordpress\/wp-content\/uploads\/2015\/09\/p1020595.jpg?fit=533%2C800&amp;ssl=1\" decoding=\"async\" loading=\"lazy\" class=\"alignnone size-medium wp-image-749\" src=\"https:\/\/i0.wp.com\/www.horizonemployeur.fr\/wordpress\/wp-content\/uploads\/2015\/09\/p1020595.jpg?resize=200%2C300\" alt=\"P1020595\" width=\"200\" height=\"300\" srcset=\"https:\/\/i0.wp.com\/www.horizonemployeur.fr\/wordpress\/wp-content\/uploads\/2015\/09\/p1020595.jpg?w=533&amp;ssl=1 533w, https:\/\/i0.wp.com\/www.horizonemployeur.fr\/wordpress\/wp-content\/uploads\/2015\/09\/p1020595.jpg?resize=200%2C300&amp;ssl=1 200w, https:\/\/i0.wp.com\/www.horizonemployeur.fr\/wordpress\/wp-content\/uploads\/2015\/09\/p1020595.jpg?resize=128%2C192&amp;ssl=1 128w\" sizes=\"(max-width: 200px) 100vw, 200px\" data-recalc-dims=\"1\" \/><\/a><a href=\"https:\/\/i0.wp.com\/www.horizonemployeur.fr\/wordpress\/wp-content\/uploads\/2015\/09\/p1020600.jpg\"><img data-attachment-id=\"750\" data-permalink=\"https:\/\/www.horizonemployeur.fr\/wordpress\/p1020600\/\" data-orig-file=\"https:\/\/i0.wp.com\/www.horizonemployeur.fr\/wordpress\/wp-content\/uploads\/2015\/09\/p1020600.jpg?fit=800%2C533&amp;ssl=1\" data-orig-size=\"800,533\" data-comments-opened=\"1\" data-image-meta=\"{&quot;aperture&quot;:&quot;0&quot;,&quot;credit&quot;:&quot;&quot;,&quot;camera&quot;:&quot;&quot;,&quot;caption&quot;:&quot;&quot;,&quot;created_timestamp&quot;:&quot;0&quot;,&quot;copyright&quot;:&quot;&quot;,&quot;focal_length&quot;:&quot;0&quot;,&quot;iso&quot;:&quot;0&quot;,&quot;shutter_speed&quot;:&quot;0&quot;,&quot;title&quot;:&quot;&quot;,&quot;orientation&quot;:&quot;0&quot;}\" data-image-title=\"P1020600\" data-image-description=\"\" data-image-caption=\"\" data-medium-file=\"https:\/\/i0.wp.com\/www.horizonemployeur.fr\/wordpress\/wp-content\/uploads\/2015\/09\/p1020600.jpg?fit=300%2C200&amp;ssl=1\" data-large-file=\"https:\/\/i0.wp.com\/www.horizonemployeur.fr\/wordpress\/wp-content\/uploads\/2015\/09\/p1020600.jpg?fit=700%2C466&amp;ssl=1\" decoding=\"async\" loading=\"lazy\" class=\"alignnone size-medium wp-image-750\" src=\"https:\/\/i0.wp.com\/www.horizonemployeur.fr\/wordpress\/wp-content\/uploads\/2015\/09\/p1020600.jpg?resize=300%2C200\" alt=\"P1020600\" width=\"300\" height=\"200\" srcset=\"https:\/\/i0.wp.com\/www.horizonemployeur.fr\/wordpress\/wp-content\/uploads\/2015\/09\/p1020600.jpg?w=800&amp;ssl=1 800w, https:\/\/i0.wp.com\/www.horizonemployeur.fr\/wordpress\/wp-content\/uploads\/2015\/09\/p1020600.jpg?resize=300%2C200&amp;ssl=1 300w, https:\/\/i0.wp.com\/www.horizonemployeur.fr\/wordpress\/wp-content\/uploads\/2015\/09\/p1020600.jpg?resize=768%2C512&amp;ssl=1 768w, https:\/\/i0.wp.com\/www.horizonemployeur.fr\/wordpress\/wp-content\/uploads\/2015\/09\/p1020600.jpg?resize=648%2C432&amp;ssl=1 648w, https:\/\/i0.wp.com\/www.horizonemployeur.fr\/wordpress\/wp-content\/uploads\/2015\/09\/p1020600.jpg?resize=288%2C192&amp;ssl=1 288w\" sizes=\"(max-width: 300px) 100vw, 300px\" data-recalc-dims=\"1\" \/><\/a><\/p>\n<p><a href=\"https:\/\/i0.wp.com\/www.horizonemployeur.fr\/wordpress\/wp-content\/uploads\/2015\/09\/p1020604.jpg\"><img data-attachment-id=\"763\" data-permalink=\"https:\/\/www.horizonemployeur.fr\/wordpress\/p1020604\/\" data-orig-file=\"https:\/\/i0.wp.com\/www.horizonemployeur.fr\/wordpress\/wp-content\/uploads\/2015\/09\/p1020604.jpg?fit=800%2C533&amp;ssl=1\" data-orig-size=\"800,533\" data-comments-opened=\"1\" data-image-meta=\"{&quot;aperture&quot;:&quot;0&quot;,&quot;credit&quot;:&quot;&quot;,&quot;camera&quot;:&quot;&quot;,&quot;caption&quot;:&quot;&quot;,&quot;created_timestamp&quot;:&quot;0&quot;,&quot;copyright&quot;:&quot;&quot;,&quot;focal_length&quot;:&quot;0&quot;,&quot;iso&quot;:&quot;0&quot;,&quot;shutter_speed&quot;:&quot;0&quot;,&quot;title&quot;:&quot;&quot;,&quot;orientation&quot;:&quot;0&quot;}\" data-image-title=\"P1020604\" data-image-description=\"\" data-image-caption=\"\" data-medium-file=\"https:\/\/i0.wp.com\/www.horizonemployeur.fr\/wordpress\/wp-content\/uploads\/2015\/09\/p1020604.jpg?fit=300%2C200&amp;ssl=1\" data-large-file=\"https:\/\/i0.wp.com\/www.horizonemployeur.fr\/wordpress\/wp-content\/uploads\/2015\/09\/p1020604.jpg?fit=700%2C466&amp;ssl=1\" decoding=\"async\" loading=\"lazy\" class=\"alignnone size-medium wp-image-763\" src=\"https:\/\/i0.wp.com\/www.horizonemployeur.fr\/wordpress\/wp-content\/uploads\/2015\/09\/p1020604.jpg?resize=300%2C200\" alt=\"P1020604\" width=\"300\" height=\"200\" srcset=\"https:\/\/i0.wp.com\/www.horizonemployeur.fr\/wordpress\/wp-content\/uploads\/2015\/09\/p1020604.jpg?w=800&amp;ssl=1 800w, https:\/\/i0.wp.com\/www.horizonemployeur.fr\/wordpress\/wp-content\/uploads\/2015\/09\/p1020604.jpg?resize=300%2C200&amp;ssl=1 300w, https:\/\/i0.wp.com\/www.horizonemployeur.fr\/wordpress\/wp-content\/uploads\/2015\/09\/p1020604.jpg?resize=768%2C512&amp;ssl=1 768w, https:\/\/i0.wp.com\/www.horizonemployeur.fr\/wordpress\/wp-content\/uploads\/2015\/09\/p1020604.jpg?resize=648%2C432&amp;ssl=1 648w, https:\/\/i0.wp.com\/www.horizonemployeur.fr\/wordpress\/wp-content\/uploads\/2015\/09\/p1020604.jpg?resize=288%2C192&amp;ssl=1 288w\" sizes=\"(max-width: 300px) 100vw, 300px\" data-recalc-dims=\"1\" \/><\/a> <a href=\"https:\/\/i0.wp.com\/www.horizonemployeur.fr\/wordpress\/wp-content\/uploads\/2015\/09\/p1020605.jpg\"><img data-attachment-id=\"764\" data-permalink=\"https:\/\/www.horizonemployeur.fr\/wordpress\/p1020605\/\" data-orig-file=\"https:\/\/i0.wp.com\/www.horizonemployeur.fr\/wordpress\/wp-content\/uploads\/2015\/09\/p1020605.jpg?fit=800%2C533&amp;ssl=1\" data-orig-size=\"800,533\" data-comments-opened=\"1\" data-image-meta=\"{&quot;aperture&quot;:&quot;0&quot;,&quot;credit&quot;:&quot;&quot;,&quot;camera&quot;:&quot;&quot;,&quot;caption&quot;:&quot;&quot;,&quot;created_timestamp&quot;:&quot;0&quot;,&quot;copyright&quot;:&quot;&quot;,&quot;focal_length&quot;:&quot;0&quot;,&quot;iso&quot;:&quot;0&quot;,&quot;shutter_speed&quot;:&quot;0&quot;,&quot;title&quot;:&quot;&quot;,&quot;orientation&quot;:&quot;0&quot;}\" data-image-title=\"P1020605\" data-image-description=\"\" data-image-caption=\"\" data-medium-file=\"https:\/\/i0.wp.com\/www.horizonemployeur.fr\/wordpress\/wp-content\/uploads\/2015\/09\/p1020605.jpg?fit=300%2C200&amp;ssl=1\" data-large-file=\"https:\/\/i0.wp.com\/www.horizonemployeur.fr\/wordpress\/wp-content\/uploads\/2015\/09\/p1020605.jpg?fit=700%2C466&amp;ssl=1\" decoding=\"async\" loading=\"lazy\" class=\"alignnone size-medium wp-image-764\" src=\"https:\/\/i0.wp.com\/www.horizonemployeur.fr\/wordpress\/wp-content\/uploads\/2015\/09\/p1020605.jpg?resize=300%2C200\" alt=\"P1020605\" width=\"300\" height=\"200\" srcset=\"https:\/\/i0.wp.com\/www.horizonemployeur.fr\/wordpress\/wp-content\/uploads\/2015\/09\/p1020605.jpg?w=800&amp;ssl=1 800w, https:\/\/i0.wp.com\/www.horizonemployeur.fr\/wordpress\/wp-content\/uploads\/2015\/09\/p1020605.jpg?resize=300%2C200&amp;ssl=1 300w, https:\/\/i0.wp.com\/www.horizonemployeur.fr\/wordpress\/wp-content\/uploads\/2015\/09\/p1020605.jpg?resize=768%2C512&amp;ssl=1 768w, https:\/\/i0.wp.com\/www.horizonemployeur.fr\/wordpress\/wp-content\/uploads\/2015\/09\/p1020605.jpg?resize=648%2C432&amp;ssl=1 648w, https:\/\/i0.wp.com\/www.horizonemployeur.fr\/wordpress\/wp-content\/uploads\/2015\/09\/p1020605.jpg?resize=288%2C192&amp;ssl=1 288w\" sizes=\"(max-width: 300px) 100vw, 300px\" data-recalc-dims=\"1\" \/><\/a><\/p>\n<p><a href=\"https:\/\/i0.wp.com\/www.horizonemployeur.fr\/wordpress\/wp-content\/uploads\/2015\/09\/p1020616.jpg\"><img data-attachment-id=\"766\" data-permalink=\"https:\/\/www.horizonemployeur.fr\/wordpress\/p1020616\/\" data-orig-file=\"https:\/\/i0.wp.com\/www.horizonemployeur.fr\/wordpress\/wp-content\/uploads\/2015\/09\/p1020616.jpg?fit=800%2C533&amp;ssl=1\" data-orig-size=\"800,533\" data-comments-opened=\"1\" data-image-meta=\"{&quot;aperture&quot;:&quot;0&quot;,&quot;credit&quot;:&quot;&quot;,&quot;camera&quot;:&quot;&quot;,&quot;caption&quot;:&quot;&quot;,&quot;created_timestamp&quot;:&quot;0&quot;,&quot;copyright&quot;:&quot;&quot;,&quot;focal_length&quot;:&quot;0&quot;,&quot;iso&quot;:&quot;0&quot;,&quot;shutter_speed&quot;:&quot;0&quot;,&quot;title&quot;:&quot;&quot;,&quot;orientation&quot;:&quot;0&quot;}\" data-image-title=\"P1020616\" data-image-description=\"\" data-image-caption=\"\" data-medium-file=\"https:\/\/i0.wp.com\/www.horizonemployeur.fr\/wordpress\/wp-content\/uploads\/2015\/09\/p1020616.jpg?fit=300%2C200&amp;ssl=1\" data-large-file=\"https:\/\/i0.wp.com\/www.horizonemployeur.fr\/wordpress\/wp-content\/uploads\/2015\/09\/p1020616.jpg?fit=700%2C466&amp;ssl=1\" decoding=\"async\" loading=\"lazy\" class=\"alignnone size-medium wp-image-766\" src=\"https:\/\/i0.wp.com\/www.horizonemployeur.fr\/wordpress\/wp-content\/uploads\/2015\/09\/p1020616.jpg?resize=300%2C200\" alt=\"P1020616\" width=\"300\" height=\"200\" srcset=\"https:\/\/i0.wp.com\/www.horizonemployeur.fr\/wordpress\/wp-content\/uploads\/2015\/09\/p1020616.jpg?w=800&amp;ssl=1 800w, https:\/\/i0.wp.com\/www.horizonemployeur.fr\/wordpress\/wp-content\/uploads\/2015\/09\/p1020616.jpg?resize=300%2C200&amp;ssl=1 300w, https:\/\/i0.wp.com\/www.horizonemployeur.fr\/wordpress\/wp-content\/uploads\/2015\/09\/p1020616.jpg?resize=768%2C512&amp;ssl=1 768w, https:\/\/i0.wp.com\/www.horizonemployeur.fr\/wordpress\/wp-content\/uploads\/2015\/09\/p1020616.jpg?resize=648%2C432&amp;ssl=1 648w, https:\/\/i0.wp.com\/www.horizonemployeur.fr\/wordpress\/wp-content\/uploads\/2015\/09\/p1020616.jpg?resize=288%2C192&amp;ssl=1 288w\" sizes=\"(max-width: 300px) 100vw, 300px\" data-recalc-dims=\"1\" \/><\/a> <a href=\"https:\/\/i0.wp.com\/www.horizonemployeur.fr\/wordpress\/wp-content\/uploads\/2015\/09\/p1020622.jpg\"><img data-attachment-id=\"767\" data-permalink=\"https:\/\/www.horizonemployeur.fr\/wordpress\/p1020622\/\" data-orig-file=\"https:\/\/i0.wp.com\/www.horizonemployeur.fr\/wordpress\/wp-content\/uploads\/2015\/09\/p1020622.jpg?fit=800%2C533&amp;ssl=1\" data-orig-size=\"800,533\" data-comments-opened=\"1\" data-image-meta=\"{&quot;aperture&quot;:&quot;0&quot;,&quot;credit&quot;:&quot;&quot;,&quot;camera&quot;:&quot;&quot;,&quot;caption&quot;:&quot;&quot;,&quot;created_timestamp&quot;:&quot;0&quot;,&quot;copyright&quot;:&quot;&quot;,&quot;focal_length&quot;:&quot;0&quot;,&quot;iso&quot;:&quot;0&quot;,&quot;shutter_speed&quot;:&quot;0&quot;,&quot;title&quot;:&quot;&quot;,&quot;orientation&quot;:&quot;0&quot;}\" data-image-title=\"P1020622\" data-image-description=\"\" data-image-caption=\"\" data-medium-file=\"https:\/\/i0.wp.com\/www.horizonemployeur.fr\/wordpress\/wp-content\/uploads\/2015\/09\/p1020622.jpg?fit=300%2C200&amp;ssl=1\" data-large-file=\"https:\/\/i0.wp.com\/www.horizonemployeur.fr\/wordpress\/wp-content\/uploads\/2015\/09\/p1020622.jpg?fit=700%2C466&amp;ssl=1\" decoding=\"async\" loading=\"lazy\" class=\"alignnone size-medium wp-image-767\" src=\"https:\/\/i0.wp.com\/www.horizonemployeur.fr\/wordpress\/wp-content\/uploads\/2015\/09\/p1020622.jpg?resize=300%2C200\" alt=\"P1020622\" width=\"300\" height=\"200\" srcset=\"https:\/\/i0.wp.com\/www.horizonemployeur.fr\/wordpress\/wp-content\/uploads\/2015\/09\/p1020622.jpg?w=800&amp;ssl=1 800w, https:\/\/i0.wp.com\/www.horizonemployeur.fr\/wordpress\/wp-content\/uploads\/2015\/09\/p1020622.jpg?resize=300%2C200&amp;ssl=1 300w, https:\/\/i0.wp.com\/www.horizonemployeur.fr\/wordpress\/wp-content\/uploads\/2015\/09\/p1020622.jpg?resize=768%2C512&amp;ssl=1 768w, https:\/\/i0.wp.com\/www.horizonemployeur.fr\/wordpress\/wp-content\/uploads\/2015\/09\/p1020622.jpg?resize=648%2C432&amp;ssl=1 648w, https:\/\/i0.wp.com\/www.horizonemployeur.fr\/wordpress\/wp-content\/uploads\/2015\/09\/p1020622.jpg?resize=288%2C192&amp;ssl=1 288w\" sizes=\"(max-width: 300px) 100vw, 300px\" data-recalc-dims=\"1\" \/><\/a><\/p>\n<p>Les op\u00e9rations de pose de la ligne a\u00e9rienne de contact sont encore en cours:<\/p>\n<p><a href=\"https:\/\/i0.wp.com\/www.horizonemployeur.fr\/wordpress\/wp-content\/uploads\/2015\/09\/p1020615.jpg\"><img data-attachment-id=\"765\" data-permalink=\"https:\/\/www.horizonemployeur.fr\/wordpress\/p1020615\/\" data-orig-file=\"https:\/\/i0.wp.com\/www.horizonemployeur.fr\/wordpress\/wp-content\/uploads\/2015\/09\/p1020615.jpg?fit=800%2C533&amp;ssl=1\" data-orig-size=\"800,533\" data-comments-opened=\"1\" data-image-meta=\"{&quot;aperture&quot;:&quot;0&quot;,&quot;credit&quot;:&quot;&quot;,&quot;camera&quot;:&quot;&quot;,&quot;caption&quot;:&quot;&quot;,&quot;created_timestamp&quot;:&quot;0&quot;,&quot;copyright&quot;:&quot;&quot;,&quot;focal_length&quot;:&quot;0&quot;,&quot;iso&quot;:&quot;0&quot;,&quot;shutter_speed&quot;:&quot;0&quot;,&quot;title&quot;:&quot;&quot;,&quot;orientation&quot;:&quot;0&quot;}\" data-image-title=\"P1020615\" data-image-description=\"\" data-image-caption=\"\" data-medium-file=\"https:\/\/i0.wp.com\/www.horizonemployeur.fr\/wordpress\/wp-content\/uploads\/2015\/09\/p1020615.jpg?fit=300%2C200&amp;ssl=1\" data-large-file=\"https:\/\/i0.wp.com\/www.horizonemployeur.fr\/wordpress\/wp-content\/uploads\/2015\/09\/p1020615.jpg?fit=700%2C466&amp;ssl=1\" decoding=\"async\" loading=\"lazy\" class=\"alignnone size-medium wp-image-765\" src=\"https:\/\/i0.wp.com\/www.horizonemployeur.fr\/wordpress\/wp-content\/uploads\/2015\/09\/p1020615.jpg?resize=300%2C200\" alt=\"P1020615\" width=\"300\" height=\"200\" srcset=\"https:\/\/i0.wp.com\/www.horizonemployeur.fr\/wordpress\/wp-content\/uploads\/2015\/09\/p1020615.jpg?w=800&amp;ssl=1 800w, https:\/\/i0.wp.com\/www.horizonemployeur.fr\/wordpress\/wp-content\/uploads\/2015\/09\/p1020615.jpg?resize=300%2C200&amp;ssl=1 300w, https:\/\/i0.wp.com\/www.horizonemployeur.fr\/wordpress\/wp-content\/uploads\/2015\/09\/p1020615.jpg?resize=768%2C512&amp;ssl=1 768w, https:\/\/i0.wp.com\/www.horizonemployeur.fr\/wordpress\/wp-content\/uploads\/2015\/09\/p1020615.jpg?resize=648%2C432&amp;ssl=1 648w, https:\/\/i0.wp.com\/www.horizonemployeur.fr\/wordpress\/wp-content\/uploads\/2015\/09\/p1020615.jpg?resize=288%2C192&amp;ssl=1 288w\" sizes=\"(max-width: 300px) 100vw, 300px\" data-recalc-dims=\"1\" \/><\/a><\/p>\n<p>La signalisation est con\u00e7ue de telle fa\u00e7on \u00e0 n&rsquo;autoriser la pr\u00e9sence que d&rsquo;un seul tramway entre l&rsquo;entr\u00e9e et la premi\u00e8re station souterraine ou entre les 2 stations souterraines. Des dispositifs sp\u00e9cifiques (lumineux et sonores) permettent de s&rsquo;assurer du respect de cette r\u00e9glementation.<\/p>\n<p><a href=\"https:\/\/i0.wp.com\/www.horizonemployeur.fr\/wordpress\/wp-content\/uploads\/2015\/09\/p1020646.jpg\"><img data-attachment-id=\"790\" data-permalink=\"https:\/\/www.horizonemployeur.fr\/wordpress\/p1020646\/\" data-orig-file=\"https:\/\/i0.wp.com\/www.horizonemployeur.fr\/wordpress\/wp-content\/uploads\/2015\/09\/p1020646.jpg?fit=800%2C533&amp;ssl=1\" data-orig-size=\"800,533\" data-comments-opened=\"1\" data-image-meta=\"{&quot;aperture&quot;:&quot;0&quot;,&quot;credit&quot;:&quot;&quot;,&quot;camera&quot;:&quot;&quot;,&quot;caption&quot;:&quot;&quot;,&quot;created_timestamp&quot;:&quot;0&quot;,&quot;copyright&quot;:&quot;&quot;,&quot;focal_length&quot;:&quot;0&quot;,&quot;iso&quot;:&quot;0&quot;,&quot;shutter_speed&quot;:&quot;0&quot;,&quot;title&quot;:&quot;&quot;,&quot;orientation&quot;:&quot;0&quot;}\" data-image-title=\"P1020646\" data-image-description=\"\" data-image-caption=\"\" data-medium-file=\"https:\/\/i0.wp.com\/www.horizonemployeur.fr\/wordpress\/wp-content\/uploads\/2015\/09\/p1020646.jpg?fit=300%2C200&amp;ssl=1\" data-large-file=\"https:\/\/i0.wp.com\/www.horizonemployeur.fr\/wordpress\/wp-content\/uploads\/2015\/09\/p1020646.jpg?fit=700%2C466&amp;ssl=1\" decoding=\"async\" loading=\"lazy\" class=\"alignnone size-medium wp-image-790\" src=\"https:\/\/i0.wp.com\/www.horizonemployeur.fr\/wordpress\/wp-content\/uploads\/2015\/09\/p1020646.jpg?resize=300%2C200\" alt=\"P1020646\" width=\"300\" height=\"200\" srcset=\"https:\/\/i0.wp.com\/www.horizonemployeur.fr\/wordpress\/wp-content\/uploads\/2015\/09\/p1020646.jpg?w=800&amp;ssl=1 800w, https:\/\/i0.wp.com\/www.horizonemployeur.fr\/wordpress\/wp-content\/uploads\/2015\/09\/p1020646.jpg?resize=300%2C200&amp;ssl=1 300w, https:\/\/i0.wp.com\/www.horizonemployeur.fr\/wordpress\/wp-content\/uploads\/2015\/09\/p1020646.jpg?resize=768%2C512&amp;ssl=1 768w, https:\/\/i0.wp.com\/www.horizonemployeur.fr\/wordpress\/wp-content\/uploads\/2015\/09\/p1020646.jpg?resize=648%2C432&amp;ssl=1 648w, https:\/\/i0.wp.com\/www.horizonemployeur.fr\/wordpress\/wp-content\/uploads\/2015\/09\/p1020646.jpg?resize=288%2C192&amp;ssl=1 288w\" sizes=\"(max-width: 300px) 100vw, 300px\" data-recalc-dims=\"1\" \/><\/a><a href=\"https:\/\/i0.wp.com\/www.horizonemployeur.fr\/wordpress\/wp-content\/uploads\/2015\/09\/p1020647.jpg\"><img data-attachment-id=\"791\" data-permalink=\"https:\/\/www.horizonemployeur.fr\/wordpress\/p1020647\/\" data-orig-file=\"https:\/\/i0.wp.com\/www.horizonemployeur.fr\/wordpress\/wp-content\/uploads\/2015\/09\/p1020647.jpg?fit=800%2C533&amp;ssl=1\" data-orig-size=\"800,533\" data-comments-opened=\"1\" data-image-meta=\"{&quot;aperture&quot;:&quot;0&quot;,&quot;credit&quot;:&quot;&quot;,&quot;camera&quot;:&quot;&quot;,&quot;caption&quot;:&quot;&quot;,&quot;created_timestamp&quot;:&quot;0&quot;,&quot;copyright&quot;:&quot;&quot;,&quot;focal_length&quot;:&quot;0&quot;,&quot;iso&quot;:&quot;0&quot;,&quot;shutter_speed&quot;:&quot;0&quot;,&quot;title&quot;:&quot;&quot;,&quot;orientation&quot;:&quot;0&quot;}\" data-image-title=\"P1020647\" data-image-description=\"\" data-image-caption=\"\" data-medium-file=\"https:\/\/i0.wp.com\/www.horizonemployeur.fr\/wordpress\/wp-content\/uploads\/2015\/09\/p1020647.jpg?fit=300%2C200&amp;ssl=1\" data-large-file=\"https:\/\/i0.wp.com\/www.horizonemployeur.fr\/wordpress\/wp-content\/uploads\/2015\/09\/p1020647.jpg?fit=700%2C466&amp;ssl=1\" decoding=\"async\" loading=\"lazy\" class=\"alignnone size-medium wp-image-791\" src=\"https:\/\/i0.wp.com\/www.horizonemployeur.fr\/wordpress\/wp-content\/uploads\/2015\/09\/p1020647.jpg?resize=300%2C200\" alt=\"P1020647\" width=\"300\" height=\"200\" srcset=\"https:\/\/i0.wp.com\/www.horizonemployeur.fr\/wordpress\/wp-content\/uploads\/2015\/09\/p1020647.jpg?w=800&amp;ssl=1 800w, https:\/\/i0.wp.com\/www.horizonemployeur.fr\/wordpress\/wp-content\/uploads\/2015\/09\/p1020647.jpg?resize=300%2C200&amp;ssl=1 300w, https:\/\/i0.wp.com\/www.horizonemployeur.fr\/wordpress\/wp-content\/uploads\/2015\/09\/p1020647.jpg?resize=768%2C512&amp;ssl=1 768w, https:\/\/i0.wp.com\/www.horizonemployeur.fr\/wordpress\/wp-content\/uploads\/2015\/09\/p1020647.jpg?resize=648%2C432&amp;ssl=1 648w, https:\/\/i0.wp.com\/www.horizonemployeur.fr\/wordpress\/wp-content\/uploads\/2015\/09\/p1020647.jpg?resize=288%2C192&amp;ssl=1 288w\" sizes=\"(max-width: 300px) 100vw, 300px\" data-recalc-dims=\"1\" \/><\/a><a href=\"https:\/\/i0.wp.com\/www.horizonemployeur.fr\/wordpress\/wp-content\/uploads\/2015\/09\/p1020648.jpg\"><img data-attachment-id=\"792\" data-permalink=\"https:\/\/www.horizonemployeur.fr\/wordpress\/p1020648\/\" data-orig-file=\"https:\/\/i0.wp.com\/www.horizonemployeur.fr\/wordpress\/wp-content\/uploads\/2015\/09\/p1020648.jpg?fit=800%2C533&amp;ssl=1\" data-orig-size=\"800,533\" data-comments-opened=\"1\" data-image-meta=\"{&quot;aperture&quot;:&quot;0&quot;,&quot;credit&quot;:&quot;&quot;,&quot;camera&quot;:&quot;&quot;,&quot;caption&quot;:&quot;&quot;,&quot;created_timestamp&quot;:&quot;0&quot;,&quot;copyright&quot;:&quot;&quot;,&quot;focal_length&quot;:&quot;0&quot;,&quot;iso&quot;:&quot;0&quot;,&quot;shutter_speed&quot;:&quot;0&quot;,&quot;title&quot;:&quot;&quot;,&quot;orientation&quot;:&quot;0&quot;}\" data-image-title=\"P1020648\" data-image-description=\"\" data-image-caption=\"\" data-medium-file=\"https:\/\/i0.wp.com\/www.horizonemployeur.fr\/wordpress\/wp-content\/uploads\/2015\/09\/p1020648.jpg?fit=300%2C200&amp;ssl=1\" data-large-file=\"https:\/\/i0.wp.com\/www.horizonemployeur.fr\/wordpress\/wp-content\/uploads\/2015\/09\/p1020648.jpg?fit=700%2C466&amp;ssl=1\" decoding=\"async\" loading=\"lazy\" class=\"alignnone size-medium wp-image-792\" src=\"https:\/\/i0.wp.com\/www.horizonemployeur.fr\/wordpress\/wp-content\/uploads\/2015\/09\/p1020648.jpg?resize=300%2C200\" alt=\"P1020648\" width=\"300\" height=\"200\" srcset=\"https:\/\/i0.wp.com\/www.horizonemployeur.fr\/wordpress\/wp-content\/uploads\/2015\/09\/p1020648.jpg?w=800&amp;ssl=1 800w, https:\/\/i0.wp.com\/www.horizonemployeur.fr\/wordpress\/wp-content\/uploads\/2015\/09\/p1020648.jpg?resize=300%2C200&amp;ssl=1 300w, https:\/\/i0.wp.com\/www.horizonemployeur.fr\/wordpress\/wp-content\/uploads\/2015\/09\/p1020648.jpg?resize=768%2C512&amp;ssl=1 768w, https:\/\/i0.wp.com\/www.horizonemployeur.fr\/wordpress\/wp-content\/uploads\/2015\/09\/p1020648.jpg?resize=648%2C432&amp;ssl=1 648w, https:\/\/i0.wp.com\/www.horizonemployeur.fr\/wordpress\/wp-content\/uploads\/2015\/09\/p1020648.jpg?resize=288%2C192&amp;ssl=1 288w\" sizes=\"(max-width: 300px) 100vw, 300px\" data-recalc-dims=\"1\" \/><\/a><\/p>\n<h1>Etape 4&nbsp;&#8211; le puits de ventilation et de secours<\/h1>\n<p>Ce puits est situ\u00e9 avenue de V\u00e9lizy, en lisi\u00e8re de for\u00eat, \u00e0 proximit\u00e9 du Ch\u00eane de la Vierge. Il a \u00e9t\u00e9 cr\u00e9\u00e9 puisqu&rsquo;une distance sup\u00e9rieure \u00e0 800 m&nbsp;s\u00e9pare&nbsp;l&rsquo;entr\u00e9e du tunnel et la station Viroflay-Rive Gauche. Il a 2 fonctions: permettre la ventilation et le d\u00e9senfumage, et donner aux secours qui pourraient \u00eatre amen\u00e9s \u00e0 intervenir un point d&rsquo;acc\u00e8s suppl\u00e9mentaire.<\/p>\n<h2>Vue en surface<\/h2>\n<p>A la surface, voil\u00e0 la situation avec l&rsquo;\u00e9mergence. Le reste de la zone de chantier est maintenant rebois\u00e9.<\/p>\n<p><a href=\"https:\/\/i0.wp.com\/www.horizonemployeur.fr\/wordpress\/wp-content\/uploads\/2015\/09\/p1020663.jpg\"><img data-attachment-id=\"736\" data-permalink=\"https:\/\/www.horizonemployeur.fr\/wordpress\/p1020669\/\" data-orig-file=\"https:\/\/i0.wp.com\/www.horizonemployeur.fr\/wordpress\/wp-content\/uploads\/2015\/09\/p1020669.jpg?fit=800%2C533&amp;ssl=1\" data-orig-size=\"800,533\" data-comments-opened=\"1\" data-image-meta=\"{&quot;aperture&quot;:&quot;0&quot;,&quot;credit&quot;:&quot;&quot;,&quot;camera&quot;:&quot;&quot;,&quot;caption&quot;:&quot;&quot;,&quot;created_timestamp&quot;:&quot;0&quot;,&quot;copyright&quot;:&quot;&quot;,&quot;focal_length&quot;:&quot;0&quot;,&quot;iso&quot;:&quot;0&quot;,&quot;shutter_speed&quot;:&quot;0&quot;,&quot;title&quot;:&quot;&quot;,&quot;orientation&quot;:&quot;0&quot;}\" data-image-title=\"P1020669\" data-image-description=\"\" data-image-caption=\"\" data-medium-file=\"https:\/\/i0.wp.com\/www.horizonemployeur.fr\/wordpress\/wp-content\/uploads\/2015\/09\/p1020669.jpg?fit=300%2C200&amp;ssl=1\" data-large-file=\"https:\/\/i0.wp.com\/www.horizonemployeur.fr\/wordpress\/wp-content\/uploads\/2015\/09\/p1020669.jpg?fit=700%2C466&amp;ssl=1\" decoding=\"async\" loading=\"lazy\" class=\"alignnone size-medium wp-image-736\" src=\"https:\/\/i0.wp.com\/www.horizonemployeur.fr\/wordpress\/wp-content\/uploads\/2015\/09\/p1020669.jpg?resize=300%2C200\" alt=\"P1020669\" width=\"300\" height=\"200\" srcset=\"https:\/\/i0.wp.com\/www.horizonemployeur.fr\/wordpress\/wp-content\/uploads\/2015\/09\/p1020669.jpg?w=800&amp;ssl=1 800w, https:\/\/i0.wp.com\/www.horizonemployeur.fr\/wordpress\/wp-content\/uploads\/2015\/09\/p1020669.jpg?resize=300%2C200&amp;ssl=1 300w, https:\/\/i0.wp.com\/www.horizonemployeur.fr\/wordpress\/wp-content\/uploads\/2015\/09\/p1020669.jpg?resize=768%2C512&amp;ssl=1 768w, https:\/\/i0.wp.com\/www.horizonemployeur.fr\/wordpress\/wp-content\/uploads\/2015\/09\/p1020669.jpg?resize=648%2C432&amp;ssl=1 648w, https:\/\/i0.wp.com\/www.horizonemployeur.fr\/wordpress\/wp-content\/uploads\/2015\/09\/p1020669.jpg?resize=288%2C192&amp;ssl=1 288w\" sizes=\"(max-width: 300px) 100vw, 300px\" data-recalc-dims=\"1\" \/><img data-attachment-id=\"731\" data-permalink=\"https:\/\/www.horizonemployeur.fr\/wordpress\/p1020663\/\" data-orig-file=\"https:\/\/i0.wp.com\/www.horizonemployeur.fr\/wordpress\/wp-content\/uploads\/2015\/09\/p1020663.jpg?fit=800%2C533&amp;ssl=1\" data-orig-size=\"800,533\" data-comments-opened=\"1\" data-image-meta=\"{&quot;aperture&quot;:&quot;0&quot;,&quot;credit&quot;:&quot;&quot;,&quot;camera&quot;:&quot;&quot;,&quot;caption&quot;:&quot;&quot;,&quot;created_timestamp&quot;:&quot;0&quot;,&quot;copyright&quot;:&quot;&quot;,&quot;focal_length&quot;:&quot;0&quot;,&quot;iso&quot;:&quot;0&quot;,&quot;shutter_speed&quot;:&quot;0&quot;,&quot;title&quot;:&quot;&quot;,&quot;orientation&quot;:&quot;0&quot;}\" data-image-title=\"P1020663\" data-image-description=\"\" data-image-caption=\"\" data-medium-file=\"https:\/\/i0.wp.com\/www.horizonemployeur.fr\/wordpress\/wp-content\/uploads\/2015\/09\/p1020663.jpg?fit=300%2C200&amp;ssl=1\" data-large-file=\"https:\/\/i0.wp.com\/www.horizonemployeur.fr\/wordpress\/wp-content\/uploads\/2015\/09\/p1020663.jpg?fit=700%2C466&amp;ssl=1\" decoding=\"async\" loading=\"lazy\" class=\"alignnone size-medium wp-image-731\" src=\"https:\/\/i0.wp.com\/www.horizonemployeur.fr\/wordpress\/wp-content\/uploads\/2015\/09\/p1020663.jpg?resize=300%2C200\" alt=\"P1020663\" width=\"300\" height=\"200\" srcset=\"https:\/\/i0.wp.com\/www.horizonemployeur.fr\/wordpress\/wp-content\/uploads\/2015\/09\/p1020663.jpg?w=800&amp;ssl=1 800w, https:\/\/i0.wp.com\/www.horizonemployeur.fr\/wordpress\/wp-content\/uploads\/2015\/09\/p1020663.jpg?resize=300%2C200&amp;ssl=1 300w, https:\/\/i0.wp.com\/www.horizonemployeur.fr\/wordpress\/wp-content\/uploads\/2015\/09\/p1020663.jpg?resize=768%2C512&amp;ssl=1 768w, https:\/\/i0.wp.com\/www.horizonemployeur.fr\/wordpress\/wp-content\/uploads\/2015\/09\/p1020663.jpg?resize=648%2C432&amp;ssl=1 648w, https:\/\/i0.wp.com\/www.horizonemployeur.fr\/wordpress\/wp-content\/uploads\/2015\/09\/p1020663.jpg?resize=288%2C192&amp;ssl=1 288w\" sizes=\"(max-width: 300px) 100vw, 300px\" data-recalc-dims=\"1\" \/><\/a> <a href=\"https:\/\/i0.wp.com\/www.horizonemployeur.fr\/wordpress\/wp-content\/uploads\/2015\/09\/p1020664.jpg\"><img data-attachment-id=\"732\" data-permalink=\"https:\/\/www.horizonemployeur.fr\/wordpress\/p1020664\/\" data-orig-file=\"https:\/\/i0.wp.com\/www.horizonemployeur.fr\/wordpress\/wp-content\/uploads\/2015\/09\/p1020664.jpg?fit=800%2C533&amp;ssl=1\" data-orig-size=\"800,533\" data-comments-opened=\"1\" data-image-meta=\"{&quot;aperture&quot;:&quot;0&quot;,&quot;credit&quot;:&quot;&quot;,&quot;camera&quot;:&quot;&quot;,&quot;caption&quot;:&quot;&quot;,&quot;created_timestamp&quot;:&quot;0&quot;,&quot;copyright&quot;:&quot;&quot;,&quot;focal_length&quot;:&quot;0&quot;,&quot;iso&quot;:&quot;0&quot;,&quot;shutter_speed&quot;:&quot;0&quot;,&quot;title&quot;:&quot;&quot;,&quot;orientation&quot;:&quot;0&quot;}\" data-image-title=\"P1020664\" data-image-description=\"\" data-image-caption=\"\" data-medium-file=\"https:\/\/i0.wp.com\/www.horizonemployeur.fr\/wordpress\/wp-content\/uploads\/2015\/09\/p1020664.jpg?fit=300%2C200&amp;ssl=1\" data-large-file=\"https:\/\/i0.wp.com\/www.horizonemployeur.fr\/wordpress\/wp-content\/uploads\/2015\/09\/p1020664.jpg?fit=700%2C466&amp;ssl=1\" decoding=\"async\" loading=\"lazy\" class=\"alignnone size-medium wp-image-732\" src=\"https:\/\/i0.wp.com\/www.horizonemployeur.fr\/wordpress\/wp-content\/uploads\/2015\/09\/p1020664.jpg?resize=300%2C200\" alt=\"P1020664\" width=\"300\" height=\"200\" srcset=\"https:\/\/i0.wp.com\/www.horizonemployeur.fr\/wordpress\/wp-content\/uploads\/2015\/09\/p1020664.jpg?w=800&amp;ssl=1 800w, https:\/\/i0.wp.com\/www.horizonemployeur.fr\/wordpress\/wp-content\/uploads\/2015\/09\/p1020664.jpg?resize=300%2C200&amp;ssl=1 300w, https:\/\/i0.wp.com\/www.horizonemployeur.fr\/wordpress\/wp-content\/uploads\/2015\/09\/p1020664.jpg?resize=768%2C512&amp;ssl=1 768w, https:\/\/i0.wp.com\/www.horizonemployeur.fr\/wordpress\/wp-content\/uploads\/2015\/09\/p1020664.jpg?resize=648%2C432&amp;ssl=1 648w, https:\/\/i0.wp.com\/www.horizonemployeur.fr\/wordpress\/wp-content\/uploads\/2015\/09\/p1020664.jpg?resize=288%2C192&amp;ssl=1 288w\" sizes=\"(max-width: 300px) 100vw, 300px\" data-recalc-dims=\"1\" \/><\/a> <a href=\"https:\/\/i0.wp.com\/www.horizonemployeur.fr\/wordpress\/wp-content\/uploads\/2015\/09\/p1020665.jpg\"><img data-attachment-id=\"733\" data-permalink=\"https:\/\/www.horizonemployeur.fr\/wordpress\/p1020665\/\" data-orig-file=\"https:\/\/i0.wp.com\/www.horizonemployeur.fr\/wordpress\/wp-content\/uploads\/2015\/09\/p1020665.jpg?fit=800%2C533&amp;ssl=1\" data-orig-size=\"800,533\" data-comments-opened=\"1\" data-image-meta=\"{&quot;aperture&quot;:&quot;0&quot;,&quot;credit&quot;:&quot;&quot;,&quot;camera&quot;:&quot;&quot;,&quot;caption&quot;:&quot;&quot;,&quot;created_timestamp&quot;:&quot;0&quot;,&quot;copyright&quot;:&quot;&quot;,&quot;focal_length&quot;:&quot;0&quot;,&quot;iso&quot;:&quot;0&quot;,&quot;shutter_speed&quot;:&quot;0&quot;,&quot;title&quot;:&quot;&quot;,&quot;orientation&quot;:&quot;0&quot;}\" data-image-title=\"P1020665\" data-image-description=\"\" data-image-caption=\"\" data-medium-file=\"https:\/\/i0.wp.com\/www.horizonemployeur.fr\/wordpress\/wp-content\/uploads\/2015\/09\/p1020665.jpg?fit=300%2C200&amp;ssl=1\" data-large-file=\"https:\/\/i0.wp.com\/www.horizonemployeur.fr\/wordpress\/wp-content\/uploads\/2015\/09\/p1020665.jpg?fit=700%2C466&amp;ssl=1\" decoding=\"async\" loading=\"lazy\" class=\"alignnone size-medium wp-image-733\" src=\"https:\/\/i0.wp.com\/www.horizonemployeur.fr\/wordpress\/wp-content\/uploads\/2015\/09\/p1020665.jpg?resize=300%2C200\" alt=\"P1020665\" width=\"300\" height=\"200\" srcset=\"https:\/\/i0.wp.com\/www.horizonemployeur.fr\/wordpress\/wp-content\/uploads\/2015\/09\/p1020665.jpg?w=800&amp;ssl=1 800w, https:\/\/i0.wp.com\/www.horizonemployeur.fr\/wordpress\/wp-content\/uploads\/2015\/09\/p1020665.jpg?resize=300%2C200&amp;ssl=1 300w, https:\/\/i0.wp.com\/www.horizonemployeur.fr\/wordpress\/wp-content\/uploads\/2015\/09\/p1020665.jpg?resize=768%2C512&amp;ssl=1 768w, https:\/\/i0.wp.com\/www.horizonemployeur.fr\/wordpress\/wp-content\/uploads\/2015\/09\/p1020665.jpg?resize=648%2C432&amp;ssl=1 648w, https:\/\/i0.wp.com\/www.horizonemployeur.fr\/wordpress\/wp-content\/uploads\/2015\/09\/p1020665.jpg?resize=288%2C192&amp;ssl=1 288w\" sizes=\"(max-width: 300px) 100vw, 300px\" data-recalc-dims=\"1\" \/><\/a> <a href=\"https:\/\/i0.wp.com\/www.horizonemployeur.fr\/wordpress\/wp-content\/uploads\/2015\/09\/p1020666.jpg\"><img data-attachment-id=\"734\" data-permalink=\"https:\/\/www.horizonemployeur.fr\/wordpress\/p1020666\/\" data-orig-file=\"https:\/\/i0.wp.com\/www.horizonemployeur.fr\/wordpress\/wp-content\/uploads\/2015\/09\/p1020666.jpg?fit=800%2C533&amp;ssl=1\" data-orig-size=\"800,533\" data-comments-opened=\"1\" data-image-meta=\"{&quot;aperture&quot;:&quot;0&quot;,&quot;credit&quot;:&quot;&quot;,&quot;camera&quot;:&quot;&quot;,&quot;caption&quot;:&quot;&quot;,&quot;created_timestamp&quot;:&quot;0&quot;,&quot;copyright&quot;:&quot;&quot;,&quot;focal_length&quot;:&quot;0&quot;,&quot;iso&quot;:&quot;0&quot;,&quot;shutter_speed&quot;:&quot;0&quot;,&quot;title&quot;:&quot;&quot;,&quot;orientation&quot;:&quot;0&quot;}\" data-image-title=\"P1020666\" data-image-description=\"\" data-image-caption=\"\" data-medium-file=\"https:\/\/i0.wp.com\/www.horizonemployeur.fr\/wordpress\/wp-content\/uploads\/2015\/09\/p1020666.jpg?fit=300%2C200&amp;ssl=1\" data-large-file=\"https:\/\/i0.wp.com\/www.horizonemployeur.fr\/wordpress\/wp-content\/uploads\/2015\/09\/p1020666.jpg?fit=700%2C466&amp;ssl=1\" decoding=\"async\" loading=\"lazy\" class=\"alignnone size-medium wp-image-734\" src=\"https:\/\/i0.wp.com\/www.horizonemployeur.fr\/wordpress\/wp-content\/uploads\/2015\/09\/p1020666.jpg?resize=300%2C200\" alt=\"P1020666\" width=\"300\" height=\"200\" srcset=\"https:\/\/i0.wp.com\/www.horizonemployeur.fr\/wordpress\/wp-content\/uploads\/2015\/09\/p1020666.jpg?w=800&amp;ssl=1 800w, https:\/\/i0.wp.com\/www.horizonemployeur.fr\/wordpress\/wp-content\/uploads\/2015\/09\/p1020666.jpg?resize=300%2C200&amp;ssl=1 300w, https:\/\/i0.wp.com\/www.horizonemployeur.fr\/wordpress\/wp-content\/uploads\/2015\/09\/p1020666.jpg?resize=768%2C512&amp;ssl=1 768w, https:\/\/i0.wp.com\/www.horizonemployeur.fr\/wordpress\/wp-content\/uploads\/2015\/09\/p1020666.jpg?resize=648%2C432&amp;ssl=1 648w, https:\/\/i0.wp.com\/www.horizonemployeur.fr\/wordpress\/wp-content\/uploads\/2015\/09\/p1020666.jpg?resize=288%2C192&amp;ssl=1 288w\" sizes=\"(max-width: 300px) 100vw, 300px\" data-recalc-dims=\"1\" \/><\/a> <a href=\"https:\/\/i0.wp.com\/www.horizonemployeur.fr\/wordpress\/wp-content\/uploads\/2015\/09\/p1020667.jpg\"><img data-attachment-id=\"735\" data-permalink=\"https:\/\/www.horizonemployeur.fr\/wordpress\/p1020667\/\" data-orig-file=\"https:\/\/i0.wp.com\/www.horizonemployeur.fr\/wordpress\/wp-content\/uploads\/2015\/09\/p1020667.jpg?fit=800%2C533&amp;ssl=1\" data-orig-size=\"800,533\" data-comments-opened=\"1\" data-image-meta=\"{&quot;aperture&quot;:&quot;0&quot;,&quot;credit&quot;:&quot;&quot;,&quot;camera&quot;:&quot;&quot;,&quot;caption&quot;:&quot;&quot;,&quot;created_timestamp&quot;:&quot;0&quot;,&quot;copyright&quot;:&quot;&quot;,&quot;focal_length&quot;:&quot;0&quot;,&quot;iso&quot;:&quot;0&quot;,&quot;shutter_speed&quot;:&quot;0&quot;,&quot;title&quot;:&quot;&quot;,&quot;orientation&quot;:&quot;0&quot;}\" data-image-title=\"P1020667\" data-image-description=\"\" data-image-caption=\"\" data-medium-file=\"https:\/\/i0.wp.com\/www.horizonemployeur.fr\/wordpress\/wp-content\/uploads\/2015\/09\/p1020667.jpg?fit=300%2C200&amp;ssl=1\" data-large-file=\"https:\/\/i0.wp.com\/www.horizonemployeur.fr\/wordpress\/wp-content\/uploads\/2015\/09\/p1020667.jpg?fit=700%2C466&amp;ssl=1\" decoding=\"async\" loading=\"lazy\" class=\"alignnone size-medium wp-image-735\" src=\"https:\/\/i0.wp.com\/www.horizonemployeur.fr\/wordpress\/wp-content\/uploads\/2015\/09\/p1020667.jpg?resize=300%2C200\" alt=\"P1020667\" width=\"300\" height=\"200\" srcset=\"https:\/\/i0.wp.com\/www.horizonemployeur.fr\/wordpress\/wp-content\/uploads\/2015\/09\/p1020667.jpg?w=800&amp;ssl=1 800w, https:\/\/i0.wp.com\/www.horizonemployeur.fr\/wordpress\/wp-content\/uploads\/2015\/09\/p1020667.jpg?resize=300%2C200&amp;ssl=1 300w, https:\/\/i0.wp.com\/www.horizonemployeur.fr\/wordpress\/wp-content\/uploads\/2015\/09\/p1020667.jpg?resize=768%2C512&amp;ssl=1 768w, https:\/\/i0.wp.com\/www.horizonemployeur.fr\/wordpress\/wp-content\/uploads\/2015\/09\/p1020667.jpg?resize=648%2C432&amp;ssl=1 648w, https:\/\/i0.wp.com\/www.horizonemployeur.fr\/wordpress\/wp-content\/uploads\/2015\/09\/p1020667.jpg?resize=288%2C192&amp;ssl=1 288w\" sizes=\"(max-width: 300px) 100vw, 300px\" data-recalc-dims=\"1\" \/><\/a><\/p>\n<h1>&nbsp;<\/h1>\n<h2>Vue&nbsp;du tunnel<\/h2>\n<p>La section du tunnel a \u00e9t\u00e9 agrandie au niveau du puits. On distingue en partie haute l&#8217;emplacement des ventilateurs.<\/p>\n<p><img data-attachment-id=\"751\" data-permalink=\"https:\/\/www.horizonemployeur.fr\/wordpress\/p1020602\/\" data-orig-file=\"https:\/\/i0.wp.com\/www.horizonemployeur.fr\/wordpress\/wp-content\/uploads\/2015\/09\/p1020602.jpg?fit=533%2C800&amp;ssl=1\" data-orig-size=\"533,800\" data-comments-opened=\"1\" data-image-meta=\"{&quot;aperture&quot;:&quot;0&quot;,&quot;credit&quot;:&quot;&quot;,&quot;camera&quot;:&quot;&quot;,&quot;caption&quot;:&quot;&quot;,&quot;created_timestamp&quot;:&quot;0&quot;,&quot;copyright&quot;:&quot;&quot;,&quot;focal_length&quot;:&quot;0&quot;,&quot;iso&quot;:&quot;0&quot;,&quot;shutter_speed&quot;:&quot;0&quot;,&quot;title&quot;:&quot;&quot;,&quot;orientation&quot;:&quot;1&quot;}\" data-image-title=\"P1020602\" data-image-description=\"\" data-image-caption=\"\" data-medium-file=\"https:\/\/i0.wp.com\/www.horizonemployeur.fr\/wordpress\/wp-content\/uploads\/2015\/09\/p1020602.jpg?fit=200%2C300&amp;ssl=1\" data-large-file=\"https:\/\/i0.wp.com\/www.horizonemployeur.fr\/wordpress\/wp-content\/uploads\/2015\/09\/p1020602.jpg?fit=533%2C800&amp;ssl=1\" decoding=\"async\" loading=\"lazy\" class=\"alignnone size-medium wp-image-751\" src=\"https:\/\/i0.wp.com\/www.horizonemployeur.fr\/wordpress\/wp-content\/uploads\/2015\/09\/p1020602.jpg?resize=200%2C300\" alt=\"P1020602\" width=\"200\" height=\"300\" srcset=\"https:\/\/i0.wp.com\/www.horizonemployeur.fr\/wordpress\/wp-content\/uploads\/2015\/09\/p1020602.jpg?w=533&amp;ssl=1 533w, https:\/\/i0.wp.com\/www.horizonemployeur.fr\/wordpress\/wp-content\/uploads\/2015\/09\/p1020602.jpg?resize=200%2C300&amp;ssl=1 200w, https:\/\/i0.wp.com\/www.horizonemployeur.fr\/wordpress\/wp-content\/uploads\/2015\/09\/p1020602.jpg?resize=128%2C192&amp;ssl=1 128w\" sizes=\"(max-width: 200px) 100vw, 200px\" data-recalc-dims=\"1\" \/><img data-attachment-id=\"752\" data-permalink=\"https:\/\/www.horizonemployeur.fr\/wordpress\/p1020603\/\" data-orig-file=\"https:\/\/i0.wp.com\/www.horizonemployeur.fr\/wordpress\/wp-content\/uploads\/2015\/09\/p1020603.jpg?fit=800%2C533&amp;ssl=1\" data-orig-size=\"800,533\" data-comments-opened=\"1\" data-image-meta=\"{&quot;aperture&quot;:&quot;0&quot;,&quot;credit&quot;:&quot;&quot;,&quot;camera&quot;:&quot;&quot;,&quot;caption&quot;:&quot;&quot;,&quot;created_timestamp&quot;:&quot;0&quot;,&quot;copyright&quot;:&quot;&quot;,&quot;focal_length&quot;:&quot;0&quot;,&quot;iso&quot;:&quot;0&quot;,&quot;shutter_speed&quot;:&quot;0&quot;,&quot;title&quot;:&quot;&quot;,&quot;orientation&quot;:&quot;0&quot;}\" data-image-title=\"P1020603\" data-image-description=\"\" data-image-caption=\"\" data-medium-file=\"https:\/\/i0.wp.com\/www.horizonemployeur.fr\/wordpress\/wp-content\/uploads\/2015\/09\/p1020603.jpg?fit=300%2C200&amp;ssl=1\" data-large-file=\"https:\/\/i0.wp.com\/www.horizonemployeur.fr\/wordpress\/wp-content\/uploads\/2015\/09\/p1020603.jpg?fit=700%2C466&amp;ssl=1\" decoding=\"async\" loading=\"lazy\" class=\"alignnone size-medium wp-image-752\" src=\"https:\/\/i0.wp.com\/www.horizonemployeur.fr\/wordpress\/wp-content\/uploads\/2015\/09\/p1020603.jpg?resize=300%2C200\" alt=\"P1020603\" width=\"300\" height=\"200\" srcset=\"https:\/\/i0.wp.com\/www.horizonemployeur.fr\/wordpress\/wp-content\/uploads\/2015\/09\/p1020603.jpg?w=800&amp;ssl=1 800w, https:\/\/i0.wp.com\/www.horizonemployeur.fr\/wordpress\/wp-content\/uploads\/2015\/09\/p1020603.jpg?resize=300%2C200&amp;ssl=1 300w, https:\/\/i0.wp.com\/www.horizonemployeur.fr\/wordpress\/wp-content\/uploads\/2015\/09\/p1020603.jpg?resize=768%2C512&amp;ssl=1 768w, https:\/\/i0.wp.com\/www.horizonemployeur.fr\/wordpress\/wp-content\/uploads\/2015\/09\/p1020603.jpg?resize=648%2C432&amp;ssl=1 648w, https:\/\/i0.wp.com\/www.horizonemployeur.fr\/wordpress\/wp-content\/uploads\/2015\/09\/p1020603.jpg?resize=288%2C192&amp;ssl=1 288w\" sizes=\"(max-width: 300px) 100vw, 300px\" data-recalc-dims=\"1\" \/><\/p>\n<p><img data-attachment-id=\"757\" data-permalink=\"https:\/\/www.horizonemployeur.fr\/wordpress\/p1020610\/\" data-orig-file=\"https:\/\/i0.wp.com\/www.horizonemployeur.fr\/wordpress\/wp-content\/uploads\/2015\/09\/p1020610.jpg?fit=800%2C533&amp;ssl=1\" data-orig-size=\"800,533\" data-comments-opened=\"1\" data-image-meta=\"{&quot;aperture&quot;:&quot;0&quot;,&quot;credit&quot;:&quot;&quot;,&quot;camera&quot;:&quot;&quot;,&quot;caption&quot;:&quot;&quot;,&quot;created_timestamp&quot;:&quot;0&quot;,&quot;copyright&quot;:&quot;&quot;,&quot;focal_length&quot;:&quot;0&quot;,&quot;iso&quot;:&quot;0&quot;,&quot;shutter_speed&quot;:&quot;0&quot;,&quot;title&quot;:&quot;&quot;,&quot;orientation&quot;:&quot;0&quot;}\" data-image-title=\"P1020610\" data-image-description=\"\" data-image-caption=\"\" data-medium-file=\"https:\/\/i0.wp.com\/www.horizonemployeur.fr\/wordpress\/wp-content\/uploads\/2015\/09\/p1020610.jpg?fit=300%2C200&amp;ssl=1\" data-large-file=\"https:\/\/i0.wp.com\/www.horizonemployeur.fr\/wordpress\/wp-content\/uploads\/2015\/09\/p1020610.jpg?fit=700%2C466&amp;ssl=1\" decoding=\"async\" loading=\"lazy\" class=\"alignnone size-medium wp-image-757\" src=\"https:\/\/i0.wp.com\/www.horizonemployeur.fr\/wordpress\/wp-content\/uploads\/2015\/09\/p1020610.jpg?resize=300%2C200\" alt=\"P1020610\" width=\"300\" height=\"200\" srcset=\"https:\/\/i0.wp.com\/www.horizonemployeur.fr\/wordpress\/wp-content\/uploads\/2015\/09\/p1020610.jpg?w=800&amp;ssl=1 800w, https:\/\/i0.wp.com\/www.horizonemployeur.fr\/wordpress\/wp-content\/uploads\/2015\/09\/p1020610.jpg?resize=300%2C200&amp;ssl=1 300w, https:\/\/i0.wp.com\/www.horizonemployeur.fr\/wordpress\/wp-content\/uploads\/2015\/09\/p1020610.jpg?resize=768%2C512&amp;ssl=1 768w, https:\/\/i0.wp.com\/www.horizonemployeur.fr\/wordpress\/wp-content\/uploads\/2015\/09\/p1020610.jpg?resize=648%2C432&amp;ssl=1 648w, https:\/\/i0.wp.com\/www.horizonemployeur.fr\/wordpress\/wp-content\/uploads\/2015\/09\/p1020610.jpg?resize=288%2C192&amp;ssl=1 288w\" sizes=\"(max-width: 300px) 100vw, 300px\" data-recalc-dims=\"1\" \/><img data-attachment-id=\"758\" data-permalink=\"https:\/\/www.horizonemployeur.fr\/wordpress\/p1020611\/\" data-orig-file=\"https:\/\/i0.wp.com\/www.horizonemployeur.fr\/wordpress\/wp-content\/uploads\/2015\/09\/p1020611.jpg?fit=533%2C800&amp;ssl=1\" data-orig-size=\"533,800\" data-comments-opened=\"1\" data-image-meta=\"{&quot;aperture&quot;:&quot;0&quot;,&quot;credit&quot;:&quot;&quot;,&quot;camera&quot;:&quot;&quot;,&quot;caption&quot;:&quot;&quot;,&quot;created_timestamp&quot;:&quot;0&quot;,&quot;copyright&quot;:&quot;&quot;,&quot;focal_length&quot;:&quot;0&quot;,&quot;iso&quot;:&quot;0&quot;,&quot;shutter_speed&quot;:&quot;0&quot;,&quot;title&quot;:&quot;&quot;,&quot;orientation&quot;:&quot;1&quot;}\" data-image-title=\"P1020611\" data-image-description=\"\" data-image-caption=\"\" data-medium-file=\"https:\/\/i0.wp.com\/www.horizonemployeur.fr\/wordpress\/wp-content\/uploads\/2015\/09\/p1020611.jpg?fit=200%2C300&amp;ssl=1\" data-large-file=\"https:\/\/i0.wp.com\/www.horizonemployeur.fr\/wordpress\/wp-content\/uploads\/2015\/09\/p1020611.jpg?fit=533%2C800&amp;ssl=1\" decoding=\"async\" loading=\"lazy\" class=\"alignnone size-medium wp-image-758\" src=\"https:\/\/i0.wp.com\/www.horizonemployeur.fr\/wordpress\/wp-content\/uploads\/2015\/09\/p1020611.jpg?resize=200%2C300\" alt=\"P1020611\" width=\"200\" height=\"300\" srcset=\"https:\/\/i0.wp.com\/www.horizonemployeur.fr\/wordpress\/wp-content\/uploads\/2015\/09\/p1020611.jpg?w=533&amp;ssl=1 533w, https:\/\/i0.wp.com\/www.horizonemployeur.fr\/wordpress\/wp-content\/uploads\/2015\/09\/p1020611.jpg?resize=200%2C300&amp;ssl=1 200w, https:\/\/i0.wp.com\/www.horizonemployeur.fr\/wordpress\/wp-content\/uploads\/2015\/09\/p1020611.jpg?resize=128%2C192&amp;ssl=1 128w\" sizes=\"(max-width: 200px) 100vw, 200px\" data-recalc-dims=\"1\" \/><\/p>\n<p>Le puits lui-m\u00eame int\u00e8gre une s\u00e9rie d&rsquo;escaliers permettant de joindre la surface et la plateforme<\/p>\n<p><a href=\"https:\/\/i0.wp.com\/www.horizonemployeur.fr\/wordpress\/wp-content\/uploads\/2015\/09\/p1020606.jpg\"><img data-attachment-id=\"753\" data-permalink=\"https:\/\/www.horizonemployeur.fr\/wordpress\/p1020606\/\" data-orig-file=\"https:\/\/i0.wp.com\/www.horizonemployeur.fr\/wordpress\/wp-content\/uploads\/2015\/09\/p1020606.jpg?fit=533%2C800&amp;ssl=1\" data-orig-size=\"533,800\" data-comments-opened=\"1\" data-image-meta=\"{&quot;aperture&quot;:&quot;0&quot;,&quot;credit&quot;:&quot;&quot;,&quot;camera&quot;:&quot;&quot;,&quot;caption&quot;:&quot;&quot;,&quot;created_timestamp&quot;:&quot;0&quot;,&quot;copyright&quot;:&quot;&quot;,&quot;focal_length&quot;:&quot;0&quot;,&quot;iso&quot;:&quot;0&quot;,&quot;shutter_speed&quot;:&quot;0&quot;,&quot;title&quot;:&quot;&quot;,&quot;orientation&quot;:&quot;1&quot;}\" data-image-title=\"P1020606\" data-image-description=\"\" data-image-caption=\"\" data-medium-file=\"https:\/\/i0.wp.com\/www.horizonemployeur.fr\/wordpress\/wp-content\/uploads\/2015\/09\/p1020606.jpg?fit=200%2C300&amp;ssl=1\" data-large-file=\"https:\/\/i0.wp.com\/www.horizonemployeur.fr\/wordpress\/wp-content\/uploads\/2015\/09\/p1020606.jpg?fit=533%2C800&amp;ssl=1\" decoding=\"async\" loading=\"lazy\" class=\"alignnone size-medium wp-image-753\" src=\"https:\/\/i0.wp.com\/www.horizonemployeur.fr\/wordpress\/wp-content\/uploads\/2015\/09\/p1020606.jpg?resize=200%2C300\" alt=\"P1020606\" width=\"200\" height=\"300\" srcset=\"https:\/\/i0.wp.com\/www.horizonemployeur.fr\/wordpress\/wp-content\/uploads\/2015\/09\/p1020606.jpg?w=533&amp;ssl=1 533w, https:\/\/i0.wp.com\/www.horizonemployeur.fr\/wordpress\/wp-content\/uploads\/2015\/09\/p1020606.jpg?resize=200%2C300&amp;ssl=1 200w, https:\/\/i0.wp.com\/www.horizonemployeur.fr\/wordpress\/wp-content\/uploads\/2015\/09\/p1020606.jpg?resize=128%2C192&amp;ssl=1 128w\" sizes=\"(max-width: 200px) 100vw, 200px\" data-recalc-dims=\"1\" \/><\/a><a href=\"https:\/\/i0.wp.com\/www.horizonemployeur.fr\/wordpress\/wp-content\/uploads\/2015\/09\/p1020607.jpg\"><img data-attachment-id=\"754\" data-permalink=\"https:\/\/www.horizonemployeur.fr\/wordpress\/p1020607\/\" data-orig-file=\"https:\/\/i0.wp.com\/www.horizonemployeur.fr\/wordpress\/wp-content\/uploads\/2015\/09\/p1020607.jpg?fit=533%2C800&amp;ssl=1\" data-orig-size=\"533,800\" data-comments-opened=\"1\" data-image-meta=\"{&quot;aperture&quot;:&quot;0&quot;,&quot;credit&quot;:&quot;&quot;,&quot;camera&quot;:&quot;&quot;,&quot;caption&quot;:&quot;&quot;,&quot;created_timestamp&quot;:&quot;0&quot;,&quot;copyright&quot;:&quot;&quot;,&quot;focal_length&quot;:&quot;0&quot;,&quot;iso&quot;:&quot;0&quot;,&quot;shutter_speed&quot;:&quot;0&quot;,&quot;title&quot;:&quot;&quot;,&quot;orientation&quot;:&quot;1&quot;}\" data-image-title=\"P1020607\" data-image-description=\"\" data-image-caption=\"\" data-medium-file=\"https:\/\/i0.wp.com\/www.horizonemployeur.fr\/wordpress\/wp-content\/uploads\/2015\/09\/p1020607.jpg?fit=200%2C300&amp;ssl=1\" data-large-file=\"https:\/\/i0.wp.com\/www.horizonemployeur.fr\/wordpress\/wp-content\/uploads\/2015\/09\/p1020607.jpg?fit=533%2C800&amp;ssl=1\" decoding=\"async\" loading=\"lazy\" class=\"alignnone size-medium wp-image-754\" src=\"https:\/\/i0.wp.com\/www.horizonemployeur.fr\/wordpress\/wp-content\/uploads\/2015\/09\/p1020607.jpg?resize=200%2C300\" alt=\"P1020607\" width=\"200\" height=\"300\" srcset=\"https:\/\/i0.wp.com\/www.horizonemployeur.fr\/wordpress\/wp-content\/uploads\/2015\/09\/p1020607.jpg?w=533&amp;ssl=1 533w, https:\/\/i0.wp.com\/www.horizonemployeur.fr\/wordpress\/wp-content\/uploads\/2015\/09\/p1020607.jpg?resize=200%2C300&amp;ssl=1 200w, https:\/\/i0.wp.com\/www.horizonemployeur.fr\/wordpress\/wp-content\/uploads\/2015\/09\/p1020607.jpg?resize=128%2C192&amp;ssl=1 128w\" sizes=\"(max-width: 200px) 100vw, 200px\" data-recalc-dims=\"1\" \/><\/a><a href=\"https:\/\/i0.wp.com\/www.horizonemployeur.fr\/wordpress\/wp-content\/uploads\/2015\/09\/p1020608.jpg\"><img data-attachment-id=\"755\" data-permalink=\"https:\/\/www.horizonemployeur.fr\/wordpress\/p1020608\/\" data-orig-file=\"https:\/\/i0.wp.com\/www.horizonemployeur.fr\/wordpress\/wp-content\/uploads\/2015\/09\/p1020608.jpg?fit=533%2C800&amp;ssl=1\" data-orig-size=\"533,800\" data-comments-opened=\"1\" data-image-meta=\"{&quot;aperture&quot;:&quot;0&quot;,&quot;credit&quot;:&quot;&quot;,&quot;camera&quot;:&quot;&quot;,&quot;caption&quot;:&quot;&quot;,&quot;created_timestamp&quot;:&quot;0&quot;,&quot;copyright&quot;:&quot;&quot;,&quot;focal_length&quot;:&quot;0&quot;,&quot;iso&quot;:&quot;0&quot;,&quot;shutter_speed&quot;:&quot;0&quot;,&quot;title&quot;:&quot;&quot;,&quot;orientation&quot;:&quot;1&quot;}\" data-image-title=\"P1020608\" data-image-description=\"\" data-image-caption=\"\" data-medium-file=\"https:\/\/i0.wp.com\/www.horizonemployeur.fr\/wordpress\/wp-content\/uploads\/2015\/09\/p1020608.jpg?fit=200%2C300&amp;ssl=1\" data-large-file=\"https:\/\/i0.wp.com\/www.horizonemployeur.fr\/wordpress\/wp-content\/uploads\/2015\/09\/p1020608.jpg?fit=533%2C800&amp;ssl=1\" decoding=\"async\" loading=\"lazy\" class=\"alignnone size-medium wp-image-755\" src=\"https:\/\/i0.wp.com\/www.horizonemployeur.fr\/wordpress\/wp-content\/uploads\/2015\/09\/p1020608.jpg?resize=200%2C300\" alt=\"P1020608\" width=\"200\" height=\"300\" srcset=\"https:\/\/i0.wp.com\/www.horizonemployeur.fr\/wordpress\/wp-content\/uploads\/2015\/09\/p1020608.jpg?w=533&amp;ssl=1 533w, https:\/\/i0.wp.com\/www.horizonemployeur.fr\/wordpress\/wp-content\/uploads\/2015\/09\/p1020608.jpg?resize=200%2C300&amp;ssl=1 200w, https:\/\/i0.wp.com\/www.horizonemployeur.fr\/wordpress\/wp-content\/uploads\/2015\/09\/p1020608.jpg?resize=128%2C192&amp;ssl=1 128w\" sizes=\"(max-width: 200px) 100vw, 200px\" data-recalc-dims=\"1\" \/><\/a> <a href=\"https:\/\/i0.wp.com\/www.horizonemployeur.fr\/wordpress\/wp-content\/uploads\/2015\/09\/p1020609.jpg\"><img data-attachment-id=\"756\" data-permalink=\"https:\/\/www.horizonemployeur.fr\/wordpress\/p1020609\/\" data-orig-file=\"https:\/\/i0.wp.com\/www.horizonemployeur.fr\/wordpress\/wp-content\/uploads\/2015\/09\/p1020609.jpg?fit=533%2C800&amp;ssl=1\" data-orig-size=\"533,800\" data-comments-opened=\"1\" data-image-meta=\"{&quot;aperture&quot;:&quot;0&quot;,&quot;credit&quot;:&quot;&quot;,&quot;camera&quot;:&quot;&quot;,&quot;caption&quot;:&quot;&quot;,&quot;created_timestamp&quot;:&quot;0&quot;,&quot;copyright&quot;:&quot;&quot;,&quot;focal_length&quot;:&quot;0&quot;,&quot;iso&quot;:&quot;0&quot;,&quot;shutter_speed&quot;:&quot;0&quot;,&quot;title&quot;:&quot;&quot;,&quot;orientation&quot;:&quot;1&quot;}\" data-image-title=\"P1020609\" data-image-description=\"\" data-image-caption=\"\" data-medium-file=\"https:\/\/i0.wp.com\/www.horizonemployeur.fr\/wordpress\/wp-content\/uploads\/2015\/09\/p1020609.jpg?fit=200%2C300&amp;ssl=1\" data-large-file=\"https:\/\/i0.wp.com\/www.horizonemployeur.fr\/wordpress\/wp-content\/uploads\/2015\/09\/p1020609.jpg?fit=533%2C800&amp;ssl=1\" decoding=\"async\" loading=\"lazy\" class=\"alignnone size-medium wp-image-756\" src=\"https:\/\/i0.wp.com\/www.horizonemployeur.fr\/wordpress\/wp-content\/uploads\/2015\/09\/p1020609.jpg?resize=200%2C300\" alt=\"P1020609\" width=\"200\" height=\"300\" srcset=\"https:\/\/i0.wp.com\/www.horizonemployeur.fr\/wordpress\/wp-content\/uploads\/2015\/09\/p1020609.jpg?w=533&amp;ssl=1 533w, https:\/\/i0.wp.com\/www.horizonemployeur.fr\/wordpress\/wp-content\/uploads\/2015\/09\/p1020609.jpg?resize=200%2C300&amp;ssl=1 200w, https:\/\/i0.wp.com\/www.horizonemployeur.fr\/wordpress\/wp-content\/uploads\/2015\/09\/p1020609.jpg?resize=128%2C192&amp;ssl=1 128w\" sizes=\"(max-width: 200px) 100vw, 200px\" data-recalc-dims=\"1\" \/><\/a><a href=\"https:\/\/i0.wp.com\/www.horizonemployeur.fr\/wordpress\/wp-content\/uploads\/2015\/09\/p1020612.jpg\"><img data-attachment-id=\"759\" data-permalink=\"https:\/\/www.horizonemployeur.fr\/wordpress\/p1020612\/\" data-orig-file=\"https:\/\/i0.wp.com\/www.horizonemployeur.fr\/wordpress\/wp-content\/uploads\/2015\/09\/p1020612.jpg?fit=533%2C800&amp;ssl=1\" data-orig-size=\"533,800\" data-comments-opened=\"1\" data-image-meta=\"{&quot;aperture&quot;:&quot;0&quot;,&quot;credit&quot;:&quot;&quot;,&quot;camera&quot;:&quot;&quot;,&quot;caption&quot;:&quot;&quot;,&quot;created_timestamp&quot;:&quot;0&quot;,&quot;copyright&quot;:&quot;&quot;,&quot;focal_length&quot;:&quot;0&quot;,&quot;iso&quot;:&quot;0&quot;,&quot;shutter_speed&quot;:&quot;0&quot;,&quot;title&quot;:&quot;&quot;,&quot;orientation&quot;:&quot;1&quot;}\" data-image-title=\"P1020612\" data-image-description=\"\" data-image-caption=\"\" data-medium-file=\"https:\/\/i0.wp.com\/www.horizonemployeur.fr\/wordpress\/wp-content\/uploads\/2015\/09\/p1020612.jpg?fit=200%2C300&amp;ssl=1\" data-large-file=\"https:\/\/i0.wp.com\/www.horizonemployeur.fr\/wordpress\/wp-content\/uploads\/2015\/09\/p1020612.jpg?fit=533%2C800&amp;ssl=1\" decoding=\"async\" loading=\"lazy\" class=\"alignnone size-medium wp-image-759\" src=\"https:\/\/i0.wp.com\/www.horizonemployeur.fr\/wordpress\/wp-content\/uploads\/2015\/09\/p1020612.jpg?resize=200%2C300\" alt=\"P1020612\" width=\"200\" height=\"300\" srcset=\"https:\/\/i0.wp.com\/www.horizonemployeur.fr\/wordpress\/wp-content\/uploads\/2015\/09\/p1020612.jpg?w=533&amp;ssl=1 533w, https:\/\/i0.wp.com\/www.horizonemployeur.fr\/wordpress\/wp-content\/uploads\/2015\/09\/p1020612.jpg?resize=200%2C300&amp;ssl=1 200w, https:\/\/i0.wp.com\/www.horizonemployeur.fr\/wordpress\/wp-content\/uploads\/2015\/09\/p1020612.jpg?resize=128%2C192&amp;ssl=1 128w\" sizes=\"(max-width: 200px) 100vw, 200px\" data-recalc-dims=\"1\" \/><\/a><a href=\"https:\/\/i0.wp.com\/www.horizonemployeur.fr\/wordpress\/wp-content\/uploads\/2015\/09\/p1020614.jpg\"><img data-attachment-id=\"761\" data-permalink=\"https:\/\/www.horizonemployeur.fr\/wordpress\/p1020614\/\" data-orig-file=\"https:\/\/i0.wp.com\/www.horizonemployeur.fr\/wordpress\/wp-content\/uploads\/2015\/09\/p1020614.jpg?fit=533%2C800&amp;ssl=1\" data-orig-size=\"533,800\" data-comments-opened=\"1\" data-image-meta=\"{&quot;aperture&quot;:&quot;0&quot;,&quot;credit&quot;:&quot;&quot;,&quot;camera&quot;:&quot;&quot;,&quot;caption&quot;:&quot;&quot;,&quot;created_timestamp&quot;:&quot;0&quot;,&quot;copyright&quot;:&quot;&quot;,&quot;focal_length&quot;:&quot;0&quot;,&quot;iso&quot;:&quot;0&quot;,&quot;shutter_speed&quot;:&quot;0&quot;,&quot;title&quot;:&quot;&quot;,&quot;orientation&quot;:&quot;1&quot;}\" data-image-title=\"P1020614\" data-image-description=\"\" data-image-caption=\"\" data-medium-file=\"https:\/\/i0.wp.com\/www.horizonemployeur.fr\/wordpress\/wp-content\/uploads\/2015\/09\/p1020614.jpg?fit=200%2C300&amp;ssl=1\" data-large-file=\"https:\/\/i0.wp.com\/www.horizonemployeur.fr\/wordpress\/wp-content\/uploads\/2015\/09\/p1020614.jpg?fit=533%2C800&amp;ssl=1\" decoding=\"async\" loading=\"lazy\" class=\"alignnone size-medium wp-image-761\" src=\"https:\/\/i0.wp.com\/www.horizonemployeur.fr\/wordpress\/wp-content\/uploads\/2015\/09\/p1020614.jpg?resize=200%2C300\" alt=\"P1020614\" width=\"200\" height=\"300\" srcset=\"https:\/\/i0.wp.com\/www.horizonemployeur.fr\/wordpress\/wp-content\/uploads\/2015\/09\/p1020614.jpg?w=533&amp;ssl=1 533w, https:\/\/i0.wp.com\/www.horizonemployeur.fr\/wordpress\/wp-content\/uploads\/2015\/09\/p1020614.jpg?resize=200%2C300&amp;ssl=1 200w, https:\/\/i0.wp.com\/www.horizonemployeur.fr\/wordpress\/wp-content\/uploads\/2015\/09\/p1020614.jpg?resize=128%2C192&amp;ssl=1 128w\" sizes=\"(max-width: 200px) 100vw, 200px\" data-recalc-dims=\"1\" \/><img data-attachment-id=\"760\" data-permalink=\"https:\/\/www.horizonemployeur.fr\/wordpress\/p1020613\/\" data-orig-file=\"https:\/\/i0.wp.com\/www.horizonemployeur.fr\/wordpress\/wp-content\/uploads\/2015\/09\/p1020613.jpg?fit=800%2C533&amp;ssl=1\" data-orig-size=\"800,533\" data-comments-opened=\"1\" data-image-meta=\"{&quot;aperture&quot;:&quot;0&quot;,&quot;credit&quot;:&quot;&quot;,&quot;camera&quot;:&quot;&quot;,&quot;caption&quot;:&quot;&quot;,&quot;created_timestamp&quot;:&quot;0&quot;,&quot;copyright&quot;:&quot;&quot;,&quot;focal_length&quot;:&quot;0&quot;,&quot;iso&quot;:&quot;0&quot;,&quot;shutter_speed&quot;:&quot;0&quot;,&quot;title&quot;:&quot;&quot;,&quot;orientation&quot;:&quot;0&quot;}\" data-image-title=\"P1020613\" data-image-description=\"\" data-image-caption=\"\" data-medium-file=\"https:\/\/i0.wp.com\/www.horizonemployeur.fr\/wordpress\/wp-content\/uploads\/2015\/09\/p1020613.jpg?fit=300%2C200&amp;ssl=1\" data-large-file=\"https:\/\/i0.wp.com\/www.horizonemployeur.fr\/wordpress\/wp-content\/uploads\/2015\/09\/p1020613.jpg?fit=700%2C466&amp;ssl=1\" decoding=\"async\" loading=\"lazy\" class=\"alignnone size-medium wp-image-760\" src=\"https:\/\/i0.wp.com\/www.horizonemployeur.fr\/wordpress\/wp-content\/uploads\/2015\/09\/p1020613.jpg?resize=300%2C200\" alt=\"P1020613\" width=\"300\" height=\"200\" srcset=\"https:\/\/i0.wp.com\/www.horizonemployeur.fr\/wordpress\/wp-content\/uploads\/2015\/09\/p1020613.jpg?w=800&amp;ssl=1 800w, https:\/\/i0.wp.com\/www.horizonemployeur.fr\/wordpress\/wp-content\/uploads\/2015\/09\/p1020613.jpg?resize=300%2C200&amp;ssl=1 300w, https:\/\/i0.wp.com\/www.horizonemployeur.fr\/wordpress\/wp-content\/uploads\/2015\/09\/p1020613.jpg?resize=768%2C512&amp;ssl=1 768w, https:\/\/i0.wp.com\/www.horizonemployeur.fr\/wordpress\/wp-content\/uploads\/2015\/09\/p1020613.jpg?resize=648%2C432&amp;ssl=1 648w, https:\/\/i0.wp.com\/www.horizonemployeur.fr\/wordpress\/wp-content\/uploads\/2015\/09\/p1020613.jpg?resize=288%2C192&amp;ssl=1 288w\" sizes=\"(max-width: 300px) 100vw, 300px\" data-recalc-dims=\"1\" \/><\/a><\/p>\n<h1>Etape 5&nbsp;&#8211; la station Viroflay-Rive Gauche<\/h1>\n<p>Elle est am\u00e9nag\u00e9e place Mar\u00e9chal&nbsp;Koenig&nbsp;en contrebas du parvis de la gare SNCF.<\/p>\n<h2>Vue en surface<\/h2>\n<p>C\u00f4t\u00e9 gare, avec la reconstitution du terminus des bus, avec l&rsquo;acc\u00e8s en direction de la gare SNCF<\/p>\n<p><a href=\"https:\/\/i0.wp.com\/www.horizonemployeur.fr\/wordpress\/wp-content\/uploads\/2015\/09\/p1020671.jpg\"><img data-attachment-id=\"793\" data-permalink=\"https:\/\/www.horizonemployeur.fr\/wordpress\/p1020671\/\" data-orig-file=\"https:\/\/i0.wp.com\/www.horizonemployeur.fr\/wordpress\/wp-content\/uploads\/2015\/09\/p1020671.jpg?fit=800%2C533&amp;ssl=1\" data-orig-size=\"800,533\" data-comments-opened=\"1\" data-image-meta=\"{&quot;aperture&quot;:&quot;0&quot;,&quot;credit&quot;:&quot;&quot;,&quot;camera&quot;:&quot;&quot;,&quot;caption&quot;:&quot;&quot;,&quot;created_timestamp&quot;:&quot;0&quot;,&quot;copyright&quot;:&quot;&quot;,&quot;focal_length&quot;:&quot;0&quot;,&quot;iso&quot;:&quot;0&quot;,&quot;shutter_speed&quot;:&quot;0&quot;,&quot;title&quot;:&quot;&quot;,&quot;orientation&quot;:&quot;0&quot;}\" data-image-title=\"P1020671\" data-image-description=\"\" data-image-caption=\"\" data-medium-file=\"https:\/\/i0.wp.com\/www.horizonemployeur.fr\/wordpress\/wp-content\/uploads\/2015\/09\/p1020671.jpg?fit=300%2C200&amp;ssl=1\" data-large-file=\"https:\/\/i0.wp.com\/www.horizonemployeur.fr\/wordpress\/wp-content\/uploads\/2015\/09\/p1020671.jpg?fit=700%2C466&amp;ssl=1\" decoding=\"async\" loading=\"lazy\" class=\"alignnone size-medium wp-image-793\" src=\"https:\/\/i0.wp.com\/www.horizonemployeur.fr\/wordpress\/wp-content\/uploads\/2015\/09\/p1020671.jpg?resize=300%2C200\" alt=\"P1020671\" width=\"300\" height=\"200\" srcset=\"https:\/\/i0.wp.com\/www.horizonemployeur.fr\/wordpress\/wp-content\/uploads\/2015\/09\/p1020671.jpg?w=800&amp;ssl=1 800w, https:\/\/i0.wp.com\/www.horizonemployeur.fr\/wordpress\/wp-content\/uploads\/2015\/09\/p1020671.jpg?resize=300%2C200&amp;ssl=1 300w, https:\/\/i0.wp.com\/www.horizonemployeur.fr\/wordpress\/wp-content\/uploads\/2015\/09\/p1020671.jpg?resize=768%2C512&amp;ssl=1 768w, https:\/\/i0.wp.com\/www.horizonemployeur.fr\/wordpress\/wp-content\/uploads\/2015\/09\/p1020671.jpg?resize=648%2C432&amp;ssl=1 648w, https:\/\/i0.wp.com\/www.horizonemployeur.fr\/wordpress\/wp-content\/uploads\/2015\/09\/p1020671.jpg?resize=288%2C192&amp;ssl=1 288w\" sizes=\"(max-width: 300px) 100vw, 300px\" data-recalc-dims=\"1\" \/><\/a> <a href=\"https:\/\/i0.wp.com\/www.horizonemployeur.fr\/wordpress\/wp-content\/uploads\/2015\/09\/p1020672.jpg\"><img data-attachment-id=\"794\" data-permalink=\"https:\/\/www.horizonemployeur.fr\/wordpress\/p1020672\/\" data-orig-file=\"https:\/\/i0.wp.com\/www.horizonemployeur.fr\/wordpress\/wp-content\/uploads\/2015\/09\/p1020672.jpg?fit=800%2C533&amp;ssl=1\" data-orig-size=\"800,533\" data-comments-opened=\"1\" data-image-meta=\"{&quot;aperture&quot;:&quot;0&quot;,&quot;credit&quot;:&quot;&quot;,&quot;camera&quot;:&quot;&quot;,&quot;caption&quot;:&quot;&quot;,&quot;created_timestamp&quot;:&quot;0&quot;,&quot;copyright&quot;:&quot;&quot;,&quot;focal_length&quot;:&quot;0&quot;,&quot;iso&quot;:&quot;0&quot;,&quot;shutter_speed&quot;:&quot;0&quot;,&quot;title&quot;:&quot;&quot;,&quot;orientation&quot;:&quot;0&quot;}\" data-image-title=\"P1020672\" data-image-description=\"\" data-image-caption=\"\" data-medium-file=\"https:\/\/i0.wp.com\/www.horizonemployeur.fr\/wordpress\/wp-content\/uploads\/2015\/09\/p1020672.jpg?fit=300%2C200&amp;ssl=1\" data-large-file=\"https:\/\/i0.wp.com\/www.horizonemployeur.fr\/wordpress\/wp-content\/uploads\/2015\/09\/p1020672.jpg?fit=700%2C466&amp;ssl=1\" decoding=\"async\" loading=\"lazy\" class=\"alignnone size-medium wp-image-794\" src=\"https:\/\/i0.wp.com\/www.horizonemployeur.fr\/wordpress\/wp-content\/uploads\/2015\/09\/p1020672.jpg?resize=300%2C200\" alt=\"P1020672\" width=\"300\" height=\"200\" srcset=\"https:\/\/i0.wp.com\/www.horizonemployeur.fr\/wordpress\/wp-content\/uploads\/2015\/09\/p1020672.jpg?w=800&amp;ssl=1 800w, https:\/\/i0.wp.com\/www.horizonemployeur.fr\/wordpress\/wp-content\/uploads\/2015\/09\/p1020672.jpg?resize=300%2C200&amp;ssl=1 300w, https:\/\/i0.wp.com\/www.horizonemployeur.fr\/wordpress\/wp-content\/uploads\/2015\/09\/p1020672.jpg?resize=768%2C512&amp;ssl=1 768w, https:\/\/i0.wp.com\/www.horizonemployeur.fr\/wordpress\/wp-content\/uploads\/2015\/09\/p1020672.jpg?resize=648%2C432&amp;ssl=1 648w, https:\/\/i0.wp.com\/www.horizonemployeur.fr\/wordpress\/wp-content\/uploads\/2015\/09\/p1020672.jpg?resize=288%2C192&amp;ssl=1 288w\" sizes=\"(max-width: 300px) 100vw, 300px\" data-recalc-dims=\"1\" \/><\/a> <a href=\"https:\/\/i0.wp.com\/www.horizonemployeur.fr\/wordpress\/wp-content\/uploads\/2015\/09\/p1020673.jpg\"><img data-attachment-id=\"795\" data-permalink=\"https:\/\/www.horizonemployeur.fr\/wordpress\/p1020673\/\" data-orig-file=\"https:\/\/i0.wp.com\/www.horizonemployeur.fr\/wordpress\/wp-content\/uploads\/2015\/09\/p1020673.jpg?fit=800%2C533&amp;ssl=1\" data-orig-size=\"800,533\" data-comments-opened=\"1\" data-image-meta=\"{&quot;aperture&quot;:&quot;0&quot;,&quot;credit&quot;:&quot;&quot;,&quot;camera&quot;:&quot;&quot;,&quot;caption&quot;:&quot;&quot;,&quot;created_timestamp&quot;:&quot;0&quot;,&quot;copyright&quot;:&quot;&quot;,&quot;focal_length&quot;:&quot;0&quot;,&quot;iso&quot;:&quot;0&quot;,&quot;shutter_speed&quot;:&quot;0&quot;,&quot;title&quot;:&quot;&quot;,&quot;orientation&quot;:&quot;0&quot;}\" data-image-title=\"P1020673\" data-image-description=\"\" data-image-caption=\"\" data-medium-file=\"https:\/\/i0.wp.com\/www.horizonemployeur.fr\/wordpress\/wp-content\/uploads\/2015\/09\/p1020673.jpg?fit=300%2C200&amp;ssl=1\" data-large-file=\"https:\/\/i0.wp.com\/www.horizonemployeur.fr\/wordpress\/wp-content\/uploads\/2015\/09\/p1020673.jpg?fit=700%2C466&amp;ssl=1\" decoding=\"async\" loading=\"lazy\" class=\"alignnone size-medium wp-image-795\" src=\"https:\/\/i0.wp.com\/www.horizonemployeur.fr\/wordpress\/wp-content\/uploads\/2015\/09\/p1020673.jpg?resize=300%2C200\" alt=\"P1020673\" width=\"300\" height=\"200\" srcset=\"https:\/\/i0.wp.com\/www.horizonemployeur.fr\/wordpress\/wp-content\/uploads\/2015\/09\/p1020673.jpg?w=800&amp;ssl=1 800w, https:\/\/i0.wp.com\/www.horizonemployeur.fr\/wordpress\/wp-content\/uploads\/2015\/09\/p1020673.jpg?resize=300%2C200&amp;ssl=1 300w, https:\/\/i0.wp.com\/www.horizonemployeur.fr\/wordpress\/wp-content\/uploads\/2015\/09\/p1020673.jpg?resize=768%2C512&amp;ssl=1 768w, https:\/\/i0.wp.com\/www.horizonemployeur.fr\/wordpress\/wp-content\/uploads\/2015\/09\/p1020673.jpg?resize=648%2C432&amp;ssl=1 648w, https:\/\/i0.wp.com\/www.horizonemployeur.fr\/wordpress\/wp-content\/uploads\/2015\/09\/p1020673.jpg?resize=288%2C192&amp;ssl=1 288w\" sizes=\"(max-width: 300px) 100vw, 300px\" data-recalc-dims=\"1\" \/><\/a> <a href=\"https:\/\/i0.wp.com\/www.horizonemployeur.fr\/wordpress\/wp-content\/uploads\/2015\/09\/p1020675.jpg\"><img data-attachment-id=\"796\" data-permalink=\"https:\/\/www.horizonemployeur.fr\/wordpress\/p1020675\/\" data-orig-file=\"https:\/\/i0.wp.com\/www.horizonemployeur.fr\/wordpress\/wp-content\/uploads\/2015\/09\/p1020675.jpg?fit=533%2C800&amp;ssl=1\" data-orig-size=\"533,800\" data-comments-opened=\"1\" data-image-meta=\"{&quot;aperture&quot;:&quot;0&quot;,&quot;credit&quot;:&quot;&quot;,&quot;camera&quot;:&quot;&quot;,&quot;caption&quot;:&quot;&quot;,&quot;created_timestamp&quot;:&quot;0&quot;,&quot;copyright&quot;:&quot;&quot;,&quot;focal_length&quot;:&quot;0&quot;,&quot;iso&quot;:&quot;0&quot;,&quot;shutter_speed&quot;:&quot;0&quot;,&quot;title&quot;:&quot;&quot;,&quot;orientation&quot;:&quot;1&quot;}\" data-image-title=\"P1020675\" data-image-description=\"\" data-image-caption=\"\" data-medium-file=\"https:\/\/i0.wp.com\/www.horizonemployeur.fr\/wordpress\/wp-content\/uploads\/2015\/09\/p1020675.jpg?fit=200%2C300&amp;ssl=1\" data-large-file=\"https:\/\/i0.wp.com\/www.horizonemployeur.fr\/wordpress\/wp-content\/uploads\/2015\/09\/p1020675.jpg?fit=533%2C800&amp;ssl=1\" decoding=\"async\" loading=\"lazy\" class=\"alignnone size-medium wp-image-796\" src=\"https:\/\/i0.wp.com\/www.horizonemployeur.fr\/wordpress\/wp-content\/uploads\/2015\/09\/p1020675.jpg?resize=200%2C300\" alt=\"P1020675\" width=\"200\" height=\"300\" srcset=\"https:\/\/i0.wp.com\/www.horizonemployeur.fr\/wordpress\/wp-content\/uploads\/2015\/09\/p1020675.jpg?w=533&amp;ssl=1 533w, https:\/\/i0.wp.com\/www.horizonemployeur.fr\/wordpress\/wp-content\/uploads\/2015\/09\/p1020675.jpg?resize=200%2C300&amp;ssl=1 200w, https:\/\/i0.wp.com\/www.horizonemployeur.fr\/wordpress\/wp-content\/uploads\/2015\/09\/p1020675.jpg?resize=128%2C192&amp;ssl=1 128w\" sizes=\"(max-width: 200px) 100vw, 200px\" data-recalc-dims=\"1\" \/><\/a> <a href=\"https:\/\/i0.wp.com\/www.horizonemployeur.fr\/wordpress\/wp-content\/uploads\/2015\/09\/p1020676.jpg\"><img data-attachment-id=\"797\" data-permalink=\"https:\/\/www.horizonemployeur.fr\/wordpress\/p1020676\/\" data-orig-file=\"https:\/\/i0.wp.com\/www.horizonemployeur.fr\/wordpress\/wp-content\/uploads\/2015\/09\/p1020676.jpg?fit=800%2C533&amp;ssl=1\" data-orig-size=\"800,533\" data-comments-opened=\"1\" data-image-meta=\"{&quot;aperture&quot;:&quot;0&quot;,&quot;credit&quot;:&quot;&quot;,&quot;camera&quot;:&quot;&quot;,&quot;caption&quot;:&quot;&quot;,&quot;created_timestamp&quot;:&quot;0&quot;,&quot;copyright&quot;:&quot;&quot;,&quot;focal_length&quot;:&quot;0&quot;,&quot;iso&quot;:&quot;0&quot;,&quot;shutter_speed&quot;:&quot;0&quot;,&quot;title&quot;:&quot;&quot;,&quot;orientation&quot;:&quot;0&quot;}\" data-image-title=\"P1020676\" data-image-description=\"\" data-image-caption=\"\" data-medium-file=\"https:\/\/i0.wp.com\/www.horizonemployeur.fr\/wordpress\/wp-content\/uploads\/2015\/09\/p1020676.jpg?fit=300%2C200&amp;ssl=1\" data-large-file=\"https:\/\/i0.wp.com\/www.horizonemployeur.fr\/wordpress\/wp-content\/uploads\/2015\/09\/p1020676.jpg?fit=700%2C466&amp;ssl=1\" decoding=\"async\" loading=\"lazy\" class=\"alignnone size-medium wp-image-797\" src=\"https:\/\/i0.wp.com\/www.horizonemployeur.fr\/wordpress\/wp-content\/uploads\/2015\/09\/p1020676.jpg?resize=300%2C200\" alt=\"P1020676\" width=\"300\" height=\"200\" srcset=\"https:\/\/i0.wp.com\/www.horizonemployeur.fr\/wordpress\/wp-content\/uploads\/2015\/09\/p1020676.jpg?w=800&amp;ssl=1 800w, https:\/\/i0.wp.com\/www.horizonemployeur.fr\/wordpress\/wp-content\/uploads\/2015\/09\/p1020676.jpg?resize=300%2C200&amp;ssl=1 300w, https:\/\/i0.wp.com\/www.horizonemployeur.fr\/wordpress\/wp-content\/uploads\/2015\/09\/p1020676.jpg?resize=768%2C512&amp;ssl=1 768w, https:\/\/i0.wp.com\/www.horizonemployeur.fr\/wordpress\/wp-content\/uploads\/2015\/09\/p1020676.jpg?resize=648%2C432&amp;ssl=1 648w, https:\/\/i0.wp.com\/www.horizonemployeur.fr\/wordpress\/wp-content\/uploads\/2015\/09\/p1020676.jpg?resize=288%2C192&amp;ssl=1 288w\" sizes=\"(max-width: 300px) 100vw, 300px\" data-recalc-dims=\"1\" \/><\/a> <a href=\"https:\/\/i0.wp.com\/www.horizonemployeur.fr\/wordpress\/wp-content\/uploads\/2015\/09\/p1020677.jpg\"><img data-attachment-id=\"798\" data-permalink=\"https:\/\/www.horizonemployeur.fr\/wordpress\/p1020677\/\" data-orig-file=\"https:\/\/i0.wp.com\/www.horizonemployeur.fr\/wordpress\/wp-content\/uploads\/2015\/09\/p1020677.jpg?fit=800%2C533&amp;ssl=1\" data-orig-size=\"800,533\" data-comments-opened=\"1\" data-image-meta=\"{&quot;aperture&quot;:&quot;0&quot;,&quot;credit&quot;:&quot;&quot;,&quot;camera&quot;:&quot;&quot;,&quot;caption&quot;:&quot;&quot;,&quot;created_timestamp&quot;:&quot;0&quot;,&quot;copyright&quot;:&quot;&quot;,&quot;focal_length&quot;:&quot;0&quot;,&quot;iso&quot;:&quot;0&quot;,&quot;shutter_speed&quot;:&quot;0&quot;,&quot;title&quot;:&quot;&quot;,&quot;orientation&quot;:&quot;0&quot;}\" data-image-title=\"P1020677\" data-image-description=\"\" data-image-caption=\"\" data-medium-file=\"https:\/\/i0.wp.com\/www.horizonemployeur.fr\/wordpress\/wp-content\/uploads\/2015\/09\/p1020677.jpg?fit=300%2C200&amp;ssl=1\" data-large-file=\"https:\/\/i0.wp.com\/www.horizonemployeur.fr\/wordpress\/wp-content\/uploads\/2015\/09\/p1020677.jpg?fit=700%2C466&amp;ssl=1\" decoding=\"async\" loading=\"lazy\" class=\"alignnone size-medium wp-image-798\" src=\"https:\/\/i0.wp.com\/www.horizonemployeur.fr\/wordpress\/wp-content\/uploads\/2015\/09\/p1020677.jpg?resize=300%2C200\" alt=\"P1020677\" width=\"300\" height=\"200\" srcset=\"https:\/\/i0.wp.com\/www.horizonemployeur.fr\/wordpress\/wp-content\/uploads\/2015\/09\/p1020677.jpg?w=800&amp;ssl=1 800w, https:\/\/i0.wp.com\/www.horizonemployeur.fr\/wordpress\/wp-content\/uploads\/2015\/09\/p1020677.jpg?resize=300%2C200&amp;ssl=1 300w, https:\/\/i0.wp.com\/www.horizonemployeur.fr\/wordpress\/wp-content\/uploads\/2015\/09\/p1020677.jpg?resize=768%2C512&amp;ssl=1 768w, https:\/\/i0.wp.com\/www.horizonemployeur.fr\/wordpress\/wp-content\/uploads\/2015\/09\/p1020677.jpg?resize=648%2C432&amp;ssl=1 648w, https:\/\/i0.wp.com\/www.horizonemployeur.fr\/wordpress\/wp-content\/uploads\/2015\/09\/p1020677.jpg?resize=288%2C192&amp;ssl=1 288w\" sizes=\"(max-width: 300px) 100vw, 300px\" data-recalc-dims=\"1\" \/><\/a><\/p>\n<p>C\u00f4t\u00e9 rue&nbsp;Jean Mermoz, avec l&rsquo;autre acc\u00e8s:<\/p>\n<p><a href=\"https:\/\/i0.wp.com\/www.horizonemployeur.fr\/wordpress\/wp-content\/uploads\/2015\/09\/p1020678.jpg\"><img data-attachment-id=\"799\" data-permalink=\"https:\/\/www.horizonemployeur.fr\/wordpress\/p1020678\/\" data-orig-file=\"https:\/\/i0.wp.com\/www.horizonemployeur.fr\/wordpress\/wp-content\/uploads\/2015\/09\/p1020678.jpg?fit=800%2C533&amp;ssl=1\" data-orig-size=\"800,533\" data-comments-opened=\"1\" data-image-meta=\"{&quot;aperture&quot;:&quot;0&quot;,&quot;credit&quot;:&quot;&quot;,&quot;camera&quot;:&quot;&quot;,&quot;caption&quot;:&quot;&quot;,&quot;created_timestamp&quot;:&quot;0&quot;,&quot;copyright&quot;:&quot;&quot;,&quot;focal_length&quot;:&quot;0&quot;,&quot;iso&quot;:&quot;0&quot;,&quot;shutter_speed&quot;:&quot;0&quot;,&quot;title&quot;:&quot;&quot;,&quot;orientation&quot;:&quot;0&quot;}\" data-image-title=\"P1020678\" data-image-description=\"\" data-image-caption=\"\" data-medium-file=\"https:\/\/i0.wp.com\/www.horizonemployeur.fr\/wordpress\/wp-content\/uploads\/2015\/09\/p1020678.jpg?fit=300%2C200&amp;ssl=1\" data-large-file=\"https:\/\/i0.wp.com\/www.horizonemployeur.fr\/wordpress\/wp-content\/uploads\/2015\/09\/p1020678.jpg?fit=700%2C466&amp;ssl=1\" decoding=\"async\" loading=\"lazy\" class=\"alignnone size-medium wp-image-799\" src=\"https:\/\/i0.wp.com\/www.horizonemployeur.fr\/wordpress\/wp-content\/uploads\/2015\/09\/p1020678.jpg?resize=300%2C200\" alt=\"P1020678\" width=\"300\" height=\"200\" srcset=\"https:\/\/i0.wp.com\/www.horizonemployeur.fr\/wordpress\/wp-content\/uploads\/2015\/09\/p1020678.jpg?w=800&amp;ssl=1 800w, https:\/\/i0.wp.com\/www.horizonemployeur.fr\/wordpress\/wp-content\/uploads\/2015\/09\/p1020678.jpg?resize=300%2C200&amp;ssl=1 300w, https:\/\/i0.wp.com\/www.horizonemployeur.fr\/wordpress\/wp-content\/uploads\/2015\/09\/p1020678.jpg?resize=768%2C512&amp;ssl=1 768w, https:\/\/i0.wp.com\/www.horizonemployeur.fr\/wordpress\/wp-content\/uploads\/2015\/09\/p1020678.jpg?resize=648%2C432&amp;ssl=1 648w, https:\/\/i0.wp.com\/www.horizonemployeur.fr\/wordpress\/wp-content\/uploads\/2015\/09\/p1020678.jpg?resize=288%2C192&amp;ssl=1 288w\" sizes=\"(max-width: 300px) 100vw, 300px\" data-recalc-dims=\"1\" \/><\/a> <a href=\"https:\/\/i0.wp.com\/www.horizonemployeur.fr\/wordpress\/wp-content\/uploads\/2015\/09\/p1020679.jpg\"><img data-attachment-id=\"800\" data-permalink=\"https:\/\/www.horizonemployeur.fr\/wordpress\/p1020679\/\" data-orig-file=\"https:\/\/i0.wp.com\/www.horizonemployeur.fr\/wordpress\/wp-content\/uploads\/2015\/09\/p1020679.jpg?fit=800%2C533&amp;ssl=1\" data-orig-size=\"800,533\" data-comments-opened=\"1\" data-image-meta=\"{&quot;aperture&quot;:&quot;0&quot;,&quot;credit&quot;:&quot;&quot;,&quot;camera&quot;:&quot;&quot;,&quot;caption&quot;:&quot;&quot;,&quot;created_timestamp&quot;:&quot;0&quot;,&quot;copyright&quot;:&quot;&quot;,&quot;focal_length&quot;:&quot;0&quot;,&quot;iso&quot;:&quot;0&quot;,&quot;shutter_speed&quot;:&quot;0&quot;,&quot;title&quot;:&quot;&quot;,&quot;orientation&quot;:&quot;0&quot;}\" data-image-title=\"P1020679\" data-image-description=\"\" data-image-caption=\"\" data-medium-file=\"https:\/\/i0.wp.com\/www.horizonemployeur.fr\/wordpress\/wp-content\/uploads\/2015\/09\/p1020679.jpg?fit=300%2C200&amp;ssl=1\" data-large-file=\"https:\/\/i0.wp.com\/www.horizonemployeur.fr\/wordpress\/wp-content\/uploads\/2015\/09\/p1020679.jpg?fit=700%2C466&amp;ssl=1\" decoding=\"async\" loading=\"lazy\" class=\"alignnone size-medium wp-image-800\" src=\"https:\/\/i0.wp.com\/www.horizonemployeur.fr\/wordpress\/wp-content\/uploads\/2015\/09\/p1020679.jpg?resize=300%2C200\" alt=\"P1020679\" width=\"300\" height=\"200\" srcset=\"https:\/\/i0.wp.com\/www.horizonemployeur.fr\/wordpress\/wp-content\/uploads\/2015\/09\/p1020679.jpg?w=800&amp;ssl=1 800w, https:\/\/i0.wp.com\/www.horizonemployeur.fr\/wordpress\/wp-content\/uploads\/2015\/09\/p1020679.jpg?resize=300%2C200&amp;ssl=1 300w, https:\/\/i0.wp.com\/www.horizonemployeur.fr\/wordpress\/wp-content\/uploads\/2015\/09\/p1020679.jpg?resize=768%2C512&amp;ssl=1 768w, https:\/\/i0.wp.com\/www.horizonemployeur.fr\/wordpress\/wp-content\/uploads\/2015\/09\/p1020679.jpg?resize=648%2C432&amp;ssl=1 648w, https:\/\/i0.wp.com\/www.horizonemployeur.fr\/wordpress\/wp-content\/uploads\/2015\/09\/p1020679.jpg?resize=288%2C192&amp;ssl=1 288w\" sizes=\"(max-width: 300px) 100vw, 300px\" data-recalc-dims=\"1\" \/><\/a><\/p>\n<h2>Vue&nbsp;du tunnel<\/h2>\n<p>Au bout de pr\u00e8s d&rsquo;un kilom\u00e8tre de marche, on commence \u00e0 apercevoir la station Viroflay-Rive Gauche:<\/p>\n<p><img data-attachment-id=\"768\" data-permalink=\"https:\/\/www.horizonemployeur.fr\/wordpress\/p1020623\/\" data-orig-file=\"https:\/\/i0.wp.com\/www.horizonemployeur.fr\/wordpress\/wp-content\/uploads\/2015\/09\/p1020623.jpg?fit=800%2C533&amp;ssl=1\" data-orig-size=\"800,533\" data-comments-opened=\"1\" data-image-meta=\"{&quot;aperture&quot;:&quot;0&quot;,&quot;credit&quot;:&quot;&quot;,&quot;camera&quot;:&quot;&quot;,&quot;caption&quot;:&quot;&quot;,&quot;created_timestamp&quot;:&quot;0&quot;,&quot;copyright&quot;:&quot;&quot;,&quot;focal_length&quot;:&quot;0&quot;,&quot;iso&quot;:&quot;0&quot;,&quot;shutter_speed&quot;:&quot;0&quot;,&quot;title&quot;:&quot;&quot;,&quot;orientation&quot;:&quot;0&quot;}\" data-image-title=\"P1020623\" data-image-description=\"\" data-image-caption=\"\" data-medium-file=\"https:\/\/i0.wp.com\/www.horizonemployeur.fr\/wordpress\/wp-content\/uploads\/2015\/09\/p1020623.jpg?fit=300%2C200&amp;ssl=1\" data-large-file=\"https:\/\/i0.wp.com\/www.horizonemployeur.fr\/wordpress\/wp-content\/uploads\/2015\/09\/p1020623.jpg?fit=700%2C466&amp;ssl=1\" decoding=\"async\" loading=\"lazy\" class=\"alignnone size-medium wp-image-768\" src=\"https:\/\/i0.wp.com\/www.horizonemployeur.fr\/wordpress\/wp-content\/uploads\/2015\/09\/p1020623.jpg?resize=300%2C200\" alt=\"P1020623\" width=\"300\" height=\"200\" srcset=\"https:\/\/i0.wp.com\/www.horizonemployeur.fr\/wordpress\/wp-content\/uploads\/2015\/09\/p1020623.jpg?w=800&amp;ssl=1 800w, https:\/\/i0.wp.com\/www.horizonemployeur.fr\/wordpress\/wp-content\/uploads\/2015\/09\/p1020623.jpg?resize=300%2C200&amp;ssl=1 300w, https:\/\/i0.wp.com\/www.horizonemployeur.fr\/wordpress\/wp-content\/uploads\/2015\/09\/p1020623.jpg?resize=768%2C512&amp;ssl=1 768w, https:\/\/i0.wp.com\/www.horizonemployeur.fr\/wordpress\/wp-content\/uploads\/2015\/09\/p1020623.jpg?resize=648%2C432&amp;ssl=1 648w, https:\/\/i0.wp.com\/www.horizonemployeur.fr\/wordpress\/wp-content\/uploads\/2015\/09\/p1020623.jpg?resize=288%2C192&amp;ssl=1 288w\" sizes=\"(max-width: 300px) 100vw, 300px\" data-recalc-dims=\"1\" \/><img data-attachment-id=\"769\" data-permalink=\"https:\/\/www.horizonemployeur.fr\/wordpress\/p1020624\/\" data-orig-file=\"https:\/\/i0.wp.com\/www.horizonemployeur.fr\/wordpress\/wp-content\/uploads\/2015\/09\/p1020624.jpg?fit=800%2C533&amp;ssl=1\" data-orig-size=\"800,533\" data-comments-opened=\"1\" data-image-meta=\"{&quot;aperture&quot;:&quot;0&quot;,&quot;credit&quot;:&quot;&quot;,&quot;camera&quot;:&quot;&quot;,&quot;caption&quot;:&quot;&quot;,&quot;created_timestamp&quot;:&quot;0&quot;,&quot;copyright&quot;:&quot;&quot;,&quot;focal_length&quot;:&quot;0&quot;,&quot;iso&quot;:&quot;0&quot;,&quot;shutter_speed&quot;:&quot;0&quot;,&quot;title&quot;:&quot;&quot;,&quot;orientation&quot;:&quot;0&quot;}\" data-image-title=\"P1020624\" data-image-description=\"\" data-image-caption=\"\" data-medium-file=\"https:\/\/i0.wp.com\/www.horizonemployeur.fr\/wordpress\/wp-content\/uploads\/2015\/09\/p1020624.jpg?fit=300%2C200&amp;ssl=1\" data-large-file=\"https:\/\/i0.wp.com\/www.horizonemployeur.fr\/wordpress\/wp-content\/uploads\/2015\/09\/p1020624.jpg?fit=700%2C466&amp;ssl=1\" decoding=\"async\" loading=\"lazy\" class=\"alignnone size-medium wp-image-769\" src=\"https:\/\/i0.wp.com\/www.horizonemployeur.fr\/wordpress\/wp-content\/uploads\/2015\/09\/p1020624.jpg?resize=300%2C200\" alt=\"P1020624\" width=\"300\" height=\"200\" srcset=\"https:\/\/i0.wp.com\/www.horizonemployeur.fr\/wordpress\/wp-content\/uploads\/2015\/09\/p1020624.jpg?w=800&amp;ssl=1 800w, https:\/\/i0.wp.com\/www.horizonemployeur.fr\/wordpress\/wp-content\/uploads\/2015\/09\/p1020624.jpg?resize=300%2C200&amp;ssl=1 300w, https:\/\/i0.wp.com\/www.horizonemployeur.fr\/wordpress\/wp-content\/uploads\/2015\/09\/p1020624.jpg?resize=768%2C512&amp;ssl=1 768w, https:\/\/i0.wp.com\/www.horizonemployeur.fr\/wordpress\/wp-content\/uploads\/2015\/09\/p1020624.jpg?resize=648%2C432&amp;ssl=1 648w, https:\/\/i0.wp.com\/www.horizonemployeur.fr\/wordpress\/wp-content\/uploads\/2015\/09\/p1020624.jpg?resize=288%2C192&amp;ssl=1 288w\" sizes=\"(max-width: 300px) 100vw, 300px\" data-recalc-dims=\"1\" \/><\/p>\n<p>Comme celle de Rive Droite, cette station&nbsp;se caract\u00e9rise par un volume important, coup\u00e9 par des mezzanines<\/p>\n<p><img data-attachment-id=\"779\" data-permalink=\"https:\/\/www.horizonemployeur.fr\/wordpress\/p1020635\/\" data-orig-file=\"https:\/\/i0.wp.com\/www.horizonemployeur.fr\/wordpress\/wp-content\/uploads\/2015\/09\/p1020635.jpg?fit=533%2C800&amp;ssl=1\" data-orig-size=\"533,800\" data-comments-opened=\"1\" data-image-meta=\"{&quot;aperture&quot;:&quot;0&quot;,&quot;credit&quot;:&quot;&quot;,&quot;camera&quot;:&quot;&quot;,&quot;caption&quot;:&quot;&quot;,&quot;created_timestamp&quot;:&quot;0&quot;,&quot;copyright&quot;:&quot;&quot;,&quot;focal_length&quot;:&quot;0&quot;,&quot;iso&quot;:&quot;0&quot;,&quot;shutter_speed&quot;:&quot;0&quot;,&quot;title&quot;:&quot;&quot;,&quot;orientation&quot;:&quot;1&quot;}\" data-image-title=\"P1020635\" data-image-description=\"\" data-image-caption=\"\" data-medium-file=\"https:\/\/i0.wp.com\/www.horizonemployeur.fr\/wordpress\/wp-content\/uploads\/2015\/09\/p1020635.jpg?fit=200%2C300&amp;ssl=1\" data-large-file=\"https:\/\/i0.wp.com\/www.horizonemployeur.fr\/wordpress\/wp-content\/uploads\/2015\/09\/p1020635.jpg?fit=533%2C800&amp;ssl=1\" decoding=\"async\" loading=\"lazy\" class=\"alignnone size-medium wp-image-779\" src=\"https:\/\/i0.wp.com\/www.horizonemployeur.fr\/wordpress\/wp-content\/uploads\/2015\/09\/p1020635.jpg?resize=200%2C300\" alt=\"P1020635\" width=\"200\" height=\"300\" srcset=\"https:\/\/i0.wp.com\/www.horizonemployeur.fr\/wordpress\/wp-content\/uploads\/2015\/09\/p1020635.jpg?w=533&amp;ssl=1 533w, https:\/\/i0.wp.com\/www.horizonemployeur.fr\/wordpress\/wp-content\/uploads\/2015\/09\/p1020635.jpg?resize=200%2C300&amp;ssl=1 200w, https:\/\/i0.wp.com\/www.horizonemployeur.fr\/wordpress\/wp-content\/uploads\/2015\/09\/p1020635.jpg?resize=128%2C192&amp;ssl=1 128w\" sizes=\"(max-width: 200px) 100vw, 200px\" data-recalc-dims=\"1\" \/><img data-attachment-id=\"780\" data-permalink=\"https:\/\/www.horizonemployeur.fr\/wordpress\/p1020636\/\" data-orig-file=\"https:\/\/i0.wp.com\/www.horizonemployeur.fr\/wordpress\/wp-content\/uploads\/2015\/09\/p1020636.jpg?fit=800%2C533&amp;ssl=1\" data-orig-size=\"800,533\" data-comments-opened=\"1\" data-image-meta=\"{&quot;aperture&quot;:&quot;0&quot;,&quot;credit&quot;:&quot;&quot;,&quot;camera&quot;:&quot;&quot;,&quot;caption&quot;:&quot;&quot;,&quot;created_timestamp&quot;:&quot;0&quot;,&quot;copyright&quot;:&quot;&quot;,&quot;focal_length&quot;:&quot;0&quot;,&quot;iso&quot;:&quot;0&quot;,&quot;shutter_speed&quot;:&quot;0&quot;,&quot;title&quot;:&quot;&quot;,&quot;orientation&quot;:&quot;0&quot;}\" data-image-title=\"P1020636\" data-image-description=\"\" data-image-caption=\"\" data-medium-file=\"https:\/\/i0.wp.com\/www.horizonemployeur.fr\/wordpress\/wp-content\/uploads\/2015\/09\/p1020636.jpg?fit=300%2C200&amp;ssl=1\" data-large-file=\"https:\/\/i0.wp.com\/www.horizonemployeur.fr\/wordpress\/wp-content\/uploads\/2015\/09\/p1020636.jpg?fit=700%2C466&amp;ssl=1\" decoding=\"async\" loading=\"lazy\" class=\"alignnone size-medium wp-image-780\" src=\"https:\/\/i0.wp.com\/www.horizonemployeur.fr\/wordpress\/wp-content\/uploads\/2015\/09\/p1020636.jpg?resize=300%2C200\" alt=\"P1020636\" width=\"300\" height=\"200\" srcset=\"https:\/\/i0.wp.com\/www.horizonemployeur.fr\/wordpress\/wp-content\/uploads\/2015\/09\/p1020636.jpg?w=800&amp;ssl=1 800w, https:\/\/i0.wp.com\/www.horizonemployeur.fr\/wordpress\/wp-content\/uploads\/2015\/09\/p1020636.jpg?resize=300%2C200&amp;ssl=1 300w, https:\/\/i0.wp.com\/www.horizonemployeur.fr\/wordpress\/wp-content\/uploads\/2015\/09\/p1020636.jpg?resize=768%2C512&amp;ssl=1 768w, https:\/\/i0.wp.com\/www.horizonemployeur.fr\/wordpress\/wp-content\/uploads\/2015\/09\/p1020636.jpg?resize=648%2C432&amp;ssl=1 648w, https:\/\/i0.wp.com\/www.horizonemployeur.fr\/wordpress\/wp-content\/uploads\/2015\/09\/p1020636.jpg?resize=288%2C192&amp;ssl=1 288w\" sizes=\"(max-width: 300px) 100vw, 300px\" data-recalc-dims=\"1\" \/><\/p>\n<p>et par des profils en arches<\/p>\n<p><img data-attachment-id=\"778\" data-permalink=\"https:\/\/www.horizonemployeur.fr\/wordpress\/p1020634\/\" data-orig-file=\"https:\/\/i0.wp.com\/www.horizonemployeur.fr\/wordpress\/wp-content\/uploads\/2015\/09\/p1020634.jpg?fit=800%2C533&amp;ssl=1\" data-orig-size=\"800,533\" data-comments-opened=\"1\" data-image-meta=\"{&quot;aperture&quot;:&quot;0&quot;,&quot;credit&quot;:&quot;&quot;,&quot;camera&quot;:&quot;&quot;,&quot;caption&quot;:&quot;&quot;,&quot;created_timestamp&quot;:&quot;0&quot;,&quot;copyright&quot;:&quot;&quot;,&quot;focal_length&quot;:&quot;0&quot;,&quot;iso&quot;:&quot;0&quot;,&quot;shutter_speed&quot;:&quot;0&quot;,&quot;title&quot;:&quot;&quot;,&quot;orientation&quot;:&quot;0&quot;}\" data-image-title=\"P1020634\" data-image-description=\"\" data-image-caption=\"\" data-medium-file=\"https:\/\/i0.wp.com\/www.horizonemployeur.fr\/wordpress\/wp-content\/uploads\/2015\/09\/p1020634.jpg?fit=300%2C200&amp;ssl=1\" data-large-file=\"https:\/\/i0.wp.com\/www.horizonemployeur.fr\/wordpress\/wp-content\/uploads\/2015\/09\/p1020634.jpg?fit=700%2C466&amp;ssl=1\" decoding=\"async\" loading=\"lazy\" class=\"alignnone size-medium wp-image-778\" src=\"https:\/\/i0.wp.com\/www.horizonemployeur.fr\/wordpress\/wp-content\/uploads\/2015\/09\/p1020634.jpg?resize=300%2C200\" alt=\"P1020634\" width=\"300\" height=\"200\" srcset=\"https:\/\/i0.wp.com\/www.horizonemployeur.fr\/wordpress\/wp-content\/uploads\/2015\/09\/p1020634.jpg?w=800&amp;ssl=1 800w, https:\/\/i0.wp.com\/www.horizonemployeur.fr\/wordpress\/wp-content\/uploads\/2015\/09\/p1020634.jpg?resize=300%2C200&amp;ssl=1 300w, https:\/\/i0.wp.com\/www.horizonemployeur.fr\/wordpress\/wp-content\/uploads\/2015\/09\/p1020634.jpg?resize=768%2C512&amp;ssl=1 768w, https:\/\/i0.wp.com\/www.horizonemployeur.fr\/wordpress\/wp-content\/uploads\/2015\/09\/p1020634.jpg?resize=648%2C432&amp;ssl=1 648w, https:\/\/i0.wp.com\/www.horizonemployeur.fr\/wordpress\/wp-content\/uploads\/2015\/09\/p1020634.jpg?resize=288%2C192&amp;ssl=1 288w\" sizes=\"(max-width: 300px) 100vw, 300px\" data-recalc-dims=\"1\" \/><img data-attachment-id=\"775\" data-permalink=\"https:\/\/www.horizonemployeur.fr\/wordpress\/p1020631\/\" data-orig-file=\"https:\/\/i0.wp.com\/www.horizonemployeur.fr\/wordpress\/wp-content\/uploads\/2015\/09\/p1020631.jpg?fit=800%2C533&amp;ssl=1\" data-orig-size=\"800,533\" data-comments-opened=\"1\" data-image-meta=\"{&quot;aperture&quot;:&quot;0&quot;,&quot;credit&quot;:&quot;&quot;,&quot;camera&quot;:&quot;&quot;,&quot;caption&quot;:&quot;&quot;,&quot;created_timestamp&quot;:&quot;0&quot;,&quot;copyright&quot;:&quot;&quot;,&quot;focal_length&quot;:&quot;0&quot;,&quot;iso&quot;:&quot;0&quot;,&quot;shutter_speed&quot;:&quot;0&quot;,&quot;title&quot;:&quot;&quot;,&quot;orientation&quot;:&quot;0&quot;}\" data-image-title=\"P1020631\" data-image-description=\"\" data-image-caption=\"\" data-medium-file=\"https:\/\/i0.wp.com\/www.horizonemployeur.fr\/wordpress\/wp-content\/uploads\/2015\/09\/p1020631.jpg?fit=300%2C200&amp;ssl=1\" data-large-file=\"https:\/\/i0.wp.com\/www.horizonemployeur.fr\/wordpress\/wp-content\/uploads\/2015\/09\/p1020631.jpg?fit=700%2C466&amp;ssl=1\" decoding=\"async\" loading=\"lazy\" class=\"alignnone size-medium wp-image-775\" src=\"https:\/\/i0.wp.com\/www.horizonemployeur.fr\/wordpress\/wp-content\/uploads\/2015\/09\/p1020631.jpg?resize=300%2C200\" alt=\"P1020631\" width=\"300\" height=\"200\" srcset=\"https:\/\/i0.wp.com\/www.horizonemployeur.fr\/wordpress\/wp-content\/uploads\/2015\/09\/p1020631.jpg?w=800&amp;ssl=1 800w, https:\/\/i0.wp.com\/www.horizonemployeur.fr\/wordpress\/wp-content\/uploads\/2015\/09\/p1020631.jpg?resize=300%2C200&amp;ssl=1 300w, https:\/\/i0.wp.com\/www.horizonemployeur.fr\/wordpress\/wp-content\/uploads\/2015\/09\/p1020631.jpg?resize=768%2C512&amp;ssl=1 768w, https:\/\/i0.wp.com\/www.horizonemployeur.fr\/wordpress\/wp-content\/uploads\/2015\/09\/p1020631.jpg?resize=648%2C432&amp;ssl=1 648w, https:\/\/i0.wp.com\/www.horizonemployeur.fr\/wordpress\/wp-content\/uploads\/2015\/09\/p1020631.jpg?resize=288%2C192&amp;ssl=1 288w\" sizes=\"(max-width: 300px) 100vw, 300px\" data-recalc-dims=\"1\" \/><img data-attachment-id=\"782\" data-permalink=\"https:\/\/www.horizonemployeur.fr\/wordpress\/p1020638\/\" data-orig-file=\"https:\/\/i0.wp.com\/www.horizonemployeur.fr\/wordpress\/wp-content\/uploads\/2015\/09\/p1020638.jpg?fit=533%2C800&amp;ssl=1\" data-orig-size=\"533,800\" data-comments-opened=\"1\" data-image-meta=\"{&quot;aperture&quot;:&quot;0&quot;,&quot;credit&quot;:&quot;&quot;,&quot;camera&quot;:&quot;&quot;,&quot;caption&quot;:&quot;&quot;,&quot;created_timestamp&quot;:&quot;0&quot;,&quot;copyright&quot;:&quot;&quot;,&quot;focal_length&quot;:&quot;0&quot;,&quot;iso&quot;:&quot;0&quot;,&quot;shutter_speed&quot;:&quot;0&quot;,&quot;title&quot;:&quot;&quot;,&quot;orientation&quot;:&quot;1&quot;}\" data-image-title=\"P1020638\" data-image-description=\"\" data-image-caption=\"\" data-medium-file=\"https:\/\/i0.wp.com\/www.horizonemployeur.fr\/wordpress\/wp-content\/uploads\/2015\/09\/p1020638.jpg?fit=200%2C300&amp;ssl=1\" data-large-file=\"https:\/\/i0.wp.com\/www.horizonemployeur.fr\/wordpress\/wp-content\/uploads\/2015\/09\/p1020638.jpg?fit=533%2C800&amp;ssl=1\" decoding=\"async\" loading=\"lazy\" class=\"alignnone size-medium wp-image-782\" src=\"https:\/\/i0.wp.com\/www.horizonemployeur.fr\/wordpress\/wp-content\/uploads\/2015\/09\/p1020638.jpg?resize=200%2C300\" alt=\"P1020638\" width=\"200\" height=\"300\" srcset=\"https:\/\/i0.wp.com\/www.horizonemployeur.fr\/wordpress\/wp-content\/uploads\/2015\/09\/p1020638.jpg?w=533&amp;ssl=1 533w, https:\/\/i0.wp.com\/www.horizonemployeur.fr\/wordpress\/wp-content\/uploads\/2015\/09\/p1020638.jpg?resize=200%2C300&amp;ssl=1 200w, https:\/\/i0.wp.com\/www.horizonemployeur.fr\/wordpress\/wp-content\/uploads\/2015\/09\/p1020638.jpg?resize=128%2C192&amp;ssl=1 128w\" sizes=\"(max-width: 200px) 100vw, 200px\" data-recalc-dims=\"1\" \/><img data-attachment-id=\"781\" data-permalink=\"https:\/\/www.horizonemployeur.fr\/wordpress\/p1020637\/\" data-orig-file=\"https:\/\/i0.wp.com\/www.horizonemployeur.fr\/wordpress\/wp-content\/uploads\/2015\/09\/p1020637.jpg?fit=533%2C800&amp;ssl=1\" data-orig-size=\"533,800\" data-comments-opened=\"1\" data-image-meta=\"{&quot;aperture&quot;:&quot;0&quot;,&quot;credit&quot;:&quot;&quot;,&quot;camera&quot;:&quot;&quot;,&quot;caption&quot;:&quot;&quot;,&quot;created_timestamp&quot;:&quot;0&quot;,&quot;copyright&quot;:&quot;&quot;,&quot;focal_length&quot;:&quot;0&quot;,&quot;iso&quot;:&quot;0&quot;,&quot;shutter_speed&quot;:&quot;0&quot;,&quot;title&quot;:&quot;&quot;,&quot;orientation&quot;:&quot;1&quot;}\" data-image-title=\"P1020637\" data-image-description=\"\" data-image-caption=\"\" data-medium-file=\"https:\/\/i0.wp.com\/www.horizonemployeur.fr\/wordpress\/wp-content\/uploads\/2015\/09\/p1020637.jpg?fit=200%2C300&amp;ssl=1\" data-large-file=\"https:\/\/i0.wp.com\/www.horizonemployeur.fr\/wordpress\/wp-content\/uploads\/2015\/09\/p1020637.jpg?fit=533%2C800&amp;ssl=1\" decoding=\"async\" loading=\"lazy\" class=\"alignnone size-medium wp-image-781\" src=\"https:\/\/i0.wp.com\/www.horizonemployeur.fr\/wordpress\/wp-content\/uploads\/2015\/09\/p1020637.jpg?resize=200%2C300\" alt=\"P1020637\" width=\"200\" height=\"300\" srcset=\"https:\/\/i0.wp.com\/www.horizonemployeur.fr\/wordpress\/wp-content\/uploads\/2015\/09\/p1020637.jpg?w=533&amp;ssl=1 533w, https:\/\/i0.wp.com\/www.horizonemployeur.fr\/wordpress\/wp-content\/uploads\/2015\/09\/p1020637.jpg?resize=200%2C300&amp;ssl=1 200w, https:\/\/i0.wp.com\/www.horizonemployeur.fr\/wordpress\/wp-content\/uploads\/2015\/09\/p1020637.jpg?resize=128%2C192&amp;ssl=1 128w\" sizes=\"(max-width: 200px) 100vw, 200px\" data-recalc-dims=\"1\" \/><\/p>\n<p>qui rappellent les arches du viaduc SNCF de Viroflay.<\/p>\n<p><a href=\"https:\/\/i0.wp.com\/www.horizonemployeur.fr\/wordpress\/wp-content\/uploads\/2015\/09\/p1020680.jpg\"><img data-attachment-id=\"787\" data-permalink=\"https:\/\/www.horizonemployeur.fr\/wordpress\/p1020680\/\" data-orig-file=\"https:\/\/i0.wp.com\/www.horizonemployeur.fr\/wordpress\/wp-content\/uploads\/2015\/09\/p1020680.jpg?fit=800%2C533&amp;ssl=1\" data-orig-size=\"800,533\" data-comments-opened=\"1\" data-image-meta=\"{&quot;aperture&quot;:&quot;0&quot;,&quot;credit&quot;:&quot;&quot;,&quot;camera&quot;:&quot;&quot;,&quot;caption&quot;:&quot;&quot;,&quot;created_timestamp&quot;:&quot;0&quot;,&quot;copyright&quot;:&quot;&quot;,&quot;focal_length&quot;:&quot;0&quot;,&quot;iso&quot;:&quot;0&quot;,&quot;shutter_speed&quot;:&quot;0&quot;,&quot;title&quot;:&quot;&quot;,&quot;orientation&quot;:&quot;0&quot;}\" data-image-title=\"P1020680\" data-image-description=\"\" data-image-caption=\"\" data-medium-file=\"https:\/\/i0.wp.com\/www.horizonemployeur.fr\/wordpress\/wp-content\/uploads\/2015\/09\/p1020680.jpg?fit=300%2C200&amp;ssl=1\" data-large-file=\"https:\/\/i0.wp.com\/www.horizonemployeur.fr\/wordpress\/wp-content\/uploads\/2015\/09\/p1020680.jpg?fit=700%2C466&amp;ssl=1\" decoding=\"async\" loading=\"lazy\" class=\"alignnone size-medium wp-image-787\" src=\"https:\/\/i0.wp.com\/www.horizonemployeur.fr\/wordpress\/wp-content\/uploads\/2015\/09\/p1020680.jpg?resize=300%2C200\" alt=\"P1020680\" width=\"300\" height=\"200\" srcset=\"https:\/\/i0.wp.com\/www.horizonemployeur.fr\/wordpress\/wp-content\/uploads\/2015\/09\/p1020680.jpg?w=800&amp;ssl=1 800w, https:\/\/i0.wp.com\/www.horizonemployeur.fr\/wordpress\/wp-content\/uploads\/2015\/09\/p1020680.jpg?resize=300%2C200&amp;ssl=1 300w, https:\/\/i0.wp.com\/www.horizonemployeur.fr\/wordpress\/wp-content\/uploads\/2015\/09\/p1020680.jpg?resize=768%2C512&amp;ssl=1 768w, https:\/\/i0.wp.com\/www.horizonemployeur.fr\/wordpress\/wp-content\/uploads\/2015\/09\/p1020680.jpg?resize=648%2C432&amp;ssl=1 648w, https:\/\/i0.wp.com\/www.horizonemployeur.fr\/wordpress\/wp-content\/uploads\/2015\/09\/p1020680.jpg?resize=288%2C192&amp;ssl=1 288w\" sizes=\"(max-width: 300px) 100vw, 300px\" data-recalc-dims=\"1\" \/><\/a> <a href=\"https:\/\/i0.wp.com\/www.horizonemployeur.fr\/wordpress\/wp-content\/uploads\/2015\/09\/p1020681.jpg\"><img data-attachment-id=\"788\" data-permalink=\"https:\/\/www.horizonemployeur.fr\/wordpress\/p1020681\/\" data-orig-file=\"https:\/\/i0.wp.com\/www.horizonemployeur.fr\/wordpress\/wp-content\/uploads\/2015\/09\/p1020681.jpg?fit=800%2C533&amp;ssl=1\" data-orig-size=\"800,533\" data-comments-opened=\"1\" data-image-meta=\"{&quot;aperture&quot;:&quot;0&quot;,&quot;credit&quot;:&quot;&quot;,&quot;camera&quot;:&quot;&quot;,&quot;caption&quot;:&quot;&quot;,&quot;created_timestamp&quot;:&quot;0&quot;,&quot;copyright&quot;:&quot;&quot;,&quot;focal_length&quot;:&quot;0&quot;,&quot;iso&quot;:&quot;0&quot;,&quot;shutter_speed&quot;:&quot;0&quot;,&quot;title&quot;:&quot;&quot;,&quot;orientation&quot;:&quot;0&quot;}\" data-image-title=\"P1020681\" data-image-description=\"\" data-image-caption=\"\" data-medium-file=\"https:\/\/i0.wp.com\/www.horizonemployeur.fr\/wordpress\/wp-content\/uploads\/2015\/09\/p1020681.jpg?fit=300%2C200&amp;ssl=1\" data-large-file=\"https:\/\/i0.wp.com\/www.horizonemployeur.fr\/wordpress\/wp-content\/uploads\/2015\/09\/p1020681.jpg?fit=700%2C466&amp;ssl=1\" decoding=\"async\" loading=\"lazy\" class=\"alignnone size-medium wp-image-788\" src=\"https:\/\/i0.wp.com\/www.horizonemployeur.fr\/wordpress\/wp-content\/uploads\/2015\/09\/p1020681.jpg?resize=300%2C200\" alt=\"P1020681\" width=\"300\" height=\"200\" srcset=\"https:\/\/i0.wp.com\/www.horizonemployeur.fr\/wordpress\/wp-content\/uploads\/2015\/09\/p1020681.jpg?w=800&amp;ssl=1 800w, https:\/\/i0.wp.com\/www.horizonemployeur.fr\/wordpress\/wp-content\/uploads\/2015\/09\/p1020681.jpg?resize=300%2C200&amp;ssl=1 300w, https:\/\/i0.wp.com\/www.horizonemployeur.fr\/wordpress\/wp-content\/uploads\/2015\/09\/p1020681.jpg?resize=768%2C512&amp;ssl=1 768w, https:\/\/i0.wp.com\/www.horizonemployeur.fr\/wordpress\/wp-content\/uploads\/2015\/09\/p1020681.jpg?resize=648%2C432&amp;ssl=1 648w, https:\/\/i0.wp.com\/www.horizonemployeur.fr\/wordpress\/wp-content\/uploads\/2015\/09\/p1020681.jpg?resize=288%2C192&amp;ssl=1 288w\" sizes=\"(max-width: 300px) 100vw, 300px\" data-recalc-dims=\"1\" \/><\/a><\/p>\n<p>Les diff\u00e9rents niveaux sont reli\u00e9s par des escaliers, des escaliers m\u00e9caniques (sens de la mont\u00e9e) et des ascenseurs.<\/p>\n<p><img data-attachment-id=\"784\" data-permalink=\"https:\/\/www.horizonemployeur.fr\/wordpress\/p1020642\/\" data-orig-file=\"https:\/\/i0.wp.com\/www.horizonemployeur.fr\/wordpress\/wp-content\/uploads\/2015\/09\/p1020642.jpg?fit=533%2C800&amp;ssl=1\" data-orig-size=\"533,800\" data-comments-opened=\"1\" data-image-meta=\"{&quot;aperture&quot;:&quot;0&quot;,&quot;credit&quot;:&quot;&quot;,&quot;camera&quot;:&quot;&quot;,&quot;caption&quot;:&quot;&quot;,&quot;created_timestamp&quot;:&quot;0&quot;,&quot;copyright&quot;:&quot;&quot;,&quot;focal_length&quot;:&quot;0&quot;,&quot;iso&quot;:&quot;0&quot;,&quot;shutter_speed&quot;:&quot;0&quot;,&quot;title&quot;:&quot;&quot;,&quot;orientation&quot;:&quot;1&quot;}\" data-image-title=\"P1020642\" data-image-description=\"\" data-image-caption=\"\" data-medium-file=\"https:\/\/i0.wp.com\/www.horizonemployeur.fr\/wordpress\/wp-content\/uploads\/2015\/09\/p1020642.jpg?fit=200%2C300&amp;ssl=1\" data-large-file=\"https:\/\/i0.wp.com\/www.horizonemployeur.fr\/wordpress\/wp-content\/uploads\/2015\/09\/p1020642.jpg?fit=533%2C800&amp;ssl=1\" decoding=\"async\" loading=\"lazy\" class=\"alignnone size-medium wp-image-784\" src=\"https:\/\/i0.wp.com\/www.horizonemployeur.fr\/wordpress\/wp-content\/uploads\/2015\/09\/p1020642.jpg?resize=200%2C300\" alt=\"P1020642\" width=\"200\" height=\"300\" srcset=\"https:\/\/i0.wp.com\/www.horizonemployeur.fr\/wordpress\/wp-content\/uploads\/2015\/09\/p1020642.jpg?w=533&amp;ssl=1 533w, https:\/\/i0.wp.com\/www.horizonemployeur.fr\/wordpress\/wp-content\/uploads\/2015\/09\/p1020642.jpg?resize=200%2C300&amp;ssl=1 200w, https:\/\/i0.wp.com\/www.horizonemployeur.fr\/wordpress\/wp-content\/uploads\/2015\/09\/p1020642.jpg?resize=128%2C192&amp;ssl=1 128w\" sizes=\"(max-width: 200px) 100vw, 200px\" data-recalc-dims=\"1\" \/><img data-attachment-id=\"773\" data-permalink=\"https:\/\/www.horizonemployeur.fr\/wordpress\/p1020629\/\" data-orig-file=\"https:\/\/i0.wp.com\/www.horizonemployeur.fr\/wordpress\/wp-content\/uploads\/2015\/09\/p1020629.jpg?fit=533%2C800&amp;ssl=1\" data-orig-size=\"533,800\" data-comments-opened=\"1\" data-image-meta=\"{&quot;aperture&quot;:&quot;0&quot;,&quot;credit&quot;:&quot;&quot;,&quot;camera&quot;:&quot;&quot;,&quot;caption&quot;:&quot;&quot;,&quot;created_timestamp&quot;:&quot;0&quot;,&quot;copyright&quot;:&quot;&quot;,&quot;focal_length&quot;:&quot;0&quot;,&quot;iso&quot;:&quot;0&quot;,&quot;shutter_speed&quot;:&quot;0&quot;,&quot;title&quot;:&quot;&quot;,&quot;orientation&quot;:&quot;1&quot;}\" data-image-title=\"P1020629\" data-image-description=\"\" data-image-caption=\"\" data-medium-file=\"https:\/\/i0.wp.com\/www.horizonemployeur.fr\/wordpress\/wp-content\/uploads\/2015\/09\/p1020629.jpg?fit=200%2C300&amp;ssl=1\" data-large-file=\"https:\/\/i0.wp.com\/www.horizonemployeur.fr\/wordpress\/wp-content\/uploads\/2015\/09\/p1020629.jpg?fit=533%2C800&amp;ssl=1\" decoding=\"async\" loading=\"lazy\" class=\"alignnone size-medium wp-image-773\" src=\"https:\/\/i0.wp.com\/www.horizonemployeur.fr\/wordpress\/wp-content\/uploads\/2015\/09\/p1020629.jpg?resize=200%2C300\" alt=\"P1020629\" width=\"200\" height=\"300\" srcset=\"https:\/\/i0.wp.com\/www.horizonemployeur.fr\/wordpress\/wp-content\/uploads\/2015\/09\/p1020629.jpg?w=533&amp;ssl=1 533w, https:\/\/i0.wp.com\/www.horizonemployeur.fr\/wordpress\/wp-content\/uploads\/2015\/09\/p1020629.jpg?resize=200%2C300&amp;ssl=1 200w, https:\/\/i0.wp.com\/www.horizonemployeur.fr\/wordpress\/wp-content\/uploads\/2015\/09\/p1020629.jpg?resize=128%2C192&amp;ssl=1 128w\" sizes=\"(max-width: 200px) 100vw, 200px\" data-recalc-dims=\"1\" \/><\/p>\n<p><img data-attachment-id=\"772\" data-permalink=\"https:\/\/www.horizonemployeur.fr\/wordpress\/p1020628\/\" data-orig-file=\"https:\/\/i0.wp.com\/www.horizonemployeur.fr\/wordpress\/wp-content\/uploads\/2015\/09\/p1020628.jpg?fit=800%2C533&amp;ssl=1\" data-orig-size=\"800,533\" data-comments-opened=\"1\" data-image-meta=\"{&quot;aperture&quot;:&quot;0&quot;,&quot;credit&quot;:&quot;&quot;,&quot;camera&quot;:&quot;&quot;,&quot;caption&quot;:&quot;&quot;,&quot;created_timestamp&quot;:&quot;0&quot;,&quot;copyright&quot;:&quot;&quot;,&quot;focal_length&quot;:&quot;0&quot;,&quot;iso&quot;:&quot;0&quot;,&quot;shutter_speed&quot;:&quot;0&quot;,&quot;title&quot;:&quot;&quot;,&quot;orientation&quot;:&quot;0&quot;}\" data-image-title=\"P1020628\" data-image-description=\"\" data-image-caption=\"\" data-medium-file=\"https:\/\/i0.wp.com\/www.horizonemployeur.fr\/wordpress\/wp-content\/uploads\/2015\/09\/p1020628.jpg?fit=300%2C200&amp;ssl=1\" data-large-file=\"https:\/\/i0.wp.com\/www.horizonemployeur.fr\/wordpress\/wp-content\/uploads\/2015\/09\/p1020628.jpg?fit=700%2C466&amp;ssl=1\" decoding=\"async\" loading=\"lazy\" class=\"alignnone size-medium wp-image-772\" src=\"https:\/\/i0.wp.com\/www.horizonemployeur.fr\/wordpress\/wp-content\/uploads\/2015\/09\/p1020628.jpg?resize=300%2C200\" alt=\"P1020628\" width=\"300\" height=\"200\" srcset=\"https:\/\/i0.wp.com\/www.horizonemployeur.fr\/wordpress\/wp-content\/uploads\/2015\/09\/p1020628.jpg?w=800&amp;ssl=1 800w, https:\/\/i0.wp.com\/www.horizonemployeur.fr\/wordpress\/wp-content\/uploads\/2015\/09\/p1020628.jpg?resize=300%2C200&amp;ssl=1 300w, https:\/\/i0.wp.com\/www.horizonemployeur.fr\/wordpress\/wp-content\/uploads\/2015\/09\/p1020628.jpg?resize=768%2C512&amp;ssl=1 768w, https:\/\/i0.wp.com\/www.horizonemployeur.fr\/wordpress\/wp-content\/uploads\/2015\/09\/p1020628.jpg?resize=648%2C432&amp;ssl=1 648w, https:\/\/i0.wp.com\/www.horizonemployeur.fr\/wordpress\/wp-content\/uploads\/2015\/09\/p1020628.jpg?resize=288%2C192&amp;ssl=1 288w\" sizes=\"(max-width: 300px) 100vw, 300px\" data-recalc-dims=\"1\" \/><img data-attachment-id=\"785\" data-permalink=\"https:\/\/www.horizonemployeur.fr\/wordpress\/p1020643\/\" data-orig-file=\"https:\/\/i0.wp.com\/www.horizonemployeur.fr\/wordpress\/wp-content\/uploads\/2015\/09\/p1020643.jpg?fit=533%2C800&amp;ssl=1\" data-orig-size=\"533,800\" data-comments-opened=\"1\" data-image-meta=\"{&quot;aperture&quot;:&quot;0&quot;,&quot;credit&quot;:&quot;&quot;,&quot;camera&quot;:&quot;&quot;,&quot;caption&quot;:&quot;&quot;,&quot;created_timestamp&quot;:&quot;0&quot;,&quot;copyright&quot;:&quot;&quot;,&quot;focal_length&quot;:&quot;0&quot;,&quot;iso&quot;:&quot;0&quot;,&quot;shutter_speed&quot;:&quot;0&quot;,&quot;title&quot;:&quot;&quot;,&quot;orientation&quot;:&quot;1&quot;}\" data-image-title=\"P1020643\" data-image-description=\"\" data-image-caption=\"\" data-medium-file=\"https:\/\/i0.wp.com\/www.horizonemployeur.fr\/wordpress\/wp-content\/uploads\/2015\/09\/p1020643.jpg?fit=200%2C300&amp;ssl=1\" data-large-file=\"https:\/\/i0.wp.com\/www.horizonemployeur.fr\/wordpress\/wp-content\/uploads\/2015\/09\/p1020643.jpg?fit=533%2C800&amp;ssl=1\" decoding=\"async\" loading=\"lazy\" class=\"alignnone size-medium wp-image-785\" src=\"https:\/\/i0.wp.com\/www.horizonemployeur.fr\/wordpress\/wp-content\/uploads\/2015\/09\/p1020643.jpg?resize=200%2C300\" alt=\"P1020643\" width=\"200\" height=\"300\" srcset=\"https:\/\/i0.wp.com\/www.horizonemployeur.fr\/wordpress\/wp-content\/uploads\/2015\/09\/p1020643.jpg?w=533&amp;ssl=1 533w, https:\/\/i0.wp.com\/www.horizonemployeur.fr\/wordpress\/wp-content\/uploads\/2015\/09\/p1020643.jpg?resize=200%2C300&amp;ssl=1 200w, https:\/\/i0.wp.com\/www.horizonemployeur.fr\/wordpress\/wp-content\/uploads\/2015\/09\/p1020643.jpg?resize=128%2C192&amp;ssl=1 128w\" sizes=\"(max-width: 200px) 100vw, 200px\" data-recalc-dims=\"1\" \/><\/p>\n<p>Les mat\u00e9riaux (bois) sont d\u00e9j\u00e0 partiellement pos\u00e9s sur les structures b\u00e9ton et m\u00e9talliques.<\/p>\n<p><a href=\"https:\/\/i0.wp.com\/www.horizonemployeur.fr\/wordpress\/wp-content\/uploads\/2015\/09\/p1020625.jpg\"><img data-attachment-id=\"770\" data-permalink=\"https:\/\/www.horizonemployeur.fr\/wordpress\/p1020625\/\" data-orig-file=\"https:\/\/i0.wp.com\/www.horizonemployeur.fr\/wordpress\/wp-content\/uploads\/2015\/09\/p1020625.jpg?fit=800%2C533&amp;ssl=1\" data-orig-size=\"800,533\" data-comments-opened=\"1\" data-image-meta=\"{&quot;aperture&quot;:&quot;0&quot;,&quot;credit&quot;:&quot;&quot;,&quot;camera&quot;:&quot;&quot;,&quot;caption&quot;:&quot;&quot;,&quot;created_timestamp&quot;:&quot;0&quot;,&quot;copyright&quot;:&quot;&quot;,&quot;focal_length&quot;:&quot;0&quot;,&quot;iso&quot;:&quot;0&quot;,&quot;shutter_speed&quot;:&quot;0&quot;,&quot;title&quot;:&quot;&quot;,&quot;orientation&quot;:&quot;0&quot;}\" data-image-title=\"P1020625\" data-image-description=\"\" data-image-caption=\"\" data-medium-file=\"https:\/\/i0.wp.com\/www.horizonemployeur.fr\/wordpress\/wp-content\/uploads\/2015\/09\/p1020625.jpg?fit=300%2C200&amp;ssl=1\" data-large-file=\"https:\/\/i0.wp.com\/www.horizonemployeur.fr\/wordpress\/wp-content\/uploads\/2015\/09\/p1020625.jpg?fit=700%2C466&amp;ssl=1\" decoding=\"async\" loading=\"lazy\" class=\"alignnone size-medium wp-image-770\" src=\"https:\/\/i0.wp.com\/www.horizonemployeur.fr\/wordpress\/wp-content\/uploads\/2015\/09\/p1020625.jpg?resize=300%2C200\" alt=\"P1020625\" width=\"300\" height=\"200\" srcset=\"https:\/\/i0.wp.com\/www.horizonemployeur.fr\/wordpress\/wp-content\/uploads\/2015\/09\/p1020625.jpg?w=800&amp;ssl=1 800w, https:\/\/i0.wp.com\/www.horizonemployeur.fr\/wordpress\/wp-content\/uploads\/2015\/09\/p1020625.jpg?resize=300%2C200&amp;ssl=1 300w, https:\/\/i0.wp.com\/www.horizonemployeur.fr\/wordpress\/wp-content\/uploads\/2015\/09\/p1020625.jpg?resize=768%2C512&amp;ssl=1 768w, https:\/\/i0.wp.com\/www.horizonemployeur.fr\/wordpress\/wp-content\/uploads\/2015\/09\/p1020625.jpg?resize=648%2C432&amp;ssl=1 648w, https:\/\/i0.wp.com\/www.horizonemployeur.fr\/wordpress\/wp-content\/uploads\/2015\/09\/p1020625.jpg?resize=288%2C192&amp;ssl=1 288w\" sizes=\"(max-width: 300px) 100vw, 300px\" data-recalc-dims=\"1\" \/><\/a><a href=\"https:\/\/i0.wp.com\/www.horizonemployeur.fr\/wordpress\/wp-content\/uploads\/2015\/09\/p1020627.jpg\"><img data-attachment-id=\"771\" data-permalink=\"https:\/\/www.horizonemployeur.fr\/wordpress\/p1020627\/\" data-orig-file=\"https:\/\/i0.wp.com\/www.horizonemployeur.fr\/wordpress\/wp-content\/uploads\/2015\/09\/p1020627.jpg?fit=533%2C800&amp;ssl=1\" data-orig-size=\"533,800\" data-comments-opened=\"1\" data-image-meta=\"{&quot;aperture&quot;:&quot;0&quot;,&quot;credit&quot;:&quot;&quot;,&quot;camera&quot;:&quot;&quot;,&quot;caption&quot;:&quot;&quot;,&quot;created_timestamp&quot;:&quot;0&quot;,&quot;copyright&quot;:&quot;&quot;,&quot;focal_length&quot;:&quot;0&quot;,&quot;iso&quot;:&quot;0&quot;,&quot;shutter_speed&quot;:&quot;0&quot;,&quot;title&quot;:&quot;&quot;,&quot;orientation&quot;:&quot;1&quot;}\" data-image-title=\"P1020627\" data-image-description=\"\" data-image-caption=\"\" data-medium-file=\"https:\/\/i0.wp.com\/www.horizonemployeur.fr\/wordpress\/wp-content\/uploads\/2015\/09\/p1020627.jpg?fit=200%2C300&amp;ssl=1\" data-large-file=\"https:\/\/i0.wp.com\/www.horizonemployeur.fr\/wordpress\/wp-content\/uploads\/2015\/09\/p1020627.jpg?fit=533%2C800&amp;ssl=1\" decoding=\"async\" loading=\"lazy\" class=\"alignnone size-medium wp-image-771\" src=\"https:\/\/i0.wp.com\/www.horizonemployeur.fr\/wordpress\/wp-content\/uploads\/2015\/09\/p1020627.jpg?resize=200%2C300\" alt=\"P1020627\" width=\"200\" height=\"300\" srcset=\"https:\/\/i0.wp.com\/www.horizonemployeur.fr\/wordpress\/wp-content\/uploads\/2015\/09\/p1020627.jpg?w=533&amp;ssl=1 533w, https:\/\/i0.wp.com\/www.horizonemployeur.fr\/wordpress\/wp-content\/uploads\/2015\/09\/p1020627.jpg?resize=200%2C300&amp;ssl=1 200w, https:\/\/i0.wp.com\/www.horizonemployeur.fr\/wordpress\/wp-content\/uploads\/2015\/09\/p1020627.jpg?resize=128%2C192&amp;ssl=1 128w\" sizes=\"(max-width: 200px) 100vw, 200px\" data-recalc-dims=\"1\" \/><\/a> &nbsp;&nbsp;<a href=\"https:\/\/i0.wp.com\/www.horizonemployeur.fr\/wordpress\/wp-content\/uploads\/2015\/09\/p1020630.jpg\"><img data-attachment-id=\"774\" data-permalink=\"https:\/\/www.horizonemployeur.fr\/wordpress\/p1020630\/\" data-orig-file=\"https:\/\/i0.wp.com\/www.horizonemployeur.fr\/wordpress\/wp-content\/uploads\/2015\/09\/p1020630.jpg?fit=800%2C533&amp;ssl=1\" data-orig-size=\"800,533\" data-comments-opened=\"1\" data-image-meta=\"{&quot;aperture&quot;:&quot;0&quot;,&quot;credit&quot;:&quot;&quot;,&quot;camera&quot;:&quot;&quot;,&quot;caption&quot;:&quot;&quot;,&quot;created_timestamp&quot;:&quot;0&quot;,&quot;copyright&quot;:&quot;&quot;,&quot;focal_length&quot;:&quot;0&quot;,&quot;iso&quot;:&quot;0&quot;,&quot;shutter_speed&quot;:&quot;0&quot;,&quot;title&quot;:&quot;&quot;,&quot;orientation&quot;:&quot;0&quot;}\" data-image-title=\"P1020630\" data-image-description=\"\" data-image-caption=\"\" data-medium-file=\"https:\/\/i0.wp.com\/www.horizonemployeur.fr\/wordpress\/wp-content\/uploads\/2015\/09\/p1020630.jpg?fit=300%2C200&amp;ssl=1\" data-large-file=\"https:\/\/i0.wp.com\/www.horizonemployeur.fr\/wordpress\/wp-content\/uploads\/2015\/09\/p1020630.jpg?fit=700%2C466&amp;ssl=1\" decoding=\"async\" loading=\"lazy\" class=\"alignnone size-medium wp-image-774\" src=\"https:\/\/i0.wp.com\/www.horizonemployeur.fr\/wordpress\/wp-content\/uploads\/2015\/09\/p1020630.jpg?resize=300%2C200\" alt=\"P1020630\" width=\"300\" height=\"200\" srcset=\"https:\/\/i0.wp.com\/www.horizonemployeur.fr\/wordpress\/wp-content\/uploads\/2015\/09\/p1020630.jpg?w=800&amp;ssl=1 800w, https:\/\/i0.wp.com\/www.horizonemployeur.fr\/wordpress\/wp-content\/uploads\/2015\/09\/p1020630.jpg?resize=300%2C200&amp;ssl=1 300w, https:\/\/i0.wp.com\/www.horizonemployeur.fr\/wordpress\/wp-content\/uploads\/2015\/09\/p1020630.jpg?resize=768%2C512&amp;ssl=1 768w, https:\/\/i0.wp.com\/www.horizonemployeur.fr\/wordpress\/wp-content\/uploads\/2015\/09\/p1020630.jpg?resize=648%2C432&amp;ssl=1 648w, https:\/\/i0.wp.com\/www.horizonemployeur.fr\/wordpress\/wp-content\/uploads\/2015\/09\/p1020630.jpg?resize=288%2C192&amp;ssl=1 288w\" sizes=\"(max-width: 300px) 100vw, 300px\" data-recalc-dims=\"1\" \/><\/a><a href=\"https:\/\/i0.wp.com\/www.horizonemployeur.fr\/wordpress\/wp-content\/uploads\/2015\/09\/p1020632.jpg\"><img data-attachment-id=\"776\" data-permalink=\"https:\/\/www.horizonemployeur.fr\/wordpress\/p1020632\/\" data-orig-file=\"https:\/\/i0.wp.com\/www.horizonemployeur.fr\/wordpress\/wp-content\/uploads\/2015\/09\/p1020632.jpg?fit=800%2C533&amp;ssl=1\" data-orig-size=\"800,533\" data-comments-opened=\"1\" data-image-meta=\"{&quot;aperture&quot;:&quot;0&quot;,&quot;credit&quot;:&quot;&quot;,&quot;camera&quot;:&quot;&quot;,&quot;caption&quot;:&quot;&quot;,&quot;created_timestamp&quot;:&quot;0&quot;,&quot;copyright&quot;:&quot;&quot;,&quot;focal_length&quot;:&quot;0&quot;,&quot;iso&quot;:&quot;0&quot;,&quot;shutter_speed&quot;:&quot;0&quot;,&quot;title&quot;:&quot;&quot;,&quot;orientation&quot;:&quot;0&quot;}\" data-image-title=\"P1020632\" data-image-description=\"\" data-image-caption=\"\" data-medium-file=\"https:\/\/i0.wp.com\/www.horizonemployeur.fr\/wordpress\/wp-content\/uploads\/2015\/09\/p1020632.jpg?fit=300%2C200&amp;ssl=1\" data-large-file=\"https:\/\/i0.wp.com\/www.horizonemployeur.fr\/wordpress\/wp-content\/uploads\/2015\/09\/p1020632.jpg?fit=700%2C466&amp;ssl=1\" decoding=\"async\" loading=\"lazy\" class=\"alignnone size-medium wp-image-776\" src=\"https:\/\/i0.wp.com\/www.horizonemployeur.fr\/wordpress\/wp-content\/uploads\/2015\/09\/p1020632.jpg?resize=300%2C200\" alt=\"P1020632\" width=\"300\" height=\"200\" srcset=\"https:\/\/i0.wp.com\/www.horizonemployeur.fr\/wordpress\/wp-content\/uploads\/2015\/09\/p1020632.jpg?w=800&amp;ssl=1 800w, https:\/\/i0.wp.com\/www.horizonemployeur.fr\/wordpress\/wp-content\/uploads\/2015\/09\/p1020632.jpg?resize=300%2C200&amp;ssl=1 300w, https:\/\/i0.wp.com\/www.horizonemployeur.fr\/wordpress\/wp-content\/uploads\/2015\/09\/p1020632.jpg?resize=768%2C512&amp;ssl=1 768w, https:\/\/i0.wp.com\/www.horizonemployeur.fr\/wordpress\/wp-content\/uploads\/2015\/09\/p1020632.jpg?resize=648%2C432&amp;ssl=1 648w, https:\/\/i0.wp.com\/www.horizonemployeur.fr\/wordpress\/wp-content\/uploads\/2015\/09\/p1020632.jpg?resize=288%2C192&amp;ssl=1 288w\" sizes=\"(max-width: 300px) 100vw, 300px\" data-recalc-dims=\"1\" \/><\/a> <a href=\"https:\/\/i0.wp.com\/www.horizonemployeur.fr\/wordpress\/wp-content\/uploads\/2015\/09\/p1020633.jpg\"><img data-attachment-id=\"777\" data-permalink=\"https:\/\/www.horizonemployeur.fr\/wordpress\/p1020633\/\" data-orig-file=\"https:\/\/i0.wp.com\/www.horizonemployeur.fr\/wordpress\/wp-content\/uploads\/2015\/09\/p1020633.jpg?fit=800%2C533&amp;ssl=1\" data-orig-size=\"800,533\" data-comments-opened=\"1\" data-image-meta=\"{&quot;aperture&quot;:&quot;0&quot;,&quot;credit&quot;:&quot;&quot;,&quot;camera&quot;:&quot;&quot;,&quot;caption&quot;:&quot;&quot;,&quot;created_timestamp&quot;:&quot;0&quot;,&quot;copyright&quot;:&quot;&quot;,&quot;focal_length&quot;:&quot;0&quot;,&quot;iso&quot;:&quot;0&quot;,&quot;shutter_speed&quot;:&quot;0&quot;,&quot;title&quot;:&quot;&quot;,&quot;orientation&quot;:&quot;0&quot;}\" data-image-title=\"P1020633\" data-image-description=\"\" data-image-caption=\"\" data-medium-file=\"https:\/\/i0.wp.com\/www.horizonemployeur.fr\/wordpress\/wp-content\/uploads\/2015\/09\/p1020633.jpg?fit=300%2C200&amp;ssl=1\" data-large-file=\"https:\/\/i0.wp.com\/www.horizonemployeur.fr\/wordpress\/wp-content\/uploads\/2015\/09\/p1020633.jpg?fit=700%2C466&amp;ssl=1\" decoding=\"async\" loading=\"lazy\" class=\"alignnone size-medium wp-image-777\" src=\"https:\/\/i0.wp.com\/www.horizonemployeur.fr\/wordpress\/wp-content\/uploads\/2015\/09\/p1020633.jpg?resize=300%2C200\" alt=\"P1020633\" width=\"300\" height=\"200\" srcset=\"https:\/\/i0.wp.com\/www.horizonemployeur.fr\/wordpress\/wp-content\/uploads\/2015\/09\/p1020633.jpg?w=800&amp;ssl=1 800w, https:\/\/i0.wp.com\/www.horizonemployeur.fr\/wordpress\/wp-content\/uploads\/2015\/09\/p1020633.jpg?resize=300%2C200&amp;ssl=1 300w, https:\/\/i0.wp.com\/www.horizonemployeur.fr\/wordpress\/wp-content\/uploads\/2015\/09\/p1020633.jpg?resize=768%2C512&amp;ssl=1 768w, https:\/\/i0.wp.com\/www.horizonemployeur.fr\/wordpress\/wp-content\/uploads\/2015\/09\/p1020633.jpg?resize=648%2C432&amp;ssl=1 648w, https:\/\/i0.wp.com\/www.horizonemployeur.fr\/wordpress\/wp-content\/uploads\/2015\/09\/p1020633.jpg?resize=288%2C192&amp;ssl=1 288w\" sizes=\"(max-width: 300px) 100vw, 300px\" data-recalc-dims=\"1\" \/><\/a><a href=\"https:\/\/i0.wp.com\/www.horizonemployeur.fr\/wordpress\/wp-content\/uploads\/2015\/09\/p1020639.jpg\"><img data-attachment-id=\"783\" data-permalink=\"https:\/\/www.horizonemployeur.fr\/wordpress\/p1020639\/\" data-orig-file=\"https:\/\/i0.wp.com\/www.horizonemployeur.fr\/wordpress\/wp-content\/uploads\/2015\/09\/p1020639.jpg?fit=800%2C533&amp;ssl=1\" data-orig-size=\"800,533\" data-comments-opened=\"1\" data-image-meta=\"{&quot;aperture&quot;:&quot;0&quot;,&quot;credit&quot;:&quot;&quot;,&quot;camera&quot;:&quot;&quot;,&quot;caption&quot;:&quot;&quot;,&quot;created_timestamp&quot;:&quot;0&quot;,&quot;copyright&quot;:&quot;&quot;,&quot;focal_length&quot;:&quot;0&quot;,&quot;iso&quot;:&quot;0&quot;,&quot;shutter_speed&quot;:&quot;0&quot;,&quot;title&quot;:&quot;&quot;,&quot;orientation&quot;:&quot;0&quot;}\" data-image-title=\"P1020639\" data-image-description=\"\" data-image-caption=\"\" data-medium-file=\"https:\/\/i0.wp.com\/www.horizonemployeur.fr\/wordpress\/wp-content\/uploads\/2015\/09\/p1020639.jpg?fit=300%2C200&amp;ssl=1\" data-large-file=\"https:\/\/i0.wp.com\/www.horizonemployeur.fr\/wordpress\/wp-content\/uploads\/2015\/09\/p1020639.jpg?fit=700%2C466&amp;ssl=1\" decoding=\"async\" loading=\"lazy\" class=\"alignnone size-medium wp-image-783\" src=\"https:\/\/i0.wp.com\/www.horizonemployeur.fr\/wordpress\/wp-content\/uploads\/2015\/09\/p1020639.jpg?resize=300%2C200\" alt=\"P1020639\" width=\"300\" height=\"200\" srcset=\"https:\/\/i0.wp.com\/www.horizonemployeur.fr\/wordpress\/wp-content\/uploads\/2015\/09\/p1020639.jpg?w=800&amp;ssl=1 800w, https:\/\/i0.wp.com\/www.horizonemployeur.fr\/wordpress\/wp-content\/uploads\/2015\/09\/p1020639.jpg?resize=300%2C200&amp;ssl=1 300w, https:\/\/i0.wp.com\/www.horizonemployeur.fr\/wordpress\/wp-content\/uploads\/2015\/09\/p1020639.jpg?resize=768%2C512&amp;ssl=1 768w, https:\/\/i0.wp.com\/www.horizonemployeur.fr\/wordpress\/wp-content\/uploads\/2015\/09\/p1020639.jpg?resize=648%2C432&amp;ssl=1 648w, https:\/\/i0.wp.com\/www.horizonemployeur.fr\/wordpress\/wp-content\/uploads\/2015\/09\/p1020639.jpg?resize=288%2C192&amp;ssl=1 288w\" sizes=\"(max-width: 300px) 100vw, 300px\" data-recalc-dims=\"1\" \/><\/a>&nbsp;&nbsp;&nbsp;<a href=\"https:\/\/i0.wp.com\/www.horizonemployeur.fr\/wordpress\/wp-content\/uploads\/2015\/09\/p1020644.jpg\"><img data-attachment-id=\"786\" data-permalink=\"https:\/\/www.horizonemployeur.fr\/wordpress\/p1020644\/\" data-orig-file=\"https:\/\/i0.wp.com\/www.horizonemployeur.fr\/wordpress\/wp-content\/uploads\/2015\/09\/p1020644.jpg?fit=800%2C533&amp;ssl=1\" data-orig-size=\"800,533\" data-comments-opened=\"1\" data-image-meta=\"{&quot;aperture&quot;:&quot;0&quot;,&quot;credit&quot;:&quot;&quot;,&quot;camera&quot;:&quot;&quot;,&quot;caption&quot;:&quot;&quot;,&quot;created_timestamp&quot;:&quot;0&quot;,&quot;copyright&quot;:&quot;&quot;,&quot;focal_length&quot;:&quot;0&quot;,&quot;iso&quot;:&quot;0&quot;,&quot;shutter_speed&quot;:&quot;0&quot;,&quot;title&quot;:&quot;&quot;,&quot;orientation&quot;:&quot;0&quot;}\" data-image-title=\"P1020644\" data-image-description=\"\" data-image-caption=\"\" data-medium-file=\"https:\/\/i0.wp.com\/www.horizonemployeur.fr\/wordpress\/wp-content\/uploads\/2015\/09\/p1020644.jpg?fit=300%2C200&amp;ssl=1\" data-large-file=\"https:\/\/i0.wp.com\/www.horizonemployeur.fr\/wordpress\/wp-content\/uploads\/2015\/09\/p1020644.jpg?fit=700%2C466&amp;ssl=1\" decoding=\"async\" loading=\"lazy\" class=\"alignnone size-medium wp-image-786\" src=\"https:\/\/i0.wp.com\/www.horizonemployeur.fr\/wordpress\/wp-content\/uploads\/2015\/09\/p1020644.jpg?resize=300%2C200\" alt=\"P1020644\" width=\"300\" height=\"200\" srcset=\"https:\/\/i0.wp.com\/www.horizonemployeur.fr\/wordpress\/wp-content\/uploads\/2015\/09\/p1020644.jpg?w=800&amp;ssl=1 800w, https:\/\/i0.wp.com\/www.horizonemployeur.fr\/wordpress\/wp-content\/uploads\/2015\/09\/p1020644.jpg?resize=300%2C200&amp;ssl=1 300w, https:\/\/i0.wp.com\/www.horizonemployeur.fr\/wordpress\/wp-content\/uploads\/2015\/09\/p1020644.jpg?resize=768%2C512&amp;ssl=1 768w, https:\/\/i0.wp.com\/www.horizonemployeur.fr\/wordpress\/wp-content\/uploads\/2015\/09\/p1020644.jpg?resize=648%2C432&amp;ssl=1 648w, https:\/\/i0.wp.com\/www.horizonemployeur.fr\/wordpress\/wp-content\/uploads\/2015\/09\/p1020644.jpg?resize=288%2C192&amp;ssl=1 288w\" sizes=\"(max-width: 300px) 100vw, 300px\" data-recalc-dims=\"1\" \/><\/a><\/p>\n<p>Le tunnel continue ensuite sa progression vers Viroflay-Rive Droite en passant sous le viaduc de Viroflay et le ru de Marivel (point bas de la section)<\/p>\n<p><a href=\"https:\/\/i0.wp.com\/www.horizonemployeur.fr\/wordpress\/wp-content\/uploads\/2015\/09\/p1020640.jpg\"><img data-attachment-id=\"789\" data-permalink=\"https:\/\/www.horizonemployeur.fr\/wordpress\/p1020640\/\" data-orig-file=\"https:\/\/i0.wp.com\/www.horizonemployeur.fr\/wordpress\/wp-content\/uploads\/2015\/09\/p1020640.jpg?fit=800%2C533&amp;ssl=1\" data-orig-size=\"800,533\" data-comments-opened=\"1\" data-image-meta=\"{&quot;aperture&quot;:&quot;0&quot;,&quot;credit&quot;:&quot;&quot;,&quot;camera&quot;:&quot;&quot;,&quot;caption&quot;:&quot;&quot;,&quot;created_timestamp&quot;:&quot;0&quot;,&quot;copyright&quot;:&quot;&quot;,&quot;focal_length&quot;:&quot;0&quot;,&quot;iso&quot;:&quot;0&quot;,&quot;shutter_speed&quot;:&quot;0&quot;,&quot;title&quot;:&quot;&quot;,&quot;orientation&quot;:&quot;0&quot;}\" data-image-title=\"P1020640\" data-image-description=\"\" data-image-caption=\"\" data-medium-file=\"https:\/\/i0.wp.com\/www.horizonemployeur.fr\/wordpress\/wp-content\/uploads\/2015\/09\/p1020640.jpg?fit=300%2C200&amp;ssl=1\" data-large-file=\"https:\/\/i0.wp.com\/www.horizonemployeur.fr\/wordpress\/wp-content\/uploads\/2015\/09\/p1020640.jpg?fit=700%2C466&amp;ssl=1\" decoding=\"async\" loading=\"lazy\" class=\"alignnone size-medium wp-image-789\" src=\"https:\/\/i0.wp.com\/www.horizonemployeur.fr\/wordpress\/wp-content\/uploads\/2015\/09\/p1020640.jpg?resize=300%2C200\" alt=\"P1020640\" width=\"300\" height=\"200\" srcset=\"https:\/\/i0.wp.com\/www.horizonemployeur.fr\/wordpress\/wp-content\/uploads\/2015\/09\/p1020640.jpg?w=800&amp;ssl=1 800w, https:\/\/i0.wp.com\/www.horizonemployeur.fr\/wordpress\/wp-content\/uploads\/2015\/09\/p1020640.jpg?resize=300%2C200&amp;ssl=1 300w, https:\/\/i0.wp.com\/www.horizonemployeur.fr\/wordpress\/wp-content\/uploads\/2015\/09\/p1020640.jpg?resize=768%2C512&amp;ssl=1 768w, https:\/\/i0.wp.com\/www.horizonemployeur.fr\/wordpress\/wp-content\/uploads\/2015\/09\/p1020640.jpg?resize=648%2C432&amp;ssl=1 648w, https:\/\/i0.wp.com\/www.horizonemployeur.fr\/wordpress\/wp-content\/uploads\/2015\/09\/p1020640.jpg?resize=288%2C192&amp;ssl=1 288w\" sizes=\"(max-width: 300px) 100vw, 300px\" data-recalc-dims=\"1\" \/><\/a><\/p>\n<h1>Etape 6 compl\u00e9mentaire &#8211; la station Viroflay-Rive Droite<\/h1>\n<p>La visite du tunnel ne s&rsquo;est pas poursuivie jusqu&rsquo;\u00e0 cette station terminus, seules figurent ici quelques vues de surface de cette station am\u00e9nag\u00e9e sur la place Stalingrad. Le r\u00e9am\u00e9nagement de la place est ici nettement moins avanc\u00e9 qu&rsquo;\u00e0 Rive Gauche<\/p>\n<p>Acc\u00e8s Rue de la Marquette<\/p>\n<p><a href=\"https:\/\/i0.wp.com\/www.horizonemployeur.fr\/wordpress\/wp-content\/uploads\/2015\/09\/p1020682.jpg\"><img data-attachment-id=\"801\" data-permalink=\"https:\/\/www.horizonemployeur.fr\/wordpress\/p1020682\/\" data-orig-file=\"https:\/\/i0.wp.com\/www.horizonemployeur.fr\/wordpress\/wp-content\/uploads\/2015\/09\/p1020682.jpg?fit=800%2C533&amp;ssl=1\" data-orig-size=\"800,533\" data-comments-opened=\"1\" data-image-meta=\"{&quot;aperture&quot;:&quot;0&quot;,&quot;credit&quot;:&quot;&quot;,&quot;camera&quot;:&quot;&quot;,&quot;caption&quot;:&quot;&quot;,&quot;created_timestamp&quot;:&quot;0&quot;,&quot;copyright&quot;:&quot;&quot;,&quot;focal_length&quot;:&quot;0&quot;,&quot;iso&quot;:&quot;0&quot;,&quot;shutter_speed&quot;:&quot;0&quot;,&quot;title&quot;:&quot;&quot;,&quot;orientation&quot;:&quot;0&quot;}\" data-image-title=\"P1020682\" data-image-description=\"\" data-image-caption=\"\" data-medium-file=\"https:\/\/i0.wp.com\/www.horizonemployeur.fr\/wordpress\/wp-content\/uploads\/2015\/09\/p1020682.jpg?fit=300%2C200&amp;ssl=1\" data-large-file=\"https:\/\/i0.wp.com\/www.horizonemployeur.fr\/wordpress\/wp-content\/uploads\/2015\/09\/p1020682.jpg?fit=700%2C466&amp;ssl=1\" decoding=\"async\" loading=\"lazy\" class=\"alignnone size-medium wp-image-801\" src=\"https:\/\/i0.wp.com\/www.horizonemployeur.fr\/wordpress\/wp-content\/uploads\/2015\/09\/p1020682.jpg?resize=300%2C200\" alt=\"P1020682\" width=\"300\" height=\"200\" srcset=\"https:\/\/i0.wp.com\/www.horizonemployeur.fr\/wordpress\/wp-content\/uploads\/2015\/09\/p1020682.jpg?w=800&amp;ssl=1 800w, https:\/\/i0.wp.com\/www.horizonemployeur.fr\/wordpress\/wp-content\/uploads\/2015\/09\/p1020682.jpg?resize=300%2C200&amp;ssl=1 300w, https:\/\/i0.wp.com\/www.horizonemployeur.fr\/wordpress\/wp-content\/uploads\/2015\/09\/p1020682.jpg?resize=768%2C512&amp;ssl=1 768w, https:\/\/i0.wp.com\/www.horizonemployeur.fr\/wordpress\/wp-content\/uploads\/2015\/09\/p1020682.jpg?resize=648%2C432&amp;ssl=1 648w, https:\/\/i0.wp.com\/www.horizonemployeur.fr\/wordpress\/wp-content\/uploads\/2015\/09\/p1020682.jpg?resize=288%2C192&amp;ssl=1 288w\" sizes=\"(max-width: 300px) 100vw, 300px\" data-recalc-dims=\"1\" \/><\/a><\/p>\n<p><a href=\"https:\/\/i0.wp.com\/www.horizonemployeur.fr\/wordpress\/wp-content\/uploads\/2015\/09\/p1020683.jpg\"><img data-attachment-id=\"802\" data-permalink=\"https:\/\/www.horizonemployeur.fr\/wordpress\/p1020683\/\" data-orig-file=\"https:\/\/i0.wp.com\/www.horizonemployeur.fr\/wordpress\/wp-content\/uploads\/2015\/09\/p1020683.jpg?fit=800%2C533&amp;ssl=1\" data-orig-size=\"800,533\" data-comments-opened=\"1\" data-image-meta=\"{&quot;aperture&quot;:&quot;0&quot;,&quot;credit&quot;:&quot;&quot;,&quot;camera&quot;:&quot;&quot;,&quot;caption&quot;:&quot;&quot;,&quot;created_timestamp&quot;:&quot;0&quot;,&quot;copyright&quot;:&quot;&quot;,&quot;focal_length&quot;:&quot;0&quot;,&quot;iso&quot;:&quot;0&quot;,&quot;shutter_speed&quot;:&quot;0&quot;,&quot;title&quot;:&quot;&quot;,&quot;orientation&quot;:&quot;0&quot;}\" data-image-title=\"P1020683\" data-image-description=\"\" data-image-caption=\"\" data-medium-file=\"https:\/\/i0.wp.com\/www.horizonemployeur.fr\/wordpress\/wp-content\/uploads\/2015\/09\/p1020683.jpg?fit=300%2C200&amp;ssl=1\" data-large-file=\"https:\/\/i0.wp.com\/www.horizonemployeur.fr\/wordpress\/wp-content\/uploads\/2015\/09\/p1020683.jpg?fit=700%2C466&amp;ssl=1\" decoding=\"async\" loading=\"lazy\" class=\"alignnone size-medium wp-image-802\" src=\"https:\/\/i0.wp.com\/www.horizonemployeur.fr\/wordpress\/wp-content\/uploads\/2015\/09\/p1020683.jpg?resize=300%2C200\" alt=\"P1020683\" width=\"300\" height=\"200\" srcset=\"https:\/\/i0.wp.com\/www.horizonemployeur.fr\/wordpress\/wp-content\/uploads\/2015\/09\/p1020683.jpg?w=800&amp;ssl=1 800w, https:\/\/i0.wp.com\/www.horizonemployeur.fr\/wordpress\/wp-content\/uploads\/2015\/09\/p1020683.jpg?resize=300%2C200&amp;ssl=1 300w, https:\/\/i0.wp.com\/www.horizonemployeur.fr\/wordpress\/wp-content\/uploads\/2015\/09\/p1020683.jpg?resize=768%2C512&amp;ssl=1 768w, https:\/\/i0.wp.com\/www.horizonemployeur.fr\/wordpress\/wp-content\/uploads\/2015\/09\/p1020683.jpg?resize=648%2C432&amp;ssl=1 648w, https:\/\/i0.wp.com\/www.horizonemployeur.fr\/wordpress\/wp-content\/uploads\/2015\/09\/p1020683.jpg?resize=288%2C192&amp;ssl=1 288w\" sizes=\"(max-width: 300px) 100vw, 300px\" data-recalc-dims=\"1\" \/><\/a> <a href=\"https:\/\/i0.wp.com\/www.horizonemployeur.fr\/wordpress\/wp-content\/uploads\/2015\/09\/p1020684.jpg\"><img data-attachment-id=\"803\" data-permalink=\"https:\/\/www.horizonemployeur.fr\/wordpress\/p1020684\/\" data-orig-file=\"https:\/\/i0.wp.com\/www.horizonemployeur.fr\/wordpress\/wp-content\/uploads\/2015\/09\/p1020684.jpg?fit=800%2C533&amp;ssl=1\" data-orig-size=\"800,533\" data-comments-opened=\"1\" data-image-meta=\"{&quot;aperture&quot;:&quot;0&quot;,&quot;credit&quot;:&quot;&quot;,&quot;camera&quot;:&quot;&quot;,&quot;caption&quot;:&quot;&quot;,&quot;created_timestamp&quot;:&quot;0&quot;,&quot;copyright&quot;:&quot;&quot;,&quot;focal_length&quot;:&quot;0&quot;,&quot;iso&quot;:&quot;0&quot;,&quot;shutter_speed&quot;:&quot;0&quot;,&quot;title&quot;:&quot;&quot;,&quot;orientation&quot;:&quot;0&quot;}\" data-image-title=\"P1020684\" data-image-description=\"\" data-image-caption=\"\" data-medium-file=\"https:\/\/i0.wp.com\/www.horizonemployeur.fr\/wordpress\/wp-content\/uploads\/2015\/09\/p1020684.jpg?fit=300%2C200&amp;ssl=1\" data-large-file=\"https:\/\/i0.wp.com\/www.horizonemployeur.fr\/wordpress\/wp-content\/uploads\/2015\/09\/p1020684.jpg?fit=700%2C466&amp;ssl=1\" decoding=\"async\" loading=\"lazy\" class=\"alignnone size-medium wp-image-803\" src=\"https:\/\/i0.wp.com\/www.horizonemployeur.fr\/wordpress\/wp-content\/uploads\/2015\/09\/p1020684.jpg?resize=300%2C200\" alt=\"P1020684\" width=\"300\" height=\"200\" srcset=\"https:\/\/i0.wp.com\/www.horizonemployeur.fr\/wordpress\/wp-content\/uploads\/2015\/09\/p1020684.jpg?w=800&amp;ssl=1 800w, https:\/\/i0.wp.com\/www.horizonemployeur.fr\/wordpress\/wp-content\/uploads\/2015\/09\/p1020684.jpg?resize=300%2C200&amp;ssl=1 300w, https:\/\/i0.wp.com\/www.horizonemployeur.fr\/wordpress\/wp-content\/uploads\/2015\/09\/p1020684.jpg?resize=768%2C512&amp;ssl=1 768w, https:\/\/i0.wp.com\/www.horizonemployeur.fr\/wordpress\/wp-content\/uploads\/2015\/09\/p1020684.jpg?resize=648%2C432&amp;ssl=1 648w, https:\/\/i0.wp.com\/www.horizonemployeur.fr\/wordpress\/wp-content\/uploads\/2015\/09\/p1020684.jpg?resize=288%2C192&amp;ssl=1 288w\" sizes=\"(max-width: 300px) 100vw, 300px\" data-recalc-dims=\"1\" \/><\/a><\/p>\n<p>Vue de l&rsquo;escalier devant le b\u00e2timent de la gare SNCF<\/p>\n<p><a href=\"https:\/\/i0.wp.com\/www.horizonemployeur.fr\/wordpress\/wp-content\/uploads\/2015\/09\/p1020686.jpg\"><img data-attachment-id=\"805\" data-permalink=\"https:\/\/www.horizonemployeur.fr\/wordpress\/p1020686\/\" data-orig-file=\"https:\/\/i0.wp.com\/www.horizonemployeur.fr\/wordpress\/wp-content\/uploads\/2015\/09\/p1020686.jpg?fit=800%2C533&amp;ssl=1\" data-orig-size=\"800,533\" data-comments-opened=\"1\" data-image-meta=\"{&quot;aperture&quot;:&quot;0&quot;,&quot;credit&quot;:&quot;&quot;,&quot;camera&quot;:&quot;&quot;,&quot;caption&quot;:&quot;&quot;,&quot;created_timestamp&quot;:&quot;0&quot;,&quot;copyright&quot;:&quot;&quot;,&quot;focal_length&quot;:&quot;0&quot;,&quot;iso&quot;:&quot;0&quot;,&quot;shutter_speed&quot;:&quot;0&quot;,&quot;title&quot;:&quot;&quot;,&quot;orientation&quot;:&quot;0&quot;}\" data-image-title=\"P1020686\" data-image-description=\"\" data-image-caption=\"\" data-medium-file=\"https:\/\/i0.wp.com\/www.horizonemployeur.fr\/wordpress\/wp-content\/uploads\/2015\/09\/p1020686.jpg?fit=300%2C200&amp;ssl=1\" data-large-file=\"https:\/\/i0.wp.com\/www.horizonemployeur.fr\/wordpress\/wp-content\/uploads\/2015\/09\/p1020686.jpg?fit=700%2C466&amp;ssl=1\" decoding=\"async\" loading=\"lazy\" class=\"alignnone size-medium wp-image-805\" src=\"https:\/\/i0.wp.com\/www.horizonemployeur.fr\/wordpress\/wp-content\/uploads\/2015\/09\/p1020686.jpg?resize=300%2C200\" alt=\"P1020686\" width=\"300\" height=\"200\" srcset=\"https:\/\/i0.wp.com\/www.horizonemployeur.fr\/wordpress\/wp-content\/uploads\/2015\/09\/p1020686.jpg?w=800&amp;ssl=1 800w, https:\/\/i0.wp.com\/www.horizonemployeur.fr\/wordpress\/wp-content\/uploads\/2015\/09\/p1020686.jpg?resize=300%2C200&amp;ssl=1 300w, https:\/\/i0.wp.com\/www.horizonemployeur.fr\/wordpress\/wp-content\/uploads\/2015\/09\/p1020686.jpg?resize=768%2C512&amp;ssl=1 768w, https:\/\/i0.wp.com\/www.horizonemployeur.fr\/wordpress\/wp-content\/uploads\/2015\/09\/p1020686.jpg?resize=648%2C432&amp;ssl=1 648w, https:\/\/i0.wp.com\/www.horizonemployeur.fr\/wordpress\/wp-content\/uploads\/2015\/09\/p1020686.jpg?resize=288%2C192&amp;ssl=1 288w\" sizes=\"(max-width: 300px) 100vw, 300px\" data-recalc-dims=\"1\" \/><\/a><\/p>\n<p>Vue du quai SNCF direction Paris<\/p>\n<p><a href=\"https:\/\/i0.wp.com\/www.horizonemployeur.fr\/wordpress\/wp-content\/uploads\/2015\/09\/p1020688.jpg\"><img data-attachment-id=\"806\" data-permalink=\"https:\/\/www.horizonemployeur.fr\/wordpress\/p1020687\/\" data-orig-file=\"https:\/\/i0.wp.com\/www.horizonemployeur.fr\/wordpress\/wp-content\/uploads\/2015\/09\/p1020687.jpg?fit=800%2C533&amp;ssl=1\" data-orig-size=\"800,533\" data-comments-opened=\"1\" data-image-meta=\"{&quot;aperture&quot;:&quot;0&quot;,&quot;credit&quot;:&quot;&quot;,&quot;camera&quot;:&quot;&quot;,&quot;caption&quot;:&quot;&quot;,&quot;created_timestamp&quot;:&quot;0&quot;,&quot;copyright&quot;:&quot;&quot;,&quot;focal_length&quot;:&quot;0&quot;,&quot;iso&quot;:&quot;0&quot;,&quot;shutter_speed&quot;:&quot;0&quot;,&quot;title&quot;:&quot;&quot;,&quot;orientation&quot;:&quot;0&quot;}\" data-image-title=\"P1020687\" data-image-description=\"\" data-image-caption=\"\" data-medium-file=\"https:\/\/i0.wp.com\/www.horizonemployeur.fr\/wordpress\/wp-content\/uploads\/2015\/09\/p1020687.jpg?fit=300%2C200&amp;ssl=1\" data-large-file=\"https:\/\/i0.wp.com\/www.horizonemployeur.fr\/wordpress\/wp-content\/uploads\/2015\/09\/p1020687.jpg?fit=700%2C466&amp;ssl=1\" decoding=\"async\" loading=\"lazy\" class=\"alignnone size-medium wp-image-806\" src=\"https:\/\/i0.wp.com\/www.horizonemployeur.fr\/wordpress\/wp-content\/uploads\/2015\/09\/p1020687.jpg?resize=300%2C200\" alt=\"P1020687\" width=\"300\" height=\"200\" srcset=\"https:\/\/i0.wp.com\/www.horizonemployeur.fr\/wordpress\/wp-content\/uploads\/2015\/09\/p1020687.jpg?w=800&amp;ssl=1 800w, https:\/\/i0.wp.com\/www.horizonemployeur.fr\/wordpress\/wp-content\/uploads\/2015\/09\/p1020687.jpg?resize=300%2C200&amp;ssl=1 300w, https:\/\/i0.wp.com\/www.horizonemployeur.fr\/wordpress\/wp-content\/uploads\/2015\/09\/p1020687.jpg?resize=768%2C512&amp;ssl=1 768w, https:\/\/i0.wp.com\/www.horizonemployeur.fr\/wordpress\/wp-content\/uploads\/2015\/09\/p1020687.jpg?resize=648%2C432&amp;ssl=1 648w, https:\/\/i0.wp.com\/www.horizonemployeur.fr\/wordpress\/wp-content\/uploads\/2015\/09\/p1020687.jpg?resize=288%2C192&amp;ssl=1 288w\" sizes=\"(max-width: 300px) 100vw, 300px\" data-recalc-dims=\"1\" \/><img data-attachment-id=\"807\" data-permalink=\"https:\/\/www.horizonemployeur.fr\/wordpress\/p1020688\/\" data-orig-file=\"https:\/\/i0.wp.com\/www.horizonemployeur.fr\/wordpress\/wp-content\/uploads\/2015\/09\/p1020688.jpg?fit=800%2C533&amp;ssl=1\" data-orig-size=\"800,533\" data-comments-opened=\"1\" data-image-meta=\"{&quot;aperture&quot;:&quot;0&quot;,&quot;credit&quot;:&quot;&quot;,&quot;camera&quot;:&quot;&quot;,&quot;caption&quot;:&quot;&quot;,&quot;created_timestamp&quot;:&quot;0&quot;,&quot;copyright&quot;:&quot;&quot;,&quot;focal_length&quot;:&quot;0&quot;,&quot;iso&quot;:&quot;0&quot;,&quot;shutter_speed&quot;:&quot;0&quot;,&quot;title&quot;:&quot;&quot;,&quot;orientation&quot;:&quot;0&quot;}\" data-image-title=\"P1020688\" data-image-description=\"\" data-image-caption=\"\" data-medium-file=\"https:\/\/i0.wp.com\/www.horizonemployeur.fr\/wordpress\/wp-content\/uploads\/2015\/09\/p1020688.jpg?fit=300%2C200&amp;ssl=1\" data-large-file=\"https:\/\/i0.wp.com\/www.horizonemployeur.fr\/wordpress\/wp-content\/uploads\/2015\/09\/p1020688.jpg?fit=700%2C466&amp;ssl=1\" decoding=\"async\" loading=\"lazy\" class=\"alignnone size-medium wp-image-807\" src=\"https:\/\/i0.wp.com\/www.horizonemployeur.fr\/wordpress\/wp-content\/uploads\/2015\/09\/p1020688.jpg?resize=300%2C200\" alt=\"P1020688\" width=\"300\" height=\"200\" srcset=\"https:\/\/i0.wp.com\/www.horizonemployeur.fr\/wordpress\/wp-content\/uploads\/2015\/09\/p1020688.jpg?w=800&amp;ssl=1 800w, https:\/\/i0.wp.com\/www.horizonemployeur.fr\/wordpress\/wp-content\/uploads\/2015\/09\/p1020688.jpg?resize=300%2C200&amp;ssl=1 300w, https:\/\/i0.wp.com\/www.horizonemployeur.fr\/wordpress\/wp-content\/uploads\/2015\/09\/p1020688.jpg?resize=768%2C512&amp;ssl=1 768w, https:\/\/i0.wp.com\/www.horizonemployeur.fr\/wordpress\/wp-content\/uploads\/2015\/09\/p1020688.jpg?resize=648%2C432&amp;ssl=1 648w, https:\/\/i0.wp.com\/www.horizonemployeur.fr\/wordpress\/wp-content\/uploads\/2015\/09\/p1020688.jpg?resize=288%2C192&amp;ssl=1 288w\" sizes=\"(max-width: 300px) 100vw, 300px\" data-recalc-dims=\"1\" \/><\/a><a href=\"https:\/\/i0.wp.com\/www.horizonemployeur.fr\/wordpress\/wp-content\/uploads\/2015\/09\/p1020689.jpg\"><img data-attachment-id=\"808\" data-permalink=\"https:\/\/www.horizonemployeur.fr\/wordpress\/p1020689\/\" data-orig-file=\"https:\/\/i0.wp.com\/www.horizonemployeur.fr\/wordpress\/wp-content\/uploads\/2015\/09\/p1020689.jpg?fit=800%2C533&amp;ssl=1\" data-orig-size=\"800,533\" data-comments-opened=\"1\" data-image-meta=\"{&quot;aperture&quot;:&quot;0&quot;,&quot;credit&quot;:&quot;&quot;,&quot;camera&quot;:&quot;&quot;,&quot;caption&quot;:&quot;&quot;,&quot;created_timestamp&quot;:&quot;0&quot;,&quot;copyright&quot;:&quot;&quot;,&quot;focal_length&quot;:&quot;0&quot;,&quot;iso&quot;:&quot;0&quot;,&quot;shutter_speed&quot;:&quot;0&quot;,&quot;title&quot;:&quot;&quot;,&quot;orientation&quot;:&quot;0&quot;}\" data-image-title=\"P1020689\" data-image-description=\"\" data-image-caption=\"\" data-medium-file=\"https:\/\/i0.wp.com\/www.horizonemployeur.fr\/wordpress\/wp-content\/uploads\/2015\/09\/p1020689.jpg?fit=300%2C200&amp;ssl=1\" data-large-file=\"https:\/\/i0.wp.com\/www.horizonemployeur.fr\/wordpress\/wp-content\/uploads\/2015\/09\/p1020689.jpg?fit=700%2C466&amp;ssl=1\" decoding=\"async\" loading=\"lazy\" class=\"alignnone size-medium wp-image-808\" src=\"https:\/\/i0.wp.com\/www.horizonemployeur.fr\/wordpress\/wp-content\/uploads\/2015\/09\/p1020689.jpg?resize=300%2C200\" alt=\"P1020689\" width=\"300\" height=\"200\" srcset=\"https:\/\/i0.wp.com\/www.horizonemployeur.fr\/wordpress\/wp-content\/uploads\/2015\/09\/p1020689.jpg?w=800&amp;ssl=1 800w, https:\/\/i0.wp.com\/www.horizonemployeur.fr\/wordpress\/wp-content\/uploads\/2015\/09\/p1020689.jpg?resize=300%2C200&amp;ssl=1 300w, https:\/\/i0.wp.com\/www.horizonemployeur.fr\/wordpress\/wp-content\/uploads\/2015\/09\/p1020689.jpg?resize=768%2C512&amp;ssl=1 768w, https:\/\/i0.wp.com\/www.horizonemployeur.fr\/wordpress\/wp-content\/uploads\/2015\/09\/p1020689.jpg?resize=648%2C432&amp;ssl=1 648w, https:\/\/i0.wp.com\/www.horizonemployeur.fr\/wordpress\/wp-content\/uploads\/2015\/09\/p1020689.jpg?resize=288%2C192&amp;ssl=1 288w\" sizes=\"(max-width: 300px) 100vw, 300px\" data-recalc-dims=\"1\" \/><\/a><\/p>\n<h1>Pour en savoir plus<\/h1>\n<p>Reportez-vous aux 2 d\u00e9pliants:<\/p>\n<ul>\n<li><a class=\"spip_in\" href=\"http:\/\/www.horizonemployeur.fr\/wordpress\/wp-content\/uploads\/2018\/04\/T6-Flyer-Souterrain-RV-14x28cm-EXE_BD-170513-stc.pdf\" target=\"_blank\" rel=\"noopener\">Tout savoir sur la construction du tunnel<\/a><\/li>\n<li><a class=\"spip_in\" href=\"http:\/\/www.horizonemployeur.fr\/wordpress\/wp-content\/uploads\/2018\/04\/T6-depliant_souterrain-14x28cm-EXE_internet-150611-1.pdf\" target=\"_blank\" rel=\"noopener\">S comme Section souterraine<\/a><\/li>\n<\/ul>\n","protected":false},"excerpt":{"rendered":"<p>Le tunnel de Viroflay, ouvrage de 1600 m de long, est le souterrain qui permettra au printemps 2016 au tramway T6 d&rsquo;atteindre, depuis son terminus actuel de V\u00e9lizy-Robert Wagner: la gare de Viroflay-Rive Gauche (correspondances RER C branches Versailles-Ch\u00e2teau et Versailles-Chantiers &#8211; St-Quentin-en-Yvelines et Transilien N Paris-Montparnasse &#8211; Versailles-Chantiers &#8211;&nbsp;&nbsp;Rambouillet \/ Plaisir &#8211; Mantes) puis [&hellip;]<\/p>\n","protected":false},"author":1,"featured_media":813,"comment_status":"open","ping_status":"open","sticky":false,"template":"","format":"standard","meta":{"ngg_post_thumbnail":0,"jetpack_post_was_ever_published":false},"categories":[11],"tags":[31],"jetpack_featured_media_url":"https:\/\/i0.wp.com\/www.horizonemployeur.fr\/wordpress\/wp-content\/uploads\/2015\/09\/tunnel_viroflay.png?fit=451%2C300&ssl=1","jetpack_sharing_enabled":true,"jetpack_shortlink":"https:\/\/wp.me\/p7AoJR-bJ","jetpack-related-posts":[{"id":874,"url":"https:\/\/www.horizonemployeur.fr\/wordpress\/2015\/10\/30\/sa-2016\/","url_meta":{"origin":727,"position":0},"title":"Les modifications des horaires SNCF pour l&rsquo;ann\u00e9e 2016","date":"30 octobre 2015","format":false,"excerpt":"Traditionnellement, la nouvelle ann\u00e9e arrive toujours avec quelques jours d'avance \u00e0 la SNCF. C'est en effet le 2e dimanche de d\u00e9cembre qui marque l'av\u00e8nement des horaires pour l'ann\u00e9e qui suit. Et c'est donc cette ann\u00e9e le 13 d\u00e9cembre que les horaires 2016 rentreront en service. Pour ce qui concerne notre\u2026","rel":"","context":"Dans &quot;Transports en Commun&quot;","img":{"alt_text":"","src":"","width":0,"height":0},"classes":[]},{"id":3244,"url":"https:\/\/www.horizonemployeur.fr\/wordpress\/2017\/07\/06\/horaires-ete-2017\/","url_meta":{"origin":727,"position":1},"title":"Horaires d&rsquo;\u00e9t\u00e9 2017 dans les transports en commun","date":"6 juillet 2017","format":false,"excerpt":"Comme chaque \u00e9t\u00e9, la plupart des dessertes bus, tramways, RER et trains s'adaptent \u00e0 la baisse de la fr\u00e9quentation (et aux cong\u00e9s des conducteurs). Suivant les op\u00e9rateurs, les p\u00e9riodes d'application des horaires d'\u00e9t\u00e9 varient. Un rapide tour d'horizon des lignes de notre secteur... Bus et tramways Tramway T6 RATP Horaires\u2026","rel":"","context":"Dans &quot;Transports en Commun&quot;","img":{"alt_text":"","src":"","width":0,"height":0},"classes":[]},{"id":3305,"url":"https:\/\/www.horizonemployeur.fr\/wordpress\/2017\/08\/21\/horaires-septembre-2017\/","url_meta":{"origin":727,"position":2},"title":"Horaires de rentr\u00e9e 2017 dans les transports en commun","date":"21 ao\u00fbt 2017","format":false,"excerpt":"Traditionnellement, la seconde quinzaine d'ao\u00fbt marque le retour progressif aux services habituels dans les transports en commun (RER, trains, tramways, bus). Il s'agit bien d'un retour progressif puisque cette mise en place des horaires d'hiver s'effectue \u00e0 des dates diff\u00e9rentes suivant les transporteurs, voire suivant les lignes. Certaines fiches horaires\u2026","rel":"","context":"Dans &quot;Transports en Commun&quot;","img":{"alt_text":"","src":"","width":0,"height":0},"classes":[]},{"id":2905,"url":"https:\/\/www.horizonemployeur.fr\/wordpress\/2016\/06\/30\/horaires-ete-2016\/","url_meta":{"origin":727,"position":3},"title":"Les transports en commun passent aux horaires d&rsquo;\u00e9t\u00e9","date":"30 juin 2016","format":false,"excerpt":"La fin juin est traditionnellement le moment de faire para\u00eetre un article consacr\u00e9 aux horaires d'\u00e9t\u00e9 dans les transports en commun. Progressivement entre le 1er juillet et le week-end du 14 juillet, la plupart des lignes passent \u00e0 un rythme estival avec des fr\u00e9quences de desserte moins importantes. Voici, \u00e0\u2026","rel":"","context":"Dans &quot;Transports en Commun&quot;","img":{"alt_text":"","src":"","width":0,"height":0},"classes":[]},{"id":1502,"url":"https:\/\/www.horizonemployeur.fr\/wordpress\/2016\/02\/22\/phebus-22-02-2016\/","url_meta":{"origin":727,"position":4},"title":"22 f\u00e9vrier 2016 &#8211; mouvement social Ph\u00e9bus: comment circuler ?","date":"22 f\u00e9vrier 2016","format":false,"excerpt":"Depuis le 22 f\u00e9vrier en d\u00e9but de service, le d\u00e9p\u00f4t Ph\u00e9bus V\u00e9lizy est bloqu\u00e9 et aucun bus n'est donc en circulation. Dans l'attente d'une \u00e9volution de la situation, il va falloir continuer \u00e0 se d\u00e9placer de chez soi \u00e0 Inovel Parc et d'Inovel Parc \u00e0 chez soi (ou ailleurs, si\u2026","rel":"","context":"Dans &quot;Transports en Commun&quot;","img":{"alt_text":"Correspondances S\u00c3\u00a8vres-RG","src":"https:\/\/i0.wp.com\/www.horizonemployeur.fr\/wordpress\/wp-content\/uploads\/2016\/02\/correspondances-sc3a8vres-rg.png?resize=350%2C200","width":350,"height":200},"classes":[]},{"id":1220,"url":"https:\/\/www.horizonemployeur.fr\/wordpress\/2016\/01\/01\/adieu-2015-bonjour-2016\/","url_meta":{"origin":727,"position":5},"title":"Adieu 2015, bonjour 2016 !","date":"1 janvier 2016","format":false,"excerpt":"\u00a0 2015 nous a quitt\u00e9s cette nuit: cette ann\u00e9e, marqu\u00e9e en particulier par 2 \u00e9venements dramatiques en d\u00e9but et en fin d'ann\u00e9e, ne restera pas comme une heureuse ann\u00e9e dans l'inconscient collectif. 2016 la remplace: esp\u00e9rons qu'elle sera plus heureuse... Que cette ann\u00e9e vous apporte \u00e9galement sant\u00e9 et r\u00e9ussite, \u00e0\u2026","rel":"","context":"Dans &quot;Association&quot;","img":{"alt_text":"Ann\u00c3\u00a9e 2016","src":"https:\/\/i0.wp.com\/www.horizonemployeur.fr\/wordpress\/wp-content\/uploads\/2016\/01\/anne-2016.png?resize=350%2C200","width":350,"height":200},"classes":[]}],"_links":{"self":[{"href":"https:\/\/www.horizonemployeur.fr\/wordpress\/wp-json\/wp\/v2\/posts\/727"}],"collection":[{"href":"https:\/\/www.horizonemployeur.fr\/wordpress\/wp-json\/wp\/v2\/posts"}],"about":[{"href":"https:\/\/www.horizonemployeur.fr\/wordpress\/wp-json\/wp\/v2\/types\/post"}],"author":[{"embeddable":true,"href":"https:\/\/www.horizonemployeur.fr\/wordpress\/wp-json\/wp\/v2\/users\/1"}],"replies":[{"embeddable":true,"href":"https:\/\/www.horizonemployeur.fr\/wordpress\/wp-json\/wp\/v2\/comments?post=727"}],"version-history":[{"count":4,"href":"https:\/\/www.horizonemployeur.fr\/wordpress\/wp-json\/wp\/v2\/posts\/727\/revisions"}],"predecessor-version":[{"id":4488,"href":"https:\/\/www.horizonemployeur.fr\/wordpress\/wp-json\/wp\/v2\/posts\/727\/revisions\/4488"}],"wp:featuredmedia":[{"embeddable":true,"href":"https:\/\/www.horizonemployeur.fr\/wordpress\/wp-json\/wp\/v2\/media\/813"}],"wp:attachment":[{"href":"https:\/\/www.horizonemployeur.fr\/wordpress\/wp-json\/wp\/v2\/media?parent=727"}],"wp:term":[{"taxonomy":"category","embeddable":true,"href":"https:\/\/www.horizonemployeur.fr\/wordpress\/wp-json\/wp\/v2\/categories?post=727"},{"taxonomy":"post_tag","embeddable":true,"href":"https:\/\/www.horizonemployeur.fr\/wordpress\/wp-json\/wp\/v2\/tags?post=727"}],"curies":[{"name":"wp","href":"https:\/\/api.w.org\/{rel}","templated":true}]}}