{"id":5683,"date":"2019-01-25T17:21:14","date_gmt":"2019-01-25T16:21:14","guid":{"rendered":"http:\/\/www.horizonemployeur.fr\/wordpress\/?p=5683"},"modified":"2019-01-27T19:46:32","modified_gmt":"2019-01-27T18:46:32","slug":"28-janvier-2019-un-nouvel-itineraire-pour-la-ligne-291","status":"publish","type":"post","link":"https:\/\/www.horizonemployeur.fr\/wordpress\/2019\/01\/25\/28-janvier-2019-un-nouvel-itineraire-pour-la-ligne-291\/","title":{"rendered":"28 janvier 2019: un nouvel itin\u00e9raire pour la ligne 291"},"content":{"rendered":"\n<p>Ce lundi 28 janvier 2019, l&rsquo;itin\u00e9raire de la ligne RATP 291 sera (l\u00e9g\u00e8rement) modifi\u00e9 en direction de Pont de S\u00e8vres. <\/p>\n\n\n\n<!--more-->\n\n\n\n<p><strong><u class=\"remove-format\">A titre exp\u00e9rimental<\/u><\/strong>, l&rsquo;itin\u00e9raire sera en effet simplifi\u00e9 au niveau de la gare routi\u00e8re V\u00e9lizy 2<\/p>\n\n\n\n<figure class=\"wp-block-image\"><img data-attachment-id=\"5684\" data-permalink=\"https:\/\/www.horizonemployeur.fr\/wordpress\/2019\/01\/25\/28-janvier-2019-un-nouvel-itineraire-pour-la-ligne-291\/traces-experimentation-291-28-janvier-2019\/\" data-orig-file=\"https:\/\/i0.wp.com\/www.horizonemployeur.fr\/wordpress\/wp-content\/uploads\/2019\/01\/Trac\u00e9s-exp\u00e9rimentation-291-28-janvier-2019.jpg?fit=1331%2C530&amp;ssl=1\" data-orig-size=\"1331,530\" data-comments-opened=\"1\" data-image-meta=\"{&quot;aperture&quot;:&quot;0&quot;,&quot;credit&quot;:&quot;&quot;,&quot;camera&quot;:&quot;&quot;,&quot;caption&quot;:&quot;&quot;,&quot;created_timestamp&quot;:&quot;0&quot;,&quot;copyright&quot;:&quot;&quot;,&quot;focal_length&quot;:&quot;0&quot;,&quot;iso&quot;:&quot;0&quot;,&quot;shutter_speed&quot;:&quot;0&quot;,&quot;title&quot;:&quot;&quot;,&quot;orientation&quot;:&quot;0&quot;}\" data-image-title=\"Trac\u00e9s exp\u00e9rimentation 291 28 janvier 2019\" data-image-description=\"\" data-image-caption=\"\" data-medium-file=\"https:\/\/i0.wp.com\/www.horizonemployeur.fr\/wordpress\/wp-content\/uploads\/2019\/01\/Trac\u00e9s-exp\u00e9rimentation-291-28-janvier-2019.jpg?fit=300%2C119&amp;ssl=1\" data-large-file=\"https:\/\/i0.wp.com\/www.horizonemployeur.fr\/wordpress\/wp-content\/uploads\/2019\/01\/Trac\u00e9s-exp\u00e9rimentation-291-28-janvier-2019.jpg?fit=700%2C279&amp;ssl=1\" decoding=\"async\" loading=\"lazy\" width=\"1331\" height=\"530\" src=\"https:\/\/i2.wp.com\/www.horizonemployeur.fr\/wordpress\/wp-content\/uploads\/2019\/01\/Trac\u00e9s-exp\u00e9rimentation-291-28-janvier-2019.jpg?fit=1024%2C408\" alt=\"\" class=\"wp-image-5684\" srcset=\"https:\/\/i0.wp.com\/www.horizonemployeur.fr\/wordpress\/wp-content\/uploads\/2019\/01\/Trac\u00e9s-exp\u00e9rimentation-291-28-janvier-2019.jpg?w=1331&amp;ssl=1 1331w, https:\/\/i0.wp.com\/www.horizonemployeur.fr\/wordpress\/wp-content\/uploads\/2019\/01\/Trac\u00e9s-exp\u00e9rimentation-291-28-janvier-2019.jpg?resize=300%2C119&amp;ssl=1 300w, https:\/\/i0.wp.com\/www.horizonemployeur.fr\/wordpress\/wp-content\/uploads\/2019\/01\/Trac\u00e9s-exp\u00e9rimentation-291-28-janvier-2019.jpg?resize=768%2C306&amp;ssl=1 768w, https:\/\/i0.wp.com\/www.horizonemployeur.fr\/wordpress\/wp-content\/uploads\/2019\/01\/Trac\u00e9s-exp\u00e9rimentation-291-28-janvier-2019.jpg?resize=1024%2C408&amp;ssl=1 1024w\" sizes=\"(max-width: 700px) 100vw, 700px\" \/><\/figure>\n\n\n\n<p>Jusqu&rsquo;\u00e0 aujourd&rsquo;hui 25 janvier, l&rsquo;itin\u00e9raire normal en semaine (du lundi au vendredi) est ainsi configur\u00e9:<\/p>\n\n\n\n<ul><li>les bus arrivent de la rue Marcel Dassault par la chauss\u00e9e sud de l&rsquo;avenue Morane-Saulnier, tournent \u00e0 gauche au feu de l&rsquo;avenue de  l&rsquo;Europe et traversent les voies du tramway (fl\u00e8ches vertes)<\/li><li>ils poursuivent tout droit en passant entre le b\u00e2timent de la gare routi\u00e8re et la base chantier de l&rsquo;extension de V\u00e9lizy 2, puis entrent en gare routi\u00e8re. Ils marquent l&rsquo;arr\u00eat \u00e0 l&#8217;emplacement central c\u00f4t\u00e9 voies du tramway (num\u00e9ro de ligne sur fond gris) et quittent la gare routi\u00e8re en continuant tout droit (fl\u00e8ches rouges)<\/li><li>ils quittent le secteur en direction de Meudon-la-For\u00eat en passant par la voie qui rejoint la sortie du souterrain (fl\u00e8ches vertes)<\/li><\/ul>\n\n\n\n<p>A partir du 28 janvier, l&rsquo;itin\u00e9raire normal sera limit\u00e9 aux seules fl\u00e8ches vertes. D\u00e8s les voies du tramway franchies, les bus tourneront imm\u00e9diatement \u00e0 droite en direction de Meudon-la-For\u00eat: l&rsquo;arr\u00eat V\u00e9lizy 2 sera marqu\u00e9 le long du quai tramway c\u00f4t\u00e9 RN 118 (num\u00e9ro de ligne sur fond vert). Un potelet provisoire est d&rsquo;ores et d\u00e9j\u00e0 en place.<\/p>\n\n\n\n<p><em>Attention, les samedis, la ligne 291 reste limit\u00e9e \u00e0 V\u00e9lizy 2: le d\u00e9part devrait donc \u00eatre maintenu \u00e0 son emplacement actuel dans la gare routi\u00e8re.<\/em><\/p>\n\n\n\n<p><\/p>\n\n\n\n<h3>Pourquoi lancer cette exp\u00e9rimentation ?<\/h3>\n\n\n\n<p>Les voyageurs habituels (actuels ou anciens) de cette partie de la ligne le savent: cette partie de la ligne, entre le carrefour Dassault et la sortie du pont au-dessus de la RN 118, peut repr\u00e9senter, certains jours, un temps de parcours de plus de 10 minutes. Il faut en effet successivement:<\/p>\n\n\n\n<ul><li>parcourir toute la chauss\u00e9e lat\u00e9rale de l&rsquo;avenue Morane-Saulnier, jusqu&rsquo;au feu de l&rsquo;avenue de l&rsquo;Europe<\/li><li>franchir les voies du tramway et aller jusqu&rsquo;\u00e0 l&rsquo;entr\u00e9e de la gare routi\u00e8re<\/li><li>passer le feu de l&rsquo;entr\u00e9e de la gare routi\u00e8re, en faire le tour, et prendre les voyageurs qui attendent<\/li><li>red\u00e9marrer, passer le feu de l&rsquo;avenue de l&rsquo;Europe pour rejoindre la voie conduisant \u00e0 Meudon-la-For\u00eat<\/li><\/ul>\n\n\n\n<p>le tout en tenant compte : <\/p>\n\n\n\n<ul><li>des pi\u00e9tons qui traversent les diff\u00e9rentes voiries (tramway, voies de circulation g\u00e9n\u00e9rale) sans regarder quoi que ce soit<\/li><li>des v\u00e9hicules qui s&rsquo;engagent dans les carrefours parce que le feu est vert, mais qui sont toujours l\u00e0 quand le feu repasse au rouge<\/li><\/ul>\n\n\n\n<p>Ce trajet finalement assez court n\u00e9cessite cependant 4 \u00e0 5 minutes assez r\u00e9guli\u00e8rement, 10 minutes voire plus parfois. D\u00e9lai \u00e0 comparer aux 4 minutes de l&rsquo;horaire th\u00e9orique entre Dewoitine et De Lattre de Tassigny:<\/p>\n\n\n\n<figure class=\"wp-block-image\"><img data-attachment-id=\"5687\" data-permalink=\"https:\/\/www.horizonemployeur.fr\/wordpress\/2019\/01\/25\/28-janvier-2019-un-nouvel-itineraire-pour-la-ligne-291\/horaire-291-dewoitine-vers-de-lattre-janvier-2019\/\" data-orig-file=\"https:\/\/i0.wp.com\/www.horizonemployeur.fr\/wordpress\/wp-content\/uploads\/2019\/01\/Horaire-291-Dewoitine-vers-De-Lattre-janvier-2019.png?fit=430%2C262&amp;ssl=1\" data-orig-size=\"430,262\" data-comments-opened=\"1\" data-image-meta=\"{&quot;aperture&quot;:&quot;0&quot;,&quot;credit&quot;:&quot;&quot;,&quot;camera&quot;:&quot;&quot;,&quot;caption&quot;:&quot;&quot;,&quot;created_timestamp&quot;:&quot;0&quot;,&quot;copyright&quot;:&quot;&quot;,&quot;focal_length&quot;:&quot;0&quot;,&quot;iso&quot;:&quot;0&quot;,&quot;shutter_speed&quot;:&quot;0&quot;,&quot;title&quot;:&quot;&quot;,&quot;orientation&quot;:&quot;0&quot;}\" data-image-title=\"Horaire 291 Dewoitine vers De Lattre janvier 2019\" data-image-description=\"\" data-image-caption=\"\" data-medium-file=\"https:\/\/i0.wp.com\/www.horizonemployeur.fr\/wordpress\/wp-content\/uploads\/2019\/01\/Horaire-291-Dewoitine-vers-De-Lattre-janvier-2019.png?fit=300%2C183&amp;ssl=1\" data-large-file=\"https:\/\/i0.wp.com\/www.horizonemployeur.fr\/wordpress\/wp-content\/uploads\/2019\/01\/Horaire-291-Dewoitine-vers-De-Lattre-janvier-2019.png?fit=430%2C262&amp;ssl=1\" decoding=\"async\" loading=\"lazy\" width=\"430\" height=\"262\" src=\"https:\/\/i0.wp.com\/www.horizonemployeur.fr\/wordpress\/wp-content\/uploads\/2019\/01\/Horaire-291-Dewoitine-vers-De-Lattre-janvier-2019.png?resize=430%2C262\" alt=\"\" class=\"wp-image-5687\" srcset=\"https:\/\/i0.wp.com\/www.horizonemployeur.fr\/wordpress\/wp-content\/uploads\/2019\/01\/Horaire-291-Dewoitine-vers-De-Lattre-janvier-2019.png?w=430&amp;ssl=1 430w, https:\/\/i0.wp.com\/www.horizonemployeur.fr\/wordpress\/wp-content\/uploads\/2019\/01\/Horaire-291-Dewoitine-vers-De-Lattre-janvier-2019.png?resize=300%2C183&amp;ssl=1 300w\" sizes=\"(max-width: 430px) 100vw, 430px\" data-recalc-dims=\"1\" \/><figcaption>Recherche d&rsquo;itin\u00e9raire sur Vianavigo pour l&rsquo;apr\u00e8s-midi du vendredi 25 janvier.<br>Les horaires utilis\u00e9s dans Vianavigo sont ceux d\u00e9finis par la RATP<br><br><\/figcaption><\/figure>\n\n\n\n<h3>Pourquoi cette exp\u00e9rimentation peut-elle amener des probl\u00e8mes ?<\/h3>\n\n\n\n<p>Positionner un arr\u00eat de bus sur une chauss\u00e9e \u00e0 voie unique, \u00e0 la sortie d&rsquo;un carrefour et dans un secteur fortement embouteill\u00e9 aux heures de pointe, n&rsquo;est pas un choix anodin.<\/p>\n\n\n\n<p>En cas d&rsquo;arr\u00eat prolong\u00e9 (voire de panne) d&rsquo;un bus \u00e0 cet arr\u00eat, le carrefour en sortie de gare routi\u00e8re sera tr\u00e8s rapidement compl\u00e8tement bloqu\u00e9: le flux des v\u00e9hicules (automobiles, bus, &#8230;) en direction de Meudon-la-For\u00eat ne peut en effet plus s&rsquo;\u00e9couler.<\/p>\n\n\n\n<p>Ce d\u00e9placement de l&rsquo;arr\u00eat ne peut donc donner de r\u00e9sultats positifs que si, en particulier:<\/p>\n\n\n\n<ul><li>la mont\u00e9e des voyageurs se fait rapidement. Merci \u00e0 eux de pr\u00e9parer leur titre de transport avant la mont\u00e9e dans le bus<\/li><li>le stationnement est limit\u00e9 au minimum. Le conducteur sera nettement moins enclin \u00e0 attendre les retardataires en train de courir \u00e0 bonne distance du bus pour tenter de le r\u00e9cup\u00e9rer. Dans la plupart des cas, le prochain bus est \u00e0 moins de 5 min d&rsquo;attente.<\/li><\/ul>\n\n\n\n<p>Si le temps d&rsquo;arr\u00eat ne peut pas \u00eatre minimis\u00e9, l&rsquo;exp\u00e9rimentation sera rapidement achev\u00e9e.<\/p>\n\n\n\n<p><\/p>\n\n\n\n<h3>Quelques rappels historiques<\/h3>\n\n\n\n<p>Pour mieux comprendre la situation actuelle, voici quelques rappels des \u00e9pisodes pr\u00e9c\u00e9dents:<\/p>\n\n\n\n<ul><li>de tout temps, c&rsquo;est-\u00e0-dire depuis 2002, ann\u00e9e de la cr\u00e9ation de la ligne, la ligne 291 desservait un itin\u00e9raire allant de Pont de S\u00e8vres \u00e0 Europe Sud, en passant aux heures creuses par V\u00e9lizy 2 et l&rsquo;avenue de l&rsquo;Europe<\/li><\/ul>\n\n\n\n<figure class=\"wp-block-image\"><img data-attachment-id=\"5688\" data-permalink=\"https:\/\/www.horizonemployeur.fr\/wordpress\/2019\/01\/25\/28-janvier-2019-un-nouvel-itineraire-pour-la-ligne-291\/plan-de-ligne-291-novembre-2007\/\" data-orig-file=\"https:\/\/i0.wp.com\/www.horizonemployeur.fr\/wordpress\/wp-content\/uploads\/2019\/01\/Plan-de-ligne-291-novembre-2007.png?fit=1259%2C340&amp;ssl=1\" data-orig-size=\"1259,340\" data-comments-opened=\"1\" data-image-meta=\"{&quot;aperture&quot;:&quot;0&quot;,&quot;credit&quot;:&quot;&quot;,&quot;camera&quot;:&quot;&quot;,&quot;caption&quot;:&quot;&quot;,&quot;created_timestamp&quot;:&quot;0&quot;,&quot;copyright&quot;:&quot;&quot;,&quot;focal_length&quot;:&quot;0&quot;,&quot;iso&quot;:&quot;0&quot;,&quot;shutter_speed&quot;:&quot;0&quot;,&quot;title&quot;:&quot;&quot;,&quot;orientation&quot;:&quot;0&quot;}\" data-image-title=\"Plan de ligne 291 novembre 2007\" data-image-description=\"\" data-image-caption=\"\" data-medium-file=\"https:\/\/i0.wp.com\/www.horizonemployeur.fr\/wordpress\/wp-content\/uploads\/2019\/01\/Plan-de-ligne-291-novembre-2007.png?fit=300%2C81&amp;ssl=1\" data-large-file=\"https:\/\/i0.wp.com\/www.horizonemployeur.fr\/wordpress\/wp-content\/uploads\/2019\/01\/Plan-de-ligne-291-novembre-2007.png?fit=700%2C189&amp;ssl=1\" decoding=\"async\" loading=\"lazy\" width=\"1259\" height=\"340\" src=\"https:\/\/i2.wp.com\/www.horizonemployeur.fr\/wordpress\/wp-content\/uploads\/2019\/01\/Plan-de-ligne-291-novembre-2007.png?fit=1024%2C277\" alt=\"\" class=\"wp-image-5688\" srcset=\"https:\/\/i0.wp.com\/www.horizonemployeur.fr\/wordpress\/wp-content\/uploads\/2019\/01\/Plan-de-ligne-291-novembre-2007.png?w=1259&amp;ssl=1 1259w, https:\/\/i0.wp.com\/www.horizonemployeur.fr\/wordpress\/wp-content\/uploads\/2019\/01\/Plan-de-ligne-291-novembre-2007.png?resize=300%2C81&amp;ssl=1 300w, https:\/\/i0.wp.com\/www.horizonemployeur.fr\/wordpress\/wp-content\/uploads\/2019\/01\/Plan-de-ligne-291-novembre-2007.png?resize=768%2C207&amp;ssl=1 768w, https:\/\/i0.wp.com\/www.horizonemployeur.fr\/wordpress\/wp-content\/uploads\/2019\/01\/Plan-de-ligne-291-novembre-2007.png?resize=1024%2C277&amp;ssl=1 1024w\" sizes=\"(max-width: 700px) 100vw, 700px\" \/><figcaption>Plan de la ligne 291 en novembre 2007 (document RATP)<\/figcaption><\/figure>\n\n\n\n<ul><li>\u00e0 la mise en service du tramway, la ligne 291 devait \u00eatre, limit\u00e9e \u00e0 la seule section Pont de S\u00e8vres &#8211; V\u00e9lizy 2 (gare routi\u00e8re). Les voyageurs souhaitant continuer vers Europe Sud devraient alors emprunter le tramway<\/li><li>d\u00e9but 2013, le r\u00e9dacteur de ces lignes a \u00e9voqu\u00e9 avec la directrice g\u00e9n\u00e9rale de l&rsquo;autorit\u00e9 organisatrice les probl\u00e8mes induits par cette correspondance suppl\u00e9mentaire. La conversation s&rsquo;est termin\u00e9e sur la promesse d&rsquo;une \u00e9tude d&rsquo;impact.<\/li><li>aucune r\u00e9ponse explicite n&rsquo;a \u00e9t\u00e9 apport\u00e9e, mais les projets suivants ont fait r\u00e9f\u00e9rence \u00e0 un terminus situ\u00e9 \u00e0 Villacoublay, terminus qui s&rsquo;est ensuite appel\u00e9 Rond-point de Villacoublay, puis finalement La Chemin\u00e9e. C&rsquo;est ce terminus qui a \u00e9t\u00e9 mis en oeuvre en d\u00e9cembre 2014.<\/li><\/ul>\n\n\n\n<p><strong>Pourquoi ne pas avoir gard\u00e9 l&rsquo;ancien itin\u00e9raire de la ligne 291 par l&rsquo;avenue Morane-Saulnier ?<\/strong> parce que, par principe, une ligne de bus ne peut pas suivre le trac\u00e9 d&rsquo;une ligne de tramway (il y a eu des exceptions m\u00eame avec le lancement du tramway T6)<\/p>\n\n\n\n<p><strong>Pourquoi ne pas avoir gard\u00e9 le principe de la desserte de V\u00e9lizy 2 en heures creuses ?<\/strong> parce que, avec possiblement 2 terminus distincts, la ligne aurait perdu en lisibilit\u00e9 (m\u00eame si apr\u00e8s 20h30-21h00 il n&rsquo;y a gu\u00e8re plus que les petits lapins de la for\u00eat de Meudon pour vouloir prendre le bus \u00e0 La Chemin\u00e9e, alors que le secteur de V\u00e9lizy 2 reste encore bien anim\u00e9)<\/p>\n\n\n\n<p><\/p>\n\n\n\n<h3>Les am\u00e9nagements de 2013-2014<\/h3>\n\n\n\n<p>Le projet de gare routi\u00e8re ayant \u00e9t\u00e9 con\u00e7u avec une ligne 291 limit\u00e9e \u00e0 V\u00e9lizy 2, le besoin d&rsquo;avoir une entr\u00e9e de la gare routi\u00e8re sur la chauss\u00e9e sud de l&rsquo;avenue Morane-Saulnier n&rsquo;existait tout simplement pas. Il n&rsquo;y a donc eu aucun am\u00e9nagement, et m\u00eame aucune r\u00e9servation laissant l&rsquo;am\u00e9nagement possible \u00e0 terme. L&rsquo;entr\u00e9e depuis la chauss\u00e9e sud de l&rsquo;avenue Morane-Saulnier est impossible.<\/p>\n\n\n\n<p>Une puis deux lignes de bus doivent cependant accomplir cette man\u0153uvre. Il s&rsquo;agit d&rsquo;abord d&rsquo;une ligne Ph\u00e9bus, RGV, devenue 20 par la suite, puis de la ligne RATP 291. Il faut donc, apr\u00e8s la fin des travaux de voirie, modifier plusieurs points de l&rsquo;am\u00e9nagement initial:<\/p>\n\n\n\n<ul><li>par \u00e9largissement \u00e0 3 voies de la chauss\u00e9e sud de l&rsquo;avenue Morane-Saulnier. Les 2 voies direction Bi\u00e8vres sont d\u00e9cal\u00e9es vers la droite, pour laisser la place \u00e0 une voie bus qui tourne \u00e0 gauche<\/li><li>par \u00e9largissement de l&rsquo;acc\u00e8s \u00e0 la voie bus avant le franchissement des voies du tramway<\/li><\/ul>\n\n\n\n<p>Ces modifications permettent aux bus de passer, mais cela se fait au prix d&rsquo;importantes pr\u00e9cautions. Les bus sont en effet amen\u00e9s \u00e0 croiser successivement, et sur une distance tr\u00e8s courte, la voie verte avec les pi\u00e9tons et les v\u00e9los, les voies du tramway et la voie de sortie de la gare routi\u00e8re, tous les flux disposant du passage simultan\u00e9ment.<\/p>\n\n\n\n<p><\/p>\n\n\n\n<h3>L&rsquo;augmentation de l&rsquo;offre et sa gestion<\/h3>\n\n\n\n<p>La comparaison de ces 2 fiches horaires \u00e0 10 ans d&rsquo;intervalle montre la forte \u00e9volution de l&rsquo;offre. On est en effet pass\u00e9s d&rsquo;un intervalle minimum de 10 minutes en 2006 \u00e0 un intervalle minimum de 3 minutes en 2016: le nombre maximum de d\u00e9parts est pass\u00e9 de 6 bus par heure \u00e0 20 bus par heure. <\/p>\n\n\n\n<figure class=\"wp-block-image\"><img data-attachment-id=\"5689\" data-permalink=\"https:\/\/www.horizonemployeur.fr\/wordpress\/2019\/01\/25\/28-janvier-2019-un-nouvel-itineraire-pour-la-ligne-291\/horaire-de-ligne-291-septembre-2006\/\" data-orig-file=\"https:\/\/i0.wp.com\/www.horizonemployeur.fr\/wordpress\/wp-content\/uploads\/2019\/01\/Horaire-de-ligne-291-septembre-2006.png?fit=1104%2C575&amp;ssl=1\" data-orig-size=\"1104,575\" data-comments-opened=\"1\" data-image-meta=\"{&quot;aperture&quot;:&quot;0&quot;,&quot;credit&quot;:&quot;&quot;,&quot;camera&quot;:&quot;&quot;,&quot;caption&quot;:&quot;&quot;,&quot;created_timestamp&quot;:&quot;0&quot;,&quot;copyright&quot;:&quot;&quot;,&quot;focal_length&quot;:&quot;0&quot;,&quot;iso&quot;:&quot;0&quot;,&quot;shutter_speed&quot;:&quot;0&quot;,&quot;title&quot;:&quot;&quot;,&quot;orientation&quot;:&quot;0&quot;}\" data-image-title=\"Horaire de ligne 291 septembre 2006\" data-image-description=\"\" data-image-caption=\"\" data-medium-file=\"https:\/\/i0.wp.com\/www.horizonemployeur.fr\/wordpress\/wp-content\/uploads\/2019\/01\/Horaire-de-ligne-291-septembre-2006.png?fit=300%2C156&amp;ssl=1\" data-large-file=\"https:\/\/i0.wp.com\/www.horizonemployeur.fr\/wordpress\/wp-content\/uploads\/2019\/01\/Horaire-de-ligne-291-septembre-2006.png?fit=700%2C364&amp;ssl=1\" decoding=\"async\" loading=\"lazy\" width=\"1104\" height=\"575\" src=\"https:\/\/i0.wp.com\/www.horizonemployeur.fr\/wordpress\/wp-content\/uploads\/2019\/01\/Horaire-de-ligne-291-septembre-2006.png?fit=1024%2C533\" alt=\"\" class=\"wp-image-5689\" srcset=\"https:\/\/i0.wp.com\/www.horizonemployeur.fr\/wordpress\/wp-content\/uploads\/2019\/01\/Horaire-de-ligne-291-septembre-2006.png?w=1104&amp;ssl=1 1104w, https:\/\/i0.wp.com\/www.horizonemployeur.fr\/wordpress\/wp-content\/uploads\/2019\/01\/Horaire-de-ligne-291-septembre-2006.png?resize=300%2C156&amp;ssl=1 300w, https:\/\/i0.wp.com\/www.horizonemployeur.fr\/wordpress\/wp-content\/uploads\/2019\/01\/Horaire-de-ligne-291-septembre-2006.png?resize=768%2C400&amp;ssl=1 768w, https:\/\/i0.wp.com\/www.horizonemployeur.fr\/wordpress\/wp-content\/uploads\/2019\/01\/Horaire-de-ligne-291-septembre-2006.png?resize=1024%2C533&amp;ssl=1 1024w\" sizes=\"(max-width: 700px) 100vw, 700px\" \/><figcaption>Horaires 2006-2007 de la ligne 291 de Pont de S\u00e8vres vers V\u00e9lizy-Europe Sud: 1 bus toutes les 10 minutes au plus fort de la pointe (document RATP) <br><\/figcaption><\/figure>\n\n\n\n<figure class=\"wp-block-image\"><img data-attachment-id=\"5690\" data-permalink=\"https:\/\/www.horizonemployeur.fr\/wordpress\/2019\/01\/25\/28-janvier-2019-un-nouvel-itineraire-pour-la-ligne-291\/horaire-de-ligne-291-aout-2016\/\" data-orig-file=\"https:\/\/i0.wp.com\/www.horizonemployeur.fr\/wordpress\/wp-content\/uploads\/2019\/01\/Horaire-de-ligne-291-ao\u00fbt-2016.png?fit=795%2C214&amp;ssl=1\" data-orig-size=\"795,214\" data-comments-opened=\"1\" data-image-meta=\"{&quot;aperture&quot;:&quot;0&quot;,&quot;credit&quot;:&quot;&quot;,&quot;camera&quot;:&quot;&quot;,&quot;caption&quot;:&quot;&quot;,&quot;created_timestamp&quot;:&quot;0&quot;,&quot;copyright&quot;:&quot;&quot;,&quot;focal_length&quot;:&quot;0&quot;,&quot;iso&quot;:&quot;0&quot;,&quot;shutter_speed&quot;:&quot;0&quot;,&quot;title&quot;:&quot;&quot;,&quot;orientation&quot;:&quot;0&quot;}\" data-image-title=\"Horaire de ligne 291 ao\u00fbt 2016\" data-image-description=\"\" data-image-caption=\"\" data-medium-file=\"https:\/\/i0.wp.com\/www.horizonemployeur.fr\/wordpress\/wp-content\/uploads\/2019\/01\/Horaire-de-ligne-291-ao\u00fbt-2016.png?fit=300%2C81&amp;ssl=1\" data-large-file=\"https:\/\/i0.wp.com\/www.horizonemployeur.fr\/wordpress\/wp-content\/uploads\/2019\/01\/Horaire-de-ligne-291-ao\u00fbt-2016.png?fit=700%2C188&amp;ssl=1\" decoding=\"async\" loading=\"lazy\" width=\"700\" height=\"188\" src=\"https:\/\/i0.wp.com\/www.horizonemployeur.fr\/wordpress\/wp-content\/uploads\/2019\/01\/Horaire-de-ligne-291-ao\u00fbt-2016.png?resize=700%2C188\" alt=\"\" class=\"wp-image-5690\" srcset=\"https:\/\/i0.wp.com\/www.horizonemployeur.fr\/wordpress\/wp-content\/uploads\/2019\/01\/Horaire-de-ligne-291-ao\u00fbt-2016.png?w=795&amp;ssl=1 795w, https:\/\/i0.wp.com\/www.horizonemployeur.fr\/wordpress\/wp-content\/uploads\/2019\/01\/Horaire-de-ligne-291-ao\u00fbt-2016.png?resize=300%2C81&amp;ssl=1 300w, https:\/\/i0.wp.com\/www.horizonemployeur.fr\/wordpress\/wp-content\/uploads\/2019\/01\/Horaire-de-ligne-291-ao\u00fbt-2016.png?resize=768%2C207&amp;ssl=1 768w\" sizes=\"(max-width: 700px) 100vw, 700px\" data-recalc-dims=\"1\" \/><figcaption> Horaires 2016 de la ligne 291 de Pont de S\u00e8vres vers V\u00e9lizy-La Chemin\u00e9e: 1 bus toutes les 3 minutes au plus fort de la pointe (document RATP) <\/figcaption><\/figure>\n\n\n\n<p>Une augmentation de cet ordre de grandeur n\u00e9cessite une adaptation des lieux de stationnement, en particulier des gares routi\u00e8res de Pont de S\u00e8vres et de V\u00e9lizy 2. On voit que, dans la pratique, ces 2 gares arrivent \u00e0 saturation.<\/p>\n\n\n\n<p>Par ailleurs, on assiste r\u00e9guli\u00e8rement sur cette ligne aux heures de pointe \u00e0 la formation de trains de bus: ce sont 2 voire 3 bus qui circulent l&rsquo;un derri\u00e8re l&rsquo;autre. Pourquoi cela se produit-il ?<\/p>\n\n\n\n<ul><li>parce que, \u00e0 l&rsquo;heure de pointe, les bus sont en principe s\u00e9par\u00e9s de seulement 3 minutes <\/li><li>parce que la ligne emprunte la route nationale 118 et d&rsquo;autres voiries dont la fluidit\u00e9 est tout sauf assur\u00e9e aux heures de pointe (en ce d\u00e9but 2019, on b\u00e9n\u00e9ficie de plus des effets induits \u00e0 la fois par la fermeture du quai Gorse \u00e0 Boulogne et par le passage \u00e0 une voie \u00e0 l&rsquo;arriv\u00e9e sur le pont de S\u00e8vres), les bus peuvent alors accumuler du retard qu&rsquo;il ne sera pas toujours possible de r\u00e9sorber entre l&rsquo;arriv\u00e9e au terminus et le d\u00e9part<\/li><li>parce que le fonctionnement des feux tricolores, en particulier dans les carrefours travers\u00e9es par le tramway dans le sens V\u00e9lizy vers Pont de S\u00e8vres, est bas\u00e9 sur des temps de cycle longs. Le temps d&rsquo;attente devant un seul feu rouge peut d\u00e9passer les 90 secondes<\/li><li>parce que les automobilistes ont parfois une certaine tendance \u00e0 bloquer les carrefours en avan\u00e7ant leur v\u00e9hicule au feu vert sans \u00eatre certain d&rsquo;avoir quitt\u00e9 le carrefour au feu rouge. On le voit en particulier dans le secteur de la gare routi\u00e8re.<\/li><\/ul>\n\n\n\n<p><\/p>\n\n\n\n<h3>L&rsquo;affichette d&rsquo;annonce aux arr\u00eats  <\/h3>\n\n\n\n<figure class=\"wp-block-image\"><img data-attachment-id=\"5685\" data-permalink=\"https:\/\/www.horizonemployeur.fr\/wordpress\/2019\/01\/25\/28-janvier-2019-un-nouvel-itineraire-pour-la-ligne-291\/experimentation-291-28-janvier-2019\/\" data-orig-file=\"https:\/\/i0.wp.com\/www.horizonemployeur.fr\/wordpress\/wp-content\/uploads\/2019\/01\/Exp\u00e9rimentation-291-28-janvier-2019.jpg?fit=768%2C1024&amp;ssl=1\" data-orig-size=\"768,1024\" data-comments-opened=\"1\" data-image-meta=\"{&quot;aperture&quot;:&quot;0&quot;,&quot;credit&quot;:&quot;&quot;,&quot;camera&quot;:&quot;&quot;,&quot;caption&quot;:&quot;&quot;,&quot;created_timestamp&quot;:&quot;0&quot;,&quot;copyright&quot;:&quot;&quot;,&quot;focal_length&quot;:&quot;0&quot;,&quot;iso&quot;:&quot;0&quot;,&quot;shutter_speed&quot;:&quot;0&quot;,&quot;title&quot;:&quot;&quot;,&quot;orientation&quot;:&quot;0&quot;}\" data-image-title=\"Exp\u00e9rimentation 291 28 janvier 2019\" data-image-description=\"\" data-image-caption=\"\" data-medium-file=\"https:\/\/i0.wp.com\/www.horizonemployeur.fr\/wordpress\/wp-content\/uploads\/2019\/01\/Exp\u00e9rimentation-291-28-janvier-2019.jpg?fit=225%2C300&amp;ssl=1\" data-large-file=\"https:\/\/i0.wp.com\/www.horizonemployeur.fr\/wordpress\/wp-content\/uploads\/2019\/01\/Exp\u00e9rimentation-291-28-janvier-2019.jpg?fit=700%2C933&amp;ssl=1\" decoding=\"async\" loading=\"lazy\" width=\"768\" height=\"1024\" src=\"https:\/\/i0.wp.com\/www.horizonemployeur.fr\/wordpress\/wp-content\/uploads\/2019\/01\/Exp\u00e9rimentation-291-28-janvier-2019.jpg?fit=768%2C1024\" alt=\"\" class=\"wp-image-5685\" srcset=\"https:\/\/i0.wp.com\/www.horizonemployeur.fr\/wordpress\/wp-content\/uploads\/2019\/01\/Exp\u00e9rimentation-291-28-janvier-2019.jpg?w=768&amp;ssl=1 768w, https:\/\/i0.wp.com\/www.horizonemployeur.fr\/wordpress\/wp-content\/uploads\/2019\/01\/Exp\u00e9rimentation-291-28-janvier-2019.jpg?resize=225%2C300&amp;ssl=1 225w\" sizes=\"(max-width: 700px) 100vw, 700px\" \/><\/figure>\n","protected":false},"excerpt":{"rendered":"<p>Ce lundi 28 janvier 2019, l&rsquo;itin\u00e9raire de la ligne RATP 291 sera (l\u00e9g\u00e8rement) modifi\u00e9 en direction de Pont de S\u00e8vres.<\/p>\n","protected":false},"author":1,"featured_media":5684,"comment_status":"open","ping_status":"open","sticky":false,"template":"","format":"standard","meta":{"ngg_post_thumbnail":0,"jetpack_post_was_ever_published":false},"categories":[12],"tags":[],"jetpack_featured_media_url":"https:\/\/i0.wp.com\/www.horizonemployeur.fr\/wordpress\/wp-content\/uploads\/2019\/01\/Trac\u00e9s-exp\u00e9rimentation-291-28-janvier-2019.jpg?fit=1331%2C530&ssl=1","jetpack_sharing_enabled":true,"jetpack_shortlink":"https:\/\/wp.me\/p7AoJR-1tF","jetpack-related-posts":[{"id":1604,"url":"https:\/\/www.horizonemployeur.fr\/wordpress\/2016\/02\/27\/phebus-29-02-2016\/","url_meta":{"origin":5683,"position":0},"title":"29 f\u00e9vrier 2016 \u2013 mouvement social Ph\u00e9bus: comment circuler ?","date":"27 f\u00e9vrier 2016","format":false,"excerpt":"*** mise \u00e0 jour lundi 29 f\u00e9vrier 16h15: modification des fr\u00e9quences ligne 30 *** Ph\u00e9bus a communiqu\u00e9 samedi 27 f\u00e9vrier les pr\u00e9visions de circulation suivantes pour la journ\u00e9e du lundi 29 f\u00e9vrier. Un certain nombre d'am\u00e9liorations sont \u00e0 noter sur certaines lignes par rapport \u00e0 la situation en vigueur vendredi\u2026","rel":"","context":"Dans &quot;Transports en Commun&quot;","img":{"alt_text":"","src":"","width":0,"height":0},"classes":[]},{"id":1711,"url":"https:\/\/www.horizonemployeur.fr\/wordpress\/2016\/02\/29\/phebus-01-03-2016\/","url_meta":{"origin":5683,"position":1},"title":"1er mars 2016 \u2013 mouvement social Ph\u00e9bus: comment circuler ?","date":"29 f\u00e9vrier 2016","format":false,"excerpt":"Ph\u00e9bus a communiqu\u00e9 lundi 29\u00a0f\u00e9vrier apr\u00e8s-midi les pr\u00e9visions de circulation suivantes pour la journ\u00e9e du mardi 1er mars. On note encore par rapport \u00e0 la journ\u00e9e de lundi quelques am\u00e9liorations concernant le fonctionnement de certaines lignes. 3 lignes restent cependant totalement \u00e0 l'arr\u00eat, et 2 autres en service du samedi.\u2026","rel":"","context":"Dans &quot;Transports en Commun&quot;","img":{"alt_text":"","src":"","width":0,"height":0},"classes":[]},{"id":5453,"url":"https:\/\/www.horizonemployeur.fr\/wordpress\/2018\/08\/15\/horaires-tc-rentree-2018\/","url_meta":{"origin":5683,"position":2},"title":"Horaires transports en commun: c&rsquo;est (bient\u00f4t) la rentr\u00e9e","date":"15 ao\u00fbt 2018","format":false,"excerpt":"Comme chaque ann\u00e9e \u00e0 pareille \u00e9poque, les transports en commun quittent progressivement leur l\u00e9thargie estivale pour revenir \u00e0 leur fonctionnement habituel durant la seconde moiti\u00e9 du mois d'ao\u00fbt. En cette rentr\u00e9e 2018, peu de modifications sont \u00e0 attendre au moins sur le fond, les horaires ne changeant que peu ou\u2026","rel":"","context":"Dans &quot;Transports en Commun&quot;","img":{"alt_text":"","src":"https:\/\/i0.wp.com\/www.horizonemployeur.fr\/wordpress\/wp-content\/uploads\/2018\/08\/Chaix-1914-Grande-Ceinture-from-Wikipedia.png?fit=975%2C466&ssl=1&resize=350%2C200","width":350,"height":200},"classes":[]},{"id":5294,"url":"https:\/\/www.horizonemployeur.fr\/wordpress\/2018\/06\/30\/horaires-ete-2018\/","url_meta":{"origin":5683,"position":3},"title":"Le mois de juillet commence, les horaires d&rsquo;\u00e9t\u00e9 arrivent","date":"30 juin 2018","format":false,"excerpt":"Comme \u00e0 chaque ann\u00e9e \u00e0 pareille \u00e9poque, de nombreuses lignes de transport en commun s'appr\u00eatent \u00e0 fonctionner au ralenti pour tenir compte d'une moindre fr\u00e9quentation, mais aussi pour permettre aux salari\u00e9s de partir eux aussi en cong\u00e9s. Un rapide tour d'horizon de ce qui nous attend en cet \u00e9t\u00e9 2018\u2026","rel":"","context":"Dans &quot;Transports en Commun&quot;","img":{"alt_text":"","src":"https:\/\/i0.wp.com\/www.horizonemployeur.fr\/wordpress\/wp-content\/uploads\/2018\/06\/P1090229_975d.jpg?fit=975%2C466&ssl=1&resize=350%2C200","width":350,"height":200},"classes":[]},{"id":816,"url":"https:\/\/www.horizonemployeur.fr\/wordpress\/2015\/10\/07\/evolutions-reseaux-bus-2015-2016\/","url_meta":{"origin":5683,"position":4},"title":"L&rsquo;\u00e9volution des r\u00e9seaux de bus dans les prochains mois","date":"7 octobre 2015","format":false,"excerpt":"Durant sa r\u00e9union du mercredi 7 octobre, le Conseil du STIF a approuv\u00e9 les \u00e9volutions dans les prochains mois de plus d'une centaine de lignes de bus. Un certain nombre de ces lignes desservent notre secteur, voil\u00e0 les premi\u00e8res informations qui ont \u00e9t\u00e9 rendues publiques \u00e0 l'issue de la r\u00e9union.\u2026","rel":"","context":"Dans &quot;Transports en Commun&quot;","img":{"alt_text":"","src":"https:\/\/i0.wp.com\/www.horizonemployeur.fr\/wordpress\/wp-content\/uploads\/2015\/10\/logo_stif_400x300.png?fit=400%2C300&ssl=1&resize=350%2C200","width":350,"height":200},"classes":[]},{"id":2889,"url":"https:\/\/www.horizonemployeur.fr\/wordpress\/2016\/06\/16\/greve-17-juin-2016\/","url_meta":{"origin":5683,"position":5},"title":"Vendredi 17 juin 2016 \u2013 gr\u00e8ve SNCF et circulation perturb\u00e9e dans Versailles","date":"16 juin 2016","format":false,"excerpt":"La journ\u00e9e du vendredi\u00a017 juin 2016 sera encore marqu\u00e9e par la poursuite du mouvement de gr\u00e8ve \u00e0 la SNCF, mais les lignes impact\u00e9es sont de moins en moins nombreuses: C, L2 Grande Ceinture, N, P et T4. En parall\u00e8le, la c\u00e9r\u00e9monie en m\u00e9moire des 2 policiers tu\u00e9s \u00e0 Magnanville en\u2026","rel":"","context":"Dans &quot;Trafic routier&quot;","img":{"alt_text":"","src":"","width":0,"height":0},"classes":[]}],"_links":{"self":[{"href":"https:\/\/www.horizonemployeur.fr\/wordpress\/wp-json\/wp\/v2\/posts\/5683"}],"collection":[{"href":"https:\/\/www.horizonemployeur.fr\/wordpress\/wp-json\/wp\/v2\/posts"}],"about":[{"href":"https:\/\/www.horizonemployeur.fr\/wordpress\/wp-json\/wp\/v2\/types\/post"}],"author":[{"embeddable":true,"href":"https:\/\/www.horizonemployeur.fr\/wordpress\/wp-json\/wp\/v2\/users\/1"}],"replies":[{"embeddable":true,"href":"https:\/\/www.horizonemployeur.fr\/wordpress\/wp-json\/wp\/v2\/comments?post=5683"}],"version-history":[{"count":4,"href":"https:\/\/www.horizonemployeur.fr\/wordpress\/wp-json\/wp\/v2\/posts\/5683\/revisions"}],"predecessor-version":[{"id":5694,"href":"https:\/\/www.horizonemployeur.fr\/wordpress\/wp-json\/wp\/v2\/posts\/5683\/revisions\/5694"}],"wp:featuredmedia":[{"embeddable":true,"href":"https:\/\/www.horizonemployeur.fr\/wordpress\/wp-json\/wp\/v2\/media\/5684"}],"wp:attachment":[{"href":"https:\/\/www.horizonemployeur.fr\/wordpress\/wp-json\/wp\/v2\/media?parent=5683"}],"wp:term":[{"taxonomy":"category","embeddable":true,"href":"https:\/\/www.horizonemployeur.fr\/wordpress\/wp-json\/wp\/v2\/categories?post=5683"},{"taxonomy":"post_tag","embeddable":true,"href":"https:\/\/www.horizonemployeur.fr\/wordpress\/wp-json\/wp\/v2\/tags?post=5683"}],"curies":[{"name":"wp","href":"https:\/\/api.w.org\/{rel}","templated":true}]}}