{"id":5652,"date":"2018-12-07T12:59:08","date_gmt":"2018-12-07T11:59:08","guid":{"rendered":"http:\/\/www.horizonemployeur.fr\/wordpress\/?p=5652"},"modified":"2018-12-07T12:59:08","modified_gmt":"2018-12-07T11:59:08","slug":"rerc-sa2019","status":"publish","type":"post","link":"https:\/\/www.horizonemployeur.fr\/wordpress\/2018\/12\/07\/rerc-sa2019\/","title":{"rendered":"A partir du dimanche 9 d\u00e9cembre 2018, la ligne C du RER change les week-ends"},"content":{"rendered":"<p>Dimanche 9 d\u00e9cembre 2018, c&rsquo;est la nouvelle ann\u00e9e dans les chemins de fer. C&rsquo;est traditionnellement le 2e dimanche de d\u00e9cembre que sont mis en place les nouveaux horaires.&nbsp;<\/p>\n<p>Sur la ligne C, ces horaires 2019 apportent deux nouveaut\u00e9s les samedis, dimanches et f\u00eates, dont une qui impactera de nombreux voyageurs.<\/p>\n<p><!--more--><\/p>\n<p>Ces 2 nouveaut\u00e9s sont:<\/p>\n<ul>\n<li>le renforcement de la desserte sur la branche St-Quentin-en-Yvelines les samedis en fin d&rsquo;apr\u00e8s-midi<\/li>\n<li>la coupure syst\u00e9matique de la ligne entre Invalides et Mus\u00e9e d&rsquo;Orsay les samedis, dimanches et f\u00eates<\/li>\n<\/ul>\n<p>&nbsp;<\/p>\n<h1>Le renforcement de la desserte sur la branche St-Quentin-en-Yvelines les samedis en fin d&rsquo;apr\u00e8s-midi<\/h1>\n<p>En 2018, la desserte de cette branche est assur\u00e9e \u00e0 raison d&rsquo;un train toutes les 30 minutes<\/p>\n<p>En 2019, la desserte est am\u00e9lior\u00e9e \u00e0 un train toutes les 15 minutes sur la p\u00e9riode allant de 16 h \u00e0 20 h environ<\/p>\n<p>Ici, la comparaison des dessertes entre le samedi 8 d\u00e9cembre (horaires 2018, \u00e0 gauche) et le samedi 15 d\u00e9cembre (horaires 2019, \u00e0 droite) avec sur fond jaune les horaires ajout\u00e9s ou supprim\u00e9s. On notera aussi le d\u00e9calage d&rsquo;un quart d&rsquo;heure des horaires \u00e0 Invalides le matin.<\/p>\n<p><img data-attachment-id=\"5653\" data-permalink=\"https:\/\/www.horizonemployeur.fr\/wordpress\/2018\/12\/07\/rerc-sa2019\/horaires-rer-c-invalides-sqy-2018-et-2019\/\" data-orig-file=\"https:\/\/i0.wp.com\/www.horizonemployeur.fr\/wordpress\/wp-content\/uploads\/2018\/12\/Horaires-RER-C-Invalides-SQY-2018-et-2019.png?fit=1060%2C290&amp;ssl=1\" data-orig-size=\"1060,290\" data-comments-opened=\"1\" data-image-meta=\"{&quot;aperture&quot;:&quot;0&quot;,&quot;credit&quot;:&quot;&quot;,&quot;camera&quot;:&quot;&quot;,&quot;caption&quot;:&quot;&quot;,&quot;created_timestamp&quot;:&quot;0&quot;,&quot;copyright&quot;:&quot;&quot;,&quot;focal_length&quot;:&quot;0&quot;,&quot;iso&quot;:&quot;0&quot;,&quot;shutter_speed&quot;:&quot;0&quot;,&quot;title&quot;:&quot;&quot;,&quot;orientation&quot;:&quot;0&quot;}\" data-image-title=\"Horaires RER C Invalides-SQY 2018 et 2019\" data-image-description=\"\" data-image-caption=\"\" data-medium-file=\"https:\/\/i0.wp.com\/www.horizonemployeur.fr\/wordpress\/wp-content\/uploads\/2018\/12\/Horaires-RER-C-Invalides-SQY-2018-et-2019.png?fit=300%2C82&amp;ssl=1\" data-large-file=\"https:\/\/i0.wp.com\/www.horizonemployeur.fr\/wordpress\/wp-content\/uploads\/2018\/12\/Horaires-RER-C-Invalides-SQY-2018-et-2019.png?fit=700%2C191&amp;ssl=1\" decoding=\"async\" loading=\"lazy\" class=\"alignnone wp-image-5653 \" src=\"https:\/\/i0.wp.com\/www.horizonemployeur.fr\/wordpress\/wp-content\/uploads\/2018\/12\/Horaires-RER-C-Invalides-SQY-2018-et-2019-1024x280.png?resize=600%2C164\" alt=\"\" width=\"600\" height=\"164\" srcset=\"https:\/\/i0.wp.com\/www.horizonemployeur.fr\/wordpress\/wp-content\/uploads\/2018\/12\/Horaires-RER-C-Invalides-SQY-2018-et-2019.png?resize=1024%2C280&amp;ssl=1 1024w, https:\/\/i0.wp.com\/www.horizonemployeur.fr\/wordpress\/wp-content\/uploads\/2018\/12\/Horaires-RER-C-Invalides-SQY-2018-et-2019.png?resize=300%2C82&amp;ssl=1 300w, https:\/\/i0.wp.com\/www.horizonemployeur.fr\/wordpress\/wp-content\/uploads\/2018\/12\/Horaires-RER-C-Invalides-SQY-2018-et-2019.png?resize=768%2C210&amp;ssl=1 768w, https:\/\/i0.wp.com\/www.horizonemployeur.fr\/wordpress\/wp-content\/uploads\/2018\/12\/Horaires-RER-C-Invalides-SQY-2018-et-2019.png?w=1060&amp;ssl=1 1060w\" sizes=\"(max-width: 600px) 100vw, 600px\" data-recalc-dims=\"1\" \/><\/p>\n<h1>La coupure syst\u00e9matique de la ligne entre Invalides et Mus\u00e9e d&rsquo;Orsay les samedis, dimanches et f\u00eates<\/h1>\n<p>La multiplication des chantiers pratiquement en tout point de la ligne C, et pratiquement tous les week-ends de l&rsquo;ann\u00e9e, am\u00e8ne d&rsquo;importantes difficult\u00e9s dans l&rsquo;exploitation et dans l&rsquo;information aux voyageurs. Dans un souci de simplification, il est mis en place \u00e0 compter du dimanche 9 d\u00e9cembre une coupure syst\u00e9matique de la ligne <span style=\"text-decoration: underline;\">les samedis, dimanches et jours de f\u00eates toute la journ\u00e9e<\/span>.<\/p>\n<p>En tr\u00e8s bref, cela se traduit en un sch\u00e9ma:<\/p>\n<p><img data-attachment-id=\"5654\" data-permalink=\"https:\/\/www.horizonemployeur.fr\/wordpress\/2018\/12\/07\/rerc-sa2019\/coupure-rer-c-we-decembre-2018\/\" data-orig-file=\"https:\/\/i0.wp.com\/www.horizonemployeur.fr\/wordpress\/wp-content\/uploads\/2018\/12\/Coupure-RER-C-WE-d\u00e9cembre-2018.png?fit=700%2C700&amp;ssl=1\" data-orig-size=\"700,700\" data-comments-opened=\"1\" data-image-meta=\"{&quot;aperture&quot;:&quot;0&quot;,&quot;credit&quot;:&quot;&quot;,&quot;camera&quot;:&quot;&quot;,&quot;caption&quot;:&quot;&quot;,&quot;created_timestamp&quot;:&quot;0&quot;,&quot;copyright&quot;:&quot;&quot;,&quot;focal_length&quot;:&quot;0&quot;,&quot;iso&quot;:&quot;0&quot;,&quot;shutter_speed&quot;:&quot;0&quot;,&quot;title&quot;:&quot;&quot;,&quot;orientation&quot;:&quot;0&quot;}\" data-image-title=\"Coupure RER C WE d\u00e9cembre 2018\" data-image-description=\"\" data-image-caption=\"\" data-medium-file=\"https:\/\/i0.wp.com\/www.horizonemployeur.fr\/wordpress\/wp-content\/uploads\/2018\/12\/Coupure-RER-C-WE-d\u00e9cembre-2018.png?fit=300%2C300&amp;ssl=1\" data-large-file=\"https:\/\/i0.wp.com\/www.horizonemployeur.fr\/wordpress\/wp-content\/uploads\/2018\/12\/Coupure-RER-C-WE-d\u00e9cembre-2018.png?fit=700%2C700&amp;ssl=1\" decoding=\"async\" loading=\"lazy\" class=\"alignnone wp-image-5654 \" src=\"https:\/\/i0.wp.com\/www.horizonemployeur.fr\/wordpress\/wp-content\/uploads\/2018\/12\/Coupure-RER-C-WE-d\u00e9cembre-2018.png?resize=600%2C600\" alt=\"\" width=\"600\" height=\"600\" srcset=\"https:\/\/i0.wp.com\/www.horizonemployeur.fr\/wordpress\/wp-content\/uploads\/2018\/12\/Coupure-RER-C-WE-d\u00e9cembre-2018.png?w=700&amp;ssl=1 700w, https:\/\/i0.wp.com\/www.horizonemployeur.fr\/wordpress\/wp-content\/uploads\/2018\/12\/Coupure-RER-C-WE-d\u00e9cembre-2018.png?resize=150%2C150&amp;ssl=1 150w, https:\/\/i0.wp.com\/www.horizonemployeur.fr\/wordpress\/wp-content\/uploads\/2018\/12\/Coupure-RER-C-WE-d\u00e9cembre-2018.png?resize=300%2C300&amp;ssl=1 300w, https:\/\/i0.wp.com\/www.horizonemployeur.fr\/wordpress\/wp-content\/uploads\/2018\/12\/Coupure-RER-C-WE-d\u00e9cembre-2018.png?resize=340%2C340&amp;ssl=1 340w, https:\/\/i0.wp.com\/www.horizonemployeur.fr\/wordpress\/wp-content\/uploads\/2018\/12\/Coupure-RER-C-WE-d\u00e9cembre-2018.png?resize=60%2C60&amp;ssl=1 60w\" sizes=\"(max-width: 600px) 100vw, 600px\" data-recalc-dims=\"1\" \/><\/p>\n<p>La suppression des trains sur cette courte section dans Paris a \u00e9videmment d&rsquo;importantes cons\u00e9quences.<\/p>\n<ul>\n<li>tous les trains des branches Nord (Pontoise) et Ouest (Versailles-Ch\u00e2teau-RG \/ St-Quentin-en-Yvelines) arrivent \u00e0 ou partent de la gare des Invalides<\/li>\n<li>tous les trains des branches Dourdan et Etampes arrivent \u00e0 ou partent de la gare d&rsquo;Austerlitz surface<\/li>\n<li>les trains des autres branches Sud (Versailles-Chantiers \/ Massy \/ Juvisy \/ Pont de Rungis) arrivent \u00e0 ou partent de la gare du Mus\u00e9e d&rsquo;Orsay<\/li>\n<\/ul>\n<h2>Certains codes mission changent<\/h2>\n<p>Les codes missions des trains sont inchang\u00e9s au d\u00e9part de Paris vers la banlieue. Au d\u00e9part de la banlieue vers Paris,&nbsp;ils sont modifi\u00e9s de la fa\u00e7on suivante:<\/p>\n<table style=\"border-collapse: collapse; width: 100%; height: 432px;\" border=\"1\">\n<tbody>\n<tr style=\"height: 48px;\">\n<td style=\"width: 16.6667%; text-align: center; background-color: #1d1a4a; border-color: #ffffff; height: 48px;\"><span style=\"color: #ffff00;\"><strong>Zone<\/strong><\/span><\/td>\n<td style=\"width: 16.6667%; text-align: center; background-color: #1d1a4a; border-color: #ffffff; height: 48px;\"><span style=\"color: #ffff00;\"><strong>Origine<\/strong><\/span><\/td>\n<td style=\"width: 16.6667%; text-align: center; background-color: #1d1a4a; border-color: #ffffff; height: 48px;\"><span style=\"color: #ffff00;\"><strong>Terminus<\/strong><\/span><\/td>\n<td style=\"width: 16.6667%; text-align: center; background-color: #1d1a4a; border-color: #ffffff; height: 48px;\"><span style=\"color: #ffff00;\"><strong>Code mission<\/strong><\/span><\/td>\n<td style=\"width: 16.6667%; text-align: center; background-color: #1d1a4a; border-color: #ffffff; height: 48px;\"><span style=\"color: #ffff00;\"><strong>Codes mission<\/strong><\/span><br \/>\n<span style=\"color: #ffff00;\"><strong>de base<\/strong><\/span><\/td>\n<td style=\"width: 16.6667%; text-align: center; background-color: #1d1a4a; border-color: #ffffff; height: 48px;\"><span style=\"color: #ffff00;\"><strong>Desserte<\/strong><\/span><\/td>\n<\/tr>\n<tr style=\"height: 48px;\">\n<td style=\"width: 16.6667%; text-align: center; background-color: #574685; border-color: #ffffff; height: 48px;\"><span style=\"color: #ffff00;\">NORD<\/span><\/td>\n<td style=\"width: 16.6667%; text-align: center; height: 48px;\">Pontoise<br \/>\nou Montigny<\/td>\n<td style=\"width: 16.6667%; text-align: center; height: 48px;\"><strong>Invalides<\/strong><\/td>\n<td style=\"width: 16.6667%; text-align: center; background-color: #ffff00; height: 48px;\"><strong>LOLI<\/strong><\/td>\n<td style=\"width: 16.6667%; text-align: center; height: 48px; background-color: #d0d0d0;\"><em>ROMI<\/em><br \/>\n<em>MONA<\/em><\/td>\n<td style=\"width: 16.6667%; text-align: center; height: 48px;\">Omnibus<\/td>\n<\/tr>\n<tr style=\"height: 48px;\">\n<td style=\"width: 16.6667%; text-align: center; background-color: #574685; border-color: #ffffff; height: 96px;\" rowspan=\"2\"><span style=\"color: #ffff00;\">OUEST<\/span><\/td>\n<td style=\"width: 16.6667%; text-align: center; height: 48px;\">Versailles-<br \/>\nCh\u00e2teau-RG<\/td>\n<td style=\"width: 16.6667%; text-align: center; height: 96px;\" rowspan=\"2\"><strong>Invalides<\/strong><\/td>\n<td style=\"width: 16.6667%; text-align: center; background-color: #ffff00; height: 48px;\"><strong>LOLA<\/strong><\/td>\n<td style=\"width: 16.6667%; text-align: center; height: 48px; background-color: #d0d0d0;\"><em>CIME<\/em><br \/>\n<em>JILL<\/em><\/td>\n<td style=\"width: 16.6667%; text-align: center; height: 48px;\">Omnibus<\/td>\n<\/tr>\n<tr style=\"height: 48px;\">\n<td style=\"width: 16.6667%; text-align: center; height: 48px;\">St-Quentin-<br \/>\nen-Yvelines<\/td>\n<td style=\"width: 16.6667%; text-align: center; background-color: #ffff00; height: 48px;\"><strong>LOLU<\/strong><\/td>\n<td style=\"width: 16.6667%; text-align: center; height: 48px; background-color: #d0d0d0;\"><em>ELBA<\/em><br \/>\n<em>DEBA \/ DEBO<\/em><\/td>\n<td style=\"width: 16.6667%; text-align: center; height: 48px;\">Omnibus<\/td>\n<\/tr>\n<tr style=\"height: 48px;\">\n<td style=\"width: 16.6667%; text-align: center; background-color: #574685; border-color: #ffffff; height: 240px;\" rowspan=\"6\"><span style=\"color: #ffff00;\">SUD<\/span><\/td>\n<td style=\"width: 16.6667%; text-align: center; height: 48px;\">Versailles-<br \/>\nChantiers<\/td>\n<td style=\"width: 16.6667%; text-align: center; height: 144px;\" rowspan=\"4\"><strong>Mus\u00e9e d&rsquo;Orsay<\/strong><\/td>\n<td style=\"width: 16.6667%; text-align: center; background-color: #ffff00; height: 48px;\"><strong>ORSU<\/strong><\/td>\n<td style=\"width: 16.6667%; text-align: center; height: 48px; background-color: #d0d0d0;\"><em>VICK<\/em><\/td>\n<td style=\"width: 16.6667%; text-align: center; height: 48px;\">Direct de Choisy<br \/>\n\u00e0 BFM<\/td>\n<\/tr>\n<tr style=\"height: 48px;\">\n<td style=\"width: 16.6667%; text-align: center; height: 48px;\">Juvisy<\/td>\n<td style=\"width: 16.6667%; text-align: center; background-color: #ffff00; height: 48px;\"><strong>ORSE<\/strong><\/td>\n<td style=\"width: 16.6667%; text-align: center; height: 48px; background-color: #d0d0d0;\"><em>VICK<\/em><\/td>\n<td style=\"width: 16.6667%; text-align: center; height: 48px;\">Direct de Choisy<br \/>\n\u00e0 BFM<\/td>\n<\/tr>\n<tr style=\"height: 24px;\">\n<td style=\"width: 16.6667%; text-align: center; height: 24px;\">Massy-Palaiseau<\/td>\n<td style=\"width: 16.6667%; text-align: center; background-color: #ffff00; height: 24px;\"><strong>OMAS<\/strong><\/td>\n<td style=\"width: 16.6667%; text-align: center; height: 24px; background-color: #d0d0d0;\"><em>NORA<\/em><\/td>\n<td style=\"width: 16.6667%; text-align: center; height: 24px;\">Omnibus<\/td>\n<\/tr>\n<tr style=\"height: 24px;\">\n<td style=\"width: 16.6667%; text-align: center; height: 24px;\">Pont de Rungis<\/td>\n<td style=\"width: 16.6667%; text-align: center; background-color: #ffff00; height: 24px;\"><strong>ORIS<\/strong><\/td>\n<td style=\"width: 16.6667%; text-align: center; height: 24px; background-color: #d0d0d0;\"><em>GOTA<\/em><\/td>\n<td style=\"width: 16.6667%; text-align: center; height: 24px;\">Omnibus<\/td>\n<\/tr>\n<tr style=\"height: 48px;\">\n<td style=\"width: 16.6667%; text-align: center; height: 48px;\">St-Martin-<br \/>\nd&rsquo;Etampes<\/td>\n<td style=\"width: 16.6667%; text-align: center; height: 96px;\" rowspan=\"2\"><strong>Austerlitz<\/strong><\/td>\n<td style=\"width: 16.6667%; text-align: center; background-color: #ffff00; height: 48px;\"><strong>ZARA<\/strong><\/td>\n<td style=\"width: 16.6667%; text-align: center; height: 48px; background-color: #d0d0d0;\"><em>SARA<\/em><\/td>\n<td style=\"width: 16.6667%; text-align: center; height: 48px;\">Direct de Juvisy<br \/>\n\u00e0 BFM<\/td>\n<\/tr>\n<tr style=\"height: 48px;\">\n<td style=\"width: 16.6667%; text-align: center; height: 48px;\">Dourdan<\/td>\n<td style=\"width: 16.6667%; text-align: center; background-color: #ffff00; height: 48px;\"><strong>ZERA<\/strong><\/td>\n<td style=\"width: 16.6667%; text-align: center; height: 48px; background-color: #d0d0d0;\"><em>SARA<\/em><br \/>\n<em>LARA<\/em><\/td>\n<td style=\"width: 16.6667%; text-align: center; height: 48px;\">Direct de Juvisy<br \/>\n\u00e0 BFM<\/td>\n<\/tr>\n<\/tbody>\n<\/table>\n<h2>Comment parcourir le cha\u00eenon manquant ?<\/h2>\n<p>Outre la promenade touristique en bord de Seine, entre les gares d&rsquo;Invalides et de Mus\u00e9e d&rsquo;Orsay, annonc\u00e9e pour 13 minutes, la SNCF met \u00e0 disposition un \u00e9ventail de solutions alternatives, que ce soit&#8230;<\/p>\n<ul>\n<li>entre la branche nord et la branche sud, o\u00f9 on privil\u00e9giera, sauf incident, les 2 lignes de m\u00e9tro 13 et 10 en correspondance \u00e0 Duroc. D&rsquo;autres itin\u00e9raires permettent de rejoindre les diff\u00e9rentes gares:<br \/>\n<img data-attachment-id=\"5655\" data-permalink=\"https:\/\/www.horizonemployeur.fr\/wordpress\/2018\/12\/07\/rerc-sa2019\/rer-c-sa-2019-itineraires-bis-nord-sud\/\" data-orig-file=\"https:\/\/i0.wp.com\/www.horizonemployeur.fr\/wordpress\/wp-content\/uploads\/2018\/12\/RER-C-SA-2019-itin\u00e9raires-bis-nord-sud.png?fit=1187%2C442&amp;ssl=1\" data-orig-size=\"1187,442\" data-comments-opened=\"1\" data-image-meta=\"{&quot;aperture&quot;:&quot;0&quot;,&quot;credit&quot;:&quot;&quot;,&quot;camera&quot;:&quot;&quot;,&quot;caption&quot;:&quot;&quot;,&quot;created_timestamp&quot;:&quot;0&quot;,&quot;copyright&quot;:&quot;&quot;,&quot;focal_length&quot;:&quot;0&quot;,&quot;iso&quot;:&quot;0&quot;,&quot;shutter_speed&quot;:&quot;0&quot;,&quot;title&quot;:&quot;&quot;,&quot;orientation&quot;:&quot;0&quot;}\" data-image-title=\"RER C SA 2019 itin\u00e9raires bis nord-sud\" data-image-description=\"\" data-image-caption=\"\" data-medium-file=\"https:\/\/i0.wp.com\/www.horizonemployeur.fr\/wordpress\/wp-content\/uploads\/2018\/12\/RER-C-SA-2019-itin\u00e9raires-bis-nord-sud.png?fit=300%2C112&amp;ssl=1\" data-large-file=\"https:\/\/i0.wp.com\/www.horizonemployeur.fr\/wordpress\/wp-content\/uploads\/2018\/12\/RER-C-SA-2019-itin\u00e9raires-bis-nord-sud.png?fit=700%2C260&amp;ssl=1\" decoding=\"async\" loading=\"lazy\" class=\"alignnone wp-image-5655 \" src=\"https:\/\/i0.wp.com\/www.horizonemployeur.fr\/wordpress\/wp-content\/uploads\/2018\/12\/RER-C-SA-2019-itin\u00e9raires-bis-nord-sud-1024x381.png?resize=600%2C223\" alt=\"\" width=\"600\" height=\"223\" srcset=\"https:\/\/i0.wp.com\/www.horizonemployeur.fr\/wordpress\/wp-content\/uploads\/2018\/12\/RER-C-SA-2019-itin\u00e9raires-bis-nord-sud.png?resize=1024%2C381&amp;ssl=1 1024w, https:\/\/i0.wp.com\/www.horizonemployeur.fr\/wordpress\/wp-content\/uploads\/2018\/12\/RER-C-SA-2019-itin\u00e9raires-bis-nord-sud.png?resize=300%2C112&amp;ssl=1 300w, https:\/\/i0.wp.com\/www.horizonemployeur.fr\/wordpress\/wp-content\/uploads\/2018\/12\/RER-C-SA-2019-itin\u00e9raires-bis-nord-sud.png?resize=768%2C286&amp;ssl=1 768w, https:\/\/i0.wp.com\/www.horizonemployeur.fr\/wordpress\/wp-content\/uploads\/2018\/12\/RER-C-SA-2019-itin\u00e9raires-bis-nord-sud.png?w=1187&amp;ssl=1 1187w\" sizes=\"(max-width: 600px) 100vw, 600px\" data-recalc-dims=\"1\" \/><\/li>\n<li>ou entre la branche ouest et la branche sud, o\u00f9 on privil\u00e9giera entre Javel et St-Michel-Notre-Dame ou Austerlitz, la ligne de m\u00e9tro 10. L\u00e0 encore,&nbsp;d&rsquo;autres itin\u00e9raires permettent de rejoindre les diff\u00e9rentes gares:<br \/>\n<img data-attachment-id=\"5656\" data-permalink=\"https:\/\/www.horizonemployeur.fr\/wordpress\/2018\/12\/07\/rerc-sa2019\/rer-c-sa-2019-itineraires-bis-ouest-sud\/\" data-orig-file=\"https:\/\/i0.wp.com\/www.horizonemployeur.fr\/wordpress\/wp-content\/uploads\/2018\/12\/RER-C-SA-2019-itin\u00e9raires-bis-ouest-sud.png?fit=740%2C421&amp;ssl=1\" data-orig-size=\"740,421\" data-comments-opened=\"1\" data-image-meta=\"{&quot;aperture&quot;:&quot;0&quot;,&quot;credit&quot;:&quot;&quot;,&quot;camera&quot;:&quot;&quot;,&quot;caption&quot;:&quot;&quot;,&quot;created_timestamp&quot;:&quot;0&quot;,&quot;copyright&quot;:&quot;&quot;,&quot;focal_length&quot;:&quot;0&quot;,&quot;iso&quot;:&quot;0&quot;,&quot;shutter_speed&quot;:&quot;0&quot;,&quot;title&quot;:&quot;&quot;,&quot;orientation&quot;:&quot;0&quot;}\" data-image-title=\"RER C SA 2019 itin\u00e9raires bis ouest-sud\" data-image-description=\"\" data-image-caption=\"\" data-medium-file=\"https:\/\/i0.wp.com\/www.horizonemployeur.fr\/wordpress\/wp-content\/uploads\/2018\/12\/RER-C-SA-2019-itin\u00e9raires-bis-ouest-sud.png?fit=300%2C171&amp;ssl=1\" data-large-file=\"https:\/\/i0.wp.com\/www.horizonemployeur.fr\/wordpress\/wp-content\/uploads\/2018\/12\/RER-C-SA-2019-itin\u00e9raires-bis-ouest-sud.png?fit=700%2C398&amp;ssl=1\" decoding=\"async\" loading=\"lazy\" class=\"alignnone wp-image-5656 \" src=\"https:\/\/i0.wp.com\/www.horizonemployeur.fr\/wordpress\/wp-content\/uploads\/2018\/12\/RER-C-SA-2019-itin\u00e9raires-bis-ouest-sud.png?resize=600%2C342\" alt=\"\" width=\"600\" height=\"342\" srcset=\"https:\/\/i0.wp.com\/www.horizonemployeur.fr\/wordpress\/wp-content\/uploads\/2018\/12\/RER-C-SA-2019-itin\u00e9raires-bis-ouest-sud.png?w=740&amp;ssl=1 740w, https:\/\/i0.wp.com\/www.horizonemployeur.fr\/wordpress\/wp-content\/uploads\/2018\/12\/RER-C-SA-2019-itin\u00e9raires-bis-ouest-sud.png?resize=300%2C171&amp;ssl=1 300w\" sizes=\"(max-width: 600px) 100vw, 600px\" data-recalc-dims=\"1\" \/><\/li>\n<\/ul>\n<h1>&nbsp;<\/h1>\n<h1>Les coupures travaux syst\u00e9matiques les soirs de semaine<\/h1>\n<p>Cette coupure du week-end vient s&rsquo;ajouter aux coupures de nuit en semaine (<span style=\"text-decoration: underline;\">du lundi-mardi au vendredi-samedi<\/span>).<\/p>\n<ul>\n<li>dans Paris, entre Henri-Martin, Javel et Austerlitz (travaux dans le tunnel intra muros)<\/li>\n<li>au sud de la ligne, entre BFM et Br\u00e9tigny (travaux de r\u00e9g\u00e9n\u00e9ration des cat\u00e9naires)<\/li>\n<\/ul>\n<p>dans les 2 cas, <span style=\"text-decoration: underline;\">de 23h00 le soir \u00e0 5h15 le lendemain matin<\/span><\/p>\n<p>&nbsp;<\/p>\n<h1>Les p\u00e9riodes de grands travaux<\/h1>\n<p>L&rsquo;appellation \u00ab\u00a0travaux Castor\u00a0\u00bb (qui datait de 1996&#8230;) a officiellement disparu, mais les travaux d&rsquo;\u00e9t\u00e9 sont toujours l\u00e0. Ils auront, en 2019, lieu <span style=\"text-decoration: underline;\">du lundi 15 juillet au samedi 24 ao\u00fbt<\/span> et se traduiront par une interruption des circulations entre Henri-Martin, Javel et Austerlitz.<\/p>\n<p>2 autres p\u00e9riodes de travaux de nuit importants auront lieu:<\/p>\n<ul>\n<li>travaux de printemps, <span style=\"text-decoration: underline;\">du lundi 15 avril au dimanche 23 juin<\/span><\/li>\n<li>travaux d&rsquo;automne, <span style=\"text-decoration: underline;\">du lundi 21 octobre au dimanche 15 d\u00e9cembre<\/span><\/li>\n<\/ul>\n<p>pendant lesquelles la circulation en journ\u00e9e sera perturb\u00e9e par les limitations de vitesse li\u00e9es aux travaux.<\/p>\n<p>Enfin, 5 week-ends particuliers, les <span style=\"text-decoration: underline;\">week-ends rouges<\/span>, sont marqu\u00e9s par des interruptions de circulation impactantes au sud de Paris:&nbsp;<\/p>\n<ul>\n<li>samedi 23 et dimanche 24 mars<\/li>\n<li>samedi 20, dimanche 21 et lundi 22 avril (week-end de P\u00e2ques)<\/li>\n<li>jeudi 30 mai, vendredi 31 mai, samedi 1er juin et dimanche 2 juin (week-end de l&rsquo;Ascension)<\/li>\n<li>samedi 8, dimanche 9 et lundi 10 juin (week-end de Pentec\u00f4te)<\/li>\n<li>samedi 9, dimanche 10 et lundi 11 novembre (week-end du 11 novembre)<\/li>\n<\/ul>\n<p>&nbsp;<\/p>\n<p>Pour en savoir plus, reportez-vous au blog de ligne:<br \/>\n<a href=\"https:\/\/malignec.transilien.com\/\" target=\"_blank\" rel=\"noopener\">https:\/\/malignec.transilien.com\/<\/a><\/p>\n<p>et en particulier \u00e0 l&rsquo;article:<br \/>\n<a href=\"https:\/\/malignec.transilien.com\/2018\/11\/30\/service-annuel-2019-votre-ligne-c-evolue\/\" target=\"_blank\" rel=\"noopener\">https:\/\/malignec.transilien.com\/2018\/11\/30\/service-annuel-2019-votre-ligne-c-evolue\/<\/a><\/p>\n<p>o\u00f9 vous trouverez en particulier un guide travaux pour l&rsquo;ann\u00e9e, mais aussi un inventaire de tous les moyens d&rsquo;information \u00e0 votre disposition.<\/p>\n","protected":false},"excerpt":{"rendered":"<p>Dimanche 9 d\u00e9cembre 2018, c&rsquo;est la nouvelle ann\u00e9e dans les chemins de fer. C&rsquo;est traditionnellement le 2e dimanche de d\u00e9cembre que sont mis en place les nouveaux horaires.&nbsp; Sur la ligne C, ces horaires 2019 apportent deux nouveaut\u00e9s les samedis, dimanches et f\u00eates, dont une qui impactera de nombreux voyageurs.<\/p>\n","protected":false},"author":1,"featured_media":5657,"comment_status":"open","ping_status":"open","sticky":false,"template":"page-templates\/no-sidebar.php","format":"standard","meta":{"ngg_post_thumbnail":0,"jetpack_post_was_ever_published":false},"categories":[12],"tags":[22,31],"jetpack_featured_media_url":"https:\/\/i0.wp.com\/www.horizonemployeur.fr\/wordpress\/wp-content\/uploads\/2018\/12\/banniere_rerc_sa2019.png?fit=975%2C466&ssl=1","jetpack_sharing_enabled":true,"jetpack_shortlink":"https:\/\/wp.me\/p7AoJR-1ta","jetpack-related-posts":[{"id":5285,"url":"https:\/\/www.horizonemployeur.fr\/wordpress\/2018\/06\/28\/trafic-29-06-2018\/","url_meta":{"origin":5652,"position":0},"title":"Vendredi 29 juin 2018: pr\u00e9visions de trafic SNCF","date":"28 juin 2018","format":false,"excerpt":"Vendredi 29 juin, on joue les arr\u00eats de jeu. Certaines lignes, soit les lignes C, E, J, L, N et U ainsi que TER\u00a0Paris-Chartres, sont touch\u00e9es par un mouvement local vendredi 29, avec un trafic allant de 1 train sur 2 \u00e0 9 trains sur 10. (mise \u00e0 jour:\u00a0 jeudi\u2026","rel":"","context":"Dans &quot;Transports en Commun&quot;","img":{"alt_text":"","src":"https:\/\/i0.wp.com\/www.horizonemployeur.fr\/wordpress\/wp-content\/uploads\/2018\/06\/P1150546_975d.jpg?fit=975%2C466&ssl=1&resize=350%2C200","width":350,"height":200},"classes":[]},{"id":5258,"url":"https:\/\/www.horizonemployeur.fr\/wordpress\/2018\/06\/24\/trafic-25-06-2018\/","url_meta":{"origin":5652,"position":1},"title":"Lundi 25 juin 2018: pr\u00e9visions de trafic","date":"24 juin 2018","format":false,"excerpt":"Lundi et mardi, ce seront 2 jours de faibles perturbations, avant mercredi et jeudi qui marqueront le 18e et dernier \u00e9pisode du mouvement \"2 jours sur 5\". Mais vous le savez probablement d\u00e9j\u00e0, ce ne sera pas la fin des perturbations. La saison 2 est d'ores et d\u00e9j\u00e0 en pr\u00e9paration,\u2026","rel":"","context":"Dans &quot;Transports en Commun&quot;","img":{"alt_text":"","src":"https:\/\/i0.wp.com\/www.horizonemployeur.fr\/wordpress\/wp-content\/uploads\/2018\/06\/P1080889_975d.jpg?fit=975%2C466&ssl=1&resize=350%2C200","width":350,"height":200},"classes":[]},{"id":5263,"url":"https:\/\/www.horizonemployeur.fr\/wordpress\/2018\/06\/25\/trafic-26-06-2018\/","url_meta":{"origin":5652,"position":2},"title":"Mardi 26 juin 2018: pr\u00e9visions de trafic","date":"25 juin 2018","format":false,"excerpt":"Ce mardi sera la veille des 2 jours du 18e \u00e9pisode du mouvement \"2 jours sur 5\" sur les lignes SNCF. Ce sera \u00e0 nouveau une journ\u00e9e de faibles perturbations.\u00a0Ce 18e \u00e9pisode sera le dernier de la saison 1. La saison 2 est d'ores et d\u00e9j\u00e0 en pr\u00e9paration, l'\u00e9t\u00e9. Et\u2026","rel":"","context":"Dans &quot;Transports en Commun&quot;","img":{"alt_text":"","src":"https:\/\/i0.wp.com\/www.horizonemployeur.fr\/wordpress\/wp-content\/uploads\/2018\/06\/P1170525_975d.jpg?fit=975%2C466&ssl=1&resize=350%2C200","width":350,"height":200},"classes":[]},{"id":5337,"url":"https:\/\/www.horizonemployeur.fr\/wordpress\/2018\/07\/05\/trafic-06-07-2018\/","url_meta":{"origin":5652,"position":3},"title":"Vendredi 6 juillet 2018: pr\u00e9visions de trafic SNCF","date":"5 juillet 2018","format":false,"excerpt":"Comme cela avait \u00e9t\u00e9 annonc\u00e9 depuis un certain nombre de jours, les vendredi 6 et samedi 7 juillet sont les premiers jours de gr\u00e8ve de la saison SNCF d'\u00e9t\u00e9. Cependant, \u00e0 la diff\u00e9rence de la saison pr\u00e9c\u00e9dente: ce mouvement ne regroupe pas l'ensemble des organisations syndicales il ne fait pas\u2026","rel":"","context":"Dans &quot;Transports en Commun&quot;","img":{"alt_text":"","src":"https:\/\/i0.wp.com\/www.horizonemployeur.fr\/wordpress\/wp-content\/uploads\/2018\/06\/P1150499_975d.jpg?fit=975%2C466&ssl=1&resize=350%2C200","width":350,"height":200},"classes":[]},{"id":4841,"url":"https:\/\/www.horizonemployeur.fr\/wordpress\/2018\/05\/25\/trafic-26-27-05-2018\/","url_meta":{"origin":5652,"position":4},"title":"Samedi 26 et dimanche 27 mai 2018: pr\u00e9visions de trafic SNCF","date":"25 mai 2018","format":false,"excerpt":"Apr\u00e8s un vendredi faiblement perturb\u00e9, le week-end sera marqu\u00e9 par davantage de perturbations, en grande partie dues aux travaux. (mise \u00e0 jour samedi 26 mai, 21h30. Aucune perturbation directement li\u00e9e au mouvement social (\u00e0 part sur le tramway T4 samedi et la branche C4 dimanche soir),\u00a0mais n'oubliez pas de consulter\u2026","rel":"","context":"Dans &quot;Transports en Commun&quot;","img":{"alt_text":"","src":"https:\/\/i0.wp.com\/www.horizonemployeur.fr\/wordpress\/wp-content\/uploads\/2018\/05\/P1070970_975d.jpg?fit=975%2C466&ssl=1&resize=350%2C200","width":350,"height":200},"classes":[]},{"id":5271,"url":"https:\/\/www.horizonemployeur.fr\/wordpress\/2018\/06\/26\/trafic-27-06-2018\/","url_meta":{"origin":5652,"position":5},"title":"Mercredi 27 juin 2018: pr\u00e9visions de trafic SNCF","date":"26 juin 2018","format":false,"excerpt":"Nous arrivons au dernier \u00e9pisode de la s\u00e9rie 1, qui en comportait 18 depuis le mardi 3 avril. Ce mercredi et ce jeudi seront les 2 derniers (et les 35e et 36e) jours du mouvement \"2 jours sur 5\" sur les lignes SNCF Il faudra ensuite attendre la saison 2,\u2026","rel":"","context":"Dans &quot;Transports en Commun&quot;","img":{"alt_text":"","src":"https:\/\/i0.wp.com\/www.horizonemployeur.fr\/wordpress\/wp-content\/uploads\/2018\/06\/P1170383_975d.jpg?fit=975%2C466&ssl=1&resize=350%2C200","width":350,"height":200},"classes":[]}],"_links":{"self":[{"href":"https:\/\/www.horizonemployeur.fr\/wordpress\/wp-json\/wp\/v2\/posts\/5652"}],"collection":[{"href":"https:\/\/www.horizonemployeur.fr\/wordpress\/wp-json\/wp\/v2\/posts"}],"about":[{"href":"https:\/\/www.horizonemployeur.fr\/wordpress\/wp-json\/wp\/v2\/types\/post"}],"author":[{"embeddable":true,"href":"https:\/\/www.horizonemployeur.fr\/wordpress\/wp-json\/wp\/v2\/users\/1"}],"replies":[{"embeddable":true,"href":"https:\/\/www.horizonemployeur.fr\/wordpress\/wp-json\/wp\/v2\/comments?post=5652"}],"version-history":[{"count":1,"href":"https:\/\/www.horizonemployeur.fr\/wordpress\/wp-json\/wp\/v2\/posts\/5652\/revisions"}],"predecessor-version":[{"id":5658,"href":"https:\/\/www.horizonemployeur.fr\/wordpress\/wp-json\/wp\/v2\/posts\/5652\/revisions\/5658"}],"wp:featuredmedia":[{"embeddable":true,"href":"https:\/\/www.horizonemployeur.fr\/wordpress\/wp-json\/wp\/v2\/media\/5657"}],"wp:attachment":[{"href":"https:\/\/www.horizonemployeur.fr\/wordpress\/wp-json\/wp\/v2\/media?parent=5652"}],"wp:term":[{"taxonomy":"category","embeddable":true,"href":"https:\/\/www.horizonemployeur.fr\/wordpress\/wp-json\/wp\/v2\/categories?post=5652"},{"taxonomy":"post_tag","embeddable":true,"href":"https:\/\/www.horizonemployeur.fr\/wordpress\/wp-json\/wp\/v2\/tags?post=5652"}],"curies":[{"name":"wp","href":"https:\/\/api.w.org\/{rel}","templated":true}]}}