{"id":537,"date":"2015-07-02T11:24:13","date_gmt":"2015-07-02T09:24:13","guid":{"rendered":"https:\/\/horizonmobi.wordpress.com\/?p=537"},"modified":"2018-04-23T11:21:26","modified_gmt":"2018-04-23T09:21:26","slug":"navigo-toutes-zones","status":"publish","type":"post","link":"https:\/\/www.horizonemployeur.fr\/wordpress\/2015\/07\/02\/navigo-toutes-zones\/","title":{"rendered":"A partir du 1er septembre 2015, l&rsquo;abonnement Navigo \u00ab\u00a0toutes zones\u00a0\u00bb"},"content":{"rendered":"<p><a href=\"https:\/\/i0.wp.com\/www.horizonemployeur.fr\/wordpress\/wp-content\/uploads\/2015\/07\/forfait_toutes_zones_go_250x270.png\"><img data-attachment-id=\"539\" data-permalink=\"https:\/\/www.horizonemployeur.fr\/wordpress\/2015\/07\/02\/navigo-toutes-zones\/forfait_toutes_zones_go_250x270\/\" data-orig-file=\"https:\/\/i0.wp.com\/www.horizonemployeur.fr\/wordpress\/wp-content\/uploads\/2015\/07\/forfait_toutes_zones_go_250x270.png?fit=250%2C270&amp;ssl=1\" data-orig-size=\"250,270\" data-comments-opened=\"1\" data-image-meta=\"{&quot;aperture&quot;:&quot;0&quot;,&quot;credit&quot;:&quot;&quot;,&quot;camera&quot;:&quot;&quot;,&quot;caption&quot;:&quot;&quot;,&quot;created_timestamp&quot;:&quot;0&quot;,&quot;copyright&quot;:&quot;&quot;,&quot;focal_length&quot;:&quot;0&quot;,&quot;iso&quot;:&quot;0&quot;,&quot;shutter_speed&quot;:&quot;0&quot;,&quot;title&quot;:&quot;&quot;,&quot;orientation&quot;:&quot;0&quot;}\" data-image-title=\"forfait_toutes_zones_go_250x270\" data-image-description=\"\" data-image-caption=\"\" data-medium-file=\"https:\/\/i0.wp.com\/www.horizonemployeur.fr\/wordpress\/wp-content\/uploads\/2015\/07\/forfait_toutes_zones_go_250x270.png?fit=250%2C270&amp;ssl=1\" data-large-file=\"https:\/\/i0.wp.com\/www.horizonemployeur.fr\/wordpress\/wp-content\/uploads\/2015\/07\/forfait_toutes_zones_go_250x270.png?fit=250%2C270&amp;ssl=1\" decoding=\"async\" loading=\"lazy\" class=\"alignnone wp-image-539\" src=\"https:\/\/i0.wp.com\/www.horizonemployeur.fr\/wordpress\/wp-content\/uploads\/2015\/07\/forfait_toutes_zones_go_250x270.png?resize=101%2C109\" alt=\"forfait_toutes_zones_go_250x270\" width=\"101\" height=\"109\" srcset=\"https:\/\/i0.wp.com\/www.horizonemployeur.fr\/wordpress\/wp-content\/uploads\/2015\/07\/forfait_toutes_zones_go_250x270.png?w=250&amp;ssl=1 250w, https:\/\/i0.wp.com\/www.horizonemployeur.fr\/wordpress\/wp-content\/uploads\/2015\/07\/forfait_toutes_zones_go_250x270.png?resize=178%2C192&amp;ssl=1 178w\" sizes=\"(max-width: 101px) 100vw, 101px\" data-recalc-dims=\"1\" \/><\/a><\/p>\n<p>La Carte Orange a \u00e9t\u00e9 cr\u00e9\u00e9e il y a 40 ans, le 1er juillet 1975 exactement. Pour la premi\u00e8re fois, il devenait possible aux habitants de Paris et de la petite couronne d&#8217;emprunter les transports en commun dans un certain p\u00e9rim\u00e8tre d\u00e9fini sur la base de 5\u00a0zones concentriques autour de Paris. En 1991, le dispositif est \u00e9tendu \u00e0 toute la r\u00e9gion Ile-de-France avec la cr\u00e9ation de 8 zones. En 2007 puis en 2011, les zones les plus \u00e9loign\u00e9es de Paris sont fusionn\u00e9es. On revient ainsi \u00e0 5 zones, couvrant toute la r\u00e9gion.<\/p>\n<p>Depuis le 1er septembre 2012, les abonnements mensuel et annuel sont d\u00e9zon\u00e9s le week-end (quelles que soient les zones souscrites, l&rsquo;abonnement donne acc\u00e8s \u00e0 tout le r\u00e9seau Ile-de-France). Ce d\u00e9zonage a \u00e9t\u00e9 \u00e9tendu depuis juillet 2013 \u00e0 la p\u00e9riode allant du 15 juillet au 15 ao\u00fbt, et depuis avril 2014 aux petites vacances scolaires de la zone Ile-de-France.<\/p>\n<p>Au 1er septembre 2015, le d\u00e9zonage, qui couvre d\u00e9sormais pr\u00e8s d&rsquo;un jour de l&rsquo;ann\u00e9e sur deux, sera \u00e9tendu \u00e0 tous les jours de l&rsquo;ann\u00e9e.<!--more--><\/p>\n<h1>L&rsquo;abonnement Navigo \u00ab\u00a0toutes zones\u00a0\u00bb<\/h1>\n<p>D\u00e8s le 1er septembre prochain, pratiquement tous les abonnements Navigo (annuel, mensuel ou hebdomadaire) et Imagine&rsquo;R sont convertis en forfaits \u00ab\u00a0toutes zones\u00a0\u00bb. Votre abonnement vous donnera donc le droit d&rsquo;acc\u00e9der \u00e0 toutes les zones d&rsquo;Ile-de-France (\u00e0 l&rsquo;exception de la liaison OrlyVal) tous les jours de l&rsquo;ann\u00e9e.<\/p>\n<p>Les abonnements qui couvrent actuellement les zones 2 et 3, les zones 3 et 4 ou les zones 4 et 5 ne sont pas concern\u00e9s par cette conversion automatique.<\/p>\n<p>Initialement seuls les abonnements Imagine&rsquo;R \u00ab\u00a0\u00e9tudiant\u00a0\u00bb \u00e9taient concern\u00e9s par la conversion, les abonnements Imagine&rsquo;R \u00ab\u00a0\u00e9l\u00e8ve\u00a0\u00bb devraient finalement suivre le m\u00eame processus.<\/p>\n<p>Les forfaits journaliers Mobilis ne sont pas concern\u00e9s, ils conservent leurs caract\u00e9ristiques en termes de zones accessibles.<\/p>\n<h1>Les nouveaux tarifs des abonnements Navigo<\/h1>\n<p>Les tarifs suivants sont applicables \u00e0 compter du 1er septembre 2015, et pour les forfaits semaine \u00e0 compter du 4 septembre 2015.<\/p>\n<table>\n<tbody>\n<tr>\n<td style=\"text-align:center;\"><strong>Zones<\/strong><\/td>\n<td style=\"text-align:center;\"><strong>Navigo semaine<br \/>\nEUR<\/strong><\/td>\n<td style=\"text-align:center;\"><strong>Navigo mois<br \/>\nEUR<\/strong><\/td>\n<td style=\"text-align:center;\"><strong>Navigo annuel<br \/>\nEUR par mois<\/strong><\/td>\n<td style=\"text-align:center;\"><strong>Navigo annuel<br \/>\nversement unique<br \/>\nEUR<\/strong><\/td>\n<\/tr>\n<tr>\n<td><strong>Toutes zones<\/strong><\/td>\n<td style=\"text-align:right;\"><strong>21,25\u00a0<\/strong><\/td>\n<td style=\"text-align:right;\"><strong>70,00\u00a0<\/strong><\/td>\n<td style=\"text-align:right;\"><strong>70,00\u00a0<\/strong><\/td>\n<td style=\"text-align:right;\"><strong>770,00<\/strong><\/td>\n<td><\/td>\n<\/tr>\n<tr>\n<td>2-3<\/td>\n<td style=\"text-align:right;\">19,80<\/td>\n<td style=\"text-align:right;\">65,10<\/td>\n<td style=\"text-align:right;\">65,10<\/td>\n<td style=\"text-align:right;\">716,10<\/td>\n<td><\/td>\n<\/tr>\n<tr>\n<td>3-4<\/td>\n<td style=\"text-align:right;\">19,00<\/td>\n<td style=\"text-align:right;\">62,80<\/td>\n<td style=\"text-align:right;\">62,80<\/td>\n<td style=\"text-align:right;\">690,80<\/td>\n<td><\/td>\n<\/tr>\n<tr>\n<td>4-5<\/td>\n<td style=\"text-align:right;\">18,45<\/td>\n<td style=\"text-align:right;\">60,70<\/td>\n<td style=\"text-align:right;\">60,70<\/td>\n<td style=\"text-align:right;\">667,70<\/td>\n<td><\/td>\n<\/tr>\n<\/tbody>\n<\/table>\n<p>On voit ici que les forfaits zones 2-3, zones 3-4 et zones 4-5 sont conserv\u00e9s, au moins \u00e0 titre temporaire, car le montant de la mensualit\u00e9 est inf\u00e9rieur au prix de 70 EUR qui a \u00e9t\u00e9 retenu pour le forfait \u00ab\u00a0toutes zones\u00a0\u00bb.<\/p>\n<p>Ils sont \u00e0 comparer aux tarifs en vigueur depuis janvier 2015.<\/p>\n<table>\n<tbody>\n<tr>\n<td style=\"text-align:center;\"><strong>Zones<\/strong><\/td>\n<td style=\"text-align:center;\"><strong>Navigo semaine<br \/>\nEUR<\/strong><\/td>\n<td style=\"text-align:center;\"><strong>Navigo mois<br \/>\nEUR<\/strong><\/td>\n<td style=\"text-align:center;\"><strong>Navigo annuel<br \/>\nEUR par mois<\/strong><\/td>\n<td style=\"text-align:center;\"><strong>Navigo annuel<br \/>\nversement unique<br \/>\nEUR**<\/strong><\/td>\n<\/tr>\n<tr>\n<td>1-2<\/td>\n<td style=\"text-align:right;\">21,25<\/td>\n<td style=\"text-align:right;\">70,00<\/td>\n<td style=\"text-align:right;\">66,50<\/td>\n<td style=\"text-align:right;\">731,50<\/td>\n<\/tr>\n<tr>\n<td>1-2-3<\/td>\n<td style=\"text-align:right;\">27,15<\/td>\n<td style=\"text-align:right;\">89,20<\/td>\n<td style=\"text-align:right;\">84,30<\/td>\n<td style=\"text-align:right;\">927,30<\/td>\n<\/tr>\n<tr>\n<td>1-2-3-4<\/td>\n<td style=\"text-align:right;\">32,95<\/td>\n<td style=\"text-align:right;\">107,80<\/td>\n<td style=\"text-align:right;\">102,30<\/td>\n<td style=\"text-align:right;\">1125,30<\/td>\n<td><\/td>\n<\/tr>\n<tr>\n<td>1-2-3-4-5<\/td>\n<td style=\"text-align:right;\">35,40<\/td>\n<td style=\"text-align:right;\">116,50*<\/td>\n<td style=\"text-align:right;\">109,50<\/td>\n<td style=\"text-align:right;\">1204,50<\/td>\n<td><\/td>\n<\/tr>\n<tr>\n<td>2-3<\/td>\n<td style=\"text-align:right;\">19,80<\/td>\n<td style=\"text-align:right;\">65,10<\/td>\n<td style=\"text-align:right;\">61,50<\/td>\n<td style=\"text-align:right;\">676,50<\/td>\n<td><\/td>\n<\/tr>\n<tr>\n<td>2-3-4<\/td>\n<td style=\"text-align:right;\">25,10<\/td>\n<td style=\"text-align:right;\">82,10<\/td>\n<td style=\"text-align:right;\">77,90<\/td>\n<td style=\"text-align:right;\">856,90<\/td>\n<td><\/td>\n<\/tr>\n<tr>\n<td>2-3-4-5<\/td>\n<td style=\"text-align:right;\">29,00<\/td>\n<td style=\"text-align:right;\">95,50<\/td>\n<td style=\"text-align:right;\">90,30<\/td>\n<td style=\"text-align:right;\">993,30<\/td>\n<td><\/td>\n<\/tr>\n<tr>\n<td>3-4<\/td>\n<td style=\"text-align:right;\">19,00<\/td>\n<td style=\"text-align:right;\">62,80<\/td>\n<td style=\"text-align:right;\">59,50<\/td>\n<td style=\"text-align:right;\">654,50<\/td>\n<td><\/td>\n<\/tr>\n<tr>\n<td>3-4-5<\/td>\n<td style=\"text-align:right;\">23,15<\/td>\n<td style=\"text-align:right;\">76,40<\/td>\n<td style=\"text-align:right;\">72,30<\/td>\n<td style=\"text-align:right;\">793,30<\/td>\n<td><\/td>\n<\/tr>\n<tr>\n<td>4-5<\/td>\n<td style=\"text-align:right;\">18,45<\/td>\n<td style=\"text-align:right;\">60,70<\/td>\n<td style=\"text-align:right;\">57,70<\/td>\n<td style=\"text-align:right;\">634,70<\/td>\n<td><\/td>\n<\/tr>\n<\/tbody>\n<\/table>\n<p>* <em>107,80 EUR en juillet et en ao\u00fbt en raison du d\u00e9zonage d&rsquo;\u00e9t\u00e9<br \/>\n** les tarifs de cette colonne, pour certains erron\u00e9s, ont \u00e9t\u00e9 corrig\u00e9s le 29 ao\u00fbt<\/em><\/p>\n<p>On voit ici que si le forfait semaine et le forfait mensuel sont conserv\u00e9s pour les zones 1-2 (devenant \u00ab\u00a0toutes zones\u00a0\u00bb) et pour les zones 2-3, 3-4 et 4-5, le calcul du Navigo annuel est modifi\u00e9. Son prix qui \u00e9tait de 10,45 mensualit\u00e9s passe \u00e0 11 mensualit\u00e9s. L&rsquo;abonnement annuel augmente ainsi pour tous les clients dot\u00e9s d&rsquo;un abonnement ne couvrant que 2 zones.<\/p>\n<h1>Que dois-je faire ?<\/h1>\n<h2>Je suis titulaire d&rsquo;un abonnement Navigo sauf zones 2-3, 3-4 et 4-5)<\/h2>\n<p>Votre\u00a0abonnement est automatiquement converti en abonnement \u00ab\u00a0toutes zones\u00a0\u00bb d\u00e8s le d\u00e9but septembre 2015.<\/p>\n<h2>Je suis titulaire d&rsquo;un abonnement Navigo zones 2-3, 3-4 ou 4-5)<\/h2>\n<p>Votre\u00a0abonnement est inchang\u00e9. Vous pouvez\u00a0continuer \u00e0 profiter du d\u00e9zonage pendant les week-ends et jours de f\u00eates, les petites vacances scolaires, et la p\u00e9riode du 15 juillet au 15 ao\u00fbt. Vous pouvez\u00a0toujours utiliser le compl\u00e9ment de parcours \u00e0 validit\u00e9 imm\u00e9diate pour, ponctuellement, \u00e9tendre votre\u00a0abonnement \u00e0 des zones suppl\u00e9mentaires.<br \/>\nOU vous pouvez\u00a0demander la\u00a0modification de votre abonnement en un abonnement \u00ab\u00a0toutes zones\u00a0\u00bb (moyennant l&rsquo;ajustement du tarif)<\/p>\n<h2>Je ne suis titulaire d&rsquo;aucun abonnement Navigo<\/h2>\n<p>Il n&rsquo;est pas trop tard pour bien faire et vous convertir aux transports en commun, en particulier pour profiter de notre tramway T6, tramway qui devrait au printemps prochain offrir de nouvelles correspondances dans les gares de Viroflay Rive Gauche et Rive Droite.<\/p>\n<p>Vous devriez trouver toutes les informations n\u00e9cessaires sur le site du STIF d\u00e9di\u00e9:\u00a0<a href=\"http:\/\/www.navigo.fr\" target=\"_blank\">http:\/\/www.navigo.fr\/<\/a><\/p>\n<h1>Pour en savoir davantage<\/h1>\n<p>Rendez-vous sur la page consacr\u00e9e au sujet sur le site navigo.fr:<\/p>\n<p><a href=\"http:\/\/www.navigo.fr\/votre-forfait-navigo-devient-toutes-zones.html\" target=\"_blank\">http:\/\/www.navigo.fr\/votre-forfait-navigo-devient-toutes-zones.html<\/a><\/p>\n","protected":false},"excerpt":{"rendered":"<p>La Carte Orange a \u00e9t\u00e9 cr\u00e9\u00e9e il y a 40 ans, le 1er juillet 1975 exactement. Pour la premi\u00e8re fois, il devenait possible aux habitants de Paris et de la petite couronne d&#8217;emprunter les transports en commun dans un certain p\u00e9rim\u00e8tre d\u00e9fini sur la base de 5\u00a0zones concentriques autour de Paris. En 1991, le dispositif [&hellip;]<\/p>\n","protected":false},"author":1,"featured_media":0,"comment_status":"open","ping_status":"open","sticky":false,"template":"","format":"standard","meta":{"ngg_post_thumbnail":0,"jetpack_post_was_ever_published":false},"categories":[12],"tags":[24,29],"jetpack_featured_media_url":"","jetpack_sharing_enabled":true,"jetpack_shortlink":"https:\/\/wp.me\/p7AoJR-8F","jetpack-related-posts":[{"id":2942,"url":"https:\/\/www.horizonemployeur.fr\/wordpress\/2016\/08\/03\/tarifs-tc-aout-2016\/","url_meta":{"origin":537,"position":0},"title":"Les nouveaux tarifs des transports en commun au 1er ao\u00fbt 2016","date":"3 ao\u00fbt 2016","format":false,"excerpt":"La plupart des tarifs des transports en commun d'Ile-de-France ont augment\u00e9 au 1er ao\u00fbt 2016: pourquoi et de combien ? Le passe Navigo toutes zones a \u00e9t\u00e9 mis en place au 1er septembre 2015: son objectif \u00e9tait d'uniformiser le tarif des abonnements transports en commun dans toute l'Ile-de-France au prix\u2026","rel":"","context":"Dans &quot;Transports en Commun&quot;","img":{"alt_text":"","src":"","width":0,"height":0},"classes":[]},{"id":5366,"url":"https:\/\/www.horizonemployeur.fr\/wordpress\/2018\/07\/13\/navigo-2019\/","url_meta":{"origin":537,"position":1},"title":"La gamme Navigo va s&rsquo;\u00e9largir en 2019","date":"13 juillet 2018","format":false,"excerpt":"Dans le cadre du d\u00e9ploiement de la t\u00e9l\u00e9billettique, soit la gestion des titres de transport par l'utilisation de supports sans contact, la gamme Navigo va s'\u00e9largir en 2019 et int\u00e9grer 2 nouveaux produits. Les forfaits Navigo en 2018 Aujourd'hui, le forfait Navigo, c'est un abonnement permettant aux voyageurs r\u00e9guliers d'emprunter\u2026","rel":"","context":"Dans &quot;Transports en Commun&quot;","img":{"alt_text":"","src":"https:\/\/i0.wp.com\/www.horizonemployeur.fr\/wordpress\/wp-content\/uploads\/2018\/07\/Banniere_navigo.png?fit=975%2C466&ssl=1&resize=350%2C200","width":350,"height":200},"classes":[]},{"id":658,"url":"https:\/\/www.horizonemployeur.fr\/wordpress\/2015\/08\/05\/transports-en-commun-les-horaires-de-la-rentree-2015\/","url_meta":{"origin":537,"position":2},"title":"Transports en commun \u2013 les horaires de la rentr\u00e9e 2015","date":"5 ao\u00fbt 2015","format":false,"excerpt":"C'est\u00a0cette ann\u00e9e\u00a0entre le lundi 17 ao\u00fbt et le mardi 1er septembre que se mettront progressivement en place les horaires dits \"d'hiver\", par opposition aux horaires d'\u00e9t\u00e9, sur les diverses lignes de transport en commun qui desservent Inovel Parc. Voici donc ce qui nous attend, avec relativement peu de modifications par\u2026","rel":"","context":"Dans &quot;Transports en Commun&quot;","img":{"alt_text":"","src":"","width":0,"height":0},"classes":[]},{"id":5172,"url":"https:\/\/www.horizonemployeur.fr\/wordpress\/2018\/06\/20\/dedommagements-sncf-04-05-2018\/","url_meta":{"origin":537,"position":3},"title":"D\u00e9dommagements SNCF avril et mai 2018, c&rsquo;est parti&#8230; jusqu&rsquo;au 22 juillet !","date":"20 juin 2018","format":false,"excerpt":"Comme cela avait \u00e9t\u00e9 annonc\u00e9 depuis plusieurs semaines, la proc\u00e9dure de d\u00e9dommagement des abonn\u00e9s Navigo et Imagine'R touch\u00e9s par les cons\u00e9quences de la gr\u00e8ve nationale SNCF durant les mois d'avril et mai 2018 a \u00e9t\u00e9 lanc\u00e9e le lundi 18 juin. Elle sera ouverte jusqu'au dimanche 22 juillet. Il a \u00e9t\u00e9\u2026","rel":"","context":"Dans &quot;Transports en Commun&quot;","img":{"alt_text":"","src":"https:\/\/i0.wp.com\/www.horizonemployeur.fr\/wordpress\/wp-content\/uploads\/2018\/06\/D\u00e9dommagement-06-2018_975.png?fit=975%2C466&ssl=1&resize=350%2C200","width":350,"height":200},"classes":[]},{"id":2944,"url":"https:\/\/www.horizonemployeur.fr\/wordpress\/2016\/08\/03\/dedommagement-transilien-mai-juin-2016\/","url_meta":{"origin":537,"position":4},"title":"D\u00e9dommagement pour les usagers Transilien suite aux gr\u00e8ves et intemp\u00e9ries de mai-juin 2016","date":"3 ao\u00fbt 2016","format":false,"excerpt":"Dans une conf\u00e9rence de presse commune \u00e0 la mi-juillet, Val\u00e9rie P\u00e9cresse, pr\u00e9sidente du Conseil du STIF, et Alain Krakovitch, directeur g\u00e9n\u00e9ral de Transilien SNCF, ont annonc\u00e9 les grandes lignes du processus d'indemnisation des usagers touch\u00e9s par les mouvements sociaux et\/ou les intemp\u00e9ries de mai-juin 2016. SNCF TRANSILIEN ET LE STIF\u00a0D\u00c9DOMMAGENT\u2026","rel":"","context":"Dans &quot;Transports en Commun&quot;","img":{"alt_text":"","src":"","width":0,"height":0},"classes":[]},{"id":5543,"url":"https:\/\/www.horizonemployeur.fr\/wordpress\/2018\/09\/14\/point-dedommagements-14-09-2018\/","url_meta":{"origin":537,"position":5},"title":"D\u00e9dommagements suite aux gr\u00e8ves SNCF: un rapide point","date":"14 septembre 2018","format":false,"excerpt":"L'impact des mouvements sociaux du printemps sur les usagers des lignes Transilien SNCF avait \u00e9t\u00e9 tel que des mesures de compensation avaient \u00e9t\u00e9 mises en place au d\u00e9but de l'\u00e9t\u00e9. Suite \u00e0 plusieurs demandes re\u00e7ues en particulier ces derniers jours, voici un point \"aussi pr\u00e9cis que possible\". Qui \u00e9tait concern\u00e9\u2026","rel":"","context":"Dans &quot;Transports en Commun&quot;","img":{"alt_text":"","src":"https:\/\/i0.wp.com\/www.horizonemployeur.fr\/wordpress\/wp-content\/uploads\/2018\/06\/D\u00e9dommagement-06-2018_975.png?fit=975%2C466&ssl=1&resize=350%2C200","width":350,"height":200},"classes":[]}],"_links":{"self":[{"href":"https:\/\/www.horizonemployeur.fr\/wordpress\/wp-json\/wp\/v2\/posts\/537"}],"collection":[{"href":"https:\/\/www.horizonemployeur.fr\/wordpress\/wp-json\/wp\/v2\/posts"}],"about":[{"href":"https:\/\/www.horizonemployeur.fr\/wordpress\/wp-json\/wp\/v2\/types\/post"}],"author":[{"embeddable":true,"href":"https:\/\/www.horizonemployeur.fr\/wordpress\/wp-json\/wp\/v2\/users\/1"}],"replies":[{"embeddable":true,"href":"https:\/\/www.horizonemployeur.fr\/wordpress\/wp-json\/wp\/v2\/comments?post=537"}],"version-history":[{"count":2,"href":"https:\/\/www.horizonemployeur.fr\/wordpress\/wp-json\/wp\/v2\/posts\/537\/revisions"}],"predecessor-version":[{"id":4501,"href":"https:\/\/www.horizonemployeur.fr\/wordpress\/wp-json\/wp\/v2\/posts\/537\/revisions\/4501"}],"wp:attachment":[{"href":"https:\/\/www.horizonemployeur.fr\/wordpress\/wp-json\/wp\/v2\/media?parent=537"}],"wp:term":[{"taxonomy":"category","embeddable":true,"href":"https:\/\/www.horizonemployeur.fr\/wordpress\/wp-json\/wp\/v2\/categories?post=537"},{"taxonomy":"post_tag","embeddable":true,"href":"https:\/\/www.horizonemployeur.fr\/wordpress\/wp-json\/wp\/v2\/tags?post=537"}],"curies":[{"name":"wp","href":"https:\/\/api.w.org\/{rel}","templated":true}]}}