{"id":5366,"date":"2018-07-13T12:04:39","date_gmt":"2018-07-13T10:04:39","guid":{"rendered":"http:\/\/www.horizonemployeur.fr\/wordpress\/?p=5366"},"modified":"2018-08-15T17:16:11","modified_gmt":"2018-08-15T15:16:11","slug":"navigo-2019","status":"publish","type":"post","link":"https:\/\/www.horizonemployeur.fr\/wordpress\/2018\/07\/13\/navigo-2019\/","title":{"rendered":"La gamme Navigo va s&rsquo;\u00e9largir en 2019"},"content":{"rendered":"<p>Dans le cadre du d\u00e9ploiement de la t\u00e9l\u00e9billettique, soit la gestion des titres de transport par l&rsquo;utilisation de supports sans contact, la gamme Navigo va s&rsquo;\u00e9largir en 2019 et int\u00e9grer 2 nouveaux produits.<\/p>\n<p><!--more--><\/p>\n<h1>Les forfaits Navigo en 2018<\/h1>\n<p>Aujourd&rsquo;hui, le forfait Navigo, c&rsquo;est un abonnement permettant aux voyageurs r\u00e9guliers d&#8217;emprunter tout ou partie des r\u00e9seaux de transport franciliens pendant une dur\u00e9e pr\u00e9d\u00e9finie.<\/p>\n<p>La dur\u00e9e est au choix:<\/p>\n<ul>\n<li>un an, allant du 1er jour d&rsquo;un mois au dernier jour du 11e mois qui le suit (en paiement par mensualit\u00e9 ou paiement comptant<\/li>\n<li>un mois, allant du 1er au dernier jour d&rsquo;un mois calendaire<\/li>\n<li>une semaine, allant du lundi au dimanche suivant<\/li>\n<li>un jour<\/li>\n<\/ul>\n<p>Le r\u00e9seau accessible est au choix:<\/p>\n<ul>\n<li>tout le r\u00e9seau d&rsquo;Ile-de-France (\u00e0 quelques lignes sp\u00e9cifiques pr\u00e8s), c&rsquo;est le forfait toutes zones<\/li>\n<li>2 zones parmi celles de banlieue, soit 2-3, 3-4 ou 4-5<\/li>\n<\/ul>\n<p>Depuis 2015, les autres combinaisons de zones n&rsquo;existent plus puisque le prix du forfait toutes zones a \u00e9t\u00e9 d\u00e9fini sur la base du forfait zones 1-2.<\/p>\n<p>Le paiement se fait avant utilisation des transports (on parle de \u00ab\u00a0pr\u00e9paiement\u00a0\u00bb)<\/p>\n<p>Pour m\u00e9moire, en juillet 2018, les tarifs sont les suivants:<\/p>\n<table style=\"border-collapse: collapse; width: 100%;\" border=\"1\">\n<tbody>\n<tr style=\"height: 22px;\">\n<th style=\"width: 20%; height: 22px; background-color: #404040;\"><span style=\"color: #ffffff;\">Forfait<\/span><\/th>\n<th style=\"width: 20%; height: 22px; background-color: #404040;\"><span style=\"color: #ffffff;\">annuel<\/span><\/th>\n<th style=\"width: 20%; height: 22px; background-color: #404040;\"><span style=\"color: #ffffff;\">mois<\/span><\/th>\n<th style=\"width: 20%; height: 22px; background-color: #404040;\"><span style=\"color: #ffffff;\">semaine<\/span><\/th>\n<th style=\"width: 20%; height: 22px; background-color: #404040;\"><span style=\"color: #ffffff;\">jour<\/span><\/th>\n<\/tr>\n<tr style=\"height: 22px;\">\n<td style=\"width: 20%; height: 22px; background-color: #ffff00;\"><strong>Toutes zones<\/strong><\/td>\n<td style=\"width: 20%; height: 22px; text-align: right; background-color: #ffff00;\"><strong>827,20 EUR<\/strong><\/td>\n<td style=\"width: 20%; height: 22px; text-align: right; background-color: #ffff00;\"><strong>75,20 EUR<\/strong><\/td>\n<td style=\"width: 20%; height: 22px; text-align: right; background-color: #ffff00;\"><strong>22,80 EUR<\/strong><\/td>\n<td style=\"width: 20%; height: 22px; text-align: right; background-color: #ffff00;\"><strong>17,80 EUR<\/strong><\/td>\n<\/tr>\n<tr style=\"height: 22px;\">\n<td style=\"width: 20%; height: 22px; background-color: #c0ffe0;\">zones 2-3<\/td>\n<td style=\"width: 20%; height: 22px; text-align: right; background-color: #c0ffe0;\">754,60 EUR<\/td>\n<td style=\"width: 20%; height: 22px; text-align: right; background-color: #c0ffe0;\">68,60 EUR<\/td>\n<td style=\"width: 20%; height: 22px; text-align: right; background-color: #c0ffe0;\">20,85 EUR<\/td>\n<td style=\"width: 20%; height: 66px; background-color: #ffe0ff; text-align: right;\" rowspan=\"3\">4 zones : 12,40 EUR<br \/>\n3 zones: 10,00 EUR<br \/>\n2 zones: 7,50 EUR<\/td>\n<\/tr>\n<tr style=\"height: 22px;\">\n<td style=\"width: 20%; height: 22px; background-color: #80ffc0;\">zones 3-4<\/td>\n<td style=\"width: 20%; height: 22px; text-align: right; background-color: #80ffc0;\">734,80 EUR<\/td>\n<td style=\"width: 20%; height: 22px; text-align: right; background-color: #80ffc0;\">66,80 EUR<\/td>\n<td style=\"width: 20%; height: 22px; text-align: right; background-color: #80ffc0;\">20,20 EUR<\/td>\n<\/tr>\n<tr style=\"height: 22px;\">\n<td style=\"width: 20%; height: 22px; background-color: #00ff80;\">zones 4-5<\/td>\n<td style=\"width: 20%; height: 22px; text-align: right; background-color: #00ff80;\">717,20 EUR<\/td>\n<td style=\"width: 20%; height: 22px; text-align: right; background-color: #00ff80;\">65,20 EUR<\/td>\n<td style=\"width: 20%; height: 22px; text-align: right; background-color: #00ff80;\">19,85 EUR<\/td>\n<\/tr>\n<\/tbody>\n<\/table>\n<ul>\n<li>Au forfait annuel, s&rsquo;ajoutent la 1e ann\u00e9e des frais de dossier de 7,60 EUR.<\/li>\n<li>Les forfaits annuel et mois 2 zones proposent le d\u00e9zonage (soit la possibilit\u00e9 d&rsquo;utiliser son abonnement sur toute l&rsquo;Ile-de-France) les samedis, dimanches et jours f\u00e9ri\u00e9s, durant les petites vacances scolaires de la zone Paris-Ile-de-France et du 14 juillet au 15 ao\u00fbt. Les forfaits semaine et jour ne sont jamais d\u00e9zon\u00e9s.<\/li>\n<li>Les forfaits mois, semaine et jour peuvent \u00eatre plac\u00e9s sur un support Navigo personnalis\u00e9 (titulaire pr\u00e9d\u00e9fini, connu de l&rsquo;organisme gestionnaire des abonnements) ou Navigo D\u00e9couverte (titulaire inconnu de l&rsquo;organisme gestionnaire des abonnements. En cas de perte ou de vol, l&rsquo;abonnement ne peut pas \u00eatre transf\u00e9r\u00e9 sur un nouveau support). Les forfaits annuels ne peuvent \u00eatre plac\u00e9s que sur un support Navigo personnalis\u00e9.<\/li>\n<li>S&rsquo;ils sont utilis\u00e9s pour les d\u00e9placements domicile-travail, ces abonnements font l\u00e9galement l&rsquo;objet d&rsquo;un <strong>remboursement<\/strong> d&rsquo;au moins <strong>50 % par votre employeur<\/strong> (les modalit\u00e9s d&rsquo;application d\u00e9pendent des entreprises)<\/li>\n<\/ul>\n<p>&nbsp;<\/p>\n<h1>Les nouveaux produits Navigo en 2019<\/h1>\n<p>Si la disparition des supports carton (\u00e9ventuellement plastifi\u00e9) est acquise depuis plusieurs ann\u00e9es pour les utilisateurs des abonnements Navigo, les autres utilisateurs en \u00e9taient toujours r\u00e9duits \u00e0 se munir de tickets ou de billets cartonn\u00e9s&#8230; et \u00e0 utiliser les appareils de validation de ces titres de transport, des appareils qui sont de moins en moins fabriqu\u00e9s, et donc de moins en moins en service (d&rsquo;o\u00f9 la disparition progressive des portillons qui les acceptent&#8230;). Il \u00e9tait donc temps d&rsquo;entamer la transition vers d&rsquo;autres supports de type sans contact.<\/p>\n<p>&nbsp;<\/p>\n<h2>Navigo Easy<\/h2>\n<p>Navigo Easy, c&rsquo;est le porte-tickets \u00e9lectronique. Vendu 2 EUR et r\u00e9utilisable (sous conditions \u00e0 pr\u00e9ciser), cette carte peut en effet porter:<\/p>\n<ul>\n<li>des tickets t+ (unit\u00e9 ou carnet), jusqu&rsquo;\u00e0 30 tickets<\/li>\n<li>des tickets des bus Paris &lt;&gt; a\u00e9roport: Orlybus et Roissybus<\/li>\n<li>un forfait Navigo jour<\/li>\n<li>un forfait antipollution (les jours o\u00f9 il est mis en place)<\/li>\n<li>un forfait F\u00eate de la Musique (le 21 juin)<\/li>\n<li>un forfait Jeune week-end<\/li>\n<\/ul>\n<p>Elle n&rsquo;est pas nominative et peut donc \u00eatre pr\u00eat\u00e9e.<\/p>\n<p>On notera qu&rsquo;elle ne peut (au moins dans les conditions actuelles) porter que des titres de transport \u00e0 tarification unique, ind\u00e9pendante de la distance, ce qui exclut les billets origine-destination utilis\u00e9s sur les RER et les trains en dehors de Paris.<\/p>\n<p><strong>Navigo Easy sera disponible \u00e0 partir d&rsquo;avril 2019<\/strong><\/p>\n<p>&nbsp;<\/p>\n<h2>Navigo Libert\u00e9+<\/h2>\n<p>Navigo Libert\u00e9+, c&rsquo;est l&rsquo;av\u00e8nement du paiement \u00e0 l&rsquo;usage. J&rsquo;utilise les transports sans contrainte et je paie par pr\u00e9l\u00e8vement ce que j&rsquo;ai utilis\u00e9 le mois suivant.<\/p>\n<p>Dans un premier temps, Navigo Libert\u00e9+ sera utilisable:<\/p>\n<ul>\n<li>dans les bus, les tramways, les m\u00e9tros et les RER dans Paris (tarification de base par ticket t+)<br \/>\nLe trajet sera factur\u00e9 au prix du ticket t+ en carnet<\/li>\n<li>dans le funiculaire de Montmartre<\/li>\n<li>dans les bus&nbsp;Paris &lt;&gt; a\u00e9roport: Orlybus et Roissybus<\/li>\n<\/ul>\n<p>La correspondance bus&lt;&gt;m\u00e9tro ou tramway&lt;&gt;m\u00e9tro sera possible <span style=\"text-decoration: underline;\">sans facturation suppl\u00e9mentaire<\/span><\/p>\n<p>La seule formalit\u00e9 \u00e0 r\u00e9aliser sera de s&rsquo;abonner au service (au moins pour communiquer ses coordonn\u00e9es bancaires&#8230;)<\/p>\n<p>L&rsquo;extension de l&rsquo;utilisation de Navigo Libert\u00e9+ aux billets origine-destination (trains et RER hors Paris) est \u00e0 l&rsquo;\u00e9tude.&nbsp;<\/p>\n<p><strong>Navigo Libert\u00e9+ sera mis en place \u00e0 partir d&rsquo;octobre 2019<\/strong><\/p>\n<p>&nbsp;<\/p>\n<h2>En r\u00e9sum\u00e9<\/h2>\n<p><img data-attachment-id=\"5369\" data-permalink=\"https:\/\/www.horizonemployeur.fr\/wordpress\/2018\/07\/13\/navigo-2019\/nouveau-forfait-et-nouveau-passe-navigo-1024x512\/\" data-orig-file=\"https:\/\/i0.wp.com\/www.horizonemployeur.fr\/wordpress\/wp-content\/uploads\/2018\/07\/Nouveau-forfait-et-nouveau-passe-Navigo-1024x512.jpg?fit=1024%2C512&amp;ssl=1\" data-orig-size=\"1024,512\" data-comments-opened=\"1\" data-image-meta=\"{&quot;aperture&quot;:&quot;0&quot;,&quot;credit&quot;:&quot;&quot;,&quot;camera&quot;:&quot;&quot;,&quot;caption&quot;:&quot;&quot;,&quot;created_timestamp&quot;:&quot;0&quot;,&quot;copyright&quot;:&quot;&quot;,&quot;focal_length&quot;:&quot;0&quot;,&quot;iso&quot;:&quot;0&quot;,&quot;shutter_speed&quot;:&quot;0&quot;,&quot;title&quot;:&quot;&quot;,&quot;orientation&quot;:&quot;0&quot;}\" data-image-title=\"Nouveau-forfait-et-nouveau-passe-Navigo-1024&#215;512\" data-image-description=\"\" data-image-caption=\"\" data-medium-file=\"https:\/\/i0.wp.com\/www.horizonemployeur.fr\/wordpress\/wp-content\/uploads\/2018\/07\/Nouveau-forfait-et-nouveau-passe-Navigo-1024x512.jpg?fit=300%2C150&amp;ssl=1\" data-large-file=\"https:\/\/i0.wp.com\/www.horizonemployeur.fr\/wordpress\/wp-content\/uploads\/2018\/07\/Nouveau-forfait-et-nouveau-passe-Navigo-1024x512.jpg?fit=700%2C350&amp;ssl=1\" decoding=\"async\" loading=\"lazy\" class=\"alignnone size-full wp-image-5369\" src=\"https:\/\/i0.wp.com\/www.horizonemployeur.fr\/wordpress\/wp-content\/uploads\/2018\/07\/Nouveau-forfait-et-nouveau-passe-Navigo-1024x512.jpg?resize=700%2C350\" alt=\"\" width=\"700\" height=\"350\" srcset=\"https:\/\/i0.wp.com\/www.horizonemployeur.fr\/wordpress\/wp-content\/uploads\/2018\/07\/Nouveau-forfait-et-nouveau-passe-Navigo-1024x512.jpg?resize=1024%2C512&amp;ssl=1 1024w, https:\/\/i0.wp.com\/www.horizonemployeur.fr\/wordpress\/wp-content\/uploads\/2018\/07\/Nouveau-forfait-et-nouveau-passe-Navigo-1024x512.jpg?resize=300%2C150&amp;ssl=1 300w, https:\/\/i0.wp.com\/www.horizonemployeur.fr\/wordpress\/wp-content\/uploads\/2018\/07\/Nouveau-forfait-et-nouveau-passe-Navigo-1024x512.jpg?resize=768%2C384&amp;ssl=1 768w\" sizes=\"(max-width: 700px) 100vw, 700px\" data-recalc-dims=\"1\" \/><\/p>\n<p>&nbsp;<\/p>\n<p><img data-attachment-id=\"5368\" data-permalink=\"https:\/\/www.horizonemployeur.fr\/wordpress\/2018\/07\/13\/navigo-2019\/navigo_2019\/\" data-orig-file=\"https:\/\/i0.wp.com\/www.horizonemployeur.fr\/wordpress\/wp-content\/uploads\/2018\/07\/Navigo_2019.png?fit=863%2C484&amp;ssl=1\" data-orig-size=\"863,484\" data-comments-opened=\"1\" data-image-meta=\"{&quot;aperture&quot;:&quot;0&quot;,&quot;credit&quot;:&quot;&quot;,&quot;camera&quot;:&quot;&quot;,&quot;caption&quot;:&quot;&quot;,&quot;created_timestamp&quot;:&quot;0&quot;,&quot;copyright&quot;:&quot;&quot;,&quot;focal_length&quot;:&quot;0&quot;,&quot;iso&quot;:&quot;0&quot;,&quot;shutter_speed&quot;:&quot;0&quot;,&quot;title&quot;:&quot;&quot;,&quot;orientation&quot;:&quot;0&quot;}\" data-image-title=\"Navigo_2019\" data-image-description=\"\" data-image-caption=\"\" data-medium-file=\"https:\/\/i0.wp.com\/www.horizonemployeur.fr\/wordpress\/wp-content\/uploads\/2018\/07\/Navigo_2019.png?fit=300%2C168&amp;ssl=1\" data-large-file=\"https:\/\/i0.wp.com\/www.horizonemployeur.fr\/wordpress\/wp-content\/uploads\/2018\/07\/Navigo_2019.png?fit=700%2C393&amp;ssl=1\" decoding=\"async\" loading=\"lazy\" class=\"alignnone size-full wp-image-5368\" src=\"https:\/\/i0.wp.com\/www.horizonemployeur.fr\/wordpress\/wp-content\/uploads\/2018\/07\/Navigo_2019.png?resize=700%2C393\" alt=\"\" width=\"700\" height=\"393\" srcset=\"https:\/\/i0.wp.com\/www.horizonemployeur.fr\/wordpress\/wp-content\/uploads\/2018\/07\/Navigo_2019.png?w=863&amp;ssl=1 863w, https:\/\/i0.wp.com\/www.horizonemployeur.fr\/wordpress\/wp-content\/uploads\/2018\/07\/Navigo_2019.png?resize=300%2C168&amp;ssl=1 300w, https:\/\/i0.wp.com\/www.horizonemployeur.fr\/wordpress\/wp-content\/uploads\/2018\/07\/Navigo_2019.png?resize=768%2C431&amp;ssl=1 768w\" sizes=\"(max-width: 700px) 100vw, 700px\" data-recalc-dims=\"1\" \/><br \/>\n<em>(source des 2 infographies Ile-de-France Mobilit\u00e9s, juillet 2018)<\/em><\/p>\n<p><a href=\"https:\/\/www.iledefrance-mobilites.fr\/wp-content\/uploads\/2018\/07\/%C3%8Ele-de-France-Mobilit%C3%A9s-d%C3%A9cide-de-cr%C3%A9er-deux-nouveaux-Passes-Navigo.pdf\" target=\"_blank\" rel=\"noopener\">Communiqu\u00e9 de presse d&rsquo;Ile-de-France Mobilit\u00e9s en date du 11 juillet 2018<\/a><\/p>\n","protected":false},"excerpt":{"rendered":"<p>Dans le cadre du d\u00e9ploiement de la t\u00e9l\u00e9billettique, soit la gestion des titres de transport par l&rsquo;utilisation de supports sans contact, la gamme Navigo va s&rsquo;\u00e9largir en 2019 et int\u00e9grer 2 nouveaux produits.<\/p>\n","protected":false},"author":1,"featured_media":5370,"comment_status":"open","ping_status":"open","sticky":false,"template":"page-templates\/no-sidebar.php","format":"standard","meta":{"ngg_post_thumbnail":0,"jetpack_post_was_ever_published":false},"categories":[12],"tags":[29],"jetpack_featured_media_url":"https:\/\/i0.wp.com\/www.horizonemployeur.fr\/wordpress\/wp-content\/uploads\/2018\/07\/Banniere_navigo.png?fit=975%2C466&ssl=1","jetpack_sharing_enabled":true,"jetpack_shortlink":"https:\/\/wp.me\/p7AoJR-1oy","jetpack-related-posts":[{"id":537,"url":"https:\/\/www.horizonemployeur.fr\/wordpress\/2015\/07\/02\/navigo-toutes-zones\/","url_meta":{"origin":5366,"position":0},"title":"A partir du 1er septembre 2015, l&rsquo;abonnement Navigo \u00ab\u00a0toutes zones\u00a0\u00bb","date":"2 juillet 2015","format":false,"excerpt":"La Carte Orange a \u00e9t\u00e9 cr\u00e9\u00e9e il y a 40 ans, le 1er juillet 1975 exactement. Pour la premi\u00e8re fois, il devenait possible aux habitants de Paris et de la petite couronne d'emprunter les transports en commun dans un certain p\u00e9rim\u00e8tre d\u00e9fini sur la base de 5\u00a0zones concentriques autour de\u2026","rel":"","context":"Dans &quot;Transports en Commun&quot;","img":{"alt_text":"","src":"","width":0,"height":0},"classes":[]},{"id":2942,"url":"https:\/\/www.horizonemployeur.fr\/wordpress\/2016\/08\/03\/tarifs-tc-aout-2016\/","url_meta":{"origin":5366,"position":1},"title":"Les nouveaux tarifs des transports en commun au 1er ao\u00fbt 2016","date":"3 ao\u00fbt 2016","format":false,"excerpt":"La plupart des tarifs des transports en commun d'Ile-de-France ont augment\u00e9 au 1er ao\u00fbt 2016: pourquoi et de combien ? Le passe Navigo toutes zones a \u00e9t\u00e9 mis en place au 1er septembre 2015: son objectif \u00e9tait d'uniformiser le tarif des abonnements transports en commun dans toute l'Ile-de-France au prix\u2026","rel":"","context":"Dans &quot;Transports en Commun&quot;","img":{"alt_text":"","src":"","width":0,"height":0},"classes":[]},{"id":5172,"url":"https:\/\/www.horizonemployeur.fr\/wordpress\/2018\/06\/20\/dedommagements-sncf-04-05-2018\/","url_meta":{"origin":5366,"position":2},"title":"D\u00e9dommagements SNCF avril et mai 2018, c&rsquo;est parti&#8230; jusqu&rsquo;au 22 juillet !","date":"20 juin 2018","format":false,"excerpt":"Comme cela avait \u00e9t\u00e9 annonc\u00e9 depuis plusieurs semaines, la proc\u00e9dure de d\u00e9dommagement des abonn\u00e9s Navigo et Imagine'R touch\u00e9s par les cons\u00e9quences de la gr\u00e8ve nationale SNCF durant les mois d'avril et mai 2018 a \u00e9t\u00e9 lanc\u00e9e le lundi 18 juin. Elle sera ouverte jusqu'au dimanche 22 juillet. Il a \u00e9t\u00e9\u2026","rel":"","context":"Dans &quot;Transports en Commun&quot;","img":{"alt_text":"","src":"https:\/\/i0.wp.com\/www.horizonemployeur.fr\/wordpress\/wp-content\/uploads\/2018\/06\/D\u00e9dommagement-06-2018_975.png?fit=975%2C466&ssl=1&resize=350%2C200","width":350,"height":200},"classes":[]},{"id":5543,"url":"https:\/\/www.horizonemployeur.fr\/wordpress\/2018\/09\/14\/point-dedommagements-14-09-2018\/","url_meta":{"origin":5366,"position":3},"title":"D\u00e9dommagements suite aux gr\u00e8ves SNCF: un rapide point","date":"14 septembre 2018","format":false,"excerpt":"L'impact des mouvements sociaux du printemps sur les usagers des lignes Transilien SNCF avait \u00e9t\u00e9 tel que des mesures de compensation avaient \u00e9t\u00e9 mises en place au d\u00e9but de l'\u00e9t\u00e9. Suite \u00e0 plusieurs demandes re\u00e7ues en particulier ces derniers jours, voici un point \"aussi pr\u00e9cis que possible\". Qui \u00e9tait concern\u00e9\u2026","rel":"","context":"Dans &quot;Transports en Commun&quot;","img":{"alt_text":"","src":"https:\/\/i0.wp.com\/www.horizonemployeur.fr\/wordpress\/wp-content\/uploads\/2018\/06\/D\u00e9dommagement-06-2018_975.png?fit=975%2C466&ssl=1&resize=350%2C200","width":350,"height":200},"classes":[]},{"id":2944,"url":"https:\/\/www.horizonemployeur.fr\/wordpress\/2016\/08\/03\/dedommagement-transilien-mai-juin-2016\/","url_meta":{"origin":5366,"position":4},"title":"D\u00e9dommagement pour les usagers Transilien suite aux gr\u00e8ves et intemp\u00e9ries de mai-juin 2016","date":"3 ao\u00fbt 2016","format":false,"excerpt":"Dans une conf\u00e9rence de presse commune \u00e0 la mi-juillet, Val\u00e9rie P\u00e9cresse, pr\u00e9sidente du Conseil du STIF, et Alain Krakovitch, directeur g\u00e9n\u00e9ral de Transilien SNCF, ont annonc\u00e9 les grandes lignes du processus d'indemnisation des usagers touch\u00e9s par les mouvements sociaux et\/ou les intemp\u00e9ries de mai-juin 2016. SNCF TRANSILIEN ET LE STIF\u00a0D\u00c9DOMMAGENT\u2026","rel":"","context":"Dans &quot;Transports en Commun&quot;","img":{"alt_text":"","src":"","width":0,"height":0},"classes":[]},{"id":658,"url":"https:\/\/www.horizonemployeur.fr\/wordpress\/2015\/08\/05\/transports-en-commun-les-horaires-de-la-rentree-2015\/","url_meta":{"origin":5366,"position":5},"title":"Transports en commun \u2013 les horaires de la rentr\u00e9e 2015","date":"5 ao\u00fbt 2015","format":false,"excerpt":"C'est\u00a0cette ann\u00e9e\u00a0entre le lundi 17 ao\u00fbt et le mardi 1er septembre que se mettront progressivement en place les horaires dits \"d'hiver\", par opposition aux horaires d'\u00e9t\u00e9, sur les diverses lignes de transport en commun qui desservent Inovel Parc. Voici donc ce qui nous attend, avec relativement peu de modifications par\u2026","rel":"","context":"Dans &quot;Transports en Commun&quot;","img":{"alt_text":"","src":"","width":0,"height":0},"classes":[]}],"_links":{"self":[{"href":"https:\/\/www.horizonemployeur.fr\/wordpress\/wp-json\/wp\/v2\/posts\/5366"}],"collection":[{"href":"https:\/\/www.horizonemployeur.fr\/wordpress\/wp-json\/wp\/v2\/posts"}],"about":[{"href":"https:\/\/www.horizonemployeur.fr\/wordpress\/wp-json\/wp\/v2\/types\/post"}],"author":[{"embeddable":true,"href":"https:\/\/www.horizonemployeur.fr\/wordpress\/wp-json\/wp\/v2\/users\/1"}],"replies":[{"embeddable":true,"href":"https:\/\/www.horizonemployeur.fr\/wordpress\/wp-json\/wp\/v2\/comments?post=5366"}],"version-history":[{"count":1,"href":"https:\/\/www.horizonemployeur.fr\/wordpress\/wp-json\/wp\/v2\/posts\/5366\/revisions"}],"predecessor-version":[{"id":5371,"href":"https:\/\/www.horizonemployeur.fr\/wordpress\/wp-json\/wp\/v2\/posts\/5366\/revisions\/5371"}],"wp:featuredmedia":[{"embeddable":true,"href":"https:\/\/www.horizonemployeur.fr\/wordpress\/wp-json\/wp\/v2\/media\/5370"}],"wp:attachment":[{"href":"https:\/\/www.horizonemployeur.fr\/wordpress\/wp-json\/wp\/v2\/media?parent=5366"}],"wp:term":[{"taxonomy":"category","embeddable":true,"href":"https:\/\/www.horizonemployeur.fr\/wordpress\/wp-json\/wp\/v2\/categories?post=5366"},{"taxonomy":"post_tag","embeddable":true,"href":"https:\/\/www.horizonemployeur.fr\/wordpress\/wp-json\/wp\/v2\/tags?post=5366"}],"curies":[{"name":"wp","href":"https:\/\/api.w.org\/{rel}","templated":true}]}}