{"id":5294,"date":"2018-06-30T20:11:03","date_gmt":"2018-06-30T18:11:03","guid":{"rendered":"http:\/\/www.horizonemployeur.fr\/wordpress\/?p=5294"},"modified":"2018-06-30T20:11:03","modified_gmt":"2018-06-30T18:11:03","slug":"horaires-ete-2018","status":"publish","type":"post","link":"https:\/\/www.horizonemployeur.fr\/wordpress\/2018\/06\/30\/horaires-ete-2018\/","title":{"rendered":"Le mois de juillet commence, les horaires d&rsquo;\u00e9t\u00e9 arrivent"},"content":{"rendered":"<p>Comme \u00e0 chaque ann\u00e9e \u00e0 pareille \u00e9poque, de nombreuses lignes de transport en commun s&rsquo;appr\u00eatent \u00e0 fonctionner au ralenti pour tenir compte d&rsquo;une moindre fr\u00e9quentation, mais aussi pour permettre aux salari\u00e9s de partir eux aussi en cong\u00e9s.<\/p>\n<p>Un rapide tour d&rsquo;horizon de ce qui nous attend en cet \u00e9t\u00e9 2018<\/p>\n<p><!--more--><\/p>\n<p><strong>Votre ligne de RER, de train, de m\u00e9tro, de tramway sera-t-elle en fonctionnement tout l&rsquo;\u00e9t\u00e9 ?<\/strong><\/p>\n<p>C&rsquo;est la premi\u00e8re question, et la r\u00e9ponse n&rsquo;est pas forc\u00e9ment oui. Cet \u00e9t\u00e9 encore, il y a de nombreux chantiers qui vont se d\u00e9rouler un peu partout en Ile-de-France, et ce d\u00e8s le lundi 2 juillet. Vous en trouverez une liste sur <a href=\"http:\/\/mobilite.horizonemployeur.fr\/2018\/06\/05\/travaux-ete-2018\/\">cette page<\/a><\/p>\n<p><strong>Quels horaires et quand ?<\/strong><\/p>\n<p>Il n&rsquo;y a pas autant de dates de mise en application des horaires d&rsquo;\u00e9t\u00e9 que de r\u00e9seaux, mais on peut quand m\u00eame dire que la diversit\u00e9 est de mise. Et quelques lignes voient leur offre inchang\u00e9e tout au long de l&rsquo;\u00e9t\u00e9.<\/p>\n<table style=\"border-collapse: collapse; width: 100%;\" border=\"1\">\n<tbody>\n<tr>\n<th style=\"width: 26.6822%;\">Exploitant<\/th>\n<th style=\"width: 41.5013%;\">P\u00e9riode concern\u00e9e<br \/>\n(jours indiqu\u00e9s inclus)<\/th>\n<th style=\"width: 31.8164%;\">Horaires<br \/>\n<em>(cliquez sur la ligne)<\/em><\/th>\n<\/tr>\n<tr>\n<td style=\"width: 25%;\">SNCF<\/td>\n<td style=\"width: 40%;\">G\u00e9n\u00e9ralement de la mi-juillet aux derniers jours d&rsquo;ao\u00fbt <em>(mais la disparition des fiches horaires rend l&rsquo;information impossible \u00e0 trouver&#8230;)<\/em><\/td>\n<td style=\"width: 35%;\">&nbsp;<\/td>\n<\/tr>\n<tr>\n<td style=\"width: 25%;\">RATP<\/td>\n<td style=\"width: 40%;\">Du dimanche 1er juillet au vendredi 31 ao\u00fbt<br \/>\nSuivant les r\u00e9seaux et les lignes, il peut y avoir un ou plusieurs horaires d&rsquo;\u00e9t\u00e9.<br \/>\n<em>Sur la ligne 291 par exemple, il existe un horaire de plein \u00e9t\u00e9 qui s&rsquo;applique les 4 premi\u00e8res semaines du mois d&rsquo;ao\u00fbt. Mais cette nuance n&rsquo;appara\u00eet que sur les horaires affich\u00e9s aux arr\u00eats, pas sur les fiches horaires<\/em><br \/>\nLa ligne Noctilien N66 ne change pas d&rsquo;horaires<\/td>\n<td style=\"width: 35%;\"><img data-attachment-id=\"5322\" data-permalink=\"https:\/\/www.horizonemployeur.fr\/wordpress\/2018\/06\/30\/horaires-ete-2018\/b-flou0-160x160-bleu_h40\/\" data-orig-file=\"https:\/\/i0.wp.com\/www.horizonemployeur.fr\/wordpress\/wp-content\/uploads\/2018\/06\/B-flou0-160x160-bleu_h40.png?fit=40%2C40&amp;ssl=1\" data-orig-size=\"40,40\" data-comments-opened=\"1\" data-image-meta=\"{&quot;aperture&quot;:&quot;0&quot;,&quot;credit&quot;:&quot;&quot;,&quot;camera&quot;:&quot;&quot;,&quot;caption&quot;:&quot;&quot;,&quot;created_timestamp&quot;:&quot;0&quot;,&quot;copyright&quot;:&quot;&quot;,&quot;focal_length&quot;:&quot;0&quot;,&quot;iso&quot;:&quot;0&quot;,&quot;shutter_speed&quot;:&quot;0&quot;,&quot;title&quot;:&quot;&quot;,&quot;orientation&quot;:&quot;0&quot;}\" data-image-title=\"B-flou0-160&#215;160-bleu_h40\" data-image-description=\"\" data-image-caption=\"\" data-medium-file=\"https:\/\/i0.wp.com\/www.horizonemployeur.fr\/wordpress\/wp-content\/uploads\/2018\/06\/B-flou0-160x160-bleu_h40.png?fit=40%2C40&amp;ssl=1\" data-large-file=\"https:\/\/i0.wp.com\/www.horizonemployeur.fr\/wordpress\/wp-content\/uploads\/2018\/06\/B-flou0-160x160-bleu_h40.png?fit=40%2C40&amp;ssl=1\" decoding=\"async\" loading=\"lazy\" class=\"alignnone  wp-image-5322\" style=\"font-family: inherit; font-size: inherit;\" src=\"https:\/\/i0.wp.com\/www.horizonemployeur.fr\/wordpress\/wp-content\/uploads\/2018\/06\/B-flou0-160x160-bleu_h40.png?resize=32%2C32\" alt=\"\" width=\"32\" height=\"32\"  data-recalc-dims=\"1\">&nbsp;<a href=\"https:\/\/www.ratp.fr\/sites\/default\/files\/fiches-horaires\/busratp\/179.pdf\" target=\"_blank\" rel=\"noopener\"><img data-attachment-id=\"5313\" data-permalink=\"https:\/\/www.horizonemployeur.fr\/wordpress\/2018\/06\/30\/horaires-ete-2018\/179genrvb_h40\/\" data-orig-file=\"https:\/\/i0.wp.com\/www.horizonemployeur.fr\/wordpress\/wp-content\/uploads\/2018\/06\/179genRVB_h40.png?fit=62%2C40&amp;ssl=1\" data-orig-size=\"62,40\" data-comments-opened=\"1\" data-image-meta=\"{&quot;aperture&quot;:&quot;0&quot;,&quot;credit&quot;:&quot;&quot;,&quot;camera&quot;:&quot;&quot;,&quot;caption&quot;:&quot;&quot;,&quot;created_timestamp&quot;:&quot;0&quot;,&quot;copyright&quot;:&quot;&quot;,&quot;focal_length&quot;:&quot;0&quot;,&quot;iso&quot;:&quot;0&quot;,&quot;shutter_speed&quot;:&quot;0&quot;,&quot;title&quot;:&quot;&quot;,&quot;orientation&quot;:&quot;0&quot;}\" data-image-title=\"179genRVB_h40\" data-image-description=\"\" data-image-caption=\"\" data-medium-file=\"https:\/\/i0.wp.com\/www.horizonemployeur.fr\/wordpress\/wp-content\/uploads\/2018\/06\/179genRVB_h40.png?fit=62%2C40&amp;ssl=1\" data-large-file=\"https:\/\/i0.wp.com\/www.horizonemployeur.fr\/wordpress\/wp-content\/uploads\/2018\/06\/179genRVB_h40.png?fit=62%2C40&amp;ssl=1\" decoding=\"async\" loading=\"lazy\" class=\"alignnone  wp-image-5313\" src=\"https:\/\/i0.wp.com\/www.horizonemployeur.fr\/wordpress\/wp-content\/uploads\/2018\/06\/179genRVB_h40.png?resize=50%2C32\" alt=\"\" width=\"50\" height=\"32\"  data-recalc-dims=\"1\"><\/a> <a href=\"https:\/\/www.ratp.fr\/sites\/default\/files\/fiches-horaires\/busratp\/189.pdf\" target=\"_blank\" rel=\"noopener\"><img data-attachment-id=\"5314\" data-permalink=\"https:\/\/www.horizonemployeur.fr\/wordpress\/2018\/06\/30\/horaires-ete-2018\/189genrvb_h40\/\" data-orig-file=\"https:\/\/i0.wp.com\/www.horizonemployeur.fr\/wordpress\/wp-content\/uploads\/2018\/06\/189genRVB_h40.png?fit=62%2C40&amp;ssl=1\" data-orig-size=\"62,40\" data-comments-opened=\"1\" data-image-meta=\"{&quot;aperture&quot;:&quot;0&quot;,&quot;credit&quot;:&quot;&quot;,&quot;camera&quot;:&quot;&quot;,&quot;caption&quot;:&quot;&quot;,&quot;created_timestamp&quot;:&quot;0&quot;,&quot;copyright&quot;:&quot;&quot;,&quot;focal_length&quot;:&quot;0&quot;,&quot;iso&quot;:&quot;0&quot;,&quot;shutter_speed&quot;:&quot;0&quot;,&quot;title&quot;:&quot;&quot;,&quot;orientation&quot;:&quot;0&quot;}\" data-image-title=\"189genRVB_h40\" data-image-description=\"\" data-image-caption=\"\" data-medium-file=\"https:\/\/i0.wp.com\/www.horizonemployeur.fr\/wordpress\/wp-content\/uploads\/2018\/06\/189genRVB_h40.png?fit=62%2C40&amp;ssl=1\" data-large-file=\"https:\/\/i0.wp.com\/www.horizonemployeur.fr\/wordpress\/wp-content\/uploads\/2018\/06\/189genRVB_h40.png?fit=62%2C40&amp;ssl=1\" decoding=\"async\" loading=\"lazy\" class=\"alignnone  wp-image-5314\" src=\"https:\/\/i0.wp.com\/www.horizonemployeur.fr\/wordpress\/wp-content\/uploads\/2018\/06\/189genRVB_h40.png?resize=50%2C32\" alt=\"\" width=\"50\" height=\"32\"  data-recalc-dims=\"1\"><\/a> <a href=\"https:\/\/www.ratp.fr\/sites\/default\/files\/fiches-horaires\/busratp\/190.pdf\" target=\"_blank\" rel=\"noopener\"><img data-attachment-id=\"5315\" data-permalink=\"https:\/\/www.horizonemployeur.fr\/wordpress\/2018\/06\/30\/horaires-ete-2018\/190genrvb_h40\/\" data-orig-file=\"https:\/\/i0.wp.com\/www.horizonemployeur.fr\/wordpress\/wp-content\/uploads\/2018\/06\/190genRVB_h40.png?fit=62%2C40&amp;ssl=1\" data-orig-size=\"62,40\" data-comments-opened=\"1\" data-image-meta=\"{&quot;aperture&quot;:&quot;0&quot;,&quot;credit&quot;:&quot;&quot;,&quot;camera&quot;:&quot;&quot;,&quot;caption&quot;:&quot;&quot;,&quot;created_timestamp&quot;:&quot;0&quot;,&quot;copyright&quot;:&quot;&quot;,&quot;focal_length&quot;:&quot;0&quot;,&quot;iso&quot;:&quot;0&quot;,&quot;shutter_speed&quot;:&quot;0&quot;,&quot;title&quot;:&quot;&quot;,&quot;orientation&quot;:&quot;0&quot;}\" data-image-title=\"190genRVB_h40\" data-image-description=\"\" data-image-caption=\"\" data-medium-file=\"https:\/\/i0.wp.com\/www.horizonemployeur.fr\/wordpress\/wp-content\/uploads\/2018\/06\/190genRVB_h40.png?fit=62%2C40&amp;ssl=1\" data-large-file=\"https:\/\/i0.wp.com\/www.horizonemployeur.fr\/wordpress\/wp-content\/uploads\/2018\/06\/190genRVB_h40.png?fit=62%2C40&amp;ssl=1\" decoding=\"async\" loading=\"lazy\" class=\"alignnone  wp-image-5315\" src=\"https:\/\/i0.wp.com\/www.horizonemployeur.fr\/wordpress\/wp-content\/uploads\/2018\/06\/190genRVB_h40.png?resize=50%2C32\" alt=\"\" width=\"50\" height=\"32\"  data-recalc-dims=\"1\"><\/a> <a href=\"https:\/\/www.ratp.fr\/sites\/default\/files\/fiches-horaires\/busratp\/289.pdf\" target=\"_blank\" rel=\"noopener\"><img data-attachment-id=\"5316\" data-permalink=\"https:\/\/www.horizonemployeur.fr\/wordpress\/2018\/06\/30\/horaires-ete-2018\/289genrvb_h40\/\" data-orig-file=\"https:\/\/i0.wp.com\/www.horizonemployeur.fr\/wordpress\/wp-content\/uploads\/2018\/06\/289genRVB_h40.png?fit=62%2C40&amp;ssl=1\" data-orig-size=\"62,40\" data-comments-opened=\"1\" data-image-meta=\"{&quot;aperture&quot;:&quot;0&quot;,&quot;credit&quot;:&quot;&quot;,&quot;camera&quot;:&quot;&quot;,&quot;caption&quot;:&quot;&quot;,&quot;created_timestamp&quot;:&quot;0&quot;,&quot;copyright&quot;:&quot;&quot;,&quot;focal_length&quot;:&quot;0&quot;,&quot;iso&quot;:&quot;0&quot;,&quot;shutter_speed&quot;:&quot;0&quot;,&quot;title&quot;:&quot;&quot;,&quot;orientation&quot;:&quot;0&quot;}\" data-image-title=\"289genRVB_h40\" data-image-description=\"\" data-image-caption=\"\" data-medium-file=\"https:\/\/i0.wp.com\/www.horizonemployeur.fr\/wordpress\/wp-content\/uploads\/2018\/06\/289genRVB_h40.png?fit=62%2C40&amp;ssl=1\" data-large-file=\"https:\/\/i0.wp.com\/www.horizonemployeur.fr\/wordpress\/wp-content\/uploads\/2018\/06\/289genRVB_h40.png?fit=62%2C40&amp;ssl=1\" decoding=\"async\" loading=\"lazy\" class=\"alignnone  wp-image-5316\" src=\"https:\/\/i0.wp.com\/www.horizonemployeur.fr\/wordpress\/wp-content\/uploads\/2018\/06\/289genRVB_h40.png?resize=50%2C32\" alt=\"\" width=\"50\" height=\"32\"  data-recalc-dims=\"1\"><\/a> <a href=\"https:\/\/www.ratp.fr\/sites\/default\/files\/fiches-horaires\/busratp\/290.pdf\" target=\"_blank\" rel=\"noopener\"><img data-attachment-id=\"5317\" data-permalink=\"https:\/\/www.horizonemployeur.fr\/wordpress\/2018\/06\/30\/horaires-ete-2018\/290genrvb_h40\/\" data-orig-file=\"https:\/\/i0.wp.com\/www.horizonemployeur.fr\/wordpress\/wp-content\/uploads\/2018\/06\/290genRVB_h40.png?fit=62%2C40&amp;ssl=1\" data-orig-size=\"62,40\" data-comments-opened=\"1\" data-image-meta=\"{&quot;aperture&quot;:&quot;0&quot;,&quot;credit&quot;:&quot;&quot;,&quot;camera&quot;:&quot;&quot;,&quot;caption&quot;:&quot;&quot;,&quot;created_timestamp&quot;:&quot;0&quot;,&quot;copyright&quot;:&quot;&quot;,&quot;focal_length&quot;:&quot;0&quot;,&quot;iso&quot;:&quot;0&quot;,&quot;shutter_speed&quot;:&quot;0&quot;,&quot;title&quot;:&quot;&quot;,&quot;orientation&quot;:&quot;0&quot;}\" data-image-title=\"290genRVB_h40\" data-image-description=\"\" data-image-caption=\"\" data-medium-file=\"https:\/\/i0.wp.com\/www.horizonemployeur.fr\/wordpress\/wp-content\/uploads\/2018\/06\/290genRVB_h40.png?fit=62%2C40&amp;ssl=1\" data-large-file=\"https:\/\/i0.wp.com\/www.horizonemployeur.fr\/wordpress\/wp-content\/uploads\/2018\/06\/290genRVB_h40.png?fit=62%2C40&amp;ssl=1\" decoding=\"async\" loading=\"lazy\" class=\"alignnone  wp-image-5317\" src=\"https:\/\/i0.wp.com\/www.horizonemployeur.fr\/wordpress\/wp-content\/uploads\/2018\/06\/290genRVB_h40.png?resize=50%2C32\" alt=\"\" width=\"50\" height=\"32\"  data-recalc-dims=\"1\"><\/a> <a href=\"https:\/\/www.ratp.fr\/sites\/default\/files\/fiches-horaires\/busratp\/291.pdf\" target=\"_blank\" rel=\"noopener\"><img data-attachment-id=\"5318\" data-permalink=\"https:\/\/www.horizonemployeur.fr\/wordpress\/2018\/06\/30\/horaires-ete-2018\/291genrvb_h40\/\" data-orig-file=\"https:\/\/i0.wp.com\/www.horizonemployeur.fr\/wordpress\/wp-content\/uploads\/2018\/06\/291genRVB_h40.png?fit=62%2C40&amp;ssl=1\" data-orig-size=\"62,40\" data-comments-opened=\"1\" data-image-meta=\"{&quot;aperture&quot;:&quot;0&quot;,&quot;credit&quot;:&quot;&quot;,&quot;camera&quot;:&quot;&quot;,&quot;caption&quot;:&quot;&quot;,&quot;created_timestamp&quot;:&quot;0&quot;,&quot;copyright&quot;:&quot;&quot;,&quot;focal_length&quot;:&quot;0&quot;,&quot;iso&quot;:&quot;0&quot;,&quot;shutter_speed&quot;:&quot;0&quot;,&quot;title&quot;:&quot;&quot;,&quot;orientation&quot;:&quot;0&quot;}\" data-image-title=\"291genRVB_h40\" data-image-description=\"\" data-image-caption=\"\" data-medium-file=\"https:\/\/i0.wp.com\/www.horizonemployeur.fr\/wordpress\/wp-content\/uploads\/2018\/06\/291genRVB_h40.png?fit=62%2C40&amp;ssl=1\" data-large-file=\"https:\/\/i0.wp.com\/www.horizonemployeur.fr\/wordpress\/wp-content\/uploads\/2018\/06\/291genRVB_h40.png?fit=62%2C40&amp;ssl=1\" decoding=\"async\" loading=\"lazy\" class=\"alignnone  wp-image-5318\" src=\"https:\/\/i0.wp.com\/www.horizonemployeur.fr\/wordpress\/wp-content\/uploads\/2018\/06\/291genRVB_h40.png?resize=50%2C32\" alt=\"\" width=\"50\" height=\"32\"  data-recalc-dims=\"1\"><\/a> <a href=\"https:\/\/www.ratp.fr\/sites\/default\/files\/fiches-horaires\/busratp\/379.pdf\" target=\"_blank\" rel=\"noopener\"><img data-attachment-id=\"5319\" data-permalink=\"https:\/\/www.horizonemployeur.fr\/wordpress\/2018\/06\/30\/horaires-ete-2018\/379genrvb_h40\/\" data-orig-file=\"https:\/\/i0.wp.com\/www.horizonemployeur.fr\/wordpress\/wp-content\/uploads\/2018\/06\/379genRVB_h40.png?fit=62%2C40&amp;ssl=1\" data-orig-size=\"62,40\" data-comments-opened=\"1\" data-image-meta=\"{&quot;aperture&quot;:&quot;0&quot;,&quot;credit&quot;:&quot;&quot;,&quot;camera&quot;:&quot;&quot;,&quot;caption&quot;:&quot;&quot;,&quot;created_timestamp&quot;:&quot;0&quot;,&quot;copyright&quot;:&quot;&quot;,&quot;focal_length&quot;:&quot;0&quot;,&quot;iso&quot;:&quot;0&quot;,&quot;shutter_speed&quot;:&quot;0&quot;,&quot;title&quot;:&quot;&quot;,&quot;orientation&quot;:&quot;0&quot;}\" data-image-title=\"379genRVB_h40\" data-image-description=\"\" data-image-caption=\"\" data-medium-file=\"https:\/\/i0.wp.com\/www.horizonemployeur.fr\/wordpress\/wp-content\/uploads\/2018\/06\/379genRVB_h40.png?fit=62%2C40&amp;ssl=1\" data-large-file=\"https:\/\/i0.wp.com\/www.horizonemployeur.fr\/wordpress\/wp-content\/uploads\/2018\/06\/379genRVB_h40.png?fit=62%2C40&amp;ssl=1\" decoding=\"async\" loading=\"lazy\" class=\"alignnone  wp-image-5319\" src=\"https:\/\/i0.wp.com\/www.horizonemployeur.fr\/wordpress\/wp-content\/uploads\/2018\/06\/379genRVB_h40.png?resize=50%2C32\" alt=\"\" width=\"50\" height=\"32\"  data-recalc-dims=\"1\"><\/a> <a href=\"https:\/\/www.ratp.fr\/sites\/default\/files\/fiches-horaires\/busratp\/389.pdf\" target=\"_blank\" rel=\"noopener\"><img data-attachment-id=\"5320\" data-permalink=\"https:\/\/www.horizonemployeur.fr\/wordpress\/2018\/06\/30\/horaires-ete-2018\/389genrvb_h40\/\" data-orig-file=\"https:\/\/i0.wp.com\/www.horizonemployeur.fr\/wordpress\/wp-content\/uploads\/2018\/06\/389genRVB_h40.png?fit=62%2C40&amp;ssl=1\" data-orig-size=\"62,40\" data-comments-opened=\"1\" data-image-meta=\"{&quot;aperture&quot;:&quot;0&quot;,&quot;credit&quot;:&quot;&quot;,&quot;camera&quot;:&quot;&quot;,&quot;caption&quot;:&quot;&quot;,&quot;created_timestamp&quot;:&quot;0&quot;,&quot;copyright&quot;:&quot;&quot;,&quot;focal_length&quot;:&quot;0&quot;,&quot;iso&quot;:&quot;0&quot;,&quot;shutter_speed&quot;:&quot;0&quot;,&quot;title&quot;:&quot;&quot;,&quot;orientation&quot;:&quot;0&quot;}\" data-image-title=\"389genRVB_h40\" data-image-description=\"\" data-image-caption=\"\" data-medium-file=\"https:\/\/i0.wp.com\/www.horizonemployeur.fr\/wordpress\/wp-content\/uploads\/2018\/06\/389genRVB_h40.png?fit=62%2C40&amp;ssl=1\" data-large-file=\"https:\/\/i0.wp.com\/www.horizonemployeur.fr\/wordpress\/wp-content\/uploads\/2018\/06\/389genRVB_h40.png?fit=62%2C40&amp;ssl=1\" decoding=\"async\" loading=\"lazy\" class=\"alignnone  wp-image-5320\" src=\"https:\/\/i0.wp.com\/www.horizonemployeur.fr\/wordpress\/wp-content\/uploads\/2018\/06\/389genRVB_h40.png?resize=50%2C32\" alt=\"\" width=\"50\" height=\"32\"  data-recalc-dims=\"1\"><\/a> <a href=\"https:\/\/www.ratp.fr\/sites\/default\/files\/fiches-horaires\/busratp\/390.pdf\" target=\"_blank\" rel=\"noopener\"><img data-attachment-id=\"5321\" data-permalink=\"https:\/\/www.horizonemployeur.fr\/wordpress\/2018\/06\/30\/horaires-ete-2018\/390genrvb_h40\/\" data-orig-file=\"https:\/\/i0.wp.com\/www.horizonemployeur.fr\/wordpress\/wp-content\/uploads\/2018\/06\/390genRVB_h40.png?fit=62%2C40&amp;ssl=1\" data-orig-size=\"62,40\" data-comments-opened=\"1\" data-image-meta=\"{&quot;aperture&quot;:&quot;0&quot;,&quot;credit&quot;:&quot;&quot;,&quot;camera&quot;:&quot;&quot;,&quot;caption&quot;:&quot;&quot;,&quot;created_timestamp&quot;:&quot;0&quot;,&quot;copyright&quot;:&quot;&quot;,&quot;focal_length&quot;:&quot;0&quot;,&quot;iso&quot;:&quot;0&quot;,&quot;shutter_speed&quot;:&quot;0&quot;,&quot;title&quot;:&quot;&quot;,&quot;orientation&quot;:&quot;0&quot;}\" data-image-title=\"390genRVB_h40\" data-image-description=\"\" data-image-caption=\"\" data-medium-file=\"https:\/\/i0.wp.com\/www.horizonemployeur.fr\/wordpress\/wp-content\/uploads\/2018\/06\/390genRVB_h40.png?fit=62%2C40&amp;ssl=1\" data-large-file=\"https:\/\/i0.wp.com\/www.horizonemployeur.fr\/wordpress\/wp-content\/uploads\/2018\/06\/390genRVB_h40.png?fit=62%2C40&amp;ssl=1\" decoding=\"async\" loading=\"lazy\" class=\"alignnone  wp-image-5321\" src=\"https:\/\/i0.wp.com\/www.horizonemployeur.fr\/wordpress\/wp-content\/uploads\/2018\/06\/390genRVB_h40.png?resize=50%2C32\" alt=\"\" width=\"50\" height=\"32\"  data-recalc-dims=\"1\"><\/a>&nbsp;<a href=\"https:\/\/www.ratp.fr\/sites\/default\/files\/fiches-horaires\/noctilien\/n66.pdf\" target=\"_blank\" rel=\"noopener\"><img data-attachment-id=\"5323\" data-permalink=\"https:\/\/www.horizonemployeur.fr\/wordpress\/2018\/06\/30\/horaires-ete-2018\/noct-66-genrvb_h40\/\" data-orig-file=\"https:\/\/i0.wp.com\/www.horizonemployeur.fr\/wordpress\/wp-content\/uploads\/2018\/06\/Noct-66-genRVB_h40.png?fit=62%2C40&amp;ssl=1\" data-orig-size=\"62,40\" data-comments-opened=\"1\" data-image-meta=\"{&quot;aperture&quot;:&quot;0&quot;,&quot;credit&quot;:&quot;&quot;,&quot;camera&quot;:&quot;&quot;,&quot;caption&quot;:&quot;&quot;,&quot;created_timestamp&quot;:&quot;0&quot;,&quot;copyright&quot;:&quot;&quot;,&quot;focal_length&quot;:&quot;0&quot;,&quot;iso&quot;:&quot;0&quot;,&quot;shutter_speed&quot;:&quot;0&quot;,&quot;title&quot;:&quot;&quot;,&quot;orientation&quot;:&quot;0&quot;}\" data-image-title=\"Noct-66-genRVB_h40\" data-image-description=\"\" data-image-caption=\"\" data-medium-file=\"https:\/\/i0.wp.com\/www.horizonemployeur.fr\/wordpress\/wp-content\/uploads\/2018\/06\/Noct-66-genRVB_h40.png?fit=62%2C40&amp;ssl=1\" data-large-file=\"https:\/\/i0.wp.com\/www.horizonemployeur.fr\/wordpress\/wp-content\/uploads\/2018\/06\/Noct-66-genRVB_h40.png?fit=62%2C40&amp;ssl=1\" decoding=\"async\" loading=\"lazy\" class=\"alignnone  wp-image-5323\" src=\"https:\/\/i0.wp.com\/www.horizonemployeur.fr\/wordpress\/wp-content\/uploads\/2018\/06\/Noct-66-genRVB_h40.png?resize=50%2C32\" alt=\"\" width=\"50\" height=\"32\"  data-recalc-dims=\"1\"><\/a><br \/>\n<img data-attachment-id=\"5326\" data-permalink=\"https:\/\/www.horizonemployeur.fr\/wordpress\/2018\/06\/30\/horaires-ete-2018\/t-flou0-160x160-bleu_h40\/\" data-orig-file=\"https:\/\/i0.wp.com\/www.horizonemployeur.fr\/wordpress\/wp-content\/uploads\/2018\/06\/T-flou0-160x160-bleu_h40.png?fit=40%2C40&amp;ssl=1\" data-orig-size=\"40,40\" data-comments-opened=\"1\" data-image-meta=\"{&quot;aperture&quot;:&quot;0&quot;,&quot;credit&quot;:&quot;&quot;,&quot;camera&quot;:&quot;&quot;,&quot;caption&quot;:&quot;&quot;,&quot;created_timestamp&quot;:&quot;0&quot;,&quot;copyright&quot;:&quot;&quot;,&quot;focal_length&quot;:&quot;0&quot;,&quot;iso&quot;:&quot;0&quot;,&quot;shutter_speed&quot;:&quot;0&quot;,&quot;title&quot;:&quot;&quot;,&quot;orientation&quot;:&quot;0&quot;}\" data-image-title=\"T-flou0-160&#215;160-bleu_h40\" data-image-description=\"\" data-image-caption=\"\" data-medium-file=\"https:\/\/i0.wp.com\/www.horizonemployeur.fr\/wordpress\/wp-content\/uploads\/2018\/06\/T-flou0-160x160-bleu_h40.png?fit=40%2C40&amp;ssl=1\" data-large-file=\"https:\/\/i0.wp.com\/www.horizonemployeur.fr\/wordpress\/wp-content\/uploads\/2018\/06\/T-flou0-160x160-bleu_h40.png?fit=40%2C40&amp;ssl=1\" decoding=\"async\" loading=\"lazy\" class=\"alignnone  wp-image-5326\" src=\"https:\/\/i0.wp.com\/www.horizonemployeur.fr\/wordpress\/wp-content\/uploads\/2018\/06\/T-flou0-160x160-bleu_h40.png?resize=32%2C32\" alt=\"\" width=\"32\" height=\"32\"  data-recalc-dims=\"1\">&nbsp;<a href=\"https:\/\/www.ratp.fr\/sites\/default\/files\/lines-assets\/fiche-horaire\/tram\/fiche-horaire_tram_ligne-t2.pdf\" target=\"_blank\" rel=\"noopener\"><img data-attachment-id=\"5324\" data-permalink=\"https:\/\/www.horizonemployeur.fr\/wordpress\/2018\/06\/30\/horaires-ete-2018\/t2genrvb_h40\/\" data-orig-file=\"https:\/\/i0.wp.com\/www.horizonemployeur.fr\/wordpress\/wp-content\/uploads\/2018\/06\/T2genRVB_h40.png?fit=40%2C40&amp;ssl=1\" data-orig-size=\"40,40\" data-comments-opened=\"1\" data-image-meta=\"{&quot;aperture&quot;:&quot;0&quot;,&quot;credit&quot;:&quot;&quot;,&quot;camera&quot;:&quot;&quot;,&quot;caption&quot;:&quot;&quot;,&quot;created_timestamp&quot;:&quot;0&quot;,&quot;copyright&quot;:&quot;&quot;,&quot;focal_length&quot;:&quot;0&quot;,&quot;iso&quot;:&quot;0&quot;,&quot;shutter_speed&quot;:&quot;0&quot;,&quot;title&quot;:&quot;&quot;,&quot;orientation&quot;:&quot;0&quot;}\" data-image-title=\"T2genRVB_h40\" data-image-description=\"\" data-image-caption=\"\" data-medium-file=\"https:\/\/i0.wp.com\/www.horizonemployeur.fr\/wordpress\/wp-content\/uploads\/2018\/06\/T2genRVB_h40.png?fit=40%2C40&amp;ssl=1\" data-large-file=\"https:\/\/i0.wp.com\/www.horizonemployeur.fr\/wordpress\/wp-content\/uploads\/2018\/06\/T2genRVB_h40.png?fit=40%2C40&amp;ssl=1\" decoding=\"async\" loading=\"lazy\" class=\"alignnone  wp-image-5324\" style=\"font-family: inherit; font-size: inherit;\" src=\"https:\/\/i0.wp.com\/www.horizonemployeur.fr\/wordpress\/wp-content\/uploads\/2018\/06\/T2genRVB_h40.png?resize=32%2C32\" alt=\"\" width=\"32\" height=\"32\"  data-recalc-dims=\"1\"><\/a>&nbsp;<a href=\"https:\/\/www.ratp.fr\/sites\/default\/files\/lines-assets\/fiche-horaire\/tram\/fiche-horaire_tram_ligne-t6.pdf\"><img data-attachment-id=\"5325\" data-permalink=\"https:\/\/www.horizonemployeur.fr\/wordpress\/2018\/06\/30\/horaires-ete-2018\/t6genrvb_h40\/\" data-orig-file=\"https:\/\/i0.wp.com\/www.horizonemployeur.fr\/wordpress\/wp-content\/uploads\/2018\/06\/T6genRVB_h40.png?fit=40%2C40&amp;ssl=1\" data-orig-size=\"40,40\" data-comments-opened=\"1\" data-image-meta=\"{&quot;aperture&quot;:&quot;0&quot;,&quot;credit&quot;:&quot;&quot;,&quot;camera&quot;:&quot;&quot;,&quot;caption&quot;:&quot;&quot;,&quot;created_timestamp&quot;:&quot;0&quot;,&quot;copyright&quot;:&quot;&quot;,&quot;focal_length&quot;:&quot;0&quot;,&quot;iso&quot;:&quot;0&quot;,&quot;shutter_speed&quot;:&quot;0&quot;,&quot;title&quot;:&quot;&quot;,&quot;orientation&quot;:&quot;0&quot;}\" data-image-title=\"T6genRVB_h40\" data-image-description=\"\" data-image-caption=\"\" data-medium-file=\"https:\/\/i0.wp.com\/www.horizonemployeur.fr\/wordpress\/wp-content\/uploads\/2018\/06\/T6genRVB_h40.png?fit=40%2C40&amp;ssl=1\" data-large-file=\"https:\/\/i0.wp.com\/www.horizonemployeur.fr\/wordpress\/wp-content\/uploads\/2018\/06\/T6genRVB_h40.png?fit=40%2C40&amp;ssl=1\" decoding=\"async\" loading=\"lazy\" class=\"alignnone  wp-image-5325\" style=\"font-family: inherit; font-size: inherit;\" src=\"https:\/\/i0.wp.com\/www.horizonemployeur.fr\/wordpress\/wp-content\/uploads\/2018\/06\/T6genRVB_h40.png?resize=32%2C32\" alt=\"\" width=\"32\" height=\"32\"  data-recalc-dims=\"1\"><\/a><\/td>\n<\/tr>\n<tr>\n<td style=\"width: 25%;\">Ph\u00e9bus V\u00e9lizy<\/td>\n<td style=\"width: 40%;\">Du lundi 23 juillet au dimanche 26 ao\u00fbt<\/td>\n<td style=\"width: 35%;\"><a href=\"https:\/\/www.phebus.tm.fr\/fileadmin\/Sites\/Phebus\/SE_DEPLACER\/Horaires_2017-2018\/Horaires_ete\/Ligne_22.pdf\" target=\"_blank\" rel=\"noopener\"><img data-attachment-id=\"5296\" data-permalink=\"https:\/\/www.horizonemployeur.fr\/wordpress\/2018\/06\/30\/horaires-ete-2018\/phebus_22\/\" data-orig-file=\"https:\/\/i0.wp.com\/www.horizonemployeur.fr\/wordpress\/wp-content\/uploads\/2018\/06\/phebus_22.png?fit=32%2C32&amp;ssl=1\" data-orig-size=\"32,32\" data-comments-opened=\"1\" data-image-meta=\"{&quot;aperture&quot;:&quot;0&quot;,&quot;credit&quot;:&quot;&quot;,&quot;camera&quot;:&quot;&quot;,&quot;caption&quot;:&quot;&quot;,&quot;created_timestamp&quot;:&quot;0&quot;,&quot;copyright&quot;:&quot;&quot;,&quot;focal_length&quot;:&quot;0&quot;,&quot;iso&quot;:&quot;0&quot;,&quot;shutter_speed&quot;:&quot;0&quot;,&quot;title&quot;:&quot;&quot;,&quot;orientation&quot;:&quot;0&quot;}\" data-image-title=\"phebus_22\" data-image-description=\"\" data-image-caption=\"\" data-medium-file=\"https:\/\/i0.wp.com\/www.horizonemployeur.fr\/wordpress\/wp-content\/uploads\/2018\/06\/phebus_22.png?fit=32%2C32&amp;ssl=1\" data-large-file=\"https:\/\/i0.wp.com\/www.horizonemployeur.fr\/wordpress\/wp-content\/uploads\/2018\/06\/phebus_22.png?fit=32%2C32&amp;ssl=1\" decoding=\"async\" loading=\"lazy\" class=\"alignnone size-full wp-image-5296\" style=\"font-family: inherit; font-size: inherit;\" src=\"https:\/\/i0.wp.com\/www.horizonemployeur.fr\/wordpress\/wp-content\/uploads\/2018\/06\/phebus_22.png?resize=32%2C32\" alt=\"\" width=\"32\" height=\"32\"  data-recalc-dims=\"1\"><\/a>&nbsp;<a href=\"https:\/\/www.phebus.tm.fr\/fileadmin\/Sites\/Phebus\/SE_DEPLACER\/Horaires_2017-2018\/Horaires_ete\/Ligne_23.pdf\" target=\"_blank\" rel=\"noopener\"><img data-attachment-id=\"5297\" data-permalink=\"https:\/\/www.horizonemployeur.fr\/wordpress\/2018\/06\/30\/horaires-ete-2018\/phebus_23\/\" data-orig-file=\"https:\/\/i0.wp.com\/www.horizonemployeur.fr\/wordpress\/wp-content\/uploads\/2018\/06\/phebus_23.png?fit=32%2C32&amp;ssl=1\" data-orig-size=\"32,32\" data-comments-opened=\"1\" data-image-meta=\"{&quot;aperture&quot;:&quot;0&quot;,&quot;credit&quot;:&quot;&quot;,&quot;camera&quot;:&quot;&quot;,&quot;caption&quot;:&quot;&quot;,&quot;created_timestamp&quot;:&quot;0&quot;,&quot;copyright&quot;:&quot;&quot;,&quot;focal_length&quot;:&quot;0&quot;,&quot;iso&quot;:&quot;0&quot;,&quot;shutter_speed&quot;:&quot;0&quot;,&quot;title&quot;:&quot;&quot;,&quot;orientation&quot;:&quot;0&quot;}\" data-image-title=\"phebus_23\" data-image-description=\"\" data-image-caption=\"\" data-medium-file=\"https:\/\/i0.wp.com\/www.horizonemployeur.fr\/wordpress\/wp-content\/uploads\/2018\/06\/phebus_23.png?fit=32%2C32&amp;ssl=1\" data-large-file=\"https:\/\/i0.wp.com\/www.horizonemployeur.fr\/wordpress\/wp-content\/uploads\/2018\/06\/phebus_23.png?fit=32%2C32&amp;ssl=1\" decoding=\"async\" loading=\"lazy\" class=\"alignnone size-full wp-image-5297\" style=\"font-family: inherit; font-size: inherit;\" src=\"https:\/\/i0.wp.com\/www.horizonemployeur.fr\/wordpress\/wp-content\/uploads\/2018\/06\/phebus_23.png?resize=32%2C32\" alt=\"\" width=\"32\" height=\"32\"  data-recalc-dims=\"1\"><\/a>&nbsp;<a href=\"https:\/\/www.phebus.tm.fr\/fileadmin\/Sites\/Phebus\/SE_DEPLACER\/Horaires_2017-2018\/Horaires_ete\/Ligne_24.pdf\" target=\"_blank\" rel=\"noopener\"><img data-attachment-id=\"5298\" data-permalink=\"https:\/\/www.horizonemployeur.fr\/wordpress\/2018\/06\/30\/horaires-ete-2018\/phebus_24\/\" data-orig-file=\"https:\/\/i0.wp.com\/www.horizonemployeur.fr\/wordpress\/wp-content\/uploads\/2018\/06\/phebus_24.png?fit=32%2C32&amp;ssl=1\" data-orig-size=\"32,32\" data-comments-opened=\"1\" data-image-meta=\"{&quot;aperture&quot;:&quot;0&quot;,&quot;credit&quot;:&quot;&quot;,&quot;camera&quot;:&quot;&quot;,&quot;caption&quot;:&quot;&quot;,&quot;created_timestamp&quot;:&quot;0&quot;,&quot;copyright&quot;:&quot;&quot;,&quot;focal_length&quot;:&quot;0&quot;,&quot;iso&quot;:&quot;0&quot;,&quot;shutter_speed&quot;:&quot;0&quot;,&quot;title&quot;:&quot;&quot;,&quot;orientation&quot;:&quot;0&quot;}\" data-image-title=\"phebus_24\" data-image-description=\"\" data-image-caption=\"\" data-medium-file=\"https:\/\/i0.wp.com\/www.horizonemployeur.fr\/wordpress\/wp-content\/uploads\/2018\/06\/phebus_24.png?fit=32%2C32&amp;ssl=1\" data-large-file=\"https:\/\/i0.wp.com\/www.horizonemployeur.fr\/wordpress\/wp-content\/uploads\/2018\/06\/phebus_24.png?fit=32%2C32&amp;ssl=1\" decoding=\"async\" loading=\"lazy\" class=\"alignnone size-full wp-image-5298\" style=\"font-family: inherit; font-size: inherit;\" src=\"https:\/\/i0.wp.com\/www.horizonemployeur.fr\/wordpress\/wp-content\/uploads\/2018\/06\/phebus_24.png?resize=32%2C32\" alt=\"\" width=\"32\" height=\"32\"  data-recalc-dims=\"1\"><br \/>\n<\/a><a href=\"https:\/\/www.phebus.tm.fr\/fileadmin\/Sites\/Phebus\/SE_DEPLACER\/Horaires_2017-2018\/Horaires_ete\/Ligne_31.pdf\" target=\"_blank\" rel=\"noopener\"><img data-attachment-id=\"5299\" data-permalink=\"https:\/\/www.horizonemployeur.fr\/wordpress\/2018\/06\/30\/horaires-ete-2018\/phebus_31\/\" data-orig-file=\"https:\/\/i0.wp.com\/www.horizonemployeur.fr\/wordpress\/wp-content\/uploads\/2018\/06\/phebus_31.png?fit=32%2C32&amp;ssl=1\" data-orig-size=\"32,32\" data-comments-opened=\"1\" data-image-meta=\"{&quot;aperture&quot;:&quot;0&quot;,&quot;credit&quot;:&quot;&quot;,&quot;camera&quot;:&quot;&quot;,&quot;caption&quot;:&quot;&quot;,&quot;created_timestamp&quot;:&quot;0&quot;,&quot;copyright&quot;:&quot;&quot;,&quot;focal_length&quot;:&quot;0&quot;,&quot;iso&quot;:&quot;0&quot;,&quot;shutter_speed&quot;:&quot;0&quot;,&quot;title&quot;:&quot;&quot;,&quot;orientation&quot;:&quot;0&quot;}\" data-image-title=\"phebus_31\" data-image-description=\"\" data-image-caption=\"\" data-medium-file=\"https:\/\/i0.wp.com\/www.horizonemployeur.fr\/wordpress\/wp-content\/uploads\/2018\/06\/phebus_31.png?fit=32%2C32&amp;ssl=1\" data-large-file=\"https:\/\/i0.wp.com\/www.horizonemployeur.fr\/wordpress\/wp-content\/uploads\/2018\/06\/phebus_31.png?fit=32%2C32&amp;ssl=1\" decoding=\"async\" loading=\"lazy\" class=\"alignnone size-full wp-image-5299\" style=\"font-family: inherit; font-size: inherit;\" src=\"https:\/\/i0.wp.com\/www.horizonemployeur.fr\/wordpress\/wp-content\/uploads\/2018\/06\/phebus_31.png?resize=32%2C32\" alt=\"\" width=\"32\" height=\"32\"  data-recalc-dims=\"1\"><\/a>&nbsp;<a href=\"https:\/\/www.phebus.tm.fr\/fileadmin\/Sites\/Phebus\/SE_DEPLACER\/Horaires_2017-2018\/Horaires_ete\/Ligne_32.pdf\" target=\"_blank\" rel=\"noopener\"><img data-attachment-id=\"5300\" data-permalink=\"https:\/\/www.horizonemployeur.fr\/wordpress\/2018\/06\/30\/horaires-ete-2018\/phebus_32\/\" data-orig-file=\"https:\/\/i0.wp.com\/www.horizonemployeur.fr\/wordpress\/wp-content\/uploads\/2018\/06\/phebus_32.png?fit=32%2C32&amp;ssl=1\" data-orig-size=\"32,32\" data-comments-opened=\"1\" data-image-meta=\"{&quot;aperture&quot;:&quot;0&quot;,&quot;credit&quot;:&quot;&quot;,&quot;camera&quot;:&quot;&quot;,&quot;caption&quot;:&quot;&quot;,&quot;created_timestamp&quot;:&quot;0&quot;,&quot;copyright&quot;:&quot;&quot;,&quot;focal_length&quot;:&quot;0&quot;,&quot;iso&quot;:&quot;0&quot;,&quot;shutter_speed&quot;:&quot;0&quot;,&quot;title&quot;:&quot;&quot;,&quot;orientation&quot;:&quot;0&quot;}\" data-image-title=\"phebus_32\" data-image-description=\"\" data-image-caption=\"\" data-medium-file=\"https:\/\/i0.wp.com\/www.horizonemployeur.fr\/wordpress\/wp-content\/uploads\/2018\/06\/phebus_32.png?fit=32%2C32&amp;ssl=1\" data-large-file=\"https:\/\/i0.wp.com\/www.horizonemployeur.fr\/wordpress\/wp-content\/uploads\/2018\/06\/phebus_32.png?fit=32%2C32&amp;ssl=1\" decoding=\"async\" loading=\"lazy\" class=\"alignnone size-full wp-image-5300\" style=\"font-family: inherit; font-size: inherit;\" src=\"https:\/\/i0.wp.com\/www.horizonemployeur.fr\/wordpress\/wp-content\/uploads\/2018\/06\/phebus_32.png?resize=32%2C32\" alt=\"\" width=\"32\" height=\"32\"  data-recalc-dims=\"1\"><\/a>&nbsp;<a href=\"https:\/\/www.phebus.tm.fr\/fileadmin\/Sites\/Phebus\/SE_DEPLACER\/Horaires_2017-2018\/Horaires_ete\/Ligne_33.pdf\" target=\"_blank\" rel=\"noopener\"><img data-attachment-id=\"5301\" data-permalink=\"https:\/\/www.horizonemployeur.fr\/wordpress\/2018\/06\/30\/horaires-ete-2018\/phebus_33\/\" data-orig-file=\"https:\/\/i0.wp.com\/www.horizonemployeur.fr\/wordpress\/wp-content\/uploads\/2018\/06\/phebus_33.png?fit=32%2C32&amp;ssl=1\" data-orig-size=\"32,32\" data-comments-opened=\"1\" data-image-meta=\"{&quot;aperture&quot;:&quot;0&quot;,&quot;credit&quot;:&quot;&quot;,&quot;camera&quot;:&quot;&quot;,&quot;caption&quot;:&quot;&quot;,&quot;created_timestamp&quot;:&quot;0&quot;,&quot;copyright&quot;:&quot;&quot;,&quot;focal_length&quot;:&quot;0&quot;,&quot;iso&quot;:&quot;0&quot;,&quot;shutter_speed&quot;:&quot;0&quot;,&quot;title&quot;:&quot;&quot;,&quot;orientation&quot;:&quot;0&quot;}\" data-image-title=\"phebus_33\" data-image-description=\"\" data-image-caption=\"\" data-medium-file=\"https:\/\/i0.wp.com\/www.horizonemployeur.fr\/wordpress\/wp-content\/uploads\/2018\/06\/phebus_33.png?fit=32%2C32&amp;ssl=1\" data-large-file=\"https:\/\/i0.wp.com\/www.horizonemployeur.fr\/wordpress\/wp-content\/uploads\/2018\/06\/phebus_33.png?fit=32%2C32&amp;ssl=1\" decoding=\"async\" loading=\"lazy\" class=\"alignnone size-full wp-image-5301\" style=\"font-family: inherit; font-size: inherit;\" src=\"https:\/\/i0.wp.com\/www.horizonemployeur.fr\/wordpress\/wp-content\/uploads\/2018\/06\/phebus_33.png?resize=32%2C32\" alt=\"\" width=\"32\" height=\"32\"  data-recalc-dims=\"1\"><\/a>&nbsp;<a href=\"https:\/\/www.phebus.tm.fr\/fileadmin\/Sites\/Phebus\/SE_DEPLACER\/Horaires_2017-2018\/Horaires_ete\/Ligne_34.pdf\" target=\"_blank\" rel=\"noopener\"><img data-attachment-id=\"5302\" data-permalink=\"https:\/\/www.horizonemployeur.fr\/wordpress\/2018\/06\/30\/horaires-ete-2018\/phebus_34\/\" data-orig-file=\"https:\/\/i0.wp.com\/www.horizonemployeur.fr\/wordpress\/wp-content\/uploads\/2018\/06\/phebus_34.png?fit=32%2C32&amp;ssl=1\" data-orig-size=\"32,32\" data-comments-opened=\"1\" data-image-meta=\"{&quot;aperture&quot;:&quot;0&quot;,&quot;credit&quot;:&quot;&quot;,&quot;camera&quot;:&quot;&quot;,&quot;caption&quot;:&quot;&quot;,&quot;created_timestamp&quot;:&quot;0&quot;,&quot;copyright&quot;:&quot;&quot;,&quot;focal_length&quot;:&quot;0&quot;,&quot;iso&quot;:&quot;0&quot;,&quot;shutter_speed&quot;:&quot;0&quot;,&quot;title&quot;:&quot;&quot;,&quot;orientation&quot;:&quot;0&quot;}\" data-image-title=\"phebus_34\" data-image-description=\"\" data-image-caption=\"\" data-medium-file=\"https:\/\/i0.wp.com\/www.horizonemployeur.fr\/wordpress\/wp-content\/uploads\/2018\/06\/phebus_34.png?fit=32%2C32&amp;ssl=1\" data-large-file=\"https:\/\/i0.wp.com\/www.horizonemployeur.fr\/wordpress\/wp-content\/uploads\/2018\/06\/phebus_34.png?fit=32%2C32&amp;ssl=1\" decoding=\"async\" loading=\"lazy\" class=\"alignnone size-full wp-image-5302\" style=\"font-family: inherit; font-size: inherit;\" src=\"https:\/\/i0.wp.com\/www.horizonemployeur.fr\/wordpress\/wp-content\/uploads\/2018\/06\/phebus_34.png?resize=32%2C32\" alt=\"\" width=\"32\" height=\"32\"  data-recalc-dims=\"1\"><br \/>\n<\/a><a href=\"https:\/\/www.phebus.tm.fr\/fileadmin\/Sites\/Phebus\/SE_DEPLACER\/Horaires_2017-2018\/Horaires_ete\/Ligne_40.pdf\" target=\"_blank\" rel=\"noopener\"><img data-attachment-id=\"5305\" data-permalink=\"https:\/\/www.horizonemployeur.fr\/wordpress\/2018\/06\/30\/horaires-ete-2018\/phebus_40\/\" data-orig-file=\"https:\/\/i0.wp.com\/www.horizonemployeur.fr\/wordpress\/wp-content\/uploads\/2018\/06\/phebus_40.png?fit=32%2C32&amp;ssl=1\" data-orig-size=\"32,32\" data-comments-opened=\"1\" data-image-meta=\"{&quot;aperture&quot;:&quot;0&quot;,&quot;credit&quot;:&quot;&quot;,&quot;camera&quot;:&quot;&quot;,&quot;caption&quot;:&quot;&quot;,&quot;created_timestamp&quot;:&quot;0&quot;,&quot;copyright&quot;:&quot;&quot;,&quot;focal_length&quot;:&quot;0&quot;,&quot;iso&quot;:&quot;0&quot;,&quot;shutter_speed&quot;:&quot;0&quot;,&quot;title&quot;:&quot;&quot;,&quot;orientation&quot;:&quot;0&quot;}\" data-image-title=\"phebus_40\" data-image-description=\"\" data-image-caption=\"\" data-medium-file=\"https:\/\/i0.wp.com\/www.horizonemployeur.fr\/wordpress\/wp-content\/uploads\/2018\/06\/phebus_40.png?fit=32%2C32&amp;ssl=1\" data-large-file=\"https:\/\/i0.wp.com\/www.horizonemployeur.fr\/wordpress\/wp-content\/uploads\/2018\/06\/phebus_40.png?fit=32%2C32&amp;ssl=1\" decoding=\"async\" loading=\"lazy\" class=\"alignnone size-full wp-image-5305\" style=\"font-family: inherit; font-size: inherit;\" src=\"https:\/\/i0.wp.com\/www.horizonemployeur.fr\/wordpress\/wp-content\/uploads\/2018\/06\/phebus_40.png?resize=32%2C32\" alt=\"\" width=\"32\" height=\"32\"  data-recalc-dims=\"1\"><\/a>&nbsp;<a href=\"https:\/\/www.phebus.tm.fr\/fileadmin\/Sites\/Phebus\/SE_DEPLACER\/Horaires_2017-2018\/Horaires_ete\/Ligne_42.pdf\" target=\"_blank\" rel=\"noopener\"><img data-attachment-id=\"5306\" data-permalink=\"https:\/\/www.horizonemployeur.fr\/wordpress\/2018\/06\/30\/horaires-ete-2018\/phebus_42\/\" data-orig-file=\"https:\/\/i0.wp.com\/www.horizonemployeur.fr\/wordpress\/wp-content\/uploads\/2018\/06\/phebus_42.png?fit=32%2C32&amp;ssl=1\" data-orig-size=\"32,32\" data-comments-opened=\"1\" data-image-meta=\"{&quot;aperture&quot;:&quot;0&quot;,&quot;credit&quot;:&quot;&quot;,&quot;camera&quot;:&quot;&quot;,&quot;caption&quot;:&quot;&quot;,&quot;created_timestamp&quot;:&quot;0&quot;,&quot;copyright&quot;:&quot;&quot;,&quot;focal_length&quot;:&quot;0&quot;,&quot;iso&quot;:&quot;0&quot;,&quot;shutter_speed&quot;:&quot;0&quot;,&quot;title&quot;:&quot;&quot;,&quot;orientation&quot;:&quot;0&quot;}\" data-image-title=\"phebus_42\" data-image-description=\"\" data-image-caption=\"\" data-medium-file=\"https:\/\/i0.wp.com\/www.horizonemployeur.fr\/wordpress\/wp-content\/uploads\/2018\/06\/phebus_42.png?fit=32%2C32&amp;ssl=1\" data-large-file=\"https:\/\/i0.wp.com\/www.horizonemployeur.fr\/wordpress\/wp-content\/uploads\/2018\/06\/phebus_42.png?fit=32%2C32&amp;ssl=1\" decoding=\"async\" loading=\"lazy\" class=\"alignnone size-full wp-image-5306\" style=\"font-family: inherit; font-size: inherit;\" src=\"https:\/\/i0.wp.com\/www.horizonemployeur.fr\/wordpress\/wp-content\/uploads\/2018\/06\/phebus_42.png?resize=32%2C32\" alt=\"\" width=\"32\" height=\"32\"  data-recalc-dims=\"1\"><\/a>&nbsp;<a href=\"https:\/\/www.phebus.tm.fr\/fileadmin\/Sites\/Phebus\/SE_DEPLACER\/Horaires_2017-2018\/Horaires_ete\/Ligne_45.pdf\" target=\"_blank\" rel=\"noopener\"><img data-attachment-id=\"5307\" data-permalink=\"https:\/\/www.horizonemployeur.fr\/wordpress\/2018\/06\/30\/horaires-ete-2018\/phebus_45\/\" data-orig-file=\"https:\/\/i0.wp.com\/www.horizonemployeur.fr\/wordpress\/wp-content\/uploads\/2018\/06\/phebus_45.png?fit=32%2C32&amp;ssl=1\" data-orig-size=\"32,32\" data-comments-opened=\"1\" data-image-meta=\"{&quot;aperture&quot;:&quot;0&quot;,&quot;credit&quot;:&quot;&quot;,&quot;camera&quot;:&quot;&quot;,&quot;caption&quot;:&quot;&quot;,&quot;created_timestamp&quot;:&quot;0&quot;,&quot;copyright&quot;:&quot;&quot;,&quot;focal_length&quot;:&quot;0&quot;,&quot;iso&quot;:&quot;0&quot;,&quot;shutter_speed&quot;:&quot;0&quot;,&quot;title&quot;:&quot;&quot;,&quot;orientation&quot;:&quot;0&quot;}\" data-image-title=\"phebus_45\" data-image-description=\"\" data-image-caption=\"\" data-medium-file=\"https:\/\/i0.wp.com\/www.horizonemployeur.fr\/wordpress\/wp-content\/uploads\/2018\/06\/phebus_45.png?fit=32%2C32&amp;ssl=1\" data-large-file=\"https:\/\/i0.wp.com\/www.horizonemployeur.fr\/wordpress\/wp-content\/uploads\/2018\/06\/phebus_45.png?fit=32%2C32&amp;ssl=1\" decoding=\"async\" loading=\"lazy\" class=\"alignnone size-full wp-image-5307\" style=\"font-family: inherit; font-size: inherit;\" src=\"https:\/\/i0.wp.com\/www.horizonemployeur.fr\/wordpress\/wp-content\/uploads\/2018\/06\/phebus_45.png?resize=32%2C32\" alt=\"\" width=\"32\" height=\"32\"  data-recalc-dims=\"1\"><br \/>\n<\/a><a href=\"https:\/\/www.phebus.tm.fr\/fileadmin\/Sites\/Phebus\/SE_DEPLACER\/Horaires_2017-2018\/Horaires_ete\/Ligne_60.pdf\" target=\"_blank\" rel=\"noopener\"><img data-attachment-id=\"5308\" data-permalink=\"https:\/\/www.horizonemployeur.fr\/wordpress\/2018\/06\/30\/horaires-ete-2018\/phebus_60\/\" data-orig-file=\"https:\/\/i0.wp.com\/www.horizonemployeur.fr\/wordpress\/wp-content\/uploads\/2018\/06\/phebus_60.png?fit=32%2C32&amp;ssl=1\" data-orig-size=\"32,32\" data-comments-opened=\"1\" data-image-meta=\"{&quot;aperture&quot;:&quot;0&quot;,&quot;credit&quot;:&quot;&quot;,&quot;camera&quot;:&quot;&quot;,&quot;caption&quot;:&quot;&quot;,&quot;created_timestamp&quot;:&quot;0&quot;,&quot;copyright&quot;:&quot;&quot;,&quot;focal_length&quot;:&quot;0&quot;,&quot;iso&quot;:&quot;0&quot;,&quot;shutter_speed&quot;:&quot;0&quot;,&quot;title&quot;:&quot;&quot;,&quot;orientation&quot;:&quot;0&quot;}\" data-image-title=\"phebus_60\" data-image-description=\"\" data-image-caption=\"\" data-medium-file=\"https:\/\/i0.wp.com\/www.horizonemployeur.fr\/wordpress\/wp-content\/uploads\/2018\/06\/phebus_60.png?fit=32%2C32&amp;ssl=1\" data-large-file=\"https:\/\/i0.wp.com\/www.horizonemployeur.fr\/wordpress\/wp-content\/uploads\/2018\/06\/phebus_60.png?fit=32%2C32&amp;ssl=1\" decoding=\"async\" loading=\"lazy\" class=\"alignnone size-full wp-image-5308\" style=\"font-family: inherit; font-size: inherit;\" src=\"https:\/\/i0.wp.com\/www.horizonemployeur.fr\/wordpress\/wp-content\/uploads\/2018\/06\/phebus_60.png?resize=32%2C32\" alt=\"\" width=\"32\" height=\"32\"  data-recalc-dims=\"1\"><\/a><\/td>\n<\/tr>\n<tr>\n<td>Ph\u00e9bus Versailles<\/td>\n<td>Du samedi 7 juillet au dimanche 26 ao\u00fbt<\/td>\n<td><a href=\"https:\/\/www.phebus.tm.fr\/fileadmin\/Sites\/Phebus\/SE_DEPLACER\/Horaires_2017-2018\/Horaires_ete\/Ligne_B.pdf\" target=\"_blank\" rel=\"noopener\"><img data-attachment-id=\"5309\" data-permalink=\"https:\/\/www.horizonemployeur.fr\/wordpress\/2018\/06\/30\/horaires-ete-2018\/phebus_b\/\" data-orig-file=\"https:\/\/i0.wp.com\/www.horizonemployeur.fr\/wordpress\/wp-content\/uploads\/2018\/06\/phebus_B.png?fit=32%2C32&amp;ssl=1\" data-orig-size=\"32,32\" data-comments-opened=\"1\" data-image-meta=\"{&quot;aperture&quot;:&quot;0&quot;,&quot;credit&quot;:&quot;&quot;,&quot;camera&quot;:&quot;&quot;,&quot;caption&quot;:&quot;&quot;,&quot;created_timestamp&quot;:&quot;0&quot;,&quot;copyright&quot;:&quot;&quot;,&quot;focal_length&quot;:&quot;0&quot;,&quot;iso&quot;:&quot;0&quot;,&quot;shutter_speed&quot;:&quot;0&quot;,&quot;title&quot;:&quot;&quot;,&quot;orientation&quot;:&quot;0&quot;}\" data-image-title=\"phebus_B\" data-image-description=\"\" data-image-caption=\"\" data-medium-file=\"https:\/\/i0.wp.com\/www.horizonemployeur.fr\/wordpress\/wp-content\/uploads\/2018\/06\/phebus_B.png?fit=32%2C32&amp;ssl=1\" data-large-file=\"https:\/\/i0.wp.com\/www.horizonemployeur.fr\/wordpress\/wp-content\/uploads\/2018\/06\/phebus_B.png?fit=32%2C32&amp;ssl=1\" decoding=\"async\" loading=\"lazy\" class=\"alignnone size-full wp-image-5309\" style=\"font-weight: bold; text-align: center;\" src=\"https:\/\/i0.wp.com\/www.horizonemployeur.fr\/wordpress\/wp-content\/uploads\/2018\/06\/phebus_B.png?resize=32%2C32\" alt=\"\" width=\"32\" height=\"32\"  data-recalc-dims=\"1\"><\/a>&nbsp;<a href=\"https:\/\/www.phebus.tm.fr\/fileadmin\/Sites\/Phebus\/SE_DEPLACER\/Horaires_2017-2018\/Horaires_ete\/Ligne_D.pdf\" target=\"_blank\" rel=\"noopener\"><img data-attachment-id=\"5310\" data-permalink=\"https:\/\/www.horizonemployeur.fr\/wordpress\/2018\/06\/30\/horaires-ete-2018\/phebus_d\/\" data-orig-file=\"https:\/\/i0.wp.com\/www.horizonemployeur.fr\/wordpress\/wp-content\/uploads\/2018\/06\/phebus_D.png?fit=32%2C32&amp;ssl=1\" data-orig-size=\"32,32\" data-comments-opened=\"1\" data-image-meta=\"{&quot;aperture&quot;:&quot;0&quot;,&quot;credit&quot;:&quot;&quot;,&quot;camera&quot;:&quot;&quot;,&quot;caption&quot;:&quot;&quot;,&quot;created_timestamp&quot;:&quot;0&quot;,&quot;copyright&quot;:&quot;&quot;,&quot;focal_length&quot;:&quot;0&quot;,&quot;iso&quot;:&quot;0&quot;,&quot;shutter_speed&quot;:&quot;0&quot;,&quot;title&quot;:&quot;&quot;,&quot;orientation&quot;:&quot;0&quot;}\" data-image-title=\"phebus_D\" data-image-description=\"\" data-image-caption=\"\" data-medium-file=\"https:\/\/i0.wp.com\/www.horizonemployeur.fr\/wordpress\/wp-content\/uploads\/2018\/06\/phebus_D.png?fit=32%2C32&amp;ssl=1\" data-large-file=\"https:\/\/i0.wp.com\/www.horizonemployeur.fr\/wordpress\/wp-content\/uploads\/2018\/06\/phebus_D.png?fit=32%2C32&amp;ssl=1\" decoding=\"async\" loading=\"lazy\" class=\"alignnone size-full wp-image-5310\" src=\"https:\/\/i0.wp.com\/www.horizonemployeur.fr\/wordpress\/wp-content\/uploads\/2018\/06\/phebus_D.png?resize=32%2C32\" alt=\"\" width=\"32\" height=\"32\"  data-recalc-dims=\"1\"><\/a>&nbsp;<a href=\"https:\/\/www.phebus.tm.fr\/fileadmin\/Sites\/Phebus\/SE_DEPLACER\/Horaires_2017-2018\/Horaires_ete\/Ligne_U.pdf\" target=\"_blank\" rel=\"noopener\"><img data-attachment-id=\"5311\" data-permalink=\"https:\/\/www.horizonemployeur.fr\/wordpress\/2018\/06\/30\/horaires-ete-2018\/phebus_u\/\" data-orig-file=\"https:\/\/i0.wp.com\/www.horizonemployeur.fr\/wordpress\/wp-content\/uploads\/2018\/06\/phebus_U.png?fit=32%2C32&amp;ssl=1\" data-orig-size=\"32,32\" data-comments-opened=\"1\" data-image-meta=\"{&quot;aperture&quot;:&quot;0&quot;,&quot;credit&quot;:&quot;&quot;,&quot;camera&quot;:&quot;&quot;,&quot;caption&quot;:&quot;&quot;,&quot;created_timestamp&quot;:&quot;0&quot;,&quot;copyright&quot;:&quot;&quot;,&quot;focal_length&quot;:&quot;0&quot;,&quot;iso&quot;:&quot;0&quot;,&quot;shutter_speed&quot;:&quot;0&quot;,&quot;title&quot;:&quot;&quot;,&quot;orientation&quot;:&quot;0&quot;}\" data-image-title=\"phebus_U\" data-image-description=\"\" data-image-caption=\"\" data-medium-file=\"https:\/\/i0.wp.com\/www.horizonemployeur.fr\/wordpress\/wp-content\/uploads\/2018\/06\/phebus_U.png?fit=32%2C32&amp;ssl=1\" data-large-file=\"https:\/\/i0.wp.com\/www.horizonemployeur.fr\/wordpress\/wp-content\/uploads\/2018\/06\/phebus_U.png?fit=32%2C32&amp;ssl=1\" decoding=\"async\" loading=\"lazy\" class=\"alignnone size-full wp-image-5311\" src=\"https:\/\/i0.wp.com\/www.horizonemployeur.fr\/wordpress\/wp-content\/uploads\/2018\/06\/phebus_U.png?resize=32%2C32\" alt=\"\" width=\"32\" height=\"32\"  data-recalc-dims=\"1\"><\/a><\/td>\n<\/tr>\n<tr>\n<td>Albatrans<br \/>\nLigne <strong>91.08<\/strong><\/td>\n<td>Sans changement durant l&rsquo;\u00e9t\u00e9<\/td>\n<td>&nbsp;<\/td>\n<\/tr>\n<tr>\n<td>MobiCAPS \/&nbsp;Cars d&rsquo;Orsay<br \/>\n<strong>Ligne 15<\/strong><\/td>\n<td>Du lundi 9 juillet au dimanche 26 ao\u00fbt<\/td>\n<td style=\"width: 31.8164%;\"><a href=\"https:\/\/www.transdev-idf.com\/api\/1.0\/image\/533049563\/raw\/fh_15_ete.indd.pdf\" target=\"_blank\" rel=\"noopener\"><img data-attachment-id=\"5295\" data-permalink=\"https:\/\/www.horizonemployeur.fr\/wordpress\/2018\/06\/30\/horaires-ete-2018\/mobicaps_15\/\" data-orig-file=\"https:\/\/i0.wp.com\/www.horizonemployeur.fr\/wordpress\/wp-content\/uploads\/2018\/06\/mobicaps_15.png?fit=32%2C32&amp;ssl=1\" data-orig-size=\"32,32\" data-comments-opened=\"1\" data-image-meta=\"{&quot;aperture&quot;:&quot;0&quot;,&quot;credit&quot;:&quot;&quot;,&quot;camera&quot;:&quot;&quot;,&quot;caption&quot;:&quot;&quot;,&quot;created_timestamp&quot;:&quot;0&quot;,&quot;copyright&quot;:&quot;&quot;,&quot;focal_length&quot;:&quot;0&quot;,&quot;iso&quot;:&quot;0&quot;,&quot;shutter_speed&quot;:&quot;0&quot;,&quot;title&quot;:&quot;&quot;,&quot;orientation&quot;:&quot;0&quot;}\" data-image-title=\"mobicaps_15\" data-image-description=\"\" data-image-caption=\"\" data-medium-file=\"https:\/\/i0.wp.com\/www.horizonemployeur.fr\/wordpress\/wp-content\/uploads\/2018\/06\/mobicaps_15.png?fit=32%2C32&amp;ssl=1\" data-large-file=\"https:\/\/i0.wp.com\/www.horizonemployeur.fr\/wordpress\/wp-content\/uploads\/2018\/06\/mobicaps_15.png?fit=32%2C32&amp;ssl=1\" decoding=\"async\" loading=\"lazy\" class=\"alignnone size-full wp-image-5295\" src=\"https:\/\/i0.wp.com\/www.horizonemployeur.fr\/wordpress\/wp-content\/uploads\/2018\/06\/mobicaps_15.png?resize=32%2C32\" alt=\"\" width=\"32\" height=\"32\"  data-recalc-dims=\"1\"><\/a><\/td>\n<\/tr>\n<tr>\n<td>SAVAC<br \/>\n<strong>Ligne 307<\/strong><\/td>\n<td>Sans changement durant l&rsquo;\u00e9t\u00e9, mais la fiche horaires est r\u00e9\u00e9dit\u00e9e \u00e0 compter du lundi 2 juillet<br \/>\n<em>R\u00e9seau global: du lundi 9 juillet au dimanche 2 septembre<\/em><\/td>\n<td><a href=\"http:\/\/www.savac-transports.fr\/uploads\/media\/lines\/0001\/01\/a8eb98d5bdbe5c8920665e6fb184876f28ecb9e6.pdf\"><img data-attachment-id=\"5312\" data-permalink=\"https:\/\/www.horizonemployeur.fr\/wordpress\/2018\/06\/30\/horaires-ete-2018\/savac_307\/\" data-orig-file=\"https:\/\/i0.wp.com\/www.horizonemployeur.fr\/wordpress\/wp-content\/uploads\/2018\/06\/savac_307.png?fit=32%2C32&amp;ssl=1\" data-orig-size=\"32,32\" data-comments-opened=\"1\" data-image-meta=\"{&quot;aperture&quot;:&quot;0&quot;,&quot;credit&quot;:&quot;&quot;,&quot;camera&quot;:&quot;&quot;,&quot;caption&quot;:&quot;&quot;,&quot;created_timestamp&quot;:&quot;0&quot;,&quot;copyright&quot;:&quot;&quot;,&quot;focal_length&quot;:&quot;0&quot;,&quot;iso&quot;:&quot;0&quot;,&quot;shutter_speed&quot;:&quot;0&quot;,&quot;title&quot;:&quot;&quot;,&quot;orientation&quot;:&quot;0&quot;}\" data-image-title=\"savac_307\" data-image-description=\"\" data-image-caption=\"\" data-medium-file=\"https:\/\/i0.wp.com\/www.horizonemployeur.fr\/wordpress\/wp-content\/uploads\/2018\/06\/savac_307.png?fit=32%2C32&amp;ssl=1\" data-large-file=\"https:\/\/i0.wp.com\/www.horizonemployeur.fr\/wordpress\/wp-content\/uploads\/2018\/06\/savac_307.png?fit=32%2C32&amp;ssl=1\" decoding=\"async\" loading=\"lazy\" class=\"alignnone size-full wp-image-5312\" src=\"https:\/\/i0.wp.com\/www.horizonemployeur.fr\/wordpress\/wp-content\/uploads\/2018\/06\/savac_307.png?resize=32%2C32\" alt=\"\" width=\"32\" height=\"32\"  data-recalc-dims=\"1\"><\/a><\/td>\n<\/tr>\n<\/tbody>\n<\/table>\n","protected":false},"excerpt":{"rendered":"<p>Comme \u00e0 chaque ann\u00e9e \u00e0 pareille \u00e9poque, de nombreuses lignes de transport en commun s&rsquo;appr\u00eatent \u00e0 fonctionner au ralenti pour tenir compte d&rsquo;une moindre fr\u00e9quentation, mais aussi pour permettre aux salari\u00e9s de partir eux aussi en cong\u00e9s. Un rapide tour d&rsquo;horizon de ce qui nous attend en cet \u00e9t\u00e9 2018<\/p>\n","protected":false},"author":1,"featured_media":5327,"comment_status":"open","ping_status":"open","sticky":false,"template":"","format":"standard","meta":{"ngg_post_thumbnail":0,"jetpack_post_was_ever_published":false},"categories":[12],"tags":[22],"jetpack_featured_media_url":"https:\/\/i0.wp.com\/www.horizonemployeur.fr\/wordpress\/wp-content\/uploads\/2018\/06\/P1090229_975d.jpg?fit=975%2C466&ssl=1","jetpack_sharing_enabled":true,"jetpack_shortlink":"https:\/\/wp.me\/p7AoJR-1no","jetpack-related-posts":[{"id":511,"url":"https:\/\/www.horizonemployeur.fr\/wordpress\/2015\/06\/30\/transports-en-commun-les-horaires-de-lete-2015\/","url_meta":{"origin":5294,"position":0},"title":"Transports en commun &#8211; les horaires de l&rsquo;\u00e9t\u00e9 2015","date":"30 juin 2015","format":false,"excerpt":"Comme chaque ann\u00e9e, le 1er juillet marque le d\u00e9but de la mise en place des horaires d'\u00e9t\u00e9 sur les diff\u00e9rentes lignes qui desservent Inovel Parc. Que faut-il en attendre ? Tramway T6 Les fr\u00e9quences de desserte sont modifi\u00e9es sur les 2 mois de juillet et ao\u00fbt: Bus RATP Les horaires\u2026","rel":"","context":"Dans &quot;Transports en Commun&quot;","img":{"alt_text":"","src":"","width":0,"height":0},"classes":[]},{"id":5453,"url":"https:\/\/www.horizonemployeur.fr\/wordpress\/2018\/08\/15\/horaires-tc-rentree-2018\/","url_meta":{"origin":5294,"position":1},"title":"Horaires transports en commun: c&rsquo;est (bient\u00f4t) la rentr\u00e9e","date":"15 ao\u00fbt 2018","format":false,"excerpt":"Comme chaque ann\u00e9e \u00e0 pareille \u00e9poque, les transports en commun quittent progressivement leur l\u00e9thargie estivale pour revenir \u00e0 leur fonctionnement habituel durant la seconde moiti\u00e9 du mois d'ao\u00fbt. En cette rentr\u00e9e 2018, peu de modifications sont \u00e0 attendre au moins sur le fond, les horaires ne changeant que peu ou\u2026","rel":"","context":"Dans &quot;Transports en Commun&quot;","img":{"alt_text":"","src":"https:\/\/i0.wp.com\/www.horizonemployeur.fr\/wordpress\/wp-content\/uploads\/2018\/08\/Chaix-1914-Grande-Ceinture-from-Wikipedia.png?fit=975%2C466&ssl=1&resize=350%2C200","width":350,"height":200},"classes":[]},{"id":658,"url":"https:\/\/www.horizonemployeur.fr\/wordpress\/2015\/08\/05\/transports-en-commun-les-horaires-de-la-rentree-2015\/","url_meta":{"origin":5294,"position":2},"title":"Transports en commun \u2013 les horaires de la rentr\u00e9e 2015","date":"5 ao\u00fbt 2015","format":false,"excerpt":"C'est\u00a0cette ann\u00e9e\u00a0entre le lundi 17 ao\u00fbt et le mardi 1er septembre que se mettront progressivement en place les horaires dits \"d'hiver\", par opposition aux horaires d'\u00e9t\u00e9, sur les diverses lignes de transport en commun qui desservent Inovel Parc. Voici donc ce qui nous attend, avec relativement peu de modifications par\u2026","rel":"","context":"Dans &quot;Transports en Commun&quot;","img":{"alt_text":"","src":"","width":0,"height":0},"classes":[]},{"id":3244,"url":"https:\/\/www.horizonemployeur.fr\/wordpress\/2017\/07\/06\/horaires-ete-2017\/","url_meta":{"origin":5294,"position":3},"title":"Horaires d&rsquo;\u00e9t\u00e9 2017 dans les transports en commun","date":"6 juillet 2017","format":false,"excerpt":"Comme chaque \u00e9t\u00e9, la plupart des dessertes bus, tramways, RER et trains s'adaptent \u00e0 la baisse de la fr\u00e9quentation (et aux cong\u00e9s des conducteurs). Suivant les op\u00e9rateurs, les p\u00e9riodes d'application des horaires d'\u00e9t\u00e9 varient. Un rapide tour d'horizon des lignes de notre secteur... Bus et tramways Tramway T6 RATP Horaires\u2026","rel":"","context":"Dans &quot;Transports en Commun&quot;","img":{"alt_text":"","src":"","width":0,"height":0},"classes":[]},{"id":5348,"url":"https:\/\/www.horizonemployeur.fr\/wordpress\/2018\/07\/06\/trafic-07-07-2018\/","url_meta":{"origin":5294,"position":4},"title":"Samedi 7 juillet 2018: pr\u00e9visions de trafic SNCF","date":"6 juillet 2018","format":false,"excerpt":"Comme cela avait \u00e9t\u00e9 annonc\u00e9 depuis un certain nombre de jours, les vendredi 6 et samedi 7 juillet sont les premiers jours de gr\u00e8ve de la saison SNCF d'\u00e9t\u00e9. Cependant, \u00e0 la diff\u00e9rence de la saison pr\u00e9c\u00e9dente: ce mouvement ne regroupe pas l'ensemble des organisations syndicales il ne fait pas\u2026","rel":"","context":"Dans &quot;Transports en Commun&quot;","img":{"alt_text":"","src":"https:\/\/i0.wp.com\/www.horizonemployeur.fr\/wordpress\/wp-content\/uploads\/2018\/06\/P1150556_975d.jpg?fit=975%2C466&ssl=1&resize=350%2C200","width":350,"height":200},"classes":[]},{"id":5337,"url":"https:\/\/www.horizonemployeur.fr\/wordpress\/2018\/07\/05\/trafic-06-07-2018\/","url_meta":{"origin":5294,"position":5},"title":"Vendredi 6 juillet 2018: pr\u00e9visions de trafic SNCF","date":"5 juillet 2018","format":false,"excerpt":"Comme cela avait \u00e9t\u00e9 annonc\u00e9 depuis un certain nombre de jours, les vendredi 6 et samedi 7 juillet sont les premiers jours de gr\u00e8ve de la saison SNCF d'\u00e9t\u00e9. Cependant, \u00e0 la diff\u00e9rence de la saison pr\u00e9c\u00e9dente: ce mouvement ne regroupe pas l'ensemble des organisations syndicales il ne fait pas\u2026","rel":"","context":"Dans &quot;Transports en Commun&quot;","img":{"alt_text":"","src":"https:\/\/i0.wp.com\/www.horizonemployeur.fr\/wordpress\/wp-content\/uploads\/2018\/06\/P1150499_975d.jpg?fit=975%2C466&ssl=1&resize=350%2C200","width":350,"height":200},"classes":[]}],"_links":{"self":[{"href":"https:\/\/www.horizonemployeur.fr\/wordpress\/wp-json\/wp\/v2\/posts\/5294"}],"collection":[{"href":"https:\/\/www.horizonemployeur.fr\/wordpress\/wp-json\/wp\/v2\/posts"}],"about":[{"href":"https:\/\/www.horizonemployeur.fr\/wordpress\/wp-json\/wp\/v2\/types\/post"}],"author":[{"embeddable":true,"href":"https:\/\/www.horizonemployeur.fr\/wordpress\/wp-json\/wp\/v2\/users\/1"}],"replies":[{"embeddable":true,"href":"https:\/\/www.horizonemployeur.fr\/wordpress\/wp-json\/wp\/v2\/comments?post=5294"}],"version-history":[{"count":1,"href":"https:\/\/www.horizonemployeur.fr\/wordpress\/wp-json\/wp\/v2\/posts\/5294\/revisions"}],"predecessor-version":[{"id":5328,"href":"https:\/\/www.horizonemployeur.fr\/wordpress\/wp-json\/wp\/v2\/posts\/5294\/revisions\/5328"}],"wp:featuredmedia":[{"embeddable":true,"href":"https:\/\/www.horizonemployeur.fr\/wordpress\/wp-json\/wp\/v2\/media\/5327"}],"wp:attachment":[{"href":"https:\/\/www.horizonemployeur.fr\/wordpress\/wp-json\/wp\/v2\/media?parent=5294"}],"wp:term":[{"taxonomy":"category","embeddable":true,"href":"https:\/\/www.horizonemployeur.fr\/wordpress\/wp-json\/wp\/v2\/categories?post=5294"},{"taxonomy":"post_tag","embeddable":true,"href":"https:\/\/www.horizonemployeur.fr\/wordpress\/wp-json\/wp\/v2\/tags?post=5294"}],"curies":[{"name":"wp","href":"https:\/\/api.w.org\/{rel}","templated":true}]}}