{"id":4317,"date":"2018-04-12T09:40:34","date_gmt":"2018-04-12T07:40:34","guid":{"rendered":"http:\/\/www.horizonemployeur.fr\/wordpress\/?p=4317"},"modified":"2018-04-12T17:19:44","modified_gmt":"2018-04-12T15:19:44","slug":"trafic-13-04-2018","status":"publish","type":"post","link":"https:\/\/www.horizonemployeur.fr\/wordpress\/2018\/04\/12\/trafic-13-04-2018\/","title":{"rendered":"Vendredi 13 avril 2018: pr\u00e9visions de trafic SNCF"},"content":{"rendered":"<p>Vendredi 13 avril, nous abordons une nouvelle s\u00e9quence de 2 jours rouges et donc d&rsquo;importantes perturbations du trafic ferroviaire. Samedi 14, il en sera de m\u00eame. Il reste maintenant \u00e0 savoir ce que sera la suite, en d&rsquo;autres termes si la r\u00e8gle des \u00ab\u00a02 jours sur 5\u00a0\u00bb va continuer \u00e0 pr\u00e9valoir ou si on va basculer vers une gr\u00e8ve reconductible classique.<br \/>\n<!--more--><\/p>\n<p>(mise \u00e0 jour jeudi 12 avril 17h00)<\/p>\n<p>Les pr\u00e9visions de trafic pour la journ\u00e9e du <strong>vendred 13 avril&nbsp;<\/strong>sont les suivantes. Elles seront compl\u00e9t\u00e9es au fur et \u00e0 mesure de la disponibilit\u00e9 des informations.<\/p>\n<p>&nbsp;<\/p>\n<h1>Ile-de-France<\/h1>\n<h2>RER et Transilien<\/h2>\n<table style=\"width: 100%;\">\n<tbody>\n<tr style=\"height: 24px;\">\n<td style=\"width: 5%; height: 24px; vertical-align: top; text-align: center;\"><strong>Ligne<\/strong><\/td>\n<td style=\"text-align: center; width: 42.2236%; height: 24px; vertical-align: top;\"><b>Description g\u00e9n\u00e9rale<\/b><\/td>\n<td style=\"text-align: center; width: 47.7764%; height: 24px; vertical-align: top;\"><b>Horaires d\u00e9taill\u00e9s<\/b><\/td>\n<\/tr>\n<tr style=\"height: 9px;\">\n<td style=\"width: 5%; height: 9px; vertical-align: top; text-align: center;\"><img data-attachment-id=\"3223\" data-permalink=\"https:\/\/www.horizonemployeur.fr\/wordpress\/2017\/06\/14\/travaux-ete-2017\/picto_a\/\" data-orig-file=\"https:\/\/i0.wp.com\/www.horizonemployeur.fr\/wordpress\/wp-content\/uploads\/2017\/06\/picto_a.png?fit=146%2C146&amp;ssl=1\" data-orig-size=\"146,146\" data-comments-opened=\"1\" data-image-meta=\"{&quot;aperture&quot;:&quot;0&quot;,&quot;credit&quot;:&quot;&quot;,&quot;camera&quot;:&quot;&quot;,&quot;caption&quot;:&quot;&quot;,&quot;created_timestamp&quot;:&quot;0&quot;,&quot;copyright&quot;:&quot;&quot;,&quot;focal_length&quot;:&quot;0&quot;,&quot;iso&quot;:&quot;0&quot;,&quot;shutter_speed&quot;:&quot;0&quot;,&quot;title&quot;:&quot;&quot;,&quot;orientation&quot;:&quot;0&quot;}\" data-image-title=\"picto_a\" data-image-description=\"\" data-image-caption=\"\" data-medium-file=\"https:\/\/i0.wp.com\/www.horizonemployeur.fr\/wordpress\/wp-content\/uploads\/2017\/06\/picto_a.png?fit=146%2C146&amp;ssl=1\" data-large-file=\"https:\/\/i0.wp.com\/www.horizonemployeur.fr\/wordpress\/wp-content\/uploads\/2017\/06\/picto_a.png?fit=146%2C146&amp;ssl=1\" decoding=\"async\" loading=\"lazy\" class=\"alignnone wp-image-3223\" src=\"https:\/\/i0.wp.com\/www.horizonemployeur.fr\/wordpress\/wp-content\/uploads\/2017\/06\/picto_a.png?resize=40%2C40\" alt=\"\" width=\"40\" height=\"40\" srcset=\"https:\/\/i0.wp.com\/www.horizonemployeur.fr\/wordpress\/wp-content\/uploads\/2017\/06\/picto_a.png?w=146&amp;ssl=1 146w, https:\/\/i0.wp.com\/www.horizonemployeur.fr\/wordpress\/wp-content\/uploads\/2017\/06\/picto_a.png?resize=96%2C96&amp;ssl=1 96w\" sizes=\"(max-width: 40px) 100vw, 40px\" data-recalc-dims=\"1\" \/><\/td>\n<td style=\"width: 42.2236%; height: 9px; vertical-align: top;\">\n<ul>\n<li>St-Germain &lt;&gt; Paris &lt;&gt; Boissy \/ Marne-la-Vall\u00e9e: trafic normal<\/li>\n<li>Cergy \/ Poissy &lt;&gt; La D\u00e9fense: 1 train sur 2<\/li>\n<\/ul>\n<p><span style=\"color: #339966;\">L&rsquo;interconnexion est maintenue \u00e0 Nanterre-Pr\u00e9fecture<\/span><\/td>\n<td style=\"width: 47.7764%; height: 9px; text-align: left; vertical-align: top;\">\n<ul>\n<li><a href=\"http:\/\/documents.transilien.com\/1523442006659.pdf\">St-Germain \/ Cergy \/ Poissy &gt; Paris &gt; Boissy \/ Marne-la-Vall\u00e9e<\/a><\/li>\n<li><a href=\"http:\/\/documents.transilien.com\/1523442006658.pdf\">Boissy \/ Marne-la-Vall\u00e9e &gt; Paris &gt; St-Germain \/ Cergy \/ Poissy<\/a><\/li>\n<\/ul>\n<\/td>\n<\/tr>\n<tr style=\"height: 5px;\">\n<td style=\"width: 5%; height: 5px; vertical-align: top; text-align: center;\"><img data-attachment-id=\"3224\" data-permalink=\"https:\/\/www.horizonemployeur.fr\/wordpress\/2017\/06\/14\/travaux-ete-2017\/picto_b\/\" data-orig-file=\"https:\/\/i0.wp.com\/www.horizonemployeur.fr\/wordpress\/wp-content\/uploads\/2017\/06\/picto_b.png?fit=146%2C146&amp;ssl=1\" data-orig-size=\"146,146\" data-comments-opened=\"1\" data-image-meta=\"{&quot;aperture&quot;:&quot;0&quot;,&quot;credit&quot;:&quot;&quot;,&quot;camera&quot;:&quot;&quot;,&quot;caption&quot;:&quot;&quot;,&quot;created_timestamp&quot;:&quot;0&quot;,&quot;copyright&quot;:&quot;&quot;,&quot;focal_length&quot;:&quot;0&quot;,&quot;iso&quot;:&quot;0&quot;,&quot;shutter_speed&quot;:&quot;0&quot;,&quot;title&quot;:&quot;&quot;,&quot;orientation&quot;:&quot;0&quot;}\" data-image-title=\"picto_b\" data-image-description=\"\" data-image-caption=\"\" data-medium-file=\"https:\/\/i0.wp.com\/www.horizonemployeur.fr\/wordpress\/wp-content\/uploads\/2017\/06\/picto_b.png?fit=146%2C146&amp;ssl=1\" data-large-file=\"https:\/\/i0.wp.com\/www.horizonemployeur.fr\/wordpress\/wp-content\/uploads\/2017\/06\/picto_b.png?fit=146%2C146&amp;ssl=1\" decoding=\"async\" loading=\"lazy\" class=\"alignnone wp-image-3224\" src=\"https:\/\/i0.wp.com\/www.horizonemployeur.fr\/wordpress\/wp-content\/uploads\/2017\/06\/picto_b.png?resize=40%2C40\" alt=\"\" width=\"40\" height=\"40\" srcset=\"https:\/\/i0.wp.com\/www.horizonemployeur.fr\/wordpress\/wp-content\/uploads\/2017\/06\/picto_b.png?w=146&amp;ssl=1 146w, https:\/\/i0.wp.com\/www.horizonemployeur.fr\/wordpress\/wp-content\/uploads\/2017\/06\/picto_b.png?resize=96%2C96&amp;ssl=1 96w\" sizes=\"(max-width: 40px) 100vw, 40px\" data-recalc-dims=\"1\" \/><br \/>\n<em><strong>nord<\/strong><\/em><\/td>\n<td style=\"width: 42.2236%; height: 5px; vertical-align: top;\">\n<ul>\n<li>Heures de pointe: 1 train sur 3<\/li>\n<li>Heures creuses: 1 train sur 2<\/li>\n<\/ul>\n<p><span style=\"color: #ff0000;\">L&rsquo;interconnexion est suspendue \u00e0 Gare du Nord, les trains partent et arrivent des voies 30 \u00e0 36 en surface<\/span><\/td>\n<td style=\"width: 47.7764%; text-align: left; height: 5px; vertical-align: top;\">\n<ul>\n<li><a href=\"http:\/\/documents.transilien.com\/1523442006625.pdf\" target=\"_blank\" rel=\"noopener\">Paris-Nord &gt; Roissy-CDG 2 \/ Mitry<\/a><\/li>\n<li><a href=\"http:\/\/documents.transilien.com\/1523442006624.pdf\" target=\"_blank\" rel=\"noopener\">Roissy-CDG 2 \/ Mitry &gt; Paris-Nord<\/a><\/li>\n<\/ul>\n<\/td>\n<\/tr>\n<tr style=\"height: 5px;\">\n<td style=\"width: 5%; height: 5px; vertical-align: top; text-align: center;\"><img data-attachment-id=\"3224\" data-permalink=\"https:\/\/www.horizonemployeur.fr\/wordpress\/2017\/06\/14\/travaux-ete-2017\/picto_b\/\" data-orig-file=\"https:\/\/i0.wp.com\/www.horizonemployeur.fr\/wordpress\/wp-content\/uploads\/2017\/06\/picto_b.png?fit=146%2C146&amp;ssl=1\" data-orig-size=\"146,146\" data-comments-opened=\"1\" data-image-meta=\"{&quot;aperture&quot;:&quot;0&quot;,&quot;credit&quot;:&quot;&quot;,&quot;camera&quot;:&quot;&quot;,&quot;caption&quot;:&quot;&quot;,&quot;created_timestamp&quot;:&quot;0&quot;,&quot;copyright&quot;:&quot;&quot;,&quot;focal_length&quot;:&quot;0&quot;,&quot;iso&quot;:&quot;0&quot;,&quot;shutter_speed&quot;:&quot;0&quot;,&quot;title&quot;:&quot;&quot;,&quot;orientation&quot;:&quot;0&quot;}\" data-image-title=\"picto_b\" data-image-description=\"\" data-image-caption=\"\" data-medium-file=\"https:\/\/i0.wp.com\/www.horizonemployeur.fr\/wordpress\/wp-content\/uploads\/2017\/06\/picto_b.png?fit=146%2C146&amp;ssl=1\" data-large-file=\"https:\/\/i0.wp.com\/www.horizonemployeur.fr\/wordpress\/wp-content\/uploads\/2017\/06\/picto_b.png?fit=146%2C146&amp;ssl=1\" decoding=\"async\" loading=\"lazy\" class=\"alignnone wp-image-3224\" src=\"https:\/\/i0.wp.com\/www.horizonemployeur.fr\/wordpress\/wp-content\/uploads\/2017\/06\/picto_b.png?resize=40%2C40\" alt=\"\" width=\"40\" height=\"40\" srcset=\"https:\/\/i0.wp.com\/www.horizonemployeur.fr\/wordpress\/wp-content\/uploads\/2017\/06\/picto_b.png?w=146&amp;ssl=1 146w, https:\/\/i0.wp.com\/www.horizonemployeur.fr\/wordpress\/wp-content\/uploads\/2017\/06\/picto_b.png?resize=96%2C96&amp;ssl=1 96w\" sizes=\"(max-width: 40px) 100vw, 40px\" data-recalc-dims=\"1\" \/><br \/>\n<em><strong>sud<\/strong><\/em><\/td>\n<td style=\"width: 42.2236%; height: 5px; vertical-align: top;\">\n<ul>\n<li>Heures de pointe: 2 trains sur 3<\/li>\n<li>Heures creuses: service normal<\/li>\n<\/ul>\n<p><span style=\"color: #ff0000;\">L&rsquo;interconnexion est suspendue \u00e0 Gare du Nord, les trains partent et arrivent des voies 43 et 44 en gare RER<\/span>&nbsp;<\/td>\n<td style=\"width: 47.7764%; text-align: left; height: 5px; vertical-align: top;\">\n<ul>\n<li><a href=\"http:\/\/documents.transilien.com\/1523442006623.pdf\" target=\"_blank\" rel=\"noopener\">Paris-Nord &gt; St-R\u00e9my \/ Robinson<\/a><\/li>\n<li><a href=\"http:\/\/documents.transilien.com\/1523442006622.pdf\" target=\"_blank\" rel=\"noopener\">St-R\u00e9my \/ Robinson &gt; Paris-Nord<\/a><\/li>\n<\/ul>\n<\/td>\n<\/tr>\n<tr style=\"height: 47px;\">\n<td style=\"width: 5%; height: 47px; vertical-align: top; text-align: center;\"><img data-attachment-id=\"3225\" data-permalink=\"https:\/\/www.horizonemployeur.fr\/wordpress\/2017\/06\/14\/travaux-ete-2017\/picto_c\/\" data-orig-file=\"https:\/\/i0.wp.com\/www.horizonemployeur.fr\/wordpress\/wp-content\/uploads\/2017\/06\/picto_c.png?fit=146%2C146&amp;ssl=1\" data-orig-size=\"146,146\" data-comments-opened=\"1\" data-image-meta=\"{&quot;aperture&quot;:&quot;0&quot;,&quot;credit&quot;:&quot;&quot;,&quot;camera&quot;:&quot;&quot;,&quot;caption&quot;:&quot;&quot;,&quot;created_timestamp&quot;:&quot;0&quot;,&quot;copyright&quot;:&quot;&quot;,&quot;focal_length&quot;:&quot;0&quot;,&quot;iso&quot;:&quot;0&quot;,&quot;shutter_speed&quot;:&quot;0&quot;,&quot;title&quot;:&quot;&quot;,&quot;orientation&quot;:&quot;0&quot;}\" data-image-title=\"picto_c\" data-image-description=\"\" data-image-caption=\"\" data-medium-file=\"https:\/\/i0.wp.com\/www.horizonemployeur.fr\/wordpress\/wp-content\/uploads\/2017\/06\/picto_c.png?fit=146%2C146&amp;ssl=1\" data-large-file=\"https:\/\/i0.wp.com\/www.horizonemployeur.fr\/wordpress\/wp-content\/uploads\/2017\/06\/picto_c.png?fit=146%2C146&amp;ssl=1\" decoding=\"async\" loading=\"lazy\" class=\"alignnone wp-image-3225\" src=\"https:\/\/i0.wp.com\/www.horizonemployeur.fr\/wordpress\/wp-content\/uploads\/2017\/06\/picto_c.png?resize=40%2C40\" alt=\"\" width=\"40\" height=\"40\" srcset=\"https:\/\/i0.wp.com\/www.horizonemployeur.fr\/wordpress\/wp-content\/uploads\/2017\/06\/picto_c.png?w=146&amp;ssl=1 146w, https:\/\/i0.wp.com\/www.horizonemployeur.fr\/wordpress\/wp-content\/uploads\/2017\/06\/picto_c.png?resize=96%2C96&amp;ssl=1 96w\" sizes=\"(max-width: 40px) 100vw, 40px\" data-recalc-dims=\"1\" \/><\/td>\n<td style=\"width: 42.2236%; height: 47px; vertical-align: top;\">1 train sur 3 en moyenne<\/p>\n<p><span style=\"color: #ff0000;\">Trafic <span style=\"text-decoration: underline;\">NUL<\/span><\/span><\/p>\n<ul>\n<li><span style=\"color: #ff0000;\">entre Viroflay-RG et Versailles-Ch\u00e2teau-RG<\/span><\/li>\n<li><span style=\"color: #ff0000;\">entre Dourdan et Dourdan-la-For\u00eat<\/span><\/li>\n<\/ul>\n<\/td>\n<td style=\"width: 47.7764%; text-align: left; height: 47px; vertical-align: top;\">\n<ul>\n<li><a href=\"http:\/\/documents.transilien.com\/1523442006644.pdf\">Pontoise &lt;&gt; Massy<\/a><\/li>\n<li><a href=\"http:\/\/documents.transilien.com\/1523442006646.pdf\">Versailles Chantiers &lt;&gt; Massy &lt;&gt; Juvisy &lt;&gt; Paris &lt;&gt; Versailles-Chantiers<\/a><\/li>\n<li><a href=\"http:\/\/documents.transilien.com\/1523442006643.pdf\">Invalides &lt;&gt; Dourdan<\/a><\/li>\n<li><a href=\"http:\/\/documents.transilien.com\/1523442006645.pdf\">St-Quentin &lt;&gt; St-Martin d&rsquo;Etampes<\/a><\/li>\n<\/ul>\n<\/td>\n<\/tr>\n<tr style=\"height: 26px;\">\n<td style=\"width: 5%; height: 26px; vertical-align: top; text-align: center;\"><img data-attachment-id=\"3226\" data-permalink=\"https:\/\/www.horizonemployeur.fr\/wordpress\/2017\/06\/14\/travaux-ete-2017\/picto_d\/\" data-orig-file=\"https:\/\/i0.wp.com\/www.horizonemployeur.fr\/wordpress\/wp-content\/uploads\/2017\/06\/picto_d.png?fit=146%2C146&amp;ssl=1\" data-orig-size=\"146,146\" data-comments-opened=\"1\" data-image-meta=\"{&quot;aperture&quot;:&quot;0&quot;,&quot;credit&quot;:&quot;&quot;,&quot;camera&quot;:&quot;&quot;,&quot;caption&quot;:&quot;&quot;,&quot;created_timestamp&quot;:&quot;0&quot;,&quot;copyright&quot;:&quot;&quot;,&quot;focal_length&quot;:&quot;0&quot;,&quot;iso&quot;:&quot;0&quot;,&quot;shutter_speed&quot;:&quot;0&quot;,&quot;title&quot;:&quot;&quot;,&quot;orientation&quot;:&quot;0&quot;}\" data-image-title=\"picto_d\" data-image-description=\"\" data-image-caption=\"\" data-medium-file=\"https:\/\/i0.wp.com\/www.horizonemployeur.fr\/wordpress\/wp-content\/uploads\/2017\/06\/picto_d.png?fit=146%2C146&amp;ssl=1\" data-large-file=\"https:\/\/i0.wp.com\/www.horizonemployeur.fr\/wordpress\/wp-content\/uploads\/2017\/06\/picto_d.png?fit=146%2C146&amp;ssl=1\" decoding=\"async\" loading=\"lazy\" class=\"alignnone wp-image-3226\" src=\"https:\/\/i0.wp.com\/www.horizonemployeur.fr\/wordpress\/wp-content\/uploads\/2017\/06\/picto_d.png?resize=40%2C40\" alt=\"\" width=\"40\" height=\"40\" srcset=\"https:\/\/i0.wp.com\/www.horizonemployeur.fr\/wordpress\/wp-content\/uploads\/2017\/06\/picto_d.png?w=146&amp;ssl=1 146w, https:\/\/i0.wp.com\/www.horizonemployeur.fr\/wordpress\/wp-content\/uploads\/2017\/06\/picto_d.png?resize=96%2C96&amp;ssl=1 96w\" sizes=\"(max-width: 40px) 100vw, 40px\" data-recalc-dims=\"1\" \/><br \/>\n<em><strong>nord<\/strong><\/em><\/td>\n<td style=\"vertical-align: top;\">\n<ul>\n<li>Paris-Nord &lt;&gt; Villiers: 5 trains par heure<\/li>\n<li>Paris-Nord &lt;&gt; Orry: 2 trains par heure<\/li>\n<\/ul>\n<p><span style=\"color: #ff0000;\">Trafic <span style=\"text-decoration: underline;\">NUL<\/span><\/span><\/p>\n<ul>\n<li><span style=\"color: #ff0000;\">entre Orry et Creil<\/span><\/li>\n<li><span style=\"color: #ff0000;\">entre Paris-Nord et Paris-Gare de Lyon<\/span><\/li>\n<\/ul>\n<\/td>\n<td style=\"width: 47.7764%; text-align: left; height: 26px; vertical-align: top;\">\n<ul>\n<li><a href=\"http:\/\/documents.transilien.com\/1523442006674.pdf\" target=\"_blank\" rel=\"noopener\">Paris-Nord &lt;&gt; Villiers &lt;&gt; Orry<\/a><\/li>\n<\/ul>\n<\/td>\n<\/tr>\n<tr style=\"height: 26px;\">\n<td style=\"width: 5%; height: 26px; vertical-align: top; text-align: center;\"><img data-attachment-id=\"3226\" data-permalink=\"https:\/\/www.horizonemployeur.fr\/wordpress\/2017\/06\/14\/travaux-ete-2017\/picto_d\/\" data-orig-file=\"https:\/\/i0.wp.com\/www.horizonemployeur.fr\/wordpress\/wp-content\/uploads\/2017\/06\/picto_d.png?fit=146%2C146&amp;ssl=1\" data-orig-size=\"146,146\" data-comments-opened=\"1\" data-image-meta=\"{&quot;aperture&quot;:&quot;0&quot;,&quot;credit&quot;:&quot;&quot;,&quot;camera&quot;:&quot;&quot;,&quot;caption&quot;:&quot;&quot;,&quot;created_timestamp&quot;:&quot;0&quot;,&quot;copyright&quot;:&quot;&quot;,&quot;focal_length&quot;:&quot;0&quot;,&quot;iso&quot;:&quot;0&quot;,&quot;shutter_speed&quot;:&quot;0&quot;,&quot;title&quot;:&quot;&quot;,&quot;orientation&quot;:&quot;0&quot;}\" data-image-title=\"picto_d\" data-image-description=\"\" data-image-caption=\"\" data-medium-file=\"https:\/\/i0.wp.com\/www.horizonemployeur.fr\/wordpress\/wp-content\/uploads\/2017\/06\/picto_d.png?fit=146%2C146&amp;ssl=1\" data-large-file=\"https:\/\/i0.wp.com\/www.horizonemployeur.fr\/wordpress\/wp-content\/uploads\/2017\/06\/picto_d.png?fit=146%2C146&amp;ssl=1\" decoding=\"async\" loading=\"lazy\" class=\"alignnone wp-image-3226\" src=\"https:\/\/i0.wp.com\/www.horizonemployeur.fr\/wordpress\/wp-content\/uploads\/2017\/06\/picto_d.png?resize=40%2C40\" alt=\"\" width=\"40\" height=\"40\" srcset=\"https:\/\/i0.wp.com\/www.horizonemployeur.fr\/wordpress\/wp-content\/uploads\/2017\/06\/picto_d.png?w=146&amp;ssl=1 146w, https:\/\/i0.wp.com\/www.horizonemployeur.fr\/wordpress\/wp-content\/uploads\/2017\/06\/picto_d.png?resize=96%2C96&amp;ssl=1 96w\" sizes=\"(max-width: 40px) 100vw, 40px\" data-recalc-dims=\"1\" \/><br \/>\n<em><strong>sud<\/strong><\/em>&nbsp;<\/td>\n<td style=\"vertical-align: top;\">\n<ul>\n<li>Paris-Gare de Lyon &lt;&gt; Combs &lt;&gt; Melun: en moyenne 1 train toutes les 30 min (pointe), 1 train toutes les 60 min (heures creuses)<\/li>\n<li>Paris-Gare de Lyon &lt;&gt; Evry-CC &#8211; Corbeil:<br \/>\nen moyenne 1 train toutes les 30 min (pointe), 1 train toutes les 60 \u00e0 120 min (heures creuses)<\/li>\n<\/ul>\n<p><span style=\"color: #ff0000;\">Trafic <span style=\"text-decoration: underline;\">NUL<\/span><\/span><\/p>\n<ul>\n<li><span style=\"color: #ff0000;\">entre Paris-Gare de Lyon et Paris-Nord<\/span><\/li>\n<li><span style=\"color: #ff0000;\">entre Juvisy et Corbeil par Ris-Orangis<\/span><\/li>\n<li><span style=\"color: #ff0000;\">entre Corbeil et Malesherbes<\/span><\/li>\n<li><span style=\"color: #ff0000;\">entre Corbeil et Melun<\/span><\/li>\n<\/ul>\n<\/td>\n<td style=\"width: 47.7764%; text-align: left; height: 26px; vertical-align: top;\">\n<ul>\n<li><a href=\"http:\/\/documents.transilien.com\/1523442006675.pdf\" target=\"_blank\" rel=\"noopener\">Paris-Gare de Lyon &lt;&gt; Combs &lt;&gt; Melun \/&nbsp;<br \/>\nParis-Gare de Lyon &lt;&gt; Evry-CC &lt;&gt; Corbeil<\/a><\/li>\n<\/ul>\n<\/td>\n<\/tr>\n<tr style=\"height: 48px;\">\n<td style=\"width: 5%; height: 48px; vertical-align: top; text-align: center;\"><img data-attachment-id=\"3227\" data-permalink=\"https:\/\/www.horizonemployeur.fr\/wordpress\/2017\/06\/14\/travaux-ete-2017\/picto_e\/\" data-orig-file=\"https:\/\/i0.wp.com\/www.horizonemployeur.fr\/wordpress\/wp-content\/uploads\/2017\/06\/picto_e.png?fit=146%2C146&amp;ssl=1\" data-orig-size=\"146,146\" data-comments-opened=\"1\" data-image-meta=\"{&quot;aperture&quot;:&quot;0&quot;,&quot;credit&quot;:&quot;&quot;,&quot;camera&quot;:&quot;&quot;,&quot;caption&quot;:&quot;&quot;,&quot;created_timestamp&quot;:&quot;0&quot;,&quot;copyright&quot;:&quot;&quot;,&quot;focal_length&quot;:&quot;0&quot;,&quot;iso&quot;:&quot;0&quot;,&quot;shutter_speed&quot;:&quot;0&quot;,&quot;title&quot;:&quot;&quot;,&quot;orientation&quot;:&quot;0&quot;}\" data-image-title=\"picto_e\" data-image-description=\"\" data-image-caption=\"\" data-medium-file=\"https:\/\/i0.wp.com\/www.horizonemployeur.fr\/wordpress\/wp-content\/uploads\/2017\/06\/picto_e.png?fit=146%2C146&amp;ssl=1\" data-large-file=\"https:\/\/i0.wp.com\/www.horizonemployeur.fr\/wordpress\/wp-content\/uploads\/2017\/06\/picto_e.png?fit=146%2C146&amp;ssl=1\" decoding=\"async\" loading=\"lazy\" class=\"alignnone wp-image-3227\" src=\"https:\/\/i0.wp.com\/www.horizonemployeur.fr\/wordpress\/wp-content\/uploads\/2017\/06\/picto_e.png?resize=40%2C40\" alt=\"\" width=\"40\" height=\"40\" srcset=\"https:\/\/i0.wp.com\/www.horizonemployeur.fr\/wordpress\/wp-content\/uploads\/2017\/06\/picto_e.png?w=146&amp;ssl=1 146w, https:\/\/i0.wp.com\/www.horizonemployeur.fr\/wordpress\/wp-content\/uploads\/2017\/06\/picto_e.png?resize=96%2C96&amp;ssl=1 96w\" sizes=\"(max-width: 40px) 100vw, 40px\" data-recalc-dims=\"1\" \/><\/td>\n<td style=\"width: 42.2236%; height: 48px; vertical-align: top;\">1 train sur 3<\/td>\n<td style=\"width: 47.7764%; text-align: left; height: 48px; vertical-align: top;\">\n<ul>\n<li><a href=\"http:\/\/documents.transilien.com\/1523442006679.pdf\">Paris &lt;&gt;&nbsp;Chelles<\/a><\/li>\n<li><a href=\"http:\/\/documents.transilien.com\/1523442006680.pdf\">Paris &lt;&gt;&nbsp;Villiers &lt;&gt; Tournan<\/a><\/li>\n<\/ul>\n<\/td>\n<\/tr>\n<tr style=\"height: 47px;\">\n<td style=\"width: 5%; height: 47px; vertical-align: top; text-align: center;\"><img data-attachment-id=\"3232\" data-permalink=\"https:\/\/www.horizonemployeur.fr\/wordpress\/2017\/06\/14\/travaux-ete-2017\/picto_h\/\" data-orig-file=\"https:\/\/i0.wp.com\/www.horizonemployeur.fr\/wordpress\/wp-content\/uploads\/2017\/06\/picto_h.png?fit=146%2C146&amp;ssl=1\" data-orig-size=\"146,146\" data-comments-opened=\"1\" data-image-meta=\"{&quot;aperture&quot;:&quot;0&quot;,&quot;credit&quot;:&quot;&quot;,&quot;camera&quot;:&quot;&quot;,&quot;caption&quot;:&quot;&quot;,&quot;created_timestamp&quot;:&quot;0&quot;,&quot;copyright&quot;:&quot;&quot;,&quot;focal_length&quot;:&quot;0&quot;,&quot;iso&quot;:&quot;0&quot;,&quot;shutter_speed&quot;:&quot;0&quot;,&quot;title&quot;:&quot;&quot;,&quot;orientation&quot;:&quot;0&quot;}\" data-image-title=\"picto_h\" data-image-description=\"\" data-image-caption=\"\" data-medium-file=\"https:\/\/i0.wp.com\/www.horizonemployeur.fr\/wordpress\/wp-content\/uploads\/2017\/06\/picto_h.png?fit=146%2C146&amp;ssl=1\" data-large-file=\"https:\/\/i0.wp.com\/www.horizonemployeur.fr\/wordpress\/wp-content\/uploads\/2017\/06\/picto_h.png?fit=146%2C146&amp;ssl=1\" decoding=\"async\" loading=\"lazy\" class=\"alignnone wp-image-3232\" src=\"https:\/\/i0.wp.com\/www.horizonemployeur.fr\/wordpress\/wp-content\/uploads\/2017\/06\/picto_h.png?resize=40%2C40\" alt=\"\" width=\"40\" height=\"40\" srcset=\"https:\/\/i0.wp.com\/www.horizonemployeur.fr\/wordpress\/wp-content\/uploads\/2017\/06\/picto_h.png?w=146&amp;ssl=1 146w, https:\/\/i0.wp.com\/www.horizonemployeur.fr\/wordpress\/wp-content\/uploads\/2017\/06\/picto_h.png?resize=96%2C96&amp;ssl=1 96w\" sizes=\"(max-width: 40px) 100vw, 40px\" data-recalc-dims=\"1\" \/><\/td>\n<td style=\"width: 42.2236%; height: 47px; vertical-align: top;\">1 train sur 3<\/td>\n<td style=\"width: 47.7764%; text-align: left; height: 47px; vertical-align: top;\">\n<ul>\n<li><a href=\"http:\/\/documents.transilien.com\/1523442006627.pdf\" target=\"_blank\" rel=\"noopener\">Paris &lt;&gt; Montsoult &lt;&gt; Persan \/ Luzarches<\/a><\/li>\n<li><a href=\"http:\/\/documents.transilien.com\/1523442006628.pdf\" target=\"_blank\" rel=\"noopener\">Paris &lt;&gt; Ermont &lt;&gt; Persan<\/a><\/li>\n<li><a href=\"http:\/\/documents.transilien.com\/1523442006629.pdf\" target=\"_blank\" rel=\"noopener\">Paris &lt;&gt; Ermont &lt;&gt; Pontoise<\/a><\/li>\n<li><a href=\"http:\/\/documents.transilien.com\/1523442006630.pdf\" target=\"_blank\" rel=\"noopener\">Pontoise &lt;&gt; Creil<\/a><\/li>\n<\/ul>\n<\/td>\n<\/tr>\n<tr style=\"height: 23px;\">\n<td style=\"width: 5%; height: 23px; vertical-align: top; text-align: center;\"><img data-attachment-id=\"3231\" data-permalink=\"https:\/\/www.horizonemployeur.fr\/wordpress\/2017\/06\/14\/travaux-ete-2017\/picto_j\/\" data-orig-file=\"https:\/\/i0.wp.com\/www.horizonemployeur.fr\/wordpress\/wp-content\/uploads\/2017\/06\/picto_j.png?fit=146%2C146&amp;ssl=1\" data-orig-size=\"146,146\" data-comments-opened=\"1\" data-image-meta=\"{&quot;aperture&quot;:&quot;0&quot;,&quot;credit&quot;:&quot;&quot;,&quot;camera&quot;:&quot;&quot;,&quot;caption&quot;:&quot;&quot;,&quot;created_timestamp&quot;:&quot;0&quot;,&quot;copyright&quot;:&quot;&quot;,&quot;focal_length&quot;:&quot;0&quot;,&quot;iso&quot;:&quot;0&quot;,&quot;shutter_speed&quot;:&quot;0&quot;,&quot;title&quot;:&quot;&quot;,&quot;orientation&quot;:&quot;0&quot;}\" data-image-title=\"picto_j\" data-image-description=\"\" data-image-caption=\"\" data-medium-file=\"https:\/\/i0.wp.com\/www.horizonemployeur.fr\/wordpress\/wp-content\/uploads\/2017\/06\/picto_j.png?fit=146%2C146&amp;ssl=1\" data-large-file=\"https:\/\/i0.wp.com\/www.horizonemployeur.fr\/wordpress\/wp-content\/uploads\/2017\/06\/picto_j.png?fit=146%2C146&amp;ssl=1\" decoding=\"async\" loading=\"lazy\" class=\"alignnone wp-image-3231\" src=\"https:\/\/i0.wp.com\/www.horizonemployeur.fr\/wordpress\/wp-content\/uploads\/2017\/06\/picto_j.png?resize=40%2C40\" alt=\"\" width=\"40\" height=\"40\" srcset=\"https:\/\/i0.wp.com\/www.horizonemployeur.fr\/wordpress\/wp-content\/uploads\/2017\/06\/picto_j.png?w=146&amp;ssl=1 146w, https:\/\/i0.wp.com\/www.horizonemployeur.fr\/wordpress\/wp-content\/uploads\/2017\/06\/picto_j.png?resize=96%2C96&amp;ssl=1 96w\" sizes=\"(max-width: 40px) 100vw, 40px\" data-recalc-dims=\"1\" \/><\/td>\n<td style=\"width: 42.2236%; height: 23px; vertical-align: top;\">1 train sur 3<\/td>\n<td style=\"width: 47.7764%; text-align: left; height: 23px; vertical-align: top;\">\n<ul>\n<li><a href=\"http:\/\/documents.transilien.com\/1523442006631.pdf\" target=\"_blank\" rel=\"noopener\">Paris &lt;&gt; Ermont<\/a><\/li>\n<li><a href=\"http:\/\/documents.transilien.com\/1523442006633.pdf\" target=\"_blank\" rel=\"noopener\">Paris &lt;&gt; Poissy &lt; &gt; Mantes<\/a><\/li>\n<li><a href=\"http:\/\/documents.transilien.com\/1523442006635.pdf\" target=\"_blank\" rel=\"noopener\">Paris &lt;&gt; Conflans &lt;&gt; Mantes<\/a><\/li>\n<li><a href=\"http:\/\/documents.transilien.com\/1523442006634.pdf\" target=\"_blank\" rel=\"noopener\">Paris &lt;&gt; Pontoise &lt;&gt; Gisors<\/a><\/li>\n<\/ul>\n<\/td>\n<\/tr>\n<tr style=\"height: 47px;\">\n<td style=\"width: 5%; height: 47px; vertical-align: top; text-align: center;\"><img data-attachment-id=\"3230\" data-permalink=\"https:\/\/www.horizonemployeur.fr\/wordpress\/2017\/06\/14\/travaux-ete-2017\/picto_k\/\" data-orig-file=\"https:\/\/i0.wp.com\/www.horizonemployeur.fr\/wordpress\/wp-content\/uploads\/2017\/06\/picto_k.png?fit=146%2C146&amp;ssl=1\" data-orig-size=\"146,146\" data-comments-opened=\"1\" data-image-meta=\"{&quot;aperture&quot;:&quot;0&quot;,&quot;credit&quot;:&quot;&quot;,&quot;camera&quot;:&quot;&quot;,&quot;caption&quot;:&quot;&quot;,&quot;created_timestamp&quot;:&quot;0&quot;,&quot;copyright&quot;:&quot;&quot;,&quot;focal_length&quot;:&quot;0&quot;,&quot;iso&quot;:&quot;0&quot;,&quot;shutter_speed&quot;:&quot;0&quot;,&quot;title&quot;:&quot;&quot;,&quot;orientation&quot;:&quot;0&quot;}\" data-image-title=\"picto_k\" data-image-description=\"\" data-image-caption=\"\" data-medium-file=\"https:\/\/i0.wp.com\/www.horizonemployeur.fr\/wordpress\/wp-content\/uploads\/2017\/06\/picto_k.png?fit=146%2C146&amp;ssl=1\" data-large-file=\"https:\/\/i0.wp.com\/www.horizonemployeur.fr\/wordpress\/wp-content\/uploads\/2017\/06\/picto_k.png?fit=146%2C146&amp;ssl=1\" decoding=\"async\" loading=\"lazy\" class=\"alignnone wp-image-3230\" src=\"https:\/\/i0.wp.com\/www.horizonemployeur.fr\/wordpress\/wp-content\/uploads\/2017\/06\/picto_k.png?resize=40%2C40\" alt=\"\" width=\"40\" height=\"40\" srcset=\"https:\/\/i0.wp.com\/www.horizonemployeur.fr\/wordpress\/wp-content\/uploads\/2017\/06\/picto_k.png?w=146&amp;ssl=1 146w, https:\/\/i0.wp.com\/www.horizonemployeur.fr\/wordpress\/wp-content\/uploads\/2017\/06\/picto_k.png?resize=96%2C96&amp;ssl=1 96w\" sizes=\"(max-width: 40px) 100vw, 40px\" data-recalc-dims=\"1\" \/><\/td>\n<td style=\"width: 42.2236%; height: 47px; vertical-align: top;\">1 train sur 3<\/td>\n<td style=\"width: 47.7764%; text-align: left; height: 47px; vertical-align: top;\">\n<ul>\n<li><a href=\"http:\/\/documents.transilien.com\/1523442006676.pdf\" target=\"_blank\" rel=\"noopener\">Paris &lt;&gt; Mitry &lt;&gt; Cr\u00e9py<\/a><\/li>\n<\/ul>\n<\/td>\n<\/tr>\n<tr style=\"height: 18px;\">\n<td style=\"width: 5%; height: 18px; vertical-align: top; text-align: center;\"><em><strong><img data-attachment-id=\"3229\" data-permalink=\"https:\/\/www.horizonemployeur.fr\/wordpress\/2017\/06\/14\/travaux-ete-2017\/picto_l\/\" data-orig-file=\"https:\/\/i0.wp.com\/www.horizonemployeur.fr\/wordpress\/wp-content\/uploads\/2017\/06\/picto_l.png?fit=146%2C146&amp;ssl=1\" data-orig-size=\"146,146\" data-comments-opened=\"1\" data-image-meta=\"{&quot;aperture&quot;:&quot;0&quot;,&quot;credit&quot;:&quot;&quot;,&quot;camera&quot;:&quot;&quot;,&quot;caption&quot;:&quot;&quot;,&quot;created_timestamp&quot;:&quot;0&quot;,&quot;copyright&quot;:&quot;&quot;,&quot;focal_length&quot;:&quot;0&quot;,&quot;iso&quot;:&quot;0&quot;,&quot;shutter_speed&quot;:&quot;0&quot;,&quot;title&quot;:&quot;&quot;,&quot;orientation&quot;:&quot;0&quot;}\" data-image-title=\"picto_l\" data-image-description=\"\" data-image-caption=\"\" data-medium-file=\"https:\/\/i0.wp.com\/www.horizonemployeur.fr\/wordpress\/wp-content\/uploads\/2017\/06\/picto_l.png?fit=146%2C146&amp;ssl=1\" data-large-file=\"https:\/\/i0.wp.com\/www.horizonemployeur.fr\/wordpress\/wp-content\/uploads\/2017\/06\/picto_l.png?fit=146%2C146&amp;ssl=1\" decoding=\"async\" loading=\"lazy\" class=\"alignnone wp-image-3229\" src=\"https:\/\/i0.wp.com\/www.horizonemployeur.fr\/wordpress\/wp-content\/uploads\/2017\/06\/picto_l.png?resize=40%2C40\" alt=\"\" width=\"40\" height=\"40\" srcset=\"https:\/\/i0.wp.com\/www.horizonemployeur.fr\/wordpress\/wp-content\/uploads\/2017\/06\/picto_l.png?w=146&amp;ssl=1 146w, https:\/\/i0.wp.com\/www.horizonemployeur.fr\/wordpress\/wp-content\/uploads\/2017\/06\/picto_l.png?resize=96%2C96&amp;ssl=1 96w\" sizes=\"(max-width: 40px) 100vw, 40px\" data-recalc-dims=\"1\" \/>nord<\/strong><\/em><\/td>\n<td style=\"width: 42.2236%; height: 18px; vertical-align: top;\">1 train sur 3<\/td>\n<td style=\"width: 47.7764%; text-align: left; height: 18px; vertical-align: top;\">\n<ul>\n<li><a href=\"http:\/\/documents.transilien.com\/1523442006638.pdf\" target=\"_blank\" rel=\"noopener\">Paris &lt;&gt; Nanterre U &lt;&gt; Cergy<\/a><\/li>\n<\/ul>\n<\/td>\n<\/tr>\n<tr style=\"height: 72px;\">\n<td style=\"width: 5%; height: 72px; vertical-align: top; text-align: center;\"><img data-attachment-id=\"3229\" data-permalink=\"https:\/\/www.horizonemployeur.fr\/wordpress\/2017\/06\/14\/travaux-ete-2017\/picto_l\/\" data-orig-file=\"https:\/\/i0.wp.com\/www.horizonemployeur.fr\/wordpress\/wp-content\/uploads\/2017\/06\/picto_l.png?fit=146%2C146&amp;ssl=1\" data-orig-size=\"146,146\" data-comments-opened=\"1\" data-image-meta=\"{&quot;aperture&quot;:&quot;0&quot;,&quot;credit&quot;:&quot;&quot;,&quot;camera&quot;:&quot;&quot;,&quot;caption&quot;:&quot;&quot;,&quot;created_timestamp&quot;:&quot;0&quot;,&quot;copyright&quot;:&quot;&quot;,&quot;focal_length&quot;:&quot;0&quot;,&quot;iso&quot;:&quot;0&quot;,&quot;shutter_speed&quot;:&quot;0&quot;,&quot;title&quot;:&quot;&quot;,&quot;orientation&quot;:&quot;0&quot;}\" data-image-title=\"picto_l\" data-image-description=\"\" data-image-caption=\"\" data-medium-file=\"https:\/\/i0.wp.com\/www.horizonemployeur.fr\/wordpress\/wp-content\/uploads\/2017\/06\/picto_l.png?fit=146%2C146&amp;ssl=1\" data-large-file=\"https:\/\/i0.wp.com\/www.horizonemployeur.fr\/wordpress\/wp-content\/uploads\/2017\/06\/picto_l.png?fit=146%2C146&amp;ssl=1\" decoding=\"async\" loading=\"lazy\" class=\"alignnone wp-image-3229\" src=\"https:\/\/i0.wp.com\/www.horizonemployeur.fr\/wordpress\/wp-content\/uploads\/2017\/06\/picto_l.png?resize=40%2C40\" alt=\"\" width=\"40\" height=\"40\" srcset=\"https:\/\/i0.wp.com\/www.horizonemployeur.fr\/wordpress\/wp-content\/uploads\/2017\/06\/picto_l.png?w=146&amp;ssl=1 146w, https:\/\/i0.wp.com\/www.horizonemployeur.fr\/wordpress\/wp-content\/uploads\/2017\/06\/picto_l.png?resize=96%2C96&amp;ssl=1 96w\" sizes=\"(max-width: 40px) 100vw, 40px\" data-recalc-dims=\"1\" \/><br \/>\n<em><strong>sud<\/strong><\/em><\/td>\n<td style=\"width: 42.2236%; height: 72px; vertical-align: top;\">1 train sur 3<\/p>\n<p><span style=\"color: #ff0000;\">Substitution bus entre Noisy et St-Germain-GC<\/span><\/td>\n<td style=\"width: 47.7764%; text-align: left; height: 72px; vertical-align: top;\">\n<ul>\n<li><a href=\"http:\/\/documents.transilien.com\/1523442006637.pdf\" target=\"_blank\" rel=\"noopener\">Paris &lt;&gt; Versailles-RD<\/a>&nbsp;<\/li>\n<li><a href=\"http:\/\/documents.transilien.com\/1523442006636.pdf\" target=\"_blank\" rel=\"noopener\">Paris &lt;&gt; St-Nom<\/a><\/li>\n<li><a href=\"http:\/\/documents.transilien.com\/1523442006688.pdf\" target=\"_blank\" rel=\"noopener\">Noisy le Roi &lt; &gt; Saint-Germain-GC<\/a><\/li>\n<\/ul>\n<\/td>\n<\/tr>\n<tr style=\"height: 48px;\">\n<td style=\"width: 5%; height: 48px; vertical-align: top; text-align: center;\"><img data-attachment-id=\"3228\" data-permalink=\"https:\/\/www.horizonemployeur.fr\/wordpress\/2017\/06\/14\/travaux-ete-2017\/picto_n\/\" data-orig-file=\"https:\/\/i0.wp.com\/www.horizonemployeur.fr\/wordpress\/wp-content\/uploads\/2017\/06\/picto_n.png?fit=146%2C146&amp;ssl=1\" data-orig-size=\"146,146\" data-comments-opened=\"1\" data-image-meta=\"{&quot;aperture&quot;:&quot;0&quot;,&quot;credit&quot;:&quot;&quot;,&quot;camera&quot;:&quot;&quot;,&quot;caption&quot;:&quot;&quot;,&quot;created_timestamp&quot;:&quot;0&quot;,&quot;copyright&quot;:&quot;&quot;,&quot;focal_length&quot;:&quot;0&quot;,&quot;iso&quot;:&quot;0&quot;,&quot;shutter_speed&quot;:&quot;0&quot;,&quot;title&quot;:&quot;&quot;,&quot;orientation&quot;:&quot;0&quot;}\" data-image-title=\"picto_n\" data-image-description=\"\" data-image-caption=\"\" data-medium-file=\"https:\/\/i0.wp.com\/www.horizonemployeur.fr\/wordpress\/wp-content\/uploads\/2017\/06\/picto_n.png?fit=146%2C146&amp;ssl=1\" data-large-file=\"https:\/\/i0.wp.com\/www.horizonemployeur.fr\/wordpress\/wp-content\/uploads\/2017\/06\/picto_n.png?fit=146%2C146&amp;ssl=1\" decoding=\"async\" loading=\"lazy\" class=\"alignnone wp-image-3228\" src=\"https:\/\/i0.wp.com\/www.horizonemployeur.fr\/wordpress\/wp-content\/uploads\/2017\/06\/picto_n.png?resize=40%2C40\" alt=\"\" width=\"40\" height=\"40\" srcset=\"https:\/\/i0.wp.com\/www.horizonemployeur.fr\/wordpress\/wp-content\/uploads\/2017\/06\/picto_n.png?w=146&amp;ssl=1 146w, https:\/\/i0.wp.com\/www.horizonemployeur.fr\/wordpress\/wp-content\/uploads\/2017\/06\/picto_n.png?resize=96%2C96&amp;ssl=1 96w\" sizes=\"(max-width: 40px) 100vw, 40px\" data-recalc-dims=\"1\" \/><\/td>\n<td style=\"width: 42.2236%; height: 48px; vertical-align: top;\">1 train sur 3 environ<\/td>\n<td style=\"width: 47.7764%; text-align: left; height: 48px; vertical-align: top;\">\n<ul>\n<li><a href=\"http:\/\/documents.transilien.com\/1523442006640.pdf\">Rambouillet \/ Dreux \/ Mantes &gt; Paris<\/a><\/li>\n<li><a href=\"http:\/\/documents.transilien.com\/1523442006639.pdf\">Paris &gt; Rambouillet \/ Dreux \/ Mantes<\/a><\/li>\n<\/ul>\n<\/td>\n<\/tr>\n<tr style=\"height: 121px;\">\n<td style=\"width: 5%; height: 121px; vertical-align: top; text-align: center;\"><img data-attachment-id=\"3222\" data-permalink=\"https:\/\/www.horizonemployeur.fr\/wordpress\/2017\/06\/14\/travaux-ete-2017\/picto_p\/\" data-orig-file=\"https:\/\/i0.wp.com\/www.horizonemployeur.fr\/wordpress\/wp-content\/uploads\/2017\/06\/picto_p.png?fit=146%2C146&amp;ssl=1\" data-orig-size=\"146,146\" data-comments-opened=\"1\" data-image-meta=\"{&quot;aperture&quot;:&quot;0&quot;,&quot;credit&quot;:&quot;&quot;,&quot;camera&quot;:&quot;&quot;,&quot;caption&quot;:&quot;&quot;,&quot;created_timestamp&quot;:&quot;0&quot;,&quot;copyright&quot;:&quot;&quot;,&quot;focal_length&quot;:&quot;0&quot;,&quot;iso&quot;:&quot;0&quot;,&quot;shutter_speed&quot;:&quot;0&quot;,&quot;title&quot;:&quot;&quot;,&quot;orientation&quot;:&quot;0&quot;}\" data-image-title=\"picto_p\" data-image-description=\"\" data-image-caption=\"\" data-medium-file=\"https:\/\/i0.wp.com\/www.horizonemployeur.fr\/wordpress\/wp-content\/uploads\/2017\/06\/picto_p.png?fit=146%2C146&amp;ssl=1\" data-large-file=\"https:\/\/i0.wp.com\/www.horizonemployeur.fr\/wordpress\/wp-content\/uploads\/2017\/06\/picto_p.png?fit=146%2C146&amp;ssl=1\" decoding=\"async\" loading=\"lazy\" class=\"alignnone wp-image-3222\" src=\"https:\/\/i0.wp.com\/www.horizonemployeur.fr\/wordpress\/wp-content\/uploads\/2017\/06\/picto_p.png?resize=40%2C40\" alt=\"\" width=\"40\" height=\"40\" srcset=\"https:\/\/i0.wp.com\/www.horizonemployeur.fr\/wordpress\/wp-content\/uploads\/2017\/06\/picto_p.png?w=146&amp;ssl=1 146w, https:\/\/i0.wp.com\/www.horizonemployeur.fr\/wordpress\/wp-content\/uploads\/2017\/06\/picto_p.png?resize=96%2C96&amp;ssl=1 96w\" sizes=\"(max-width: 40px) 100vw, 40px\" data-recalc-dims=\"1\" \/><\/td>\n<td style=\"width: 42.2236%; height: 121px; vertical-align: top;\">1 train sur 3<\/p>\n<p><span style=\"color: #ff0000;\">Substitution bus entre Meaux et La Fert\u00e9-Milon<\/span><\/td>\n<td style=\"width: 47.7764%; text-align: left; height: 121px; vertical-align: top;\">\n<ul>\n<li><a href=\"http:\/\/documents.transilien.com\/1523442006685.pdf\">Paris &lt;&gt; Meaux<\/a><\/li>\n<li><a href=\"http:\/\/documents.transilien.com\/1523442006681.pdf\">Paris &lt;&gt; Meaux &lt;&gt; Ch\u00e2teau-Thierry<\/a><\/li>\n<li><a href=\"http:\/\/documents.transilien.com\/1523442006684.pdf\">Meaux &lt;&gt; La Fert\u00e9-Milon<\/a><\/li>\n<li><a href=\"http:\/\/documents.transilien.com\/1523442006683.pdf\">Paris &lt;&gt; Coulommiers<\/a><\/li>\n<li><a href=\"http:\/\/documents.transilien.com\/1523442006682.pdf\">Paris &lt;&gt; Provins<\/a><\/li>\n<\/ul>\n<\/td>\n<\/tr>\n<tr style=\"height: 47px;\">\n<td style=\"width: 5%; height: 47px; vertical-align: top; text-align: center;\"><img data-attachment-id=\"3221\" data-permalink=\"https:\/\/www.horizonemployeur.fr\/wordpress\/2017\/06\/14\/travaux-ete-2017\/picto_r\/\" data-orig-file=\"https:\/\/i0.wp.com\/www.horizonemployeur.fr\/wordpress\/wp-content\/uploads\/2017\/06\/picto_r.png?fit=146%2C146&amp;ssl=1\" data-orig-size=\"146,146\" data-comments-opened=\"1\" data-image-meta=\"{&quot;aperture&quot;:&quot;0&quot;,&quot;credit&quot;:&quot;&quot;,&quot;camera&quot;:&quot;&quot;,&quot;caption&quot;:&quot;&quot;,&quot;created_timestamp&quot;:&quot;0&quot;,&quot;copyright&quot;:&quot;&quot;,&quot;focal_length&quot;:&quot;0&quot;,&quot;iso&quot;:&quot;0&quot;,&quot;shutter_speed&quot;:&quot;0&quot;,&quot;title&quot;:&quot;&quot;,&quot;orientation&quot;:&quot;0&quot;}\" data-image-title=\"picto_r\" data-image-description=\"\" data-image-caption=\"\" data-medium-file=\"https:\/\/i0.wp.com\/www.horizonemployeur.fr\/wordpress\/wp-content\/uploads\/2017\/06\/picto_r.png?fit=146%2C146&amp;ssl=1\" data-large-file=\"https:\/\/i0.wp.com\/www.horizonemployeur.fr\/wordpress\/wp-content\/uploads\/2017\/06\/picto_r.png?fit=146%2C146&amp;ssl=1\" decoding=\"async\" loading=\"lazy\" class=\"alignnone wp-image-3221\" src=\"https:\/\/i0.wp.com\/www.horizonemployeur.fr\/wordpress\/wp-content\/uploads\/2017\/06\/picto_r.png?resize=40%2C40\" alt=\"\" width=\"40\" height=\"40\" srcset=\"https:\/\/i0.wp.com\/www.horizonemployeur.fr\/wordpress\/wp-content\/uploads\/2017\/06\/picto_r.png?w=146&amp;ssl=1 146w, https:\/\/i0.wp.com\/www.horizonemployeur.fr\/wordpress\/wp-content\/uploads\/2017\/06\/picto_r.png?resize=96%2C96&amp;ssl=1 96w\" sizes=\"(max-width: 40px) 100vw, 40px\" data-recalc-dims=\"1\" \/><\/td>\n<td style=\"width: 42.2236%; height: 47px; vertical-align: top;\">Toutes dessertes confondues, trains directs et omnibus: Intercit\u00e9s (en gare de Paris-Bercy), TER et Transilien:<\/p>\n<ul>\n<li>Montereau &gt; Paris: 5 trains le matin, 2 l&rsquo;apr\u00e8s-midi<\/li>\n<li>Paris &gt; Montereau: 3 trains le matin, 4 le soir<\/li>\n<li>Montargis &gt; Paris: 4 trains le matin, 1 l&rsquo;apr\u00e8s-midi<\/li>\n<li>Paris &gt; Montargis: 1 train le matin, 4 le soir<\/li>\n<\/ul>\n<p><span style=\"color: #ff0000;\">Trafic <span style=\"text-decoration: underline;\">NUL<\/span><\/span><\/p>\n<ul>\n<li><span style=\"color: #ff0000;\">entre Melun et Montereau par H\u00e9ricy<\/span><\/li>\n<\/ul>\n<\/td>\n<td style=\"width: 47.7764%; height: 47px; text-align: left; vertical-align: top;\">\n<ul>\n<li><a href=\"http:\/\/documents.transilien.com\/1523442006673.pdf\" target=\"_blank\" rel=\"noopener\">Paris &lt;&gt; Moret &lt;&gt; Montereau \/ Montargis<\/a><\/li>\n<\/ul>\n<\/td>\n<\/tr>\n<tr style=\"height: 47px;\">\n<td style=\"width: 5%; height: 47px; vertical-align: top; text-align: center;\"><img data-attachment-id=\"3220\" data-permalink=\"https:\/\/www.horizonemployeur.fr\/wordpress\/2017\/06\/14\/travaux-ete-2017\/picto_u\/\" data-orig-file=\"https:\/\/i0.wp.com\/www.horizonemployeur.fr\/wordpress\/wp-content\/uploads\/2017\/06\/picto_u.png?fit=146%2C146&amp;ssl=1\" data-orig-size=\"146,146\" data-comments-opened=\"1\" data-image-meta=\"{&quot;aperture&quot;:&quot;0&quot;,&quot;credit&quot;:&quot;&quot;,&quot;camera&quot;:&quot;&quot;,&quot;caption&quot;:&quot;&quot;,&quot;created_timestamp&quot;:&quot;0&quot;,&quot;copyright&quot;:&quot;&quot;,&quot;focal_length&quot;:&quot;0&quot;,&quot;iso&quot;:&quot;0&quot;,&quot;shutter_speed&quot;:&quot;0&quot;,&quot;title&quot;:&quot;&quot;,&quot;orientation&quot;:&quot;0&quot;}\" data-image-title=\"picto_u\" data-image-description=\"\" data-image-caption=\"\" data-medium-file=\"https:\/\/i0.wp.com\/www.horizonemployeur.fr\/wordpress\/wp-content\/uploads\/2017\/06\/picto_u.png?fit=146%2C146&amp;ssl=1\" data-large-file=\"https:\/\/i0.wp.com\/www.horizonemployeur.fr\/wordpress\/wp-content\/uploads\/2017\/06\/picto_u.png?fit=146%2C146&amp;ssl=1\" decoding=\"async\" loading=\"lazy\" class=\"alignnone wp-image-3220\" src=\"https:\/\/i0.wp.com\/www.horizonemployeur.fr\/wordpress\/wp-content\/uploads\/2017\/06\/picto_u.png?resize=40%2C40\" alt=\"\" width=\"40\" height=\"40\" srcset=\"https:\/\/i0.wp.com\/www.horizonemployeur.fr\/wordpress\/wp-content\/uploads\/2017\/06\/picto_u.png?w=146&amp;ssl=1 146w, https:\/\/i0.wp.com\/www.horizonemployeur.fr\/wordpress\/wp-content\/uploads\/2017\/06\/picto_u.png?resize=96%2C96&amp;ssl=1 96w\" sizes=\"(max-width: 40px) 100vw, 40px\" data-recalc-dims=\"1\" \/><\/td>\n<td style=\"width: 42.2236%; height: 47px; vertical-align: top;\">1 train sur 3<\/td>\n<td style=\"width: 47.7764%; height: 47px; text-align: left; vertical-align: top;\">\n<ul>\n<li><a href=\"http:\/\/documents.transilien.com\/1523442006641.pdf\">La D\u00e9fense &lt;&gt; La Verri\u00e8re<\/a><\/li>\n<\/ul>\n<\/td>\n<\/tr>\n<\/tbody>\n<\/table>\n<h2>&nbsp;<\/h2>\n<h2>M\u00e9tro (RATP)<\/h2>\n<ul>\n<li>trafic normal<\/li>\n<\/ul>\n<h2>&nbsp;<\/h2>\n<h2>Tramway<\/h2>\n<table style=\"width: 100%;\">\n<tbody>\n<tr>\n<td style=\"text-align: center; width: 9.82801%;\"><strong>Ligne<\/strong><\/td>\n<td style=\"text-align: center; width: 53.5627%;\"><strong>Pr\u00e9vision globale<\/strong><\/td>\n<td style=\"text-align: center; width: 34.1523%;\"><strong>Notes<\/strong><\/td>\n<\/tr>\n<tr>\n<td style=\"text-align: center; width: 9.82801%;\"><img data-attachment-id=\"3219\" data-permalink=\"https:\/\/www.horizonemployeur.fr\/wordpress\/2017\/06\/14\/travaux-ete-2017\/picto_t4\/\" data-orig-file=\"https:\/\/i0.wp.com\/www.horizonemployeur.fr\/wordpress\/wp-content\/uploads\/2017\/06\/picto_t4.png?fit=146%2C146&amp;ssl=1\" data-orig-size=\"146,146\" data-comments-opened=\"1\" data-image-meta=\"{&quot;aperture&quot;:&quot;0&quot;,&quot;credit&quot;:&quot;&quot;,&quot;camera&quot;:&quot;&quot;,&quot;caption&quot;:&quot;&quot;,&quot;created_timestamp&quot;:&quot;0&quot;,&quot;copyright&quot;:&quot;&quot;,&quot;focal_length&quot;:&quot;0&quot;,&quot;iso&quot;:&quot;0&quot;,&quot;shutter_speed&quot;:&quot;0&quot;,&quot;title&quot;:&quot;&quot;,&quot;orientation&quot;:&quot;0&quot;}\" data-image-title=\"picto_t4\" data-image-description=\"\" data-image-caption=\"\" data-medium-file=\"https:\/\/i0.wp.com\/www.horizonemployeur.fr\/wordpress\/wp-content\/uploads\/2017\/06\/picto_t4.png?fit=146%2C146&amp;ssl=1\" data-large-file=\"https:\/\/i0.wp.com\/www.horizonemployeur.fr\/wordpress\/wp-content\/uploads\/2017\/06\/picto_t4.png?fit=146%2C146&amp;ssl=1\" decoding=\"async\" loading=\"lazy\" class=\"alignnone wp-image-3219\" src=\"https:\/\/i0.wp.com\/www.horizonemployeur.fr\/wordpress\/wp-content\/uploads\/2017\/06\/picto_t4.png?resize=40%2C40\" alt=\"\" width=\"40\" height=\"40\" srcset=\"https:\/\/i0.wp.com\/www.horizonemployeur.fr\/wordpress\/wp-content\/uploads\/2017\/06\/picto_t4.png?w=146&amp;ssl=1 146w, https:\/\/i0.wp.com\/www.horizonemployeur.fr\/wordpress\/wp-content\/uploads\/2017\/06\/picto_t4.png?resize=96%2C96&amp;ssl=1 96w\" sizes=\"(max-width: 40px) 100vw, 40px\" data-recalc-dims=\"1\" \/><\/td>\n<td style=\"width: 53.5627%;\">Jusqu&rsquo;\u00e0 12 min entre 2 tramways jusqu&rsquo;\u00e0 21h00.<br \/>\nBus de substitution au-del\u00e0, en raison de travaux programm\u00e9s<\/td>\n<td style=\"width: 34.1523%;\">\n<ul>\n<li><a href=\"https:\/\/maligne-e-t4.transilien.com\/wp-content\/uploads\/2018\/03\/BLOG-T4-14-15-f%C3%A9vrier.pdf\" target=\"_blank\" rel=\"noopener\">horaires des bus<\/a><\/li>\n<\/ul>\n<\/td>\n<\/tr>\n<tr>\n<td style=\"text-align: center; width: 9.82801%;\"><img data-attachment-id=\"4120\" data-permalink=\"https:\/\/www.horizonemployeur.fr\/wordpress\/2018\/03\/20\/trafic-22-03-2018\/picto-tram-express-11\/\" data-orig-file=\"https:\/\/i0.wp.com\/www.horizonemployeur.fr\/wordpress\/wp-content\/uploads\/2018\/03\/picto-tram-express-11.png?fit=146%2C146&amp;ssl=1\" data-orig-size=\"146,146\" data-comments-opened=\"1\" data-image-meta=\"{&quot;aperture&quot;:&quot;0&quot;,&quot;credit&quot;:&quot;&quot;,&quot;camera&quot;:&quot;&quot;,&quot;caption&quot;:&quot;&quot;,&quot;created_timestamp&quot;:&quot;0&quot;,&quot;copyright&quot;:&quot;&quot;,&quot;focal_length&quot;:&quot;0&quot;,&quot;iso&quot;:&quot;0&quot;,&quot;shutter_speed&quot;:&quot;0&quot;,&quot;title&quot;:&quot;&quot;,&quot;orientation&quot;:&quot;0&quot;}\" data-image-title=\"picto tram express 11\" data-image-description=\"\" data-image-caption=\"\" data-medium-file=\"https:\/\/i0.wp.com\/www.horizonemployeur.fr\/wordpress\/wp-content\/uploads\/2018\/03\/picto-tram-express-11.png?fit=146%2C146&amp;ssl=1\" data-large-file=\"https:\/\/i0.wp.com\/www.horizonemployeur.fr\/wordpress\/wp-content\/uploads\/2018\/03\/picto-tram-express-11.png?fit=146%2C146&amp;ssl=1\" decoding=\"async\" loading=\"lazy\" class=\"alignnone wp-image-4120\" src=\"https:\/\/i0.wp.com\/www.horizonemployeur.fr\/wordpress\/wp-content\/uploads\/2018\/03\/picto-tram-express-11.png?resize=40%2C40\" alt=\"\" width=\"40\" height=\"40\"  data-recalc-dims=\"1\"><\/td>\n<td style=\"width: 53.5627%;\">Trafic normal<\/td>\n<td style=\"width: 34.1523%;\">&nbsp;<\/td>\n<\/tr>\n<tr>\n<td style=\"text-align: center; width: 9.82801%;\"><strong>Autres<br \/>\n(RATP)<\/strong><\/td>\n<td style=\"width: 53.5627%;\">Trafic normal<\/td>\n<td style=\"width: 34.1523%;\">&nbsp;<\/td>\n<\/tr>\n<\/tbody>\n<\/table>\n<h2>&nbsp;<\/h2>\n<h2>Bus<\/h2>\n<ul>\n<li>Lignes RATP: trafic normal<\/li>\n<li>Autres lignes: trafic normal.<\/li>\n<\/ul>\n<p>Les <strong>renforts de lignes bus<\/strong> d\u00e9j\u00e0 mis en oeuvre mardi 3 et mercredi 4 ainsi que lundi 9 avril sont reconduits, en particulier sur les lignes MobiCAPS 15 et Ph\u00e9bus 40, 42 et 60.<\/p>\n<p><img data-attachment-id=\"4333\" data-permalink=\"https:\/\/www.horizonemployeur.fr\/wordpress\/2018\/04\/12\/trafic-13-04-2018\/renfort-ligne-mobicaps-15-13-avril-2018\/\" data-orig-file=\"https:\/\/i0.wp.com\/www.horizonemployeur.fr\/wordpress\/wp-content\/uploads\/2018\/04\/Renfort-ligne-MobiCAPS-15-13-avril-2018.jpg?fit=848%2C1199&amp;ssl=1\" data-orig-size=\"848,1199\" data-comments-opened=\"1\" data-image-meta=\"{&quot;aperture&quot;:&quot;0&quot;,&quot;credit&quot;:&quot;&quot;,&quot;camera&quot;:&quot;&quot;,&quot;caption&quot;:&quot;&quot;,&quot;created_timestamp&quot;:&quot;0&quot;,&quot;copyright&quot;:&quot;&quot;,&quot;focal_length&quot;:&quot;0&quot;,&quot;iso&quot;:&quot;0&quot;,&quot;shutter_speed&quot;:&quot;0&quot;,&quot;title&quot;:&quot;&quot;,&quot;orientation&quot;:&quot;0&quot;}\" data-image-title=\"Renfort ligne MobiCAPS 15 13 avril 2018\" data-image-description=\"\" data-image-caption=\"\" data-medium-file=\"https:\/\/i0.wp.com\/www.horizonemployeur.fr\/wordpress\/wp-content\/uploads\/2018\/04\/Renfort-ligne-MobiCAPS-15-13-avril-2018.jpg?fit=212%2C300&amp;ssl=1\" data-large-file=\"https:\/\/i0.wp.com\/www.horizonemployeur.fr\/wordpress\/wp-content\/uploads\/2018\/04\/Renfort-ligne-MobiCAPS-15-13-avril-2018.jpg?fit=700%2C990&amp;ssl=1\" decoding=\"async\" loading=\"lazy\" class=\"alignnone wp-image-4333\" src=\"https:\/\/i0.wp.com\/www.horizonemployeur.fr\/wordpress\/wp-content\/uploads\/2018\/04\/Renfort-ligne-MobiCAPS-15-13-avril-2018.jpg?resize=350%2C495\" alt=\"\" width=\"350\" height=\"495\" srcset=\"https:\/\/i0.wp.com\/www.horizonemployeur.fr\/wordpress\/wp-content\/uploads\/2018\/04\/Renfort-ligne-MobiCAPS-15-13-avril-2018.jpg?w=848&amp;ssl=1 848w, https:\/\/i0.wp.com\/www.horizonemployeur.fr\/wordpress\/wp-content\/uploads\/2018\/04\/Renfort-ligne-MobiCAPS-15-13-avril-2018.jpg?resize=212%2C300&amp;ssl=1 212w, https:\/\/i0.wp.com\/www.horizonemployeur.fr\/wordpress\/wp-content\/uploads\/2018\/04\/Renfort-ligne-MobiCAPS-15-13-avril-2018.jpg?resize=768%2C1086&amp;ssl=1 768w, https:\/\/i0.wp.com\/www.horizonemployeur.fr\/wordpress\/wp-content\/uploads\/2018\/04\/Renfort-ligne-MobiCAPS-15-13-avril-2018.jpg?resize=724%2C1024&amp;ssl=1 724w\" sizes=\"(max-width: 350px) 100vw, 350px\" data-recalc-dims=\"1\" \/><img data-attachment-id=\"4335\" data-permalink=\"https:\/\/www.horizonemployeur.fr\/wordpress\/2018\/04\/12\/trafic-13-04-2018\/renfort-ligne-keolis-velizy-40-13-avril-2018\/\" data-orig-file=\"https:\/\/i0.wp.com\/www.horizonemployeur.fr\/wordpress\/wp-content\/uploads\/2018\/04\/Renfort-ligne-Keolis-V\u00e9lizy-40-13-avril-2018.jpg?fit=647%2C912&amp;ssl=1\" data-orig-size=\"647,912\" data-comments-opened=\"1\" data-image-meta=\"{&quot;aperture&quot;:&quot;0&quot;,&quot;credit&quot;:&quot;&quot;,&quot;camera&quot;:&quot;&quot;,&quot;caption&quot;:&quot;&quot;,&quot;created_timestamp&quot;:&quot;0&quot;,&quot;copyright&quot;:&quot;&quot;,&quot;focal_length&quot;:&quot;0&quot;,&quot;iso&quot;:&quot;0&quot;,&quot;shutter_speed&quot;:&quot;0&quot;,&quot;title&quot;:&quot;&quot;,&quot;orientation&quot;:&quot;0&quot;}\" data-image-title=\"Renfort ligne Keolis V\u00e9lizy 40 13 avril 2018\" data-image-description=\"\" data-image-caption=\"\" data-medium-file=\"https:\/\/i0.wp.com\/www.horizonemployeur.fr\/wordpress\/wp-content\/uploads\/2018\/04\/Renfort-ligne-Keolis-V\u00e9lizy-40-13-avril-2018.jpg?fit=213%2C300&amp;ssl=1\" data-large-file=\"https:\/\/i0.wp.com\/www.horizonemployeur.fr\/wordpress\/wp-content\/uploads\/2018\/04\/Renfort-ligne-Keolis-V\u00e9lizy-40-13-avril-2018.jpg?fit=647%2C912&amp;ssl=1\" decoding=\"async\" loading=\"lazy\" class=\"alignnone  wp-image-4335\" src=\"https:\/\/i0.wp.com\/www.horizonemployeur.fr\/wordpress\/wp-content\/uploads\/2018\/04\/Renfort-ligne-Keolis-V\u00e9lizy-40-13-avril-2018.jpg?resize=350%2C493\" alt=\"\" width=\"350\" height=\"493\" srcset=\"https:\/\/i0.wp.com\/www.horizonemployeur.fr\/wordpress\/wp-content\/uploads\/2018\/04\/Renfort-ligne-Keolis-V\u00e9lizy-40-13-avril-2018.jpg?w=647&amp;ssl=1 647w, https:\/\/i0.wp.com\/www.horizonemployeur.fr\/wordpress\/wp-content\/uploads\/2018\/04\/Renfort-ligne-Keolis-V\u00e9lizy-40-13-avril-2018.jpg?resize=213%2C300&amp;ssl=1 213w\" sizes=\"(max-width: 350px) 100vw, 350px\" data-recalc-dims=\"1\" \/> <img data-attachment-id=\"4336\" data-permalink=\"https:\/\/www.horizonemployeur.fr\/wordpress\/2018\/04\/12\/trafic-13-04-2018\/renfort-ligne-keolis-velizy-42-13-avril-2018\/\" data-orig-file=\"https:\/\/i0.wp.com\/www.horizonemployeur.fr\/wordpress\/wp-content\/uploads\/2018\/04\/Renfort-ligne-Keolis-V\u00e9lizy-42-13-avril-2018.jpg?fit=650%2C915&amp;ssl=1\" data-orig-size=\"650,915\" data-comments-opened=\"1\" data-image-meta=\"{&quot;aperture&quot;:&quot;0&quot;,&quot;credit&quot;:&quot;&quot;,&quot;camera&quot;:&quot;&quot;,&quot;caption&quot;:&quot;&quot;,&quot;created_timestamp&quot;:&quot;0&quot;,&quot;copyright&quot;:&quot;&quot;,&quot;focal_length&quot;:&quot;0&quot;,&quot;iso&quot;:&quot;0&quot;,&quot;shutter_speed&quot;:&quot;0&quot;,&quot;title&quot;:&quot;&quot;,&quot;orientation&quot;:&quot;0&quot;}\" data-image-title=\"Renfort ligne Keolis V\u00e9lizy 42 13 avril 2018\" data-image-description=\"\" data-image-caption=\"\" data-medium-file=\"https:\/\/i0.wp.com\/www.horizonemployeur.fr\/wordpress\/wp-content\/uploads\/2018\/04\/Renfort-ligne-Keolis-V\u00e9lizy-42-13-avril-2018.jpg?fit=213%2C300&amp;ssl=1\" data-large-file=\"https:\/\/i0.wp.com\/www.horizonemployeur.fr\/wordpress\/wp-content\/uploads\/2018\/04\/Renfort-ligne-Keolis-V\u00e9lizy-42-13-avril-2018.jpg?fit=650%2C915&amp;ssl=1\" decoding=\"async\" loading=\"lazy\" class=\"alignnone  wp-image-4336\" src=\"https:\/\/i0.wp.com\/www.horizonemployeur.fr\/wordpress\/wp-content\/uploads\/2018\/04\/Renfort-ligne-Keolis-V\u00e9lizy-42-13-avril-2018.jpg?resize=350%2C493\" alt=\"\" width=\"350\" height=\"493\" srcset=\"https:\/\/i0.wp.com\/www.horizonemployeur.fr\/wordpress\/wp-content\/uploads\/2018\/04\/Renfort-ligne-Keolis-V\u00e9lizy-42-13-avril-2018.jpg?w=650&amp;ssl=1 650w, https:\/\/i0.wp.com\/www.horizonemployeur.fr\/wordpress\/wp-content\/uploads\/2018\/04\/Renfort-ligne-Keolis-V\u00e9lizy-42-13-avril-2018.jpg?resize=213%2C300&amp;ssl=1 213w\" sizes=\"(max-width: 350px) 100vw, 350px\" data-recalc-dims=\"1\" \/> <img data-attachment-id=\"4337\" data-permalink=\"https:\/\/www.horizonemployeur.fr\/wordpress\/2018\/04\/12\/trafic-13-04-2018\/renfort-ligne-keolis-velizy-60-13-avril-2018\/\" data-orig-file=\"https:\/\/i0.wp.com\/www.horizonemployeur.fr\/wordpress\/wp-content\/uploads\/2018\/04\/Renfort-ligne-Keolis-V\u00e9lizy-60-13-avril-2018.jpg?fit=647%2C911&amp;ssl=1\" data-orig-size=\"647,911\" data-comments-opened=\"1\" data-image-meta=\"{&quot;aperture&quot;:&quot;0&quot;,&quot;credit&quot;:&quot;&quot;,&quot;camera&quot;:&quot;&quot;,&quot;caption&quot;:&quot;&quot;,&quot;created_timestamp&quot;:&quot;0&quot;,&quot;copyright&quot;:&quot;&quot;,&quot;focal_length&quot;:&quot;0&quot;,&quot;iso&quot;:&quot;0&quot;,&quot;shutter_speed&quot;:&quot;0&quot;,&quot;title&quot;:&quot;&quot;,&quot;orientation&quot;:&quot;0&quot;}\" data-image-title=\"Renfort ligne Keolis V\u00e9lizy 60 13 avril 2018\" data-image-description=\"\" data-image-caption=\"\" data-medium-file=\"https:\/\/i0.wp.com\/www.horizonemployeur.fr\/wordpress\/wp-content\/uploads\/2018\/04\/Renfort-ligne-Keolis-V\u00e9lizy-60-13-avril-2018.jpg?fit=213%2C300&amp;ssl=1\" data-large-file=\"https:\/\/i0.wp.com\/www.horizonemployeur.fr\/wordpress\/wp-content\/uploads\/2018\/04\/Renfort-ligne-Keolis-V\u00e9lizy-60-13-avril-2018.jpg?fit=647%2C911&amp;ssl=1\" decoding=\"async\" loading=\"lazy\" class=\"alignnone  wp-image-4337\" src=\"https:\/\/i0.wp.com\/www.horizonemployeur.fr\/wordpress\/wp-content\/uploads\/2018\/04\/Renfort-ligne-Keolis-V\u00e9lizy-60-13-avril-2018.jpg?resize=350%2C493\" alt=\"\" width=\"350\" height=\"493\" srcset=\"https:\/\/i0.wp.com\/www.horizonemployeur.fr\/wordpress\/wp-content\/uploads\/2018\/04\/Renfort-ligne-Keolis-V\u00e9lizy-60-13-avril-2018.jpg?w=647&amp;ssl=1 647w, https:\/\/i0.wp.com\/www.horizonemployeur.fr\/wordpress\/wp-content\/uploads\/2018\/04\/Renfort-ligne-Keolis-V\u00e9lizy-60-13-avril-2018.jpg?resize=213%2C300&amp;ssl=1 213w\" sizes=\"(max-width: 350px) 100vw, 350px\" data-recalc-dims=\"1\" \/><\/p>\n<p>&nbsp;<\/p>\n<h1>Centre-Val-de-Loire<\/h1>\n<h2>TER Paris-Chartres<\/h2>\n<ul>\n<li>Chartres &gt; Paris: 6 trains le matin, 7 trains l&rsquo;apr\u00e8s-midi et le soir<\/li>\n<li>Paris &gt; Chartres: 3 trains le matin, 10 trains l&rsquo;apr\u00e8s-midi et le soir<\/li>\n<\/ul>\n<p><a href=\"https:\/\/cdn.ter.sncf.com\/medias\/PDF\/centre_val_de_loire\/Info%20Trafic%20PCLM%20Gr%C3%A8ve%20du%20vendredi%2013_tcm56-46804_tcm56-184718.pdf\" target=\"_blank\" rel=\"noopener\">Paris &lt;&gt; Chartres &lt;&gt; Le Mans<\/a><\/p>\n<p>&nbsp;<\/p>\n<p>&nbsp;<\/p>\n","protected":false},"excerpt":{"rendered":"<p>Vendredi 13 avril, nous abordons une nouvelle s\u00e9quence de 2 jours rouges et donc d&rsquo;importantes perturbations du trafic ferroviaire. Samedi 14, il en sera de m\u00eame. Il reste maintenant \u00e0 savoir ce que sera la suite, en d&rsquo;autres termes si la r\u00e8gle des \u00ab\u00a02 jours sur 5\u00a0\u00bb va continuer \u00e0 pr\u00e9valoir ou si on va [&hellip;]<\/p>\n","protected":false},"author":1,"featured_media":4313,"comment_status":"open","ping_status":"open","sticky":false,"template":"page-templates\/no-sidebar.php","format":"standard","meta":{"ngg_post_thumbnail":0,"jetpack_post_was_ever_published":false},"categories":[12],"tags":[20],"jetpack_featured_media_url":"https:\/\/i0.wp.com\/www.horizonemployeur.fr\/wordpress\/wp-content\/uploads\/2018\/04\/Tableau-departs-psl-P1230489-fevrier-2012.jpg?fit=900%2C476&ssl=1","jetpack_sharing_enabled":true,"jetpack_shortlink":"https:\/\/wp.me\/p7AoJR-17D","jetpack-related-posts":[{"id":4235,"url":"https:\/\/www.horizonemployeur.fr\/wordpress\/2018\/04\/04\/trafic-05-04-2018\/","url_meta":{"origin":4317,"position":0},"title":"Jeudi 5 avril 2018: pr\u00e9visions de trafic SNCF","date":"4 avril 2018","format":false,"excerpt":"Jeudi 5 avril 2018, nous avons pass\u00e9 les 2 premiers jours de gr\u00e8ve sur les 36 pr\u00e9vus, mais: une organisation syndicale est sur la base d'un mouvement reconductible toutes les 24 heures, donc ind\u00e9pendant de la r\u00e8gle des \"2 jours sur 5\" certaines perturbations seront de toute fa\u00e7on \u00e0 pr\u00e9voir\u2026","rel":"","context":"Dans &quot;Transports en Commun&quot;","img":{"alt_text":"","src":"https:\/\/i0.wp.com\/www.horizonemployeur.fr\/wordpress\/wp-content\/uploads\/2018\/04\/Affichage-trains-Gare-de-Lyon.jpg?fit=1200%2C481&ssl=1&resize=350%2C200","width":350,"height":200},"classes":[]},{"id":4418,"url":"https:\/\/www.horizonemployeur.fr\/wordpress\/2018\/04\/19\/trafic-20-04-2018\/","url_meta":{"origin":4317,"position":1},"title":"Vendredi 20 avril 2018: pr\u00e9visions de trafic SNCF","date":"19 avril 2018","format":false,"excerpt":"Vendredi 20 avril, la fin de la 4e s\u00e9quence de jours rouges touche \u00e0 sa fin \u00e0 8h00. Le reste de la semaine devrait correspondre \u00e0 3 jours blancs, avec de faibles perturbations. Le d\u00e9but de la semaine prochaine devrait co\u00efncider avec le retour des fortes difficult\u00e9s, lundi 23 et\u2026","rel":"","context":"Dans &quot;Transports en Commun&quot;","img":{"alt_text":"","src":"https:\/\/i0.wp.com\/www.horizonemployeur.fr\/wordpress\/wp-content\/uploads\/2018\/04\/P1220066_700x500d.jpg?fit=700%2C500&ssl=1&resize=350%2C200","width":350,"height":200},"classes":[]},{"id":4258,"url":"https:\/\/www.horizonemployeur.fr\/wordpress\/2018\/04\/05\/trafic-06-04-2018\/","url_meta":{"origin":4317,"position":2},"title":"Vendredi 6 avril 2018: pr\u00e9visions de trafic SNCF","date":"5 avril 2018","format":false,"excerpt":"La journ\u00e9e du vendredi 6 avril sera assez similaire, pour ce qui est des pr\u00e9visions de trafic, \u00e0 celle du jeudi 5. Certaines lignes voient cependant leur situation s'am\u00e9liorer. Attention, d'importantes perturbations sont attendues dimanche 8 et lundi 9. (mise \u00e0 jour vendredi 6 avril 9h45) Les pr\u00e9visions de trafic\u2026","rel":"","context":"Dans &quot;Transports en Commun&quot;","img":{"alt_text":"","src":"https:\/\/i0.wp.com\/www.horizonemployeur.fr\/wordpress\/wp-content\/uploads\/2018\/04\/Affichage-trains-Gare-de-Lyon.jpg?fit=1200%2C481&ssl=1&resize=350%2C200","width":350,"height":200},"classes":[]},{"id":4609,"url":"https:\/\/www.horizonemployeur.fr\/wordpress\/2018\/04\/29\/trafic-30-avril-2018\/","url_meta":{"origin":4317,"position":3},"title":"Lundi 30 avril 2018: pr\u00e9visions de trafic SNCF et RATP","date":"29 avril 2018","format":false,"excerpt":"Lundi 30 avril, le 6e groupe des \"2 jours sur 5\" de gr\u00e8ve \u00e0 la SNCF prend officiellement fin \u00e0 8h00. Il s'agit par contre d'une journ\u00e9e de \"pont\" entre le dimanche et le 1er mai: certaines lignes, en particulier RATP, circulent avec une offre limit\u00e9e (horaires du samedi). (mise\u2026","rel":"","context":"Dans &quot;Transports en Commun&quot;","img":{"alt_text":"","src":"https:\/\/i0.wp.com\/www.horizonemployeur.fr\/wordpress\/wp-content\/uploads\/2018\/04\/P1100641_1024d.jpg?fit=1024%2C512&ssl=1&resize=350%2C200","width":350,"height":200},"classes":[]},{"id":4447,"url":"https:\/\/www.horizonemployeur.fr\/wordpress\/2018\/04\/23\/trafic-24-04-2018\/","url_meta":{"origin":4317,"position":4},"title":"Mardi 24 avril 2018: pr\u00e9visions de trafic SNCF","date":"23 avril 2018","format":false,"excerpt":"Mardi 24 avril, 2e jour du 5e groupe de jours de gr\u00e8ve \"2 jours sur 5\". La situation est tr\u00e8s similaire \u00e0 celle du lundi 23 avril. (mise \u00e0 jour lundi 23 avril, 18h55) Les pr\u00e9visions de trafic pour les journ\u00e9es du mardi 24 avril\u00a0sont les suivantes: \u00a0 Ile-de-France RER\u2026","rel":"","context":"Dans &quot;Transports en Commun&quot;","img":{"alt_text":"","src":"https:\/\/i0.wp.com\/www.horizonemployeur.fr\/wordpress\/wp-content\/uploads\/2018\/04\/P1180016_700x500d.jpg?fit=700%2C500&ssl=1&resize=350%2C200","width":350,"height":200},"classes":[]},{"id":4560,"url":"https:\/\/www.horizonemployeur.fr\/wordpress\/2018\/04\/26\/trafic-27-04-2018\/","url_meta":{"origin":4317,"position":5},"title":"Vendredi 27 avril 2018: pr\u00e9visions de trafic SNCF","date":"26 avril 2018","format":false,"excerpt":"Vendredi 27 avril, 3e jour de circulations (relativement) importantes avant la 6e s\u00e9rie de 2 jours, samedi 28 et dimanche 29 avril, o\u00f9 se combineront travaux et mouvement social. (mise \u00e0 jour jeudi 26 avril, 17h15) Les pr\u00e9visions de trafic pour la journ\u00e9e du vendredi 27 avril\u00a0sont les suivantes: \u00a0\u2026","rel":"","context":"Dans &quot;Transports en Commun&quot;","img":{"alt_text":"","src":"https:\/\/i0.wp.com\/www.horizonemployeur.fr\/wordpress\/wp-content\/uploads\/2018\/04\/P1020805_1024x512d.jpg?fit=1024%2C512&ssl=1&resize=350%2C200","width":350,"height":200},"classes":[]}],"_links":{"self":[{"href":"https:\/\/www.horizonemployeur.fr\/wordpress\/wp-json\/wp\/v2\/posts\/4317"}],"collection":[{"href":"https:\/\/www.horizonemployeur.fr\/wordpress\/wp-json\/wp\/v2\/posts"}],"about":[{"href":"https:\/\/www.horizonemployeur.fr\/wordpress\/wp-json\/wp\/v2\/types\/post"}],"author":[{"embeddable":true,"href":"https:\/\/www.horizonemployeur.fr\/wordpress\/wp-json\/wp\/v2\/users\/1"}],"replies":[{"embeddable":true,"href":"https:\/\/www.horizonemployeur.fr\/wordpress\/wp-json\/wp\/v2\/comments?post=4317"}],"version-history":[{"count":11,"href":"https:\/\/www.horizonemployeur.fr\/wordpress\/wp-json\/wp\/v2\/posts\/4317\/revisions"}],"predecessor-version":[{"id":4338,"href":"https:\/\/www.horizonemployeur.fr\/wordpress\/wp-json\/wp\/v2\/posts\/4317\/revisions\/4338"}],"wp:featuredmedia":[{"embeddable":true,"href":"https:\/\/www.horizonemployeur.fr\/wordpress\/wp-json\/wp\/v2\/media\/4313"}],"wp:attachment":[{"href":"https:\/\/www.horizonemployeur.fr\/wordpress\/wp-json\/wp\/v2\/media?parent=4317"}],"wp:term":[{"taxonomy":"category","embeddable":true,"href":"https:\/\/www.horizonemployeur.fr\/wordpress\/wp-json\/wp\/v2\/categories?post=4317"},{"taxonomy":"post_tag","embeddable":true,"href":"https:\/\/www.horizonemployeur.fr\/wordpress\/wp-json\/wp\/v2\/tags?post=4317"}],"curies":[{"name":"wp","href":"https:\/\/api.w.org\/{rel}","templated":true}]}}