{"id":4311,"date":"2018-04-11T15:26:12","date_gmt":"2018-04-11T13:26:12","guid":{"rendered":"http:\/\/www.horizonemployeur.fr\/wordpress\/?p=4311"},"modified":"2018-04-12T10:50:35","modified_gmt":"2018-04-12T08:50:35","slug":"trafic-12-04-2018","status":"publish","type":"post","link":"https:\/\/www.horizonemployeur.fr\/wordpress\/2018\/04\/11\/trafic-12-04-2018\/","title":{"rendered":"Jeudi 12 avril 2018: pr\u00e9visions de trafic SNCF"},"content":{"rendered":"<p>Jeudi 12 avril, derni\u00e8re des 3 journ\u00e9es blanches, ce qui devrait nous donner un trafic assez similaire \u00e0 celui du mardi 10 avril et du mercredi 11 avril.<\/p>\n<p>Vendredi 13 et samedi 14 avril sont annonc\u00e9s comme journ\u00e9es rouges. Mais un doute appara\u00eet quant \u00e0 la suite du mouvement social \u00e0 partir du dimanche 15 avril, puisque certaines voix se sont \u00e9lev\u00e9es en faveur d&rsquo;un mouvement reconductible classique. Il faudra attendre la journ\u00e9e de vendredi voire de samedi pour en savoir plus.<\/p>\n<p><!--more--><\/p>\n<p>(mise \u00e0 jour jeudi 12 avril 10h45)<\/p>\n<p>Les pr\u00e9visions de trafic pour la journ\u00e9e du <strong>jeudi 12 avril&nbsp;<\/strong>sont les suivantes.<\/p>\n<p>&nbsp;<\/p>\n<h1>Ile-de-France<\/h1>\n<h2>RER et Transilien<\/h2>\n<table style=\"width: 100%;\">\n<tbody>\n<tr style=\"height: 24px;\">\n<td style=\"text-align: center; width: 5%; height: 24px;\"><strong>Ligne<\/strong><\/td>\n<td style=\"text-align: center; width: 42.2236%; height: 24px;\"><b>Description g\u00e9n\u00e9rale<\/b><\/td>\n<td style=\"text-align: center; width: 47.7764%; height: 24px;\"><b>Horaires d\u00e9taill\u00e9s<\/b><\/td>\n<\/tr>\n<tr style=\"height: 9px;\">\n<td style=\"text-align: center; width: 5%; height: 9px;\"><img data-attachment-id=\"3223\" data-permalink=\"https:\/\/www.horizonemployeur.fr\/wordpress\/2017\/06\/14\/travaux-ete-2017\/picto_a\/\" data-orig-file=\"https:\/\/i0.wp.com\/www.horizonemployeur.fr\/wordpress\/wp-content\/uploads\/2017\/06\/picto_a.png?fit=146%2C146&amp;ssl=1\" data-orig-size=\"146,146\" data-comments-opened=\"1\" data-image-meta=\"{&quot;aperture&quot;:&quot;0&quot;,&quot;credit&quot;:&quot;&quot;,&quot;camera&quot;:&quot;&quot;,&quot;caption&quot;:&quot;&quot;,&quot;created_timestamp&quot;:&quot;0&quot;,&quot;copyright&quot;:&quot;&quot;,&quot;focal_length&quot;:&quot;0&quot;,&quot;iso&quot;:&quot;0&quot;,&quot;shutter_speed&quot;:&quot;0&quot;,&quot;title&quot;:&quot;&quot;,&quot;orientation&quot;:&quot;0&quot;}\" data-image-title=\"picto_a\" data-image-description=\"\" data-image-caption=\"\" data-medium-file=\"https:\/\/i0.wp.com\/www.horizonemployeur.fr\/wordpress\/wp-content\/uploads\/2017\/06\/picto_a.png?fit=146%2C146&amp;ssl=1\" data-large-file=\"https:\/\/i0.wp.com\/www.horizonemployeur.fr\/wordpress\/wp-content\/uploads\/2017\/06\/picto_a.png?fit=146%2C146&amp;ssl=1\" decoding=\"async\" loading=\"lazy\" class=\"alignnone wp-image-3223\" src=\"https:\/\/i0.wp.com\/www.horizonemployeur.fr\/wordpress\/wp-content\/uploads\/2017\/06\/picto_a.png?resize=40%2C40\" alt=\"\" width=\"40\" height=\"40\" srcset=\"https:\/\/i0.wp.com\/www.horizonemployeur.fr\/wordpress\/wp-content\/uploads\/2017\/06\/picto_a.png?w=146&amp;ssl=1 146w, https:\/\/i0.wp.com\/www.horizonemployeur.fr\/wordpress\/wp-content\/uploads\/2017\/06\/picto_a.png?resize=96%2C96&amp;ssl=1 96w\" sizes=\"(max-width: 40px) 100vw, 40px\" data-recalc-dims=\"1\" \/><\/td>\n<td style=\"width: 42.2236%; height: 9px;\"><strong>Trafic normal<\/strong><\/td>\n<td style=\"text-align: center; width: 47.7764%; height: 9px;\">&nbsp;<\/td>\n<\/tr>\n<tr style=\"height: 5px;\">\n<td style=\"text-align: center; width: 5%; height: 5px;\"><img data-attachment-id=\"3224\" data-permalink=\"https:\/\/www.horizonemployeur.fr\/wordpress\/2017\/06\/14\/travaux-ete-2017\/picto_b\/\" data-orig-file=\"https:\/\/i0.wp.com\/www.horizonemployeur.fr\/wordpress\/wp-content\/uploads\/2017\/06\/picto_b.png?fit=146%2C146&amp;ssl=1\" data-orig-size=\"146,146\" data-comments-opened=\"1\" data-image-meta=\"{&quot;aperture&quot;:&quot;0&quot;,&quot;credit&quot;:&quot;&quot;,&quot;camera&quot;:&quot;&quot;,&quot;caption&quot;:&quot;&quot;,&quot;created_timestamp&quot;:&quot;0&quot;,&quot;copyright&quot;:&quot;&quot;,&quot;focal_length&quot;:&quot;0&quot;,&quot;iso&quot;:&quot;0&quot;,&quot;shutter_speed&quot;:&quot;0&quot;,&quot;title&quot;:&quot;&quot;,&quot;orientation&quot;:&quot;0&quot;}\" data-image-title=\"picto_b\" data-image-description=\"\" data-image-caption=\"\" data-medium-file=\"https:\/\/i0.wp.com\/www.horizonemployeur.fr\/wordpress\/wp-content\/uploads\/2017\/06\/picto_b.png?fit=146%2C146&amp;ssl=1\" data-large-file=\"https:\/\/i0.wp.com\/www.horizonemployeur.fr\/wordpress\/wp-content\/uploads\/2017\/06\/picto_b.png?fit=146%2C146&amp;ssl=1\" decoding=\"async\" loading=\"lazy\" class=\"alignnone wp-image-3224\" src=\"https:\/\/i0.wp.com\/www.horizonemployeur.fr\/wordpress\/wp-content\/uploads\/2017\/06\/picto_b.png?resize=40%2C40\" alt=\"\" width=\"40\" height=\"40\" srcset=\"https:\/\/i0.wp.com\/www.horizonemployeur.fr\/wordpress\/wp-content\/uploads\/2017\/06\/picto_b.png?w=146&amp;ssl=1 146w, https:\/\/i0.wp.com\/www.horizonemployeur.fr\/wordpress\/wp-content\/uploads\/2017\/06\/picto_b.png?resize=96%2C96&amp;ssl=1 96w\" sizes=\"(max-width: 40px) 100vw, 40px\" data-recalc-dims=\"1\" \/><\/td>\n<td style=\"width: 42.2236%; height: 5px;\"><strong>Trafic normal<b><br \/>\n<\/b><\/strong><em>L&rsquo;interconnexion est r\u00e9tablie<\/em><\/td>\n<td style=\"width: 47.7764%; text-align: left; height: 5px;\">&nbsp;<\/td>\n<\/tr>\n<tr style=\"height: 47px;\">\n<td style=\"text-align: center; width: 5%; height: 47px;\"><img data-attachment-id=\"3225\" data-permalink=\"https:\/\/www.horizonemployeur.fr\/wordpress\/2017\/06\/14\/travaux-ete-2017\/picto_c\/\" data-orig-file=\"https:\/\/i0.wp.com\/www.horizonemployeur.fr\/wordpress\/wp-content\/uploads\/2017\/06\/picto_c.png?fit=146%2C146&amp;ssl=1\" data-orig-size=\"146,146\" data-comments-opened=\"1\" data-image-meta=\"{&quot;aperture&quot;:&quot;0&quot;,&quot;credit&quot;:&quot;&quot;,&quot;camera&quot;:&quot;&quot;,&quot;caption&quot;:&quot;&quot;,&quot;created_timestamp&quot;:&quot;0&quot;,&quot;copyright&quot;:&quot;&quot;,&quot;focal_length&quot;:&quot;0&quot;,&quot;iso&quot;:&quot;0&quot;,&quot;shutter_speed&quot;:&quot;0&quot;,&quot;title&quot;:&quot;&quot;,&quot;orientation&quot;:&quot;0&quot;}\" data-image-title=\"picto_c\" data-image-description=\"\" data-image-caption=\"\" data-medium-file=\"https:\/\/i0.wp.com\/www.horizonemployeur.fr\/wordpress\/wp-content\/uploads\/2017\/06\/picto_c.png?fit=146%2C146&amp;ssl=1\" data-large-file=\"https:\/\/i0.wp.com\/www.horizonemployeur.fr\/wordpress\/wp-content\/uploads\/2017\/06\/picto_c.png?fit=146%2C146&amp;ssl=1\" decoding=\"async\" loading=\"lazy\" class=\"alignnone wp-image-3225\" src=\"https:\/\/i0.wp.com\/www.horizonemployeur.fr\/wordpress\/wp-content\/uploads\/2017\/06\/picto_c.png?resize=40%2C40\" alt=\"\" width=\"40\" height=\"40\" srcset=\"https:\/\/i0.wp.com\/www.horizonemployeur.fr\/wordpress\/wp-content\/uploads\/2017\/06\/picto_c.png?w=146&amp;ssl=1 146w, https:\/\/i0.wp.com\/www.horizonemployeur.fr\/wordpress\/wp-content\/uploads\/2017\/06\/picto_c.png?resize=96%2C96&amp;ssl=1 96w\" sizes=\"(max-width: 40px) 100vw, 40px\" data-recalc-dims=\"1\" \/><\/td>\n<td style=\"width: 42.2236%; height: 47px;\"><b>3 trains sur 4<\/b><\/td>\n<td style=\"width: 47.7764%; text-align: left; height: 47px;\">\n<ul>\n<li><a href=\"http:\/\/documents.transilien.com\/1523442006618.pdf\" target=\"_blank\" rel=\"noopener\">Versailles Ch\u00e2teau Rive Gauche &lt;&gt; Versailles Chantiers<\/a><\/li>\n<li><a href=\"http:\/\/documents.transilien.com\/1523442006620.pdf\" target=\"_blank\" rel=\"noopener\">Pontoise &lt;&gt; Massy Palaiseau<\/a><\/li>\n<li><a href=\"http:\/\/documents.transilien.com\/1523442006619.pdf\" target=\"_blank\" rel=\"noopener\">Invalides &lt;&gt; Dourdan<\/a><\/li>\n<li><a href=\"http:\/\/documents.transilien.com\/1523442006621.pdf\" target=\"_blank\" rel=\"noopener\">St-Quentin en Yvelines &lt;&gt; St-Martin d&rsquo;Etampes<\/a><\/li>\n<\/ul>\n<\/td>\n<\/tr>\n<tr style=\"height: 26px;\">\n<td style=\"text-align: center; width: 5%; height: 26px;\"><img data-attachment-id=\"3226\" data-permalink=\"https:\/\/www.horizonemployeur.fr\/wordpress\/2017\/06\/14\/travaux-ete-2017\/picto_d\/\" data-orig-file=\"https:\/\/i0.wp.com\/www.horizonemployeur.fr\/wordpress\/wp-content\/uploads\/2017\/06\/picto_d.png?fit=146%2C146&amp;ssl=1\" data-orig-size=\"146,146\" data-comments-opened=\"1\" data-image-meta=\"{&quot;aperture&quot;:&quot;0&quot;,&quot;credit&quot;:&quot;&quot;,&quot;camera&quot;:&quot;&quot;,&quot;caption&quot;:&quot;&quot;,&quot;created_timestamp&quot;:&quot;0&quot;,&quot;copyright&quot;:&quot;&quot;,&quot;focal_length&quot;:&quot;0&quot;,&quot;iso&quot;:&quot;0&quot;,&quot;shutter_speed&quot;:&quot;0&quot;,&quot;title&quot;:&quot;&quot;,&quot;orientation&quot;:&quot;0&quot;}\" data-image-title=\"picto_d\" data-image-description=\"\" data-image-caption=\"\" data-medium-file=\"https:\/\/i0.wp.com\/www.horizonemployeur.fr\/wordpress\/wp-content\/uploads\/2017\/06\/picto_d.png?fit=146%2C146&amp;ssl=1\" data-large-file=\"https:\/\/i0.wp.com\/www.horizonemployeur.fr\/wordpress\/wp-content\/uploads\/2017\/06\/picto_d.png?fit=146%2C146&amp;ssl=1\" decoding=\"async\" loading=\"lazy\" class=\"alignnone wp-image-3226\" src=\"https:\/\/i0.wp.com\/www.horizonemployeur.fr\/wordpress\/wp-content\/uploads\/2017\/06\/picto_d.png?resize=40%2C40\" alt=\"\" width=\"40\" height=\"40\" srcset=\"https:\/\/i0.wp.com\/www.horizonemployeur.fr\/wordpress\/wp-content\/uploads\/2017\/06\/picto_d.png?w=146&amp;ssl=1 146w, https:\/\/i0.wp.com\/www.horizonemployeur.fr\/wordpress\/wp-content\/uploads\/2017\/06\/picto_d.png?resize=96%2C96&amp;ssl=1 96w\" sizes=\"(max-width: 40px) 100vw, 40px\" data-recalc-dims=\"1\" \/><\/td>\n<td><b>2 trains sur 3<br \/>\n<\/b><em>L&rsquo;interconnexion est en service<\/em><\/td>\n<td style=\"width: 47.7764%; text-align: left; height: 26px;\">\n<ul>\n<li><a href=\"https:\/\/maligned.transilien.com\/wp-content\/uploads\/2018\/04\/Grilles-Horaires-Nord-Creil-Paris-12-04-2018.pdf\" target=\"_blank\" rel=\"noopener\">Paris &lt;&gt; Creil<\/a><\/li>\n<li><a href=\"https:\/\/maligned.transilien.com\/wp-content\/uploads\/2018\/04\/Grilles-Horaires-Sud-Melun-12-04-2018.pdf\" target=\"_blank\" rel=\"noopener\">Paris &lt;&gt; Combs-la-V. &lt;&gt; Melun<\/a><\/li>\n<li><a href=\"https:\/\/maligned.transilien.com\/wp-content\/uploads\/2018\/04\/Grilles-Horaires-Sud-via-corbeil-12-04-2018.pdf\" target=\"_blank\" rel=\"noopener\">Paris &lt;&gt; Corbeil &lt;&gt; Melun \/ Malesherbes<\/a><\/li>\n<\/ul>\n<p>&nbsp;<\/p>\n<ul>\n<li><a href=\"http:\/\/documents.transilien.com\/1523442006610.pdf\" target=\"_blank\" rel=\"noopener\">Paris &gt; Creil<\/a><\/li>\n<li><a href=\"http:\/\/documents.transilien.com\/1523442006611.pdf\" target=\"_blank\" rel=\"noopener\">Creil &gt; Paris<\/a><\/li>\n<li><a href=\"http:\/\/documents.transilien.com\/1523442006614.pdf\" target=\"_blank\" rel=\"noopener\">Paris &gt; Combs &gt; Melun<\/a><\/li>\n<li><a href=\"http:\/\/documents.transilien.com\/1523442006615.pdf\" target=\"_blank\" rel=\"noopener\">Melun &gt; Combs &gt; Paris<\/a><\/li>\n<li><a href=\"http:\/\/documents.transilien.com\/1523442006612.pdf\" target=\"_blank\" rel=\"noopener\">Paris &gt; Corbeil &gt; Melun \/ Malesherbes<\/a><\/li>\n<li><a href=\"http:\/\/documents.transilien.com\/1523442006613.pdf\" target=\"_blank\" rel=\"noopener\">Melun \/ Malesherbes &gt; Corbeil &gt; Paris<\/a><\/li>\n<\/ul>\n<\/td>\n<\/tr>\n<tr style=\"height: 48px;\">\n<td style=\"text-align: center; width: 5%; height: 48px;\"><img data-attachment-id=\"3227\" data-permalink=\"https:\/\/www.horizonemployeur.fr\/wordpress\/2017\/06\/14\/travaux-ete-2017\/picto_e\/\" data-orig-file=\"https:\/\/i0.wp.com\/www.horizonemployeur.fr\/wordpress\/wp-content\/uploads\/2017\/06\/picto_e.png?fit=146%2C146&amp;ssl=1\" data-orig-size=\"146,146\" data-comments-opened=\"1\" data-image-meta=\"{&quot;aperture&quot;:&quot;0&quot;,&quot;credit&quot;:&quot;&quot;,&quot;camera&quot;:&quot;&quot;,&quot;caption&quot;:&quot;&quot;,&quot;created_timestamp&quot;:&quot;0&quot;,&quot;copyright&quot;:&quot;&quot;,&quot;focal_length&quot;:&quot;0&quot;,&quot;iso&quot;:&quot;0&quot;,&quot;shutter_speed&quot;:&quot;0&quot;,&quot;title&quot;:&quot;&quot;,&quot;orientation&quot;:&quot;0&quot;}\" data-image-title=\"picto_e\" data-image-description=\"\" data-image-caption=\"\" data-medium-file=\"https:\/\/i0.wp.com\/www.horizonemployeur.fr\/wordpress\/wp-content\/uploads\/2017\/06\/picto_e.png?fit=146%2C146&amp;ssl=1\" data-large-file=\"https:\/\/i0.wp.com\/www.horizonemployeur.fr\/wordpress\/wp-content\/uploads\/2017\/06\/picto_e.png?fit=146%2C146&amp;ssl=1\" decoding=\"async\" loading=\"lazy\" class=\"alignnone wp-image-3227\" src=\"https:\/\/i0.wp.com\/www.horizonemployeur.fr\/wordpress\/wp-content\/uploads\/2017\/06\/picto_e.png?resize=40%2C40\" alt=\"\" width=\"40\" height=\"40\" srcset=\"https:\/\/i0.wp.com\/www.horizonemployeur.fr\/wordpress\/wp-content\/uploads\/2017\/06\/picto_e.png?w=146&amp;ssl=1 146w, https:\/\/i0.wp.com\/www.horizonemployeur.fr\/wordpress\/wp-content\/uploads\/2017\/06\/picto_e.png?resize=96%2C96&amp;ssl=1 96w\" sizes=\"(max-width: 40px) 100vw, 40px\" data-recalc-dims=\"1\" \/><\/td>\n<td style=\"width: 42.2236%; height: 48px;\"><strong>2 trains sur 3<\/strong><\/td>\n<td style=\"width: 47.7764%; text-align: left; height: 48px;\">\n<ul>\n<li><a href=\"http:\/\/documents.transilien.com\/1521625603401.pdf\" target=\"_blank\" rel=\"noopener\">Paris &lt;&gt; Chelles<\/a><\/li>\n<li><a href=\"http:\/\/documents.transilien.com\/1521625603402.pdf\" target=\"_blank\" rel=\"noopener\">Paris &lt;&gt; Villiers &lt;&gt; Tournan<\/a><\/li>\n<\/ul>\n<\/td>\n<\/tr>\n<tr style=\"height: 47px;\">\n<td style=\"text-align: center; width: 5%; height: 47px;\"><img data-attachment-id=\"3232\" data-permalink=\"https:\/\/www.horizonemployeur.fr\/wordpress\/2017\/06\/14\/travaux-ete-2017\/picto_h\/\" data-orig-file=\"https:\/\/i0.wp.com\/www.horizonemployeur.fr\/wordpress\/wp-content\/uploads\/2017\/06\/picto_h.png?fit=146%2C146&amp;ssl=1\" data-orig-size=\"146,146\" data-comments-opened=\"1\" data-image-meta=\"{&quot;aperture&quot;:&quot;0&quot;,&quot;credit&quot;:&quot;&quot;,&quot;camera&quot;:&quot;&quot;,&quot;caption&quot;:&quot;&quot;,&quot;created_timestamp&quot;:&quot;0&quot;,&quot;copyright&quot;:&quot;&quot;,&quot;focal_length&quot;:&quot;0&quot;,&quot;iso&quot;:&quot;0&quot;,&quot;shutter_speed&quot;:&quot;0&quot;,&quot;title&quot;:&quot;&quot;,&quot;orientation&quot;:&quot;0&quot;}\" data-image-title=\"picto_h\" data-image-description=\"\" data-image-caption=\"\" data-medium-file=\"https:\/\/i0.wp.com\/www.horizonemployeur.fr\/wordpress\/wp-content\/uploads\/2017\/06\/picto_h.png?fit=146%2C146&amp;ssl=1\" data-large-file=\"https:\/\/i0.wp.com\/www.horizonemployeur.fr\/wordpress\/wp-content\/uploads\/2017\/06\/picto_h.png?fit=146%2C146&amp;ssl=1\" decoding=\"async\" loading=\"lazy\" class=\"alignnone wp-image-3232\" src=\"https:\/\/i0.wp.com\/www.horizonemployeur.fr\/wordpress\/wp-content\/uploads\/2017\/06\/picto_h.png?resize=40%2C40\" alt=\"\" width=\"40\" height=\"40\" srcset=\"https:\/\/i0.wp.com\/www.horizonemployeur.fr\/wordpress\/wp-content\/uploads\/2017\/06\/picto_h.png?w=146&amp;ssl=1 146w, https:\/\/i0.wp.com\/www.horizonemployeur.fr\/wordpress\/wp-content\/uploads\/2017\/06\/picto_h.png?resize=96%2C96&amp;ssl=1 96w\" sizes=\"(max-width: 40px) 100vw, 40px\" data-recalc-dims=\"1\" \/><\/td>\n<td style=\"width: 42.2236%; height: 47px;\"><strong>Trafic normal<\/strong><\/td>\n<td>&nbsp;<\/td>\n<\/tr>\n<tr style=\"height: 23px;\">\n<td style=\"text-align: center; width: 5%; height: 23px;\"><img data-attachment-id=\"3231\" data-permalink=\"https:\/\/www.horizonemployeur.fr\/wordpress\/2017\/06\/14\/travaux-ete-2017\/picto_j\/\" data-orig-file=\"https:\/\/i0.wp.com\/www.horizonemployeur.fr\/wordpress\/wp-content\/uploads\/2017\/06\/picto_j.png?fit=146%2C146&amp;ssl=1\" data-orig-size=\"146,146\" data-comments-opened=\"1\" data-image-meta=\"{&quot;aperture&quot;:&quot;0&quot;,&quot;credit&quot;:&quot;&quot;,&quot;camera&quot;:&quot;&quot;,&quot;caption&quot;:&quot;&quot;,&quot;created_timestamp&quot;:&quot;0&quot;,&quot;copyright&quot;:&quot;&quot;,&quot;focal_length&quot;:&quot;0&quot;,&quot;iso&quot;:&quot;0&quot;,&quot;shutter_speed&quot;:&quot;0&quot;,&quot;title&quot;:&quot;&quot;,&quot;orientation&quot;:&quot;0&quot;}\" data-image-title=\"picto_j\" data-image-description=\"\" data-image-caption=\"\" data-medium-file=\"https:\/\/i0.wp.com\/www.horizonemployeur.fr\/wordpress\/wp-content\/uploads\/2017\/06\/picto_j.png?fit=146%2C146&amp;ssl=1\" data-large-file=\"https:\/\/i0.wp.com\/www.horizonemployeur.fr\/wordpress\/wp-content\/uploads\/2017\/06\/picto_j.png?fit=146%2C146&amp;ssl=1\" decoding=\"async\" loading=\"lazy\" class=\"alignnone wp-image-3231\" src=\"https:\/\/i0.wp.com\/www.horizonemployeur.fr\/wordpress\/wp-content\/uploads\/2017\/06\/picto_j.png?resize=40%2C40\" alt=\"\" width=\"40\" height=\"40\" srcset=\"https:\/\/i0.wp.com\/www.horizonemployeur.fr\/wordpress\/wp-content\/uploads\/2017\/06\/picto_j.png?w=146&amp;ssl=1 146w, https:\/\/i0.wp.com\/www.horizonemployeur.fr\/wordpress\/wp-content\/uploads\/2017\/06\/picto_j.png?resize=96%2C96&amp;ssl=1 96w\" sizes=\"(max-width: 40px) 100vw, 40px\" data-recalc-dims=\"1\" \/><\/td>\n<td style=\"width: 42.2236%; height: 23px;\"><strong>2 trains sur 3 <\/strong><\/td>\n<td style=\"width: 47.7764%; text-align: left; height: 23px;\">\n<ul>\n<li><a href=\"http:\/\/documents.transilien.com\/1521625603392.pdf\" target=\"_blank\" rel=\"noopener\">Paris &lt;&gt; Ermont<\/a><\/li>\n<li><a href=\"http:\/\/documents.transilien.com\/1521625603393.pdf\" target=\"_blank\" rel=\"noopener\">Paris &lt;&gt; Poissy &lt;&gt; Mantes<\/a><\/li>\n<li><a href=\"http:\/\/documents.transilien.com\/1521625603395.pdf\" target=\"_blank\" rel=\"noopener\">Paris &lt;&gt; Conflans &lt; &gt; Mantes<\/a><\/li>\n<li><a href=\"http:\/\/documents.transilien.com\/1521625603394.pdf\" target=\"_blank\" rel=\"noopener\">Paris &lt;&gt; Pontoise &lt;&gt; Gisors<\/a><\/li>\n<\/ul>\n<\/td>\n<\/tr>\n<tr style=\"height: 47px;\">\n<td style=\"text-align: center; width: 5%; height: 47px;\"><img data-attachment-id=\"3230\" data-permalink=\"https:\/\/www.horizonemployeur.fr\/wordpress\/2017\/06\/14\/travaux-ete-2017\/picto_k\/\" data-orig-file=\"https:\/\/i0.wp.com\/www.horizonemployeur.fr\/wordpress\/wp-content\/uploads\/2017\/06\/picto_k.png?fit=146%2C146&amp;ssl=1\" data-orig-size=\"146,146\" data-comments-opened=\"1\" data-image-meta=\"{&quot;aperture&quot;:&quot;0&quot;,&quot;credit&quot;:&quot;&quot;,&quot;camera&quot;:&quot;&quot;,&quot;caption&quot;:&quot;&quot;,&quot;created_timestamp&quot;:&quot;0&quot;,&quot;copyright&quot;:&quot;&quot;,&quot;focal_length&quot;:&quot;0&quot;,&quot;iso&quot;:&quot;0&quot;,&quot;shutter_speed&quot;:&quot;0&quot;,&quot;title&quot;:&quot;&quot;,&quot;orientation&quot;:&quot;0&quot;}\" data-image-title=\"picto_k\" data-image-description=\"\" data-image-caption=\"\" data-medium-file=\"https:\/\/i0.wp.com\/www.horizonemployeur.fr\/wordpress\/wp-content\/uploads\/2017\/06\/picto_k.png?fit=146%2C146&amp;ssl=1\" data-large-file=\"https:\/\/i0.wp.com\/www.horizonemployeur.fr\/wordpress\/wp-content\/uploads\/2017\/06\/picto_k.png?fit=146%2C146&amp;ssl=1\" decoding=\"async\" loading=\"lazy\" class=\"alignnone wp-image-3230\" src=\"https:\/\/i0.wp.com\/www.horizonemployeur.fr\/wordpress\/wp-content\/uploads\/2017\/06\/picto_k.png?resize=40%2C40\" alt=\"\" width=\"40\" height=\"40\" srcset=\"https:\/\/i0.wp.com\/www.horizonemployeur.fr\/wordpress\/wp-content\/uploads\/2017\/06\/picto_k.png?w=146&amp;ssl=1 146w, https:\/\/i0.wp.com\/www.horizonemployeur.fr\/wordpress\/wp-content\/uploads\/2017\/06\/picto_k.png?resize=96%2C96&amp;ssl=1 96w\" sizes=\"(max-width: 40px) 100vw, 40px\" data-recalc-dims=\"1\" \/><\/td>\n<td style=\"width: 42.2236%; height: 47px;\"><strong>Trafic normal<\/strong><\/td>\n<td style=\"width: 47.7764%; text-align: left; height: 47px;\">&nbsp;<\/td>\n<\/tr>\n<tr style=\"height: 18px;\">\n<td style=\"text-align: center; width: 5%; height: 18px;\"><em><strong><img data-attachment-id=\"3229\" data-permalink=\"https:\/\/www.horizonemployeur.fr\/wordpress\/2017\/06\/14\/travaux-ete-2017\/picto_l\/\" data-orig-file=\"https:\/\/i0.wp.com\/www.horizonemployeur.fr\/wordpress\/wp-content\/uploads\/2017\/06\/picto_l.png?fit=146%2C146&amp;ssl=1\" data-orig-size=\"146,146\" data-comments-opened=\"1\" data-image-meta=\"{&quot;aperture&quot;:&quot;0&quot;,&quot;credit&quot;:&quot;&quot;,&quot;camera&quot;:&quot;&quot;,&quot;caption&quot;:&quot;&quot;,&quot;created_timestamp&quot;:&quot;0&quot;,&quot;copyright&quot;:&quot;&quot;,&quot;focal_length&quot;:&quot;0&quot;,&quot;iso&quot;:&quot;0&quot;,&quot;shutter_speed&quot;:&quot;0&quot;,&quot;title&quot;:&quot;&quot;,&quot;orientation&quot;:&quot;0&quot;}\" data-image-title=\"picto_l\" data-image-description=\"\" data-image-caption=\"\" data-medium-file=\"https:\/\/i0.wp.com\/www.horizonemployeur.fr\/wordpress\/wp-content\/uploads\/2017\/06\/picto_l.png?fit=146%2C146&amp;ssl=1\" data-large-file=\"https:\/\/i0.wp.com\/www.horizonemployeur.fr\/wordpress\/wp-content\/uploads\/2017\/06\/picto_l.png?fit=146%2C146&amp;ssl=1\" decoding=\"async\" loading=\"lazy\" class=\"alignnone wp-image-3229\" src=\"https:\/\/i0.wp.com\/www.horizonemployeur.fr\/wordpress\/wp-content\/uploads\/2017\/06\/picto_l.png?resize=40%2C40\" alt=\"\" width=\"40\" height=\"40\" srcset=\"https:\/\/i0.wp.com\/www.horizonemployeur.fr\/wordpress\/wp-content\/uploads\/2017\/06\/picto_l.png?w=146&amp;ssl=1 146w, https:\/\/i0.wp.com\/www.horizonemployeur.fr\/wordpress\/wp-content\/uploads\/2017\/06\/picto_l.png?resize=96%2C96&amp;ssl=1 96w\" sizes=\"(max-width: 40px) 100vw, 40px\" data-recalc-dims=\"1\" \/>nord<\/strong><\/em><\/td>\n<td style=\"width: 42.2236%; height: 18px;\"><strong>2 trains sur 3<\/strong><\/td>\n<td style=\"width: 47.7764%; text-align: left; height: 18px;\">\n<ul>\n<li><a href=\"http:\/\/documents.transilien.com\/1521625603396.pdf\">Paris &lt;&gt; Nanterre-U &lt;&gt; Cergy<\/a><\/li>\n<\/ul>\n<\/td>\n<\/tr>\n<tr style=\"height: 72px;\">\n<td style=\"text-align: center; width: 5%; height: 72px;\"><img data-attachment-id=\"3229\" data-permalink=\"https:\/\/www.horizonemployeur.fr\/wordpress\/2017\/06\/14\/travaux-ete-2017\/picto_l\/\" data-orig-file=\"https:\/\/i0.wp.com\/www.horizonemployeur.fr\/wordpress\/wp-content\/uploads\/2017\/06\/picto_l.png?fit=146%2C146&amp;ssl=1\" data-orig-size=\"146,146\" data-comments-opened=\"1\" data-image-meta=\"{&quot;aperture&quot;:&quot;0&quot;,&quot;credit&quot;:&quot;&quot;,&quot;camera&quot;:&quot;&quot;,&quot;caption&quot;:&quot;&quot;,&quot;created_timestamp&quot;:&quot;0&quot;,&quot;copyright&quot;:&quot;&quot;,&quot;focal_length&quot;:&quot;0&quot;,&quot;iso&quot;:&quot;0&quot;,&quot;shutter_speed&quot;:&quot;0&quot;,&quot;title&quot;:&quot;&quot;,&quot;orientation&quot;:&quot;0&quot;}\" data-image-title=\"picto_l\" data-image-description=\"\" data-image-caption=\"\" data-medium-file=\"https:\/\/i0.wp.com\/www.horizonemployeur.fr\/wordpress\/wp-content\/uploads\/2017\/06\/picto_l.png?fit=146%2C146&amp;ssl=1\" data-large-file=\"https:\/\/i0.wp.com\/www.horizonemployeur.fr\/wordpress\/wp-content\/uploads\/2017\/06\/picto_l.png?fit=146%2C146&amp;ssl=1\" decoding=\"async\" loading=\"lazy\" class=\"alignnone wp-image-3229\" src=\"https:\/\/i0.wp.com\/www.horizonemployeur.fr\/wordpress\/wp-content\/uploads\/2017\/06\/picto_l.png?resize=40%2C40\" alt=\"\" width=\"40\" height=\"40\" srcset=\"https:\/\/i0.wp.com\/www.horizonemployeur.fr\/wordpress\/wp-content\/uploads\/2017\/06\/picto_l.png?w=146&amp;ssl=1 146w, https:\/\/i0.wp.com\/www.horizonemployeur.fr\/wordpress\/wp-content\/uploads\/2017\/06\/picto_l.png?resize=96%2C96&amp;ssl=1 96w\" sizes=\"(max-width: 40px) 100vw, 40px\" data-recalc-dims=\"1\" \/><br \/>\n<em><strong>sud<\/strong><\/em><\/td>\n<td style=\"width: 42.2236%; height: 72px;\"><strong>2 trains sur 3<br \/>\n<\/strong><\/td>\n<td style=\"width: 47.7764%; text-align: left; height: 72px;\">\n<ul>\n<li><a href=\"http:\/\/documents.transilien.com\/1521625603399.pdf\">Paris &lt;&gt; Versailles-RD<\/a><\/li>\n<li><a href=\"http:\/\/documents.transilien.com\/1521625603398.pdf\">Paris &lt;&gt; St-Nom la Bret\u00e8che<\/a><\/li>\n<li><a href=\"http:\/\/documents.transilien.com\/1521625603397.pdf\">Noisy le Roi &lt; &gt; Saint-Germain-GC<\/a><\/li>\n<\/ul>\n<\/td>\n<\/tr>\n<tr style=\"height: 48px;\">\n<td style=\"text-align: center; width: 5%; height: 48px;\"><img data-attachment-id=\"3228\" data-permalink=\"https:\/\/www.horizonemployeur.fr\/wordpress\/2017\/06\/14\/travaux-ete-2017\/picto_n\/\" data-orig-file=\"https:\/\/i0.wp.com\/www.horizonemployeur.fr\/wordpress\/wp-content\/uploads\/2017\/06\/picto_n.png?fit=146%2C146&amp;ssl=1\" data-orig-size=\"146,146\" data-comments-opened=\"1\" data-image-meta=\"{&quot;aperture&quot;:&quot;0&quot;,&quot;credit&quot;:&quot;&quot;,&quot;camera&quot;:&quot;&quot;,&quot;caption&quot;:&quot;&quot;,&quot;created_timestamp&quot;:&quot;0&quot;,&quot;copyright&quot;:&quot;&quot;,&quot;focal_length&quot;:&quot;0&quot;,&quot;iso&quot;:&quot;0&quot;,&quot;shutter_speed&quot;:&quot;0&quot;,&quot;title&quot;:&quot;&quot;,&quot;orientation&quot;:&quot;0&quot;}\" data-image-title=\"picto_n\" data-image-description=\"\" data-image-caption=\"\" data-medium-file=\"https:\/\/i0.wp.com\/www.horizonemployeur.fr\/wordpress\/wp-content\/uploads\/2017\/06\/picto_n.png?fit=146%2C146&amp;ssl=1\" data-large-file=\"https:\/\/i0.wp.com\/www.horizonemployeur.fr\/wordpress\/wp-content\/uploads\/2017\/06\/picto_n.png?fit=146%2C146&amp;ssl=1\" decoding=\"async\" loading=\"lazy\" class=\"alignnone wp-image-3228\" src=\"https:\/\/i0.wp.com\/www.horizonemployeur.fr\/wordpress\/wp-content\/uploads\/2017\/06\/picto_n.png?resize=40%2C40\" alt=\"\" width=\"40\" height=\"40\" srcset=\"https:\/\/i0.wp.com\/www.horizonemployeur.fr\/wordpress\/wp-content\/uploads\/2017\/06\/picto_n.png?w=146&amp;ssl=1 146w, https:\/\/i0.wp.com\/www.horizonemployeur.fr\/wordpress\/wp-content\/uploads\/2017\/06\/picto_n.png?resize=96%2C96&amp;ssl=1 96w\" sizes=\"(max-width: 40px) 100vw, 40px\" data-recalc-dims=\"1\" \/><\/td>\n<td style=\"width: 42.2236%; height: 48px;\"><strong>Trafic normal<\/strong><\/td>\n<td style=\"width: 47.7764%; text-align: left; height: 48px;\">&nbsp;<\/td>\n<\/tr>\n<tr style=\"height: 121px;\">\n<td style=\"text-align: center; width: 5%; height: 121px;\"><img data-attachment-id=\"3222\" data-permalink=\"https:\/\/www.horizonemployeur.fr\/wordpress\/2017\/06\/14\/travaux-ete-2017\/picto_p\/\" data-orig-file=\"https:\/\/i0.wp.com\/www.horizonemployeur.fr\/wordpress\/wp-content\/uploads\/2017\/06\/picto_p.png?fit=146%2C146&amp;ssl=1\" data-orig-size=\"146,146\" data-comments-opened=\"1\" data-image-meta=\"{&quot;aperture&quot;:&quot;0&quot;,&quot;credit&quot;:&quot;&quot;,&quot;camera&quot;:&quot;&quot;,&quot;caption&quot;:&quot;&quot;,&quot;created_timestamp&quot;:&quot;0&quot;,&quot;copyright&quot;:&quot;&quot;,&quot;focal_length&quot;:&quot;0&quot;,&quot;iso&quot;:&quot;0&quot;,&quot;shutter_speed&quot;:&quot;0&quot;,&quot;title&quot;:&quot;&quot;,&quot;orientation&quot;:&quot;0&quot;}\" data-image-title=\"picto_p\" data-image-description=\"\" data-image-caption=\"\" data-medium-file=\"https:\/\/i0.wp.com\/www.horizonemployeur.fr\/wordpress\/wp-content\/uploads\/2017\/06\/picto_p.png?fit=146%2C146&amp;ssl=1\" data-large-file=\"https:\/\/i0.wp.com\/www.horizonemployeur.fr\/wordpress\/wp-content\/uploads\/2017\/06\/picto_p.png?fit=146%2C146&amp;ssl=1\" decoding=\"async\" loading=\"lazy\" class=\"alignnone wp-image-3222\" src=\"https:\/\/i0.wp.com\/www.horizonemployeur.fr\/wordpress\/wp-content\/uploads\/2017\/06\/picto_p.png?resize=40%2C40\" alt=\"\" width=\"40\" height=\"40\" srcset=\"https:\/\/i0.wp.com\/www.horizonemployeur.fr\/wordpress\/wp-content\/uploads\/2017\/06\/picto_p.png?w=146&amp;ssl=1 146w, https:\/\/i0.wp.com\/www.horizonemployeur.fr\/wordpress\/wp-content\/uploads\/2017\/06\/picto_p.png?resize=96%2C96&amp;ssl=1 96w\" sizes=\"(max-width: 40px) 100vw, 40px\" data-recalc-dims=\"1\" \/><\/td>\n<td style=\"width: 42.2236%; height: 121px;\"><b>2 trains sur 3 sur<\/b><\/p>\n<ul>\n<li>Paris &lt;&gt; Meaux<\/li>\n<li>Paris &lt;&gt; Meaux &lt;&gt; Ch\u00e2teau-Thierry<\/li>\n<li>Paris &lt;&gt; Meaux &lt;&gt; La Fert\u00e9-Milon<\/li>\n<li>Paris &lt;&gt; Coulommiers<\/li>\n<li>Paris &lt;&gt; Provins<\/li>\n<\/ul>\n<p><b>Trafic normal sur Esbly &lt;&gt; Cr\u00e9cy<\/b><\/td>\n<td style=\"width: 47.7764%; text-align: left; height: 121px;\">\n<ul>\n<li><a href=\"http:\/\/documents.transilien.com\/1521625603407.pdf\">Paris &lt;&gt;&nbsp;Meaux<\/a><\/li>\n<li><a href=\"http:\/\/documents.transilien.com\/1521625603404.pdf\">Paris &lt;&gt; Meaux &lt;&gt;&nbsp;Ch\u00e2teau-Thierry<\/a><\/li>\n<li><a href=\"http:\/\/documents.transilien.com\/1521625603405.pdf\">Paris &lt;&gt; Meaux &lt;&gt;&nbsp;La Fert\u00e9 Milon<\/a><\/li>\n<li><a href=\"http:\/\/documents.transilien.com\/1521625603403.pdf\">Paris &lt;&gt;&nbsp;Coulommiers<\/a><\/li>\n<li><a href=\"http:\/\/documents.transilien.com\/1521625603406.pdf\">Paris &lt;&gt;&nbsp;Provins<\/a><\/li>\n<\/ul>\n<p>&nbsp;<\/td>\n<\/tr>\n<tr style=\"height: 47px;\">\n<td style=\"text-align: center; width: 5%; height: 47px;\"><img data-attachment-id=\"3221\" data-permalink=\"https:\/\/www.horizonemployeur.fr\/wordpress\/2017\/06\/14\/travaux-ete-2017\/picto_r\/\" data-orig-file=\"https:\/\/i0.wp.com\/www.horizonemployeur.fr\/wordpress\/wp-content\/uploads\/2017\/06\/picto_r.png?fit=146%2C146&amp;ssl=1\" data-orig-size=\"146,146\" data-comments-opened=\"1\" data-image-meta=\"{&quot;aperture&quot;:&quot;0&quot;,&quot;credit&quot;:&quot;&quot;,&quot;camera&quot;:&quot;&quot;,&quot;caption&quot;:&quot;&quot;,&quot;created_timestamp&quot;:&quot;0&quot;,&quot;copyright&quot;:&quot;&quot;,&quot;focal_length&quot;:&quot;0&quot;,&quot;iso&quot;:&quot;0&quot;,&quot;shutter_speed&quot;:&quot;0&quot;,&quot;title&quot;:&quot;&quot;,&quot;orientation&quot;:&quot;0&quot;}\" data-image-title=\"picto_r\" data-image-description=\"\" data-image-caption=\"\" data-medium-file=\"https:\/\/i0.wp.com\/www.horizonemployeur.fr\/wordpress\/wp-content\/uploads\/2017\/06\/picto_r.png?fit=146%2C146&amp;ssl=1\" data-large-file=\"https:\/\/i0.wp.com\/www.horizonemployeur.fr\/wordpress\/wp-content\/uploads\/2017\/06\/picto_r.png?fit=146%2C146&amp;ssl=1\" decoding=\"async\" loading=\"lazy\" class=\"alignnone wp-image-3221\" src=\"https:\/\/i0.wp.com\/www.horizonemployeur.fr\/wordpress\/wp-content\/uploads\/2017\/06\/picto_r.png?resize=40%2C40\" alt=\"\" width=\"40\" height=\"40\" srcset=\"https:\/\/i0.wp.com\/www.horizonemployeur.fr\/wordpress\/wp-content\/uploads\/2017\/06\/picto_r.png?w=146&amp;ssl=1 146w, https:\/\/i0.wp.com\/www.horizonemployeur.fr\/wordpress\/wp-content\/uploads\/2017\/06\/picto_r.png?resize=96%2C96&amp;ssl=1 96w\" sizes=\"(max-width: 40px) 100vw, 40px\" data-recalc-dims=\"1\" \/><\/td>\n<td style=\"width: 42.2236%; height: 47px;\"><strong>Trafic normal<\/strong><\/td>\n<td style=\"width: 47.7764%; height: 47px; text-align: left;\">&nbsp;<\/td>\n<\/tr>\n<tr style=\"height: 47px;\">\n<td style=\"text-align: center; width: 5%; height: 47px;\"><img data-attachment-id=\"3220\" data-permalink=\"https:\/\/www.horizonemployeur.fr\/wordpress\/2017\/06\/14\/travaux-ete-2017\/picto_u\/\" data-orig-file=\"https:\/\/i0.wp.com\/www.horizonemployeur.fr\/wordpress\/wp-content\/uploads\/2017\/06\/picto_u.png?fit=146%2C146&amp;ssl=1\" data-orig-size=\"146,146\" data-comments-opened=\"1\" data-image-meta=\"{&quot;aperture&quot;:&quot;0&quot;,&quot;credit&quot;:&quot;&quot;,&quot;camera&quot;:&quot;&quot;,&quot;caption&quot;:&quot;&quot;,&quot;created_timestamp&quot;:&quot;0&quot;,&quot;copyright&quot;:&quot;&quot;,&quot;focal_length&quot;:&quot;0&quot;,&quot;iso&quot;:&quot;0&quot;,&quot;shutter_speed&quot;:&quot;0&quot;,&quot;title&quot;:&quot;&quot;,&quot;orientation&quot;:&quot;0&quot;}\" data-image-title=\"picto_u\" data-image-description=\"\" data-image-caption=\"\" data-medium-file=\"https:\/\/i0.wp.com\/www.horizonemployeur.fr\/wordpress\/wp-content\/uploads\/2017\/06\/picto_u.png?fit=146%2C146&amp;ssl=1\" data-large-file=\"https:\/\/i0.wp.com\/www.horizonemployeur.fr\/wordpress\/wp-content\/uploads\/2017\/06\/picto_u.png?fit=146%2C146&amp;ssl=1\" decoding=\"async\" loading=\"lazy\" class=\"alignnone wp-image-3220\" src=\"https:\/\/i0.wp.com\/www.horizonemployeur.fr\/wordpress\/wp-content\/uploads\/2017\/06\/picto_u.png?resize=40%2C40\" alt=\"\" width=\"40\" height=\"40\" srcset=\"https:\/\/i0.wp.com\/www.horizonemployeur.fr\/wordpress\/wp-content\/uploads\/2017\/06\/picto_u.png?w=146&amp;ssl=1 146w, https:\/\/i0.wp.com\/www.horizonemployeur.fr\/wordpress\/wp-content\/uploads\/2017\/06\/picto_u.png?resize=96%2C96&amp;ssl=1 96w\" sizes=\"(max-width: 40px) 100vw, 40px\" data-recalc-dims=\"1\" \/><\/td>\n<td style=\"width: 42.2236%; height: 47px;\"><strong>Trafic normal<\/strong><\/td>\n<td style=\"text-align: center; width: 47.7764%; height: 47px;\">&nbsp;<\/td>\n<\/tr>\n<\/tbody>\n<\/table>\n<h2>&nbsp;<\/h2>\n<h2>M\u00e9tro (RATP)<\/h2>\n<ul>\n<li>trafic normal<\/li>\n<\/ul>\n<h2>&nbsp;<\/h2>\n<h2>Tramway<\/h2>\n<table style=\"width: 100%;\">\n<tbody>\n<tr>\n<td style=\"text-align: center; width: 9.82801%;\"><strong>Ligne<\/strong><\/td>\n<td style=\"text-align: center; width: 53.5627%;\"><strong>Pr\u00e9vision globale<\/strong><\/td>\n<td style=\"text-align: center; width: 34.1523%;\"><strong>Notes<\/strong><\/td>\n<\/tr>\n<tr>\n<td style=\"text-align: center; width: 9.82801%;\"><img data-attachment-id=\"3219\" data-permalink=\"https:\/\/www.horizonemployeur.fr\/wordpress\/2017\/06\/14\/travaux-ete-2017\/picto_t4\/\" data-orig-file=\"https:\/\/i0.wp.com\/www.horizonemployeur.fr\/wordpress\/wp-content\/uploads\/2017\/06\/picto_t4.png?fit=146%2C146&amp;ssl=1\" data-orig-size=\"146,146\" data-comments-opened=\"1\" data-image-meta=\"{&quot;aperture&quot;:&quot;0&quot;,&quot;credit&quot;:&quot;&quot;,&quot;camera&quot;:&quot;&quot;,&quot;caption&quot;:&quot;&quot;,&quot;created_timestamp&quot;:&quot;0&quot;,&quot;copyright&quot;:&quot;&quot;,&quot;focal_length&quot;:&quot;0&quot;,&quot;iso&quot;:&quot;0&quot;,&quot;shutter_speed&quot;:&quot;0&quot;,&quot;title&quot;:&quot;&quot;,&quot;orientation&quot;:&quot;0&quot;}\" data-image-title=\"picto_t4\" data-image-description=\"\" data-image-caption=\"\" data-medium-file=\"https:\/\/i0.wp.com\/www.horizonemployeur.fr\/wordpress\/wp-content\/uploads\/2017\/06\/picto_t4.png?fit=146%2C146&amp;ssl=1\" data-large-file=\"https:\/\/i0.wp.com\/www.horizonemployeur.fr\/wordpress\/wp-content\/uploads\/2017\/06\/picto_t4.png?fit=146%2C146&amp;ssl=1\" decoding=\"async\" loading=\"lazy\" class=\"alignnone wp-image-3219\" src=\"https:\/\/i0.wp.com\/www.horizonemployeur.fr\/wordpress\/wp-content\/uploads\/2017\/06\/picto_t4.png?resize=40%2C40\" alt=\"\" width=\"40\" height=\"40\" srcset=\"https:\/\/i0.wp.com\/www.horizonemployeur.fr\/wordpress\/wp-content\/uploads\/2017\/06\/picto_t4.png?w=146&amp;ssl=1 146w, https:\/\/i0.wp.com\/www.horizonemployeur.fr\/wordpress\/wp-content\/uploads\/2017\/06\/picto_t4.png?resize=96%2C96&amp;ssl=1 96w\" sizes=\"(max-width: 40px) 100vw, 40px\" data-recalc-dims=\"1\" \/><\/td>\n<td style=\"width: 53.5627%;\"><strong>Trafic normal jusqu&rsquo;\u00e0 21h00<br \/>\n<\/strong>Bus de substitution apr\u00e8s 21h00 (travaux)<\/td>\n<td style=\"width: 34.1523%;\">&nbsp;<\/td>\n<\/tr>\n<tr>\n<td style=\"text-align: center; width: 9.82801%;\"><img data-attachment-id=\"4120\" data-permalink=\"https:\/\/www.horizonemployeur.fr\/wordpress\/2018\/03\/20\/trafic-22-03-2018\/picto-tram-express-11\/\" data-orig-file=\"https:\/\/i0.wp.com\/www.horizonemployeur.fr\/wordpress\/wp-content\/uploads\/2018\/03\/picto-tram-express-11.png?fit=146%2C146&amp;ssl=1\" data-orig-size=\"146,146\" data-comments-opened=\"1\" data-image-meta=\"{&quot;aperture&quot;:&quot;0&quot;,&quot;credit&quot;:&quot;&quot;,&quot;camera&quot;:&quot;&quot;,&quot;caption&quot;:&quot;&quot;,&quot;created_timestamp&quot;:&quot;0&quot;,&quot;copyright&quot;:&quot;&quot;,&quot;focal_length&quot;:&quot;0&quot;,&quot;iso&quot;:&quot;0&quot;,&quot;shutter_speed&quot;:&quot;0&quot;,&quot;title&quot;:&quot;&quot;,&quot;orientation&quot;:&quot;0&quot;}\" data-image-title=\"picto tram express 11\" data-image-description=\"\" data-image-caption=\"\" data-medium-file=\"https:\/\/i0.wp.com\/www.horizonemployeur.fr\/wordpress\/wp-content\/uploads\/2018\/03\/picto-tram-express-11.png?fit=146%2C146&amp;ssl=1\" data-large-file=\"https:\/\/i0.wp.com\/www.horizonemployeur.fr\/wordpress\/wp-content\/uploads\/2018\/03\/picto-tram-express-11.png?fit=146%2C146&amp;ssl=1\" decoding=\"async\" loading=\"lazy\" class=\"alignnone wp-image-4120\" src=\"https:\/\/i0.wp.com\/www.horizonemployeur.fr\/wordpress\/wp-content\/uploads\/2018\/03\/picto-tram-express-11.png?resize=40%2C40\" alt=\"\" width=\"40\" height=\"40\"  data-recalc-dims=\"1\"><\/td>\n<td style=\"width: 53.5627%;\"><strong>Trafic normal<\/strong><\/td>\n<td style=\"width: 34.1523%;\">&nbsp;<\/td>\n<\/tr>\n<tr>\n<td style=\"text-align: center; width: 9.82801%;\"><strong>Autres<br \/>\n(RATP)<\/strong><\/td>\n<td style=\"width: 53.5627%;\"><strong>Trafic normal<\/strong><\/td>\n<td style=\"width: 34.1523%;\">&nbsp;<\/td>\n<\/tr>\n<\/tbody>\n<\/table>\n<h2>&nbsp;<\/h2>\n<h2>Bus<\/h2>\n<ul>\n<li>Lignes RATP: trafic normal<\/li>\n<li>Autres lignes: trafic normal.<\/li>\n<\/ul>\n<h1>&nbsp;<\/h1>\n<h1>Centre-Val-de-Loire<\/h1>\n<h2>TER Paris-Chartres<\/h2>\n<p><strong>Trafic normal<\/strong><\/p>\n<p>&nbsp;<\/p>\n","protected":false},"excerpt":{"rendered":"<p>Jeudi 12 avril, derni\u00e8re des 3 journ\u00e9es blanches, ce qui devrait nous donner un trafic assez similaire \u00e0 celui du mardi 10 avril et du mercredi 11 avril. Vendredi 13 et samedi 14 avril sont annonc\u00e9s comme journ\u00e9es rouges. Mais un doute appara\u00eet quant \u00e0 la suite du mouvement social \u00e0 partir du dimanche 15 [&hellip;]<\/p>\n","protected":false},"author":1,"featured_media":4313,"comment_status":"open","ping_status":"open","sticky":false,"template":"","format":"standard","meta":{"ngg_post_thumbnail":0,"jetpack_post_was_ever_published":false},"categories":[12],"tags":[20],"jetpack_featured_media_url":"https:\/\/i0.wp.com\/www.horizonemployeur.fr\/wordpress\/wp-content\/uploads\/2018\/04\/Tableau-departs-psl-P1230489-fevrier-2012.jpg?fit=900%2C476&ssl=1","jetpack_sharing_enabled":true,"jetpack_shortlink":"https:\/\/wp.me\/p7AoJR-17x","jetpack-related-posts":[{"id":4235,"url":"https:\/\/www.horizonemployeur.fr\/wordpress\/2018\/04\/04\/trafic-05-04-2018\/","url_meta":{"origin":4311,"position":0},"title":"Jeudi 5 avril 2018: pr\u00e9visions de trafic SNCF","date":"4 avril 2018","format":false,"excerpt":"Jeudi 5 avril 2018, nous avons pass\u00e9 les 2 premiers jours de gr\u00e8ve sur les 36 pr\u00e9vus, mais: une organisation syndicale est sur la base d'un mouvement reconductible toutes les 24 heures, donc ind\u00e9pendant de la r\u00e8gle des \"2 jours sur 5\" certaines perturbations seront de toute fa\u00e7on \u00e0 pr\u00e9voir\u2026","rel":"","context":"Dans &quot;Transports en Commun&quot;","img":{"alt_text":"","src":"https:\/\/i0.wp.com\/www.horizonemployeur.fr\/wordpress\/wp-content\/uploads\/2018\/04\/Affichage-trains-Gare-de-Lyon.jpg?fit=1200%2C481&ssl=1&resize=350%2C200","width":350,"height":200},"classes":[]},{"id":4557,"url":"https:\/\/www.horizonemployeur.fr\/wordpress\/2018\/04\/25\/trafic-26-04-2018\/","url_meta":{"origin":4311,"position":1},"title":"Jeudi 26 avril 2018: pr\u00e9visions de trafic SNCF","date":"25 avril 2018","format":false,"excerpt":"Jeudi 26 avril, comme la veille, est un jour de relative rel\u00e2che avec un trafic plus \u00e9toff\u00e9 que pendant les 2 jours sur 5. Le prochain \u00e9pisode de 2 journ\u00e9es fortement perturb\u00e9es co\u00efncidera avec le week-end des 28 et 29 avril.\u00a0 (mise \u00e0 jour mercredi 25 avril, 17h00) Les pr\u00e9visions\u2026","rel":"","context":"Dans &quot;Transports en Commun&quot;","img":{"alt_text":"","src":"https:\/\/i0.wp.com\/www.horizonemployeur.fr\/wordpress\/wp-content\/uploads\/2018\/04\/P1020070_1024x512d.jpg?fit=1024%2C600&ssl=1&resize=350%2C200","width":350,"height":200},"classes":[]},{"id":4560,"url":"https:\/\/www.horizonemployeur.fr\/wordpress\/2018\/04\/26\/trafic-27-04-2018\/","url_meta":{"origin":4311,"position":2},"title":"Vendredi 27 avril 2018: pr\u00e9visions de trafic SNCF","date":"26 avril 2018","format":false,"excerpt":"Vendredi 27 avril, 3e jour de circulations (relativement) importantes avant la 6e s\u00e9rie de 2 jours, samedi 28 et dimanche 29 avril, o\u00f9 se combineront travaux et mouvement social. (mise \u00e0 jour jeudi 26 avril, 17h15) Les pr\u00e9visions de trafic pour la journ\u00e9e du vendredi 27 avril\u00a0sont les suivantes: \u00a0\u2026","rel":"","context":"Dans &quot;Transports en Commun&quot;","img":{"alt_text":"","src":"https:\/\/i0.wp.com\/www.horizonemployeur.fr\/wordpress\/wp-content\/uploads\/2018\/04\/P1020805_1024x512d.jpg?fit=1024%2C512&ssl=1&resize=350%2C200","width":350,"height":200},"classes":[]},{"id":4258,"url":"https:\/\/www.horizonemployeur.fr\/wordpress\/2018\/04\/05\/trafic-06-04-2018\/","url_meta":{"origin":4311,"position":3},"title":"Vendredi 6 avril 2018: pr\u00e9visions de trafic SNCF","date":"5 avril 2018","format":false,"excerpt":"La journ\u00e9e du vendredi 6 avril sera assez similaire, pour ce qui est des pr\u00e9visions de trafic, \u00e0 celle du jeudi 5. Certaines lignes voient cependant leur situation s'am\u00e9liorer. Attention, d'importantes perturbations sont attendues dimanche 8 et lundi 9. (mise \u00e0 jour vendredi 6 avril 9h45) Les pr\u00e9visions de trafic\u2026","rel":"","context":"Dans &quot;Transports en Commun&quot;","img":{"alt_text":"","src":"https:\/\/i0.wp.com\/www.horizonemployeur.fr\/wordpress\/wp-content\/uploads\/2018\/04\/Affichage-trains-Gare-de-Lyon.jpg?fit=1200%2C481&ssl=1&resize=350%2C200","width":350,"height":200},"classes":[]},{"id":4609,"url":"https:\/\/www.horizonemployeur.fr\/wordpress\/2018\/04\/29\/trafic-30-avril-2018\/","url_meta":{"origin":4311,"position":4},"title":"Lundi 30 avril 2018: pr\u00e9visions de trafic SNCF et RATP","date":"29 avril 2018","format":false,"excerpt":"Lundi 30 avril, le 6e groupe des \"2 jours sur 5\" de gr\u00e8ve \u00e0 la SNCF prend officiellement fin \u00e0 8h00. Il s'agit par contre d'une journ\u00e9e de \"pont\" entre le dimanche et le 1er mai: certaines lignes, en particulier RATP, circulent avec une offre limit\u00e9e (horaires du samedi). (mise\u2026","rel":"","context":"Dans &quot;Transports en Commun&quot;","img":{"alt_text":"","src":"https:\/\/i0.wp.com\/www.horizonemployeur.fr\/wordpress\/wp-content\/uploads\/2018\/04\/P1100641_1024d.jpg?fit=1024%2C512&ssl=1&resize=350%2C200","width":350,"height":200},"classes":[]},{"id":4418,"url":"https:\/\/www.horizonemployeur.fr\/wordpress\/2018\/04\/19\/trafic-20-04-2018\/","url_meta":{"origin":4311,"position":5},"title":"Vendredi 20 avril 2018: pr\u00e9visions de trafic SNCF","date":"19 avril 2018","format":false,"excerpt":"Vendredi 20 avril, la fin de la 4e s\u00e9quence de jours rouges touche \u00e0 sa fin \u00e0 8h00. Le reste de la semaine devrait correspondre \u00e0 3 jours blancs, avec de faibles perturbations. Le d\u00e9but de la semaine prochaine devrait co\u00efncider avec le retour des fortes difficult\u00e9s, lundi 23 et\u2026","rel":"","context":"Dans &quot;Transports en Commun&quot;","img":{"alt_text":"","src":"https:\/\/i0.wp.com\/www.horizonemployeur.fr\/wordpress\/wp-content\/uploads\/2018\/04\/P1220066_700x500d.jpg?fit=700%2C500&ssl=1&resize=350%2C200","width":350,"height":200},"classes":[]}],"_links":{"self":[{"href":"https:\/\/www.horizonemployeur.fr\/wordpress\/wp-json\/wp\/v2\/posts\/4311"}],"collection":[{"href":"https:\/\/www.horizonemployeur.fr\/wordpress\/wp-json\/wp\/v2\/posts"}],"about":[{"href":"https:\/\/www.horizonemployeur.fr\/wordpress\/wp-json\/wp\/v2\/types\/post"}],"author":[{"embeddable":true,"href":"https:\/\/www.horizonemployeur.fr\/wordpress\/wp-json\/wp\/v2\/users\/1"}],"replies":[{"embeddable":true,"href":"https:\/\/www.horizonemployeur.fr\/wordpress\/wp-json\/wp\/v2\/comments?post=4311"}],"version-history":[{"count":5,"href":"https:\/\/www.horizonemployeur.fr\/wordpress\/wp-json\/wp\/v2\/posts\/4311\/revisions"}],"predecessor-version":[{"id":4328,"href":"https:\/\/www.horizonemployeur.fr\/wordpress\/wp-json\/wp\/v2\/posts\/4311\/revisions\/4328"}],"wp:featuredmedia":[{"embeddable":true,"href":"https:\/\/www.horizonemployeur.fr\/wordpress\/wp-json\/wp\/v2\/media\/4313"}],"wp:attachment":[{"href":"https:\/\/www.horizonemployeur.fr\/wordpress\/wp-json\/wp\/v2\/media?parent=4311"}],"wp:term":[{"taxonomy":"category","embeddable":true,"href":"https:\/\/www.horizonemployeur.fr\/wordpress\/wp-json\/wp\/v2\/categories?post=4311"},{"taxonomy":"post_tag","embeddable":true,"href":"https:\/\/www.horizonemployeur.fr\/wordpress\/wp-json\/wp\/v2\/tags?post=4311"}],"curies":[{"name":"wp","href":"https:\/\/api.w.org\/{rel}","templated":true}]}}