{"id":4297,"date":"2018-04-09T17:39:36","date_gmt":"2018-04-09T15:39:36","guid":{"rendered":"http:\/\/www.horizonemployeur.fr\/wordpress\/?p=4297"},"modified":"2018-04-09T18:59:10","modified_gmt":"2018-04-09T16:59:10","slug":"trafic-10-04-2018","status":"publish","type":"post","link":"https:\/\/www.horizonemployeur.fr\/wordpress\/2018\/04\/09\/trafic-10-04-2018\/","title":{"rendered":"Mardi 10 avril 2018: pr\u00e9visions de trafic SNCF"},"content":{"rendered":"<p>Ce mardi 10 avril, nous revenons en p\u00e9riode blanche avec des perturbations moins importantes que ce lundi 9. Les perturbations continuent toujours sur certaines lignes parce qu&rsquo;un des pr\u00e9avis de gr\u00e8ve ne fonctionne pas suivant la r\u00e8gle des \u00ab\u00a02 jours sur 5\u00a0\u00bb et parce qu&rsquo;apr\u00e8s 2 jours de perturbations importantes, il faut tout remettre en place, conducteurs et trains, pour que le service se d\u00e9roule comme pr\u00e9vu. Gloablement, ce sont au moins 2 trains sur 3 qui vous attendent sur toutes les lignes.<\/p>\n<p><span style=\"color: #ff0000;\">Attention cependant aux perturbations de d\u00e9but de service. Le pr\u00e9avis \u00ab\u00a02 jours sur 5\u00a0\u00bb court jusqu&rsquo;\u00e0 mardi 8h00.<\/span><\/p>\n<p><!--more--><\/p>\n<p><img data-attachment-id=\"4114\" data-permalink=\"https:\/\/www.horizonemployeur.fr\/wordpress\/2018\/03\/20\/covoiturage-printemps-2018\/calendrier-voyageurs-2e-trimestre-2018-a-la-date-du-16-mars-2018\/\" data-orig-file=\"https:\/\/i0.wp.com\/www.horizonemployeur.fr\/wordpress\/wp-content\/uploads\/2018\/03\/Calendrier-voyageurs-2e-trimestre-2018-\u00e0-la-date-du-16-mars-2018.png?fit=933%2C294&amp;ssl=1\" data-orig-size=\"933,294\" data-comments-opened=\"1\" data-image-meta=\"{&quot;aperture&quot;:&quot;0&quot;,&quot;credit&quot;:&quot;&quot;,&quot;camera&quot;:&quot;&quot;,&quot;caption&quot;:&quot;&quot;,&quot;created_timestamp&quot;:&quot;0&quot;,&quot;copyright&quot;:&quot;&quot;,&quot;focal_length&quot;:&quot;0&quot;,&quot;iso&quot;:&quot;0&quot;,&quot;shutter_speed&quot;:&quot;0&quot;,&quot;title&quot;:&quot;&quot;,&quot;orientation&quot;:&quot;0&quot;}\" data-image-title=\"Calendrier voyageurs 2e trimestre 2018 (\u00e0 la date du 16 mars 2018)\" data-image-description=\"\" data-image-caption=\"\" data-medium-file=\"https:\/\/i0.wp.com\/www.horizonemployeur.fr\/wordpress\/wp-content\/uploads\/2018\/03\/Calendrier-voyageurs-2e-trimestre-2018-\u00e0-la-date-du-16-mars-2018.png?fit=300%2C95&amp;ssl=1\" data-large-file=\"https:\/\/i0.wp.com\/www.horizonemployeur.fr\/wordpress\/wp-content\/uploads\/2018\/03\/Calendrier-voyageurs-2e-trimestre-2018-\u00e0-la-date-du-16-mars-2018.png?fit=700%2C221&amp;ssl=1\" decoding=\"async\" loading=\"lazy\" class=\"alignnone size-full wp-image-4114\" src=\"https:\/\/i0.wp.com\/www.horizonemployeur.fr\/wordpress\/wp-content\/uploads\/2018\/03\/Calendrier-voyageurs-2e-trimestre-2018-\u00e0-la-date-du-16-mars-2018.png?resize=700%2C221\" alt=\"\" width=\"700\" height=\"221\" srcset=\"https:\/\/i0.wp.com\/www.horizonemployeur.fr\/wordpress\/wp-content\/uploads\/2018\/03\/Calendrier-voyageurs-2e-trimestre-2018-\u00e0-la-date-du-16-mars-2018.png?w=933&amp;ssl=1 933w, https:\/\/i0.wp.com\/www.horizonemployeur.fr\/wordpress\/wp-content\/uploads\/2018\/03\/Calendrier-voyageurs-2e-trimestre-2018-\u00e0-la-date-du-16-mars-2018.png?resize=300%2C95&amp;ssl=1 300w, https:\/\/i0.wp.com\/www.horizonemployeur.fr\/wordpress\/wp-content\/uploads\/2018\/03\/Calendrier-voyageurs-2e-trimestre-2018-\u00e0-la-date-du-16-mars-2018.png?resize=768%2C242&amp;ssl=1 768w\" sizes=\"(max-width: 700px) 100vw, 700px\" data-recalc-dims=\"1\" \/>(mise \u00e0 jour lundi 9 avril 17h55)<\/p>\n<p>Les pr\u00e9visions de trafic pour la journ\u00e9e du <strong>mardi 10 avril&nbsp;<\/strong>sont les suivantes:<\/p>\n<h1>Ile-de-France<\/h1>\n<h2>RER et Transilien<\/h2>\n<table style=\"width: 100%;\">\n<tbody>\n<tr style=\"height: 24px;\">\n<td style=\"text-align: center; width: 5%; height: 24px;\"><strong>Ligne<\/strong><\/td>\n<td style=\"text-align: center; width: 42.2236%; height: 24px;\"><b>Description g\u00e9n\u00e9rale<\/b><\/td>\n<td style=\"text-align: center; width: 47.7764%; height: 24px;\"><b>Horaires d\u00e9taill\u00e9s<\/b><\/td>\n<\/tr>\n<tr style=\"height: 9px;\">\n<td style=\"text-align: center; width: 5%; height: 9px;\"><img data-attachment-id=\"3223\" data-permalink=\"https:\/\/www.horizonemployeur.fr\/wordpress\/2017\/06\/14\/travaux-ete-2017\/picto_a\/\" data-orig-file=\"https:\/\/i0.wp.com\/www.horizonemployeur.fr\/wordpress\/wp-content\/uploads\/2017\/06\/picto_a.png?fit=146%2C146&amp;ssl=1\" data-orig-size=\"146,146\" data-comments-opened=\"1\" data-image-meta=\"{&quot;aperture&quot;:&quot;0&quot;,&quot;credit&quot;:&quot;&quot;,&quot;camera&quot;:&quot;&quot;,&quot;caption&quot;:&quot;&quot;,&quot;created_timestamp&quot;:&quot;0&quot;,&quot;copyright&quot;:&quot;&quot;,&quot;focal_length&quot;:&quot;0&quot;,&quot;iso&quot;:&quot;0&quot;,&quot;shutter_speed&quot;:&quot;0&quot;,&quot;title&quot;:&quot;&quot;,&quot;orientation&quot;:&quot;0&quot;}\" data-image-title=\"picto_a\" data-image-description=\"\" data-image-caption=\"\" data-medium-file=\"https:\/\/i0.wp.com\/www.horizonemployeur.fr\/wordpress\/wp-content\/uploads\/2017\/06\/picto_a.png?fit=146%2C146&amp;ssl=1\" data-large-file=\"https:\/\/i0.wp.com\/www.horizonemployeur.fr\/wordpress\/wp-content\/uploads\/2017\/06\/picto_a.png?fit=146%2C146&amp;ssl=1\" decoding=\"async\" loading=\"lazy\" class=\"alignnone wp-image-3223\" src=\"https:\/\/i0.wp.com\/www.horizonemployeur.fr\/wordpress\/wp-content\/uploads\/2017\/06\/picto_a.png?resize=40%2C40\" alt=\"\" width=\"40\" height=\"40\" srcset=\"https:\/\/i0.wp.com\/www.horizonemployeur.fr\/wordpress\/wp-content\/uploads\/2017\/06\/picto_a.png?w=146&amp;ssl=1 146w, https:\/\/i0.wp.com\/www.horizonemployeur.fr\/wordpress\/wp-content\/uploads\/2017\/06\/picto_a.png?resize=96%2C96&amp;ssl=1 96w\" sizes=\"(max-width: 40px) 100vw, 40px\" data-recalc-dims=\"1\" \/><\/td>\n<td style=\"width: 42.2236%; height: 9px;\"><strong>Trafic normal<\/strong><\/td>\n<td style=\"text-align: center; width: 47.7764%; height: 9px;\">&nbsp;<\/td>\n<\/tr>\n<tr style=\"height: 5px;\">\n<td style=\"text-align: center; width: 5%; height: 5px;\"><img data-attachment-id=\"3224\" data-permalink=\"https:\/\/www.horizonemployeur.fr\/wordpress\/2017\/06\/14\/travaux-ete-2017\/picto_b\/\" data-orig-file=\"https:\/\/i0.wp.com\/www.horizonemployeur.fr\/wordpress\/wp-content\/uploads\/2017\/06\/picto_b.png?fit=146%2C146&amp;ssl=1\" data-orig-size=\"146,146\" data-comments-opened=\"1\" data-image-meta=\"{&quot;aperture&quot;:&quot;0&quot;,&quot;credit&quot;:&quot;&quot;,&quot;camera&quot;:&quot;&quot;,&quot;caption&quot;:&quot;&quot;,&quot;created_timestamp&quot;:&quot;0&quot;,&quot;copyright&quot;:&quot;&quot;,&quot;focal_length&quot;:&quot;0&quot;,&quot;iso&quot;:&quot;0&quot;,&quot;shutter_speed&quot;:&quot;0&quot;,&quot;title&quot;:&quot;&quot;,&quot;orientation&quot;:&quot;0&quot;}\" data-image-title=\"picto_b\" data-image-description=\"\" data-image-caption=\"\" data-medium-file=\"https:\/\/i0.wp.com\/www.horizonemployeur.fr\/wordpress\/wp-content\/uploads\/2017\/06\/picto_b.png?fit=146%2C146&amp;ssl=1\" data-large-file=\"https:\/\/i0.wp.com\/www.horizonemployeur.fr\/wordpress\/wp-content\/uploads\/2017\/06\/picto_b.png?fit=146%2C146&amp;ssl=1\" decoding=\"async\" loading=\"lazy\" class=\"alignnone wp-image-3224\" src=\"https:\/\/i0.wp.com\/www.horizonemployeur.fr\/wordpress\/wp-content\/uploads\/2017\/06\/picto_b.png?resize=40%2C40\" alt=\"\" width=\"40\" height=\"40\" srcset=\"https:\/\/i0.wp.com\/www.horizonemployeur.fr\/wordpress\/wp-content\/uploads\/2017\/06\/picto_b.png?w=146&amp;ssl=1 146w, https:\/\/i0.wp.com\/www.horizonemployeur.fr\/wordpress\/wp-content\/uploads\/2017\/06\/picto_b.png?resize=96%2C96&amp;ssl=1 96w\" sizes=\"(max-width: 40px) 100vw, 40px\" data-recalc-dims=\"1\" \/><\/td>\n<td style=\"width: 42.2236%; height: 5px;\"><strong>Trafic normal<b><br \/>\n<\/b><\/strong><em>L&rsquo;interconnexion est r\u00e9tablie<\/em><\/td>\n<td style=\"width: 47.7764%; text-align: left; height: 5px;\">&nbsp;<\/td>\n<\/tr>\n<tr style=\"height: 47px;\">\n<td style=\"text-align: center; width: 5%; height: 47px;\"><img data-attachment-id=\"3225\" data-permalink=\"https:\/\/www.horizonemployeur.fr\/wordpress\/2017\/06\/14\/travaux-ete-2017\/picto_c\/\" data-orig-file=\"https:\/\/i0.wp.com\/www.horizonemployeur.fr\/wordpress\/wp-content\/uploads\/2017\/06\/picto_c.png?fit=146%2C146&amp;ssl=1\" data-orig-size=\"146,146\" data-comments-opened=\"1\" data-image-meta=\"{&quot;aperture&quot;:&quot;0&quot;,&quot;credit&quot;:&quot;&quot;,&quot;camera&quot;:&quot;&quot;,&quot;caption&quot;:&quot;&quot;,&quot;created_timestamp&quot;:&quot;0&quot;,&quot;copyright&quot;:&quot;&quot;,&quot;focal_length&quot;:&quot;0&quot;,&quot;iso&quot;:&quot;0&quot;,&quot;shutter_speed&quot;:&quot;0&quot;,&quot;title&quot;:&quot;&quot;,&quot;orientation&quot;:&quot;0&quot;}\" data-image-title=\"picto_c\" data-image-description=\"\" data-image-caption=\"\" data-medium-file=\"https:\/\/i0.wp.com\/www.horizonemployeur.fr\/wordpress\/wp-content\/uploads\/2017\/06\/picto_c.png?fit=146%2C146&amp;ssl=1\" data-large-file=\"https:\/\/i0.wp.com\/www.horizonemployeur.fr\/wordpress\/wp-content\/uploads\/2017\/06\/picto_c.png?fit=146%2C146&amp;ssl=1\" decoding=\"async\" loading=\"lazy\" class=\"alignnone wp-image-3225\" src=\"https:\/\/i0.wp.com\/www.horizonemployeur.fr\/wordpress\/wp-content\/uploads\/2017\/06\/picto_c.png?resize=40%2C40\" alt=\"\" width=\"40\" height=\"40\" srcset=\"https:\/\/i0.wp.com\/www.horizonemployeur.fr\/wordpress\/wp-content\/uploads\/2017\/06\/picto_c.png?w=146&amp;ssl=1 146w, https:\/\/i0.wp.com\/www.horizonemployeur.fr\/wordpress\/wp-content\/uploads\/2017\/06\/picto_c.png?resize=96%2C96&amp;ssl=1 96w\" sizes=\"(max-width: 40px) 100vw, 40px\" data-recalc-dims=\"1\" \/><\/td>\n<td style=\"width: 42.2236%; height: 47px;\"><b>2 trains sur 3<\/b><\/td>\n<td style=\"width: 47.7764%; text-align: left; height: 47px;\">\n<ul>\n<li><a href=\"http:\/\/documents.transilien.com\/1521625603353.pdf\" target=\"_blank\" rel=\"noopener\">Versailles Ch\u00e2teau Rive Gauche &lt;&gt; Versailles Chantiers<\/a><\/li>\n<li><a href=\"http:\/\/documents.transilien.com\/1521625603354.pdf\" target=\"_blank\" rel=\"noopener\">Pontoise &lt;&gt; Massy Palaiseau<\/a><\/li>\n<li><a href=\"http:\/\/documents.transilien.com\/1521625603355.pdf\" target=\"_blank\" rel=\"noopener\">Invalides &lt;&gt; Dourdan<\/a><\/li>\n<li><a href=\"http:\/\/documents.transilien.com\/1521625603356.pdf\" target=\"_blank\" rel=\"noopener\">St-Quentin en Yvelines &lt;&gt; St-Martin d&rsquo;Etampes<\/a><\/li>\n<\/ul>\n<\/td>\n<\/tr>\n<tr style=\"height: 26px;\">\n<td style=\"text-align: center; width: 5%; height: 26px;\"><img data-attachment-id=\"3226\" data-permalink=\"https:\/\/www.horizonemployeur.fr\/wordpress\/2017\/06\/14\/travaux-ete-2017\/picto_d\/\" data-orig-file=\"https:\/\/i0.wp.com\/www.horizonemployeur.fr\/wordpress\/wp-content\/uploads\/2017\/06\/picto_d.png?fit=146%2C146&amp;ssl=1\" data-orig-size=\"146,146\" data-comments-opened=\"1\" data-image-meta=\"{&quot;aperture&quot;:&quot;0&quot;,&quot;credit&quot;:&quot;&quot;,&quot;camera&quot;:&quot;&quot;,&quot;caption&quot;:&quot;&quot;,&quot;created_timestamp&quot;:&quot;0&quot;,&quot;copyright&quot;:&quot;&quot;,&quot;focal_length&quot;:&quot;0&quot;,&quot;iso&quot;:&quot;0&quot;,&quot;shutter_speed&quot;:&quot;0&quot;,&quot;title&quot;:&quot;&quot;,&quot;orientation&quot;:&quot;0&quot;}\" data-image-title=\"picto_d\" data-image-description=\"\" data-image-caption=\"\" data-medium-file=\"https:\/\/i0.wp.com\/www.horizonemployeur.fr\/wordpress\/wp-content\/uploads\/2017\/06\/picto_d.png?fit=146%2C146&amp;ssl=1\" data-large-file=\"https:\/\/i0.wp.com\/www.horizonemployeur.fr\/wordpress\/wp-content\/uploads\/2017\/06\/picto_d.png?fit=146%2C146&amp;ssl=1\" decoding=\"async\" loading=\"lazy\" class=\"alignnone wp-image-3226\" src=\"https:\/\/i0.wp.com\/www.horizonemployeur.fr\/wordpress\/wp-content\/uploads\/2017\/06\/picto_d.png?resize=40%2C40\" alt=\"\" width=\"40\" height=\"40\" srcset=\"https:\/\/i0.wp.com\/www.horizonemployeur.fr\/wordpress\/wp-content\/uploads\/2017\/06\/picto_d.png?w=146&amp;ssl=1 146w, https:\/\/i0.wp.com\/www.horizonemployeur.fr\/wordpress\/wp-content\/uploads\/2017\/06\/picto_d.png?resize=96%2C96&amp;ssl=1 96w\" sizes=\"(max-width: 40px) 100vw, 40px\" data-recalc-dims=\"1\" \/><\/td>\n<td><b>2 trains sur 3<br \/>\n<\/b><em>L&rsquo;interconnexion est r\u00e9tablie<\/em><\/td>\n<td style=\"width: 47.7764%; text-align: left; height: 26px;\">\n<ul>\n<li><a href=\"http:\/\/documents.transilien.com\/1521625603351.pdf\" target=\"_blank\" rel=\"noopener\">Horaires RER D&nbsp;<\/a><\/li>\n<\/ul>\n<\/td>\n<\/tr>\n<tr style=\"height: 48px;\">\n<td style=\"text-align: center; width: 5%; height: 48px;\"><img data-attachment-id=\"3227\" data-permalink=\"https:\/\/www.horizonemployeur.fr\/wordpress\/2017\/06\/14\/travaux-ete-2017\/picto_e\/\" data-orig-file=\"https:\/\/i0.wp.com\/www.horizonemployeur.fr\/wordpress\/wp-content\/uploads\/2017\/06\/picto_e.png?fit=146%2C146&amp;ssl=1\" data-orig-size=\"146,146\" data-comments-opened=\"1\" data-image-meta=\"{&quot;aperture&quot;:&quot;0&quot;,&quot;credit&quot;:&quot;&quot;,&quot;camera&quot;:&quot;&quot;,&quot;caption&quot;:&quot;&quot;,&quot;created_timestamp&quot;:&quot;0&quot;,&quot;copyright&quot;:&quot;&quot;,&quot;focal_length&quot;:&quot;0&quot;,&quot;iso&quot;:&quot;0&quot;,&quot;shutter_speed&quot;:&quot;0&quot;,&quot;title&quot;:&quot;&quot;,&quot;orientation&quot;:&quot;0&quot;}\" data-image-title=\"picto_e\" data-image-description=\"\" data-image-caption=\"\" data-medium-file=\"https:\/\/i0.wp.com\/www.horizonemployeur.fr\/wordpress\/wp-content\/uploads\/2017\/06\/picto_e.png?fit=146%2C146&amp;ssl=1\" data-large-file=\"https:\/\/i0.wp.com\/www.horizonemployeur.fr\/wordpress\/wp-content\/uploads\/2017\/06\/picto_e.png?fit=146%2C146&amp;ssl=1\" decoding=\"async\" loading=\"lazy\" class=\"alignnone wp-image-3227\" src=\"https:\/\/i0.wp.com\/www.horizonemployeur.fr\/wordpress\/wp-content\/uploads\/2017\/06\/picto_e.png?resize=40%2C40\" alt=\"\" width=\"40\" height=\"40\" srcset=\"https:\/\/i0.wp.com\/www.horizonemployeur.fr\/wordpress\/wp-content\/uploads\/2017\/06\/picto_e.png?w=146&amp;ssl=1 146w, https:\/\/i0.wp.com\/www.horizonemployeur.fr\/wordpress\/wp-content\/uploads\/2017\/06\/picto_e.png?resize=96%2C96&amp;ssl=1 96w\" sizes=\"(max-width: 40px) 100vw, 40px\" data-recalc-dims=\"1\" \/><\/td>\n<td style=\"width: 42.2236%; height: 48px;\"><strong>2 trains sur 3<\/strong><\/td>\n<td style=\"width: 47.7764%; text-align: left; height: 48px;\">\n<ul>\n<li><a href=\"http:\/\/documents.transilien.com\/1521625603344.pdf\" target=\"_blank\" rel=\"noopener\">Paris &lt;&gt; Chelles<\/a><\/li>\n<li><a href=\"http:\/\/documents.transilien.com\/1521625603347.pdf\" target=\"_blank\" rel=\"noopener\">Paris &lt;&gt; Villiers &lt;&gt; Tournan<\/a><\/li>\n<\/ul>\n<\/td>\n<\/tr>\n<tr style=\"height: 47px;\">\n<td style=\"text-align: center; width: 5%; height: 47px;\"><img data-attachment-id=\"3232\" data-permalink=\"https:\/\/www.horizonemployeur.fr\/wordpress\/2017\/06\/14\/travaux-ete-2017\/picto_h\/\" data-orig-file=\"https:\/\/i0.wp.com\/www.horizonemployeur.fr\/wordpress\/wp-content\/uploads\/2017\/06\/picto_h.png?fit=146%2C146&amp;ssl=1\" data-orig-size=\"146,146\" data-comments-opened=\"1\" data-image-meta=\"{&quot;aperture&quot;:&quot;0&quot;,&quot;credit&quot;:&quot;&quot;,&quot;camera&quot;:&quot;&quot;,&quot;caption&quot;:&quot;&quot;,&quot;created_timestamp&quot;:&quot;0&quot;,&quot;copyright&quot;:&quot;&quot;,&quot;focal_length&quot;:&quot;0&quot;,&quot;iso&quot;:&quot;0&quot;,&quot;shutter_speed&quot;:&quot;0&quot;,&quot;title&quot;:&quot;&quot;,&quot;orientation&quot;:&quot;0&quot;}\" data-image-title=\"picto_h\" data-image-description=\"\" data-image-caption=\"\" data-medium-file=\"https:\/\/i0.wp.com\/www.horizonemployeur.fr\/wordpress\/wp-content\/uploads\/2017\/06\/picto_h.png?fit=146%2C146&amp;ssl=1\" data-large-file=\"https:\/\/i0.wp.com\/www.horizonemployeur.fr\/wordpress\/wp-content\/uploads\/2017\/06\/picto_h.png?fit=146%2C146&amp;ssl=1\" decoding=\"async\" loading=\"lazy\" class=\"alignnone wp-image-3232\" src=\"https:\/\/i0.wp.com\/www.horizonemployeur.fr\/wordpress\/wp-content\/uploads\/2017\/06\/picto_h.png?resize=40%2C40\" alt=\"\" width=\"40\" height=\"40\" srcset=\"https:\/\/i0.wp.com\/www.horizonemployeur.fr\/wordpress\/wp-content\/uploads\/2017\/06\/picto_h.png?w=146&amp;ssl=1 146w, https:\/\/i0.wp.com\/www.horizonemployeur.fr\/wordpress\/wp-content\/uploads\/2017\/06\/picto_h.png?resize=96%2C96&amp;ssl=1 96w\" sizes=\"(max-width: 40px) 100vw, 40px\" data-recalc-dims=\"1\" \/><\/td>\n<td style=\"width: 42.2236%; height: 47px;\"><strong>2 trains sur 3<br \/>\n<\/strong><\/td>\n<td style=\"width: 47.7764%; text-align: left; height: 47px;\">\n<ul>\n<li><a href=\"http:\/\/documents.transilien.com\/1521625603348.pdf\" target=\"_blank\" rel=\"noopener\">Paris &lt;&gt; Montsoult &lt;&gt; Persan \/ Luzarches<\/a><\/li>\n<li><a href=\"http:\/\/documents.transilien.com\/1521625603349.pdf\" target=\"_blank\" rel=\"noopener\">Paris &lt;&gt; Ermont &lt;&gt; Pontoise \/ Valmondois &lt;&gt; Persan<\/a><\/li>\n<li><a href=\"http:\/\/documents.transilien.com\/1521625603350.pdf\" target=\"_blank\" rel=\"noopener\">Creil &lt;&gt; Persan &lt;&gt; Pontoise<\/a><\/li>\n<\/ul>\n<\/td>\n<\/tr>\n<tr style=\"height: 23px;\">\n<td style=\"text-align: center; width: 5%; height: 23px;\"><img data-attachment-id=\"3231\" data-permalink=\"https:\/\/www.horizonemployeur.fr\/wordpress\/2017\/06\/14\/travaux-ete-2017\/picto_j\/\" data-orig-file=\"https:\/\/i0.wp.com\/www.horizonemployeur.fr\/wordpress\/wp-content\/uploads\/2017\/06\/picto_j.png?fit=146%2C146&amp;ssl=1\" data-orig-size=\"146,146\" data-comments-opened=\"1\" data-image-meta=\"{&quot;aperture&quot;:&quot;0&quot;,&quot;credit&quot;:&quot;&quot;,&quot;camera&quot;:&quot;&quot;,&quot;caption&quot;:&quot;&quot;,&quot;created_timestamp&quot;:&quot;0&quot;,&quot;copyright&quot;:&quot;&quot;,&quot;focal_length&quot;:&quot;0&quot;,&quot;iso&quot;:&quot;0&quot;,&quot;shutter_speed&quot;:&quot;0&quot;,&quot;title&quot;:&quot;&quot;,&quot;orientation&quot;:&quot;0&quot;}\" data-image-title=\"picto_j\" data-image-description=\"\" data-image-caption=\"\" data-medium-file=\"https:\/\/i0.wp.com\/www.horizonemployeur.fr\/wordpress\/wp-content\/uploads\/2017\/06\/picto_j.png?fit=146%2C146&amp;ssl=1\" data-large-file=\"https:\/\/i0.wp.com\/www.horizonemployeur.fr\/wordpress\/wp-content\/uploads\/2017\/06\/picto_j.png?fit=146%2C146&amp;ssl=1\" decoding=\"async\" loading=\"lazy\" class=\"alignnone wp-image-3231\" src=\"https:\/\/i0.wp.com\/www.horizonemployeur.fr\/wordpress\/wp-content\/uploads\/2017\/06\/picto_j.png?resize=40%2C40\" alt=\"\" width=\"40\" height=\"40\" srcset=\"https:\/\/i0.wp.com\/www.horizonemployeur.fr\/wordpress\/wp-content\/uploads\/2017\/06\/picto_j.png?w=146&amp;ssl=1 146w, https:\/\/i0.wp.com\/www.horizonemployeur.fr\/wordpress\/wp-content\/uploads\/2017\/06\/picto_j.png?resize=96%2C96&amp;ssl=1 96w\" sizes=\"(max-width: 40px) 100vw, 40px\" data-recalc-dims=\"1\" \/><\/td>\n<td style=\"width: 42.2236%; height: 23px;\"><strong>2 trains sur 3<\/strong><\/td>\n<td style=\"width: 47.7764%; text-align: left; height: 23px;\">\n<ul>\n<li><a href=\"http:\/\/documents.transilien.com\/1521625603332.pdf\" target=\"_blank\" rel=\"noopener\">Paris &lt;&gt; Ermont<\/a><\/li>\n<li><a href=\"http:\/\/documents.transilien.com\/1521625603333.pdf\" target=\"_blank\" rel=\"noopener\">Paris &lt;&gt; Poissy &lt;&gt; Mantes<\/a><\/li>\n<li><a href=\"http:\/\/documents.transilien.com\/1521625603335.pdf\" target=\"_blank\" rel=\"noopener\">Paris &lt;&gt; Conflans &lt; &gt; Mantes<\/a><\/li>\n<li><a href=\"http:\/\/documents.transilien.com\/1521625603334.pdf\" target=\"_blank\" rel=\"noopener\">Paris &lt;&gt; Pontoise &lt;&gt; Gisors<\/a><\/li>\n<\/ul>\n<\/td>\n<\/tr>\n<tr style=\"height: 47px;\">\n<td style=\"text-align: center; width: 5%; height: 47px;\"><img data-attachment-id=\"3230\" data-permalink=\"https:\/\/www.horizonemployeur.fr\/wordpress\/2017\/06\/14\/travaux-ete-2017\/picto_k\/\" data-orig-file=\"https:\/\/i0.wp.com\/www.horizonemployeur.fr\/wordpress\/wp-content\/uploads\/2017\/06\/picto_k.png?fit=146%2C146&amp;ssl=1\" data-orig-size=\"146,146\" data-comments-opened=\"1\" data-image-meta=\"{&quot;aperture&quot;:&quot;0&quot;,&quot;credit&quot;:&quot;&quot;,&quot;camera&quot;:&quot;&quot;,&quot;caption&quot;:&quot;&quot;,&quot;created_timestamp&quot;:&quot;0&quot;,&quot;copyright&quot;:&quot;&quot;,&quot;focal_length&quot;:&quot;0&quot;,&quot;iso&quot;:&quot;0&quot;,&quot;shutter_speed&quot;:&quot;0&quot;,&quot;title&quot;:&quot;&quot;,&quot;orientation&quot;:&quot;0&quot;}\" data-image-title=\"picto_k\" data-image-description=\"\" data-image-caption=\"\" data-medium-file=\"https:\/\/i0.wp.com\/www.horizonemployeur.fr\/wordpress\/wp-content\/uploads\/2017\/06\/picto_k.png?fit=146%2C146&amp;ssl=1\" data-large-file=\"https:\/\/i0.wp.com\/www.horizonemployeur.fr\/wordpress\/wp-content\/uploads\/2017\/06\/picto_k.png?fit=146%2C146&amp;ssl=1\" decoding=\"async\" loading=\"lazy\" class=\"alignnone wp-image-3230\" src=\"https:\/\/i0.wp.com\/www.horizonemployeur.fr\/wordpress\/wp-content\/uploads\/2017\/06\/picto_k.png?resize=40%2C40\" alt=\"\" width=\"40\" height=\"40\" srcset=\"https:\/\/i0.wp.com\/www.horizonemployeur.fr\/wordpress\/wp-content\/uploads\/2017\/06\/picto_k.png?w=146&amp;ssl=1 146w, https:\/\/i0.wp.com\/www.horizonemployeur.fr\/wordpress\/wp-content\/uploads\/2017\/06\/picto_k.png?resize=96%2C96&amp;ssl=1 96w\" sizes=\"(max-width: 40px) 100vw, 40px\" data-recalc-dims=\"1\" \/><\/td>\n<td style=\"width: 42.2236%; height: 47px;\"><strong>2 trains sur 3<\/strong><\/td>\n<td style=\"width: 47.7764%; text-align: left; height: 47px;\">\n<ul>\n<li><a href=\"http:\/\/documents.transilien.com\/1521625603352.pdf\" target=\"_blank\" rel=\"noopener\">Paris &lt;&gt; Mitry &lt;&gt; Cr\u00e9py<\/a><\/li>\n<li><a style=\"font-family: inherit; font-size: inherit;\" href=\"http:\/\/documents.transilien.com\/1521625603357.pdf\" target=\"_blank\" rel=\"noopener\">Paris &lt;&gt; Laon (TER Picardie)<\/a><\/li>\n<\/ul>\n<\/td>\n<\/tr>\n<tr style=\"height: 18px;\">\n<td style=\"text-align: center; width: 5%; height: 18px;\"><em><strong><img data-attachment-id=\"3229\" data-permalink=\"https:\/\/www.horizonemployeur.fr\/wordpress\/2017\/06\/14\/travaux-ete-2017\/picto_l\/\" data-orig-file=\"https:\/\/i0.wp.com\/www.horizonemployeur.fr\/wordpress\/wp-content\/uploads\/2017\/06\/picto_l.png?fit=146%2C146&amp;ssl=1\" data-orig-size=\"146,146\" data-comments-opened=\"1\" data-image-meta=\"{&quot;aperture&quot;:&quot;0&quot;,&quot;credit&quot;:&quot;&quot;,&quot;camera&quot;:&quot;&quot;,&quot;caption&quot;:&quot;&quot;,&quot;created_timestamp&quot;:&quot;0&quot;,&quot;copyright&quot;:&quot;&quot;,&quot;focal_length&quot;:&quot;0&quot;,&quot;iso&quot;:&quot;0&quot;,&quot;shutter_speed&quot;:&quot;0&quot;,&quot;title&quot;:&quot;&quot;,&quot;orientation&quot;:&quot;0&quot;}\" data-image-title=\"picto_l\" data-image-description=\"\" data-image-caption=\"\" data-medium-file=\"https:\/\/i0.wp.com\/www.horizonemployeur.fr\/wordpress\/wp-content\/uploads\/2017\/06\/picto_l.png?fit=146%2C146&amp;ssl=1\" data-large-file=\"https:\/\/i0.wp.com\/www.horizonemployeur.fr\/wordpress\/wp-content\/uploads\/2017\/06\/picto_l.png?fit=146%2C146&amp;ssl=1\" decoding=\"async\" loading=\"lazy\" class=\"alignnone wp-image-3229\" src=\"https:\/\/i0.wp.com\/www.horizonemployeur.fr\/wordpress\/wp-content\/uploads\/2017\/06\/picto_l.png?resize=40%2C40\" alt=\"\" width=\"40\" height=\"40\" srcset=\"https:\/\/i0.wp.com\/www.horizonemployeur.fr\/wordpress\/wp-content\/uploads\/2017\/06\/picto_l.png?w=146&amp;ssl=1 146w, https:\/\/i0.wp.com\/www.horizonemployeur.fr\/wordpress\/wp-content\/uploads\/2017\/06\/picto_l.png?resize=96%2C96&amp;ssl=1 96w\" sizes=\"(max-width: 40px) 100vw, 40px\" data-recalc-dims=\"1\" \/>nord<\/strong><\/em><\/td>\n<td style=\"width: 42.2236%; height: 18px;\"><strong>2 trains sur 3<\/strong><\/td>\n<td style=\"width: 47.7764%; text-align: left; height: 18px;\">\n<ul>\n<li><a href=\"http:\/\/documents.transilien.com\/1521625603338.pdf\">Paris &lt;&gt; Nanterre-U &lt;&gt; Cergy<\/a><\/li>\n<\/ul>\n<\/td>\n<\/tr>\n<tr style=\"height: 72px;\">\n<td style=\"text-align: center; width: 5%; height: 72px;\"><img data-attachment-id=\"3229\" data-permalink=\"https:\/\/www.horizonemployeur.fr\/wordpress\/2017\/06\/14\/travaux-ete-2017\/picto_l\/\" data-orig-file=\"https:\/\/i0.wp.com\/www.horizonemployeur.fr\/wordpress\/wp-content\/uploads\/2017\/06\/picto_l.png?fit=146%2C146&amp;ssl=1\" data-orig-size=\"146,146\" data-comments-opened=\"1\" data-image-meta=\"{&quot;aperture&quot;:&quot;0&quot;,&quot;credit&quot;:&quot;&quot;,&quot;camera&quot;:&quot;&quot;,&quot;caption&quot;:&quot;&quot;,&quot;created_timestamp&quot;:&quot;0&quot;,&quot;copyright&quot;:&quot;&quot;,&quot;focal_length&quot;:&quot;0&quot;,&quot;iso&quot;:&quot;0&quot;,&quot;shutter_speed&quot;:&quot;0&quot;,&quot;title&quot;:&quot;&quot;,&quot;orientation&quot;:&quot;0&quot;}\" data-image-title=\"picto_l\" data-image-description=\"\" data-image-caption=\"\" data-medium-file=\"https:\/\/i0.wp.com\/www.horizonemployeur.fr\/wordpress\/wp-content\/uploads\/2017\/06\/picto_l.png?fit=146%2C146&amp;ssl=1\" data-large-file=\"https:\/\/i0.wp.com\/www.horizonemployeur.fr\/wordpress\/wp-content\/uploads\/2017\/06\/picto_l.png?fit=146%2C146&amp;ssl=1\" decoding=\"async\" loading=\"lazy\" class=\"alignnone wp-image-3229\" src=\"https:\/\/i0.wp.com\/www.horizonemployeur.fr\/wordpress\/wp-content\/uploads\/2017\/06\/picto_l.png?resize=40%2C40\" alt=\"\" width=\"40\" height=\"40\" srcset=\"https:\/\/i0.wp.com\/www.horizonemployeur.fr\/wordpress\/wp-content\/uploads\/2017\/06\/picto_l.png?w=146&amp;ssl=1 146w, https:\/\/i0.wp.com\/www.horizonemployeur.fr\/wordpress\/wp-content\/uploads\/2017\/06\/picto_l.png?resize=96%2C96&amp;ssl=1 96w\" sizes=\"(max-width: 40px) 100vw, 40px\" data-recalc-dims=\"1\" \/><br \/>\n<em><strong>sud<\/strong><\/em><\/td>\n<td style=\"width: 42.2236%; height: 72px;\"><strong>2 trains sur 3<br \/>\n<\/strong><\/td>\n<td style=\"width: 47.7764%; text-align: left; height: 72px;\">\n<ul>\n<li><a href=\"http:\/\/documents.transilien.com\/1521625603337.pdf\">Paris &lt;&gt; Versailles-RD<\/a><\/li>\n<li><a href=\"http:\/\/documents.transilien.com\/1521625603336.pdf\">Paris &lt;&gt; St-Nom la Bret\u00e8che<\/a><\/li>\n<li><a href=\"http:\/\/documents.transilien.com\/1521625603339.pdf\">Noisy le Roi &lt; &gt; Saint-Germain-GC<\/a><\/li>\n<\/ul>\n<\/td>\n<\/tr>\n<tr style=\"height: 48px;\">\n<td style=\"text-align: center; width: 5%; height: 48px;\"><img data-attachment-id=\"3228\" data-permalink=\"https:\/\/www.horizonemployeur.fr\/wordpress\/2017\/06\/14\/travaux-ete-2017\/picto_n\/\" data-orig-file=\"https:\/\/i0.wp.com\/www.horizonemployeur.fr\/wordpress\/wp-content\/uploads\/2017\/06\/picto_n.png?fit=146%2C146&amp;ssl=1\" data-orig-size=\"146,146\" data-comments-opened=\"1\" data-image-meta=\"{&quot;aperture&quot;:&quot;0&quot;,&quot;credit&quot;:&quot;&quot;,&quot;camera&quot;:&quot;&quot;,&quot;caption&quot;:&quot;&quot;,&quot;created_timestamp&quot;:&quot;0&quot;,&quot;copyright&quot;:&quot;&quot;,&quot;focal_length&quot;:&quot;0&quot;,&quot;iso&quot;:&quot;0&quot;,&quot;shutter_speed&quot;:&quot;0&quot;,&quot;title&quot;:&quot;&quot;,&quot;orientation&quot;:&quot;0&quot;}\" data-image-title=\"picto_n\" data-image-description=\"\" data-image-caption=\"\" data-medium-file=\"https:\/\/i0.wp.com\/www.horizonemployeur.fr\/wordpress\/wp-content\/uploads\/2017\/06\/picto_n.png?fit=146%2C146&amp;ssl=1\" data-large-file=\"https:\/\/i0.wp.com\/www.horizonemployeur.fr\/wordpress\/wp-content\/uploads\/2017\/06\/picto_n.png?fit=146%2C146&amp;ssl=1\" decoding=\"async\" loading=\"lazy\" class=\"alignnone wp-image-3228\" src=\"https:\/\/i0.wp.com\/www.horizonemployeur.fr\/wordpress\/wp-content\/uploads\/2017\/06\/picto_n.png?resize=40%2C40\" alt=\"\" width=\"40\" height=\"40\" srcset=\"https:\/\/i0.wp.com\/www.horizonemployeur.fr\/wordpress\/wp-content\/uploads\/2017\/06\/picto_n.png?w=146&amp;ssl=1 146w, https:\/\/i0.wp.com\/www.horizonemployeur.fr\/wordpress\/wp-content\/uploads\/2017\/06\/picto_n.png?resize=96%2C96&amp;ssl=1 96w\" sizes=\"(max-width: 40px) 100vw, 40px\" data-recalc-dims=\"1\" \/><\/td>\n<td style=\"width: 42.2236%; height: 48px;\"><strong>Trafic presque normal<br \/>\n<\/strong>quelques trains supprim\u00e9s<\/td>\n<td style=\"width: 47.7764%; text-align: left; height: 48px;\">\n<ul>\n<li><a href=\"http:\/\/documents.transilien.com\/1521625603187.pdf\" target=\"_blank\" rel=\"noopener\">Liste des trains supprim\u00e9s<\/a><\/li>\n<\/ul>\n<\/td>\n<\/tr>\n<tr style=\"height: 121px;\">\n<td style=\"text-align: center; width: 5%; height: 121px;\"><img data-attachment-id=\"3222\" data-permalink=\"https:\/\/www.horizonemployeur.fr\/wordpress\/2017\/06\/14\/travaux-ete-2017\/picto_p\/\" data-orig-file=\"https:\/\/i0.wp.com\/www.horizonemployeur.fr\/wordpress\/wp-content\/uploads\/2017\/06\/picto_p.png?fit=146%2C146&amp;ssl=1\" data-orig-size=\"146,146\" data-comments-opened=\"1\" data-image-meta=\"{&quot;aperture&quot;:&quot;0&quot;,&quot;credit&quot;:&quot;&quot;,&quot;camera&quot;:&quot;&quot;,&quot;caption&quot;:&quot;&quot;,&quot;created_timestamp&quot;:&quot;0&quot;,&quot;copyright&quot;:&quot;&quot;,&quot;focal_length&quot;:&quot;0&quot;,&quot;iso&quot;:&quot;0&quot;,&quot;shutter_speed&quot;:&quot;0&quot;,&quot;title&quot;:&quot;&quot;,&quot;orientation&quot;:&quot;0&quot;}\" data-image-title=\"picto_p\" data-image-description=\"\" data-image-caption=\"\" data-medium-file=\"https:\/\/i0.wp.com\/www.horizonemployeur.fr\/wordpress\/wp-content\/uploads\/2017\/06\/picto_p.png?fit=146%2C146&amp;ssl=1\" data-large-file=\"https:\/\/i0.wp.com\/www.horizonemployeur.fr\/wordpress\/wp-content\/uploads\/2017\/06\/picto_p.png?fit=146%2C146&amp;ssl=1\" decoding=\"async\" loading=\"lazy\" class=\"alignnone wp-image-3222\" src=\"https:\/\/i0.wp.com\/www.horizonemployeur.fr\/wordpress\/wp-content\/uploads\/2017\/06\/picto_p.png?resize=40%2C40\" alt=\"\" width=\"40\" height=\"40\" srcset=\"https:\/\/i0.wp.com\/www.horizonemployeur.fr\/wordpress\/wp-content\/uploads\/2017\/06\/picto_p.png?w=146&amp;ssl=1 146w, https:\/\/i0.wp.com\/www.horizonemployeur.fr\/wordpress\/wp-content\/uploads\/2017\/06\/picto_p.png?resize=96%2C96&amp;ssl=1 96w\" sizes=\"(max-width: 40px) 100vw, 40px\" data-recalc-dims=\"1\" \/><\/td>\n<td style=\"width: 42.2236%; height: 121px;\"><b>2 trains sur 3 sur<\/b><\/p>\n<ul>\n<li>Paris &lt;&gt; Meaux<\/li>\n<li>Paris &lt;&gt; Meaux &lt;&gt; Ch\u00e2teau-Thierry<\/li>\n<li>Paris &lt;&gt; Meaux &lt;&gt; La Fert\u00e9-Milon<\/li>\n<li>Paris &lt;&gt; Coulommiers<\/li>\n<li>Paris &lt;&gt; Provins<\/li>\n<\/ul>\n<p><b>Trafic normal sur Esbly &lt;&gt; Cr\u00e9cy<\/b><\/td>\n<td style=\"width: 47.7764%; text-align: left; height: 121px;\">\n<ul>\n<li><a href=\"http:\/\/documents.transilien.com\/1521625603343.pdf\">Paris &lt;&gt;&nbsp;Meaux<\/a><\/li>\n<li><a href=\"http:\/\/documents.transilien.com\/1521625603342.pdf\">Paris &lt;&gt; Meaux &lt;&gt;&nbsp;Ch\u00e2teau-Thierry<\/a><\/li>\n<li><a href=\"http:\/\/documents.transilien.com\/1521625603345.pdf\">Paris &lt;&gt; Meaux &lt;&gt;&nbsp;La Fert\u00e9 Milon<\/a><\/li>\n<li><a href=\"http:\/\/documents.transilien.com\/1521625603341.pdf\">Paris &lt;&gt;&nbsp;Coulommiers<\/a><\/li>\n<li><a href=\"http:\/\/documents.transilien.com\/1521625603346.pdf\">Paris &lt;&gt;&nbsp;Provins<\/a><\/li>\n<\/ul>\n<p>&nbsp;<\/td>\n<\/tr>\n<tr style=\"height: 47px;\">\n<td style=\"text-align: center; width: 5%; height: 47px;\"><img data-attachment-id=\"3221\" data-permalink=\"https:\/\/www.horizonemployeur.fr\/wordpress\/2017\/06\/14\/travaux-ete-2017\/picto_r\/\" data-orig-file=\"https:\/\/i0.wp.com\/www.horizonemployeur.fr\/wordpress\/wp-content\/uploads\/2017\/06\/picto_r.png?fit=146%2C146&amp;ssl=1\" data-orig-size=\"146,146\" data-comments-opened=\"1\" data-image-meta=\"{&quot;aperture&quot;:&quot;0&quot;,&quot;credit&quot;:&quot;&quot;,&quot;camera&quot;:&quot;&quot;,&quot;caption&quot;:&quot;&quot;,&quot;created_timestamp&quot;:&quot;0&quot;,&quot;copyright&quot;:&quot;&quot;,&quot;focal_length&quot;:&quot;0&quot;,&quot;iso&quot;:&quot;0&quot;,&quot;shutter_speed&quot;:&quot;0&quot;,&quot;title&quot;:&quot;&quot;,&quot;orientation&quot;:&quot;0&quot;}\" data-image-title=\"picto_r\" data-image-description=\"\" data-image-caption=\"\" data-medium-file=\"https:\/\/i0.wp.com\/www.horizonemployeur.fr\/wordpress\/wp-content\/uploads\/2017\/06\/picto_r.png?fit=146%2C146&amp;ssl=1\" data-large-file=\"https:\/\/i0.wp.com\/www.horizonemployeur.fr\/wordpress\/wp-content\/uploads\/2017\/06\/picto_r.png?fit=146%2C146&amp;ssl=1\" decoding=\"async\" loading=\"lazy\" class=\"alignnone wp-image-3221\" src=\"https:\/\/i0.wp.com\/www.horizonemployeur.fr\/wordpress\/wp-content\/uploads\/2017\/06\/picto_r.png?resize=40%2C40\" alt=\"\" width=\"40\" height=\"40\" srcset=\"https:\/\/i0.wp.com\/www.horizonemployeur.fr\/wordpress\/wp-content\/uploads\/2017\/06\/picto_r.png?w=146&amp;ssl=1 146w, https:\/\/i0.wp.com\/www.horizonemployeur.fr\/wordpress\/wp-content\/uploads\/2017\/06\/picto_r.png?resize=96%2C96&amp;ssl=1 96w\" sizes=\"(max-width: 40px) 100vw, 40px\" data-recalc-dims=\"1\" \/><\/td>\n<td style=\"width: 42.2236%; height: 47px;\"><strong>Trafic normal<\/strong><\/td>\n<td style=\"width: 47.7764%; height: 47px; text-align: left;\">&nbsp;<\/td>\n<\/tr>\n<tr style=\"height: 47px;\">\n<td style=\"text-align: center; width: 5%; height: 47px;\"><img data-attachment-id=\"3220\" data-permalink=\"https:\/\/www.horizonemployeur.fr\/wordpress\/2017\/06\/14\/travaux-ete-2017\/picto_u\/\" data-orig-file=\"https:\/\/i0.wp.com\/www.horizonemployeur.fr\/wordpress\/wp-content\/uploads\/2017\/06\/picto_u.png?fit=146%2C146&amp;ssl=1\" data-orig-size=\"146,146\" data-comments-opened=\"1\" data-image-meta=\"{&quot;aperture&quot;:&quot;0&quot;,&quot;credit&quot;:&quot;&quot;,&quot;camera&quot;:&quot;&quot;,&quot;caption&quot;:&quot;&quot;,&quot;created_timestamp&quot;:&quot;0&quot;,&quot;copyright&quot;:&quot;&quot;,&quot;focal_length&quot;:&quot;0&quot;,&quot;iso&quot;:&quot;0&quot;,&quot;shutter_speed&quot;:&quot;0&quot;,&quot;title&quot;:&quot;&quot;,&quot;orientation&quot;:&quot;0&quot;}\" data-image-title=\"picto_u\" data-image-description=\"\" data-image-caption=\"\" data-medium-file=\"https:\/\/i0.wp.com\/www.horizonemployeur.fr\/wordpress\/wp-content\/uploads\/2017\/06\/picto_u.png?fit=146%2C146&amp;ssl=1\" data-large-file=\"https:\/\/i0.wp.com\/www.horizonemployeur.fr\/wordpress\/wp-content\/uploads\/2017\/06\/picto_u.png?fit=146%2C146&amp;ssl=1\" decoding=\"async\" loading=\"lazy\" class=\"alignnone wp-image-3220\" src=\"https:\/\/i0.wp.com\/www.horizonemployeur.fr\/wordpress\/wp-content\/uploads\/2017\/06\/picto_u.png?resize=40%2C40\" alt=\"\" width=\"40\" height=\"40\" srcset=\"https:\/\/i0.wp.com\/www.horizonemployeur.fr\/wordpress\/wp-content\/uploads\/2017\/06\/picto_u.png?w=146&amp;ssl=1 146w, https:\/\/i0.wp.com\/www.horizonemployeur.fr\/wordpress\/wp-content\/uploads\/2017\/06\/picto_u.png?resize=96%2C96&amp;ssl=1 96w\" sizes=\"(max-width: 40px) 100vw, 40px\" data-recalc-dims=\"1\" \/><\/td>\n<td style=\"width: 42.2236%; height: 47px;\"><strong>Trafic normal<\/strong><\/td>\n<td style=\"text-align: center; width: 47.7764%; height: 47px;\">&nbsp;<\/td>\n<\/tr>\n<\/tbody>\n<\/table>\n<h2>&nbsp;<\/h2>\n<h2>M\u00e9tro (RATP)<\/h2>\n<ul>\n<li>trafic normal<\/li>\n<\/ul>\n<h2>&nbsp;<\/h2>\n<h2>Tramway<\/h2>\n<table style=\"width: 100%;\">\n<tbody>\n<tr>\n<td style=\"text-align: center; width: 9.82801%;\"><strong>Ligne<\/strong><\/td>\n<td style=\"text-align: center; width: 53.5627%;\"><strong>Pr\u00e9vision globale<\/strong><\/td>\n<td style=\"text-align: center; width: 34.1523%;\"><strong>Notes<\/strong><\/td>\n<\/tr>\n<tr>\n<td style=\"text-align: center; width: 9.82801%;\"><img data-attachment-id=\"3219\" data-permalink=\"https:\/\/www.horizonemployeur.fr\/wordpress\/2017\/06\/14\/travaux-ete-2017\/picto_t4\/\" data-orig-file=\"https:\/\/i0.wp.com\/www.horizonemployeur.fr\/wordpress\/wp-content\/uploads\/2017\/06\/picto_t4.png?fit=146%2C146&amp;ssl=1\" data-orig-size=\"146,146\" data-comments-opened=\"1\" data-image-meta=\"{&quot;aperture&quot;:&quot;0&quot;,&quot;credit&quot;:&quot;&quot;,&quot;camera&quot;:&quot;&quot;,&quot;caption&quot;:&quot;&quot;,&quot;created_timestamp&quot;:&quot;0&quot;,&quot;copyright&quot;:&quot;&quot;,&quot;focal_length&quot;:&quot;0&quot;,&quot;iso&quot;:&quot;0&quot;,&quot;shutter_speed&quot;:&quot;0&quot;,&quot;title&quot;:&quot;&quot;,&quot;orientation&quot;:&quot;0&quot;}\" data-image-title=\"picto_t4\" data-image-description=\"\" data-image-caption=\"\" data-medium-file=\"https:\/\/i0.wp.com\/www.horizonemployeur.fr\/wordpress\/wp-content\/uploads\/2017\/06\/picto_t4.png?fit=146%2C146&amp;ssl=1\" data-large-file=\"https:\/\/i0.wp.com\/www.horizonemployeur.fr\/wordpress\/wp-content\/uploads\/2017\/06\/picto_t4.png?fit=146%2C146&amp;ssl=1\" decoding=\"async\" loading=\"lazy\" class=\"alignnone wp-image-3219\" src=\"https:\/\/i0.wp.com\/www.horizonemployeur.fr\/wordpress\/wp-content\/uploads\/2017\/06\/picto_t4.png?resize=40%2C40\" alt=\"\" width=\"40\" height=\"40\" srcset=\"https:\/\/i0.wp.com\/www.horizonemployeur.fr\/wordpress\/wp-content\/uploads\/2017\/06\/picto_t4.png?w=146&amp;ssl=1 146w, https:\/\/i0.wp.com\/www.horizonemployeur.fr\/wordpress\/wp-content\/uploads\/2017\/06\/picto_t4.png?resize=96%2C96&amp;ssl=1 96w\" sizes=\"(max-width: 40px) 100vw, 40px\" data-recalc-dims=\"1\" \/><\/td>\n<td style=\"width: 53.5627%;\"><strong>Trafic normal jusqu&rsquo;\u00e0 21h00<br \/>\n<\/strong>Bus de substitution apr\u00e8s 21h00 (travaux)<\/td>\n<td style=\"width: 34.1523%;\">&nbsp;<\/td>\n<\/tr>\n<tr>\n<td style=\"text-align: center; width: 9.82801%;\"><img data-attachment-id=\"4120\" data-permalink=\"https:\/\/www.horizonemployeur.fr\/wordpress\/2018\/03\/20\/trafic-22-03-2018\/picto-tram-express-11\/\" data-orig-file=\"https:\/\/i0.wp.com\/www.horizonemployeur.fr\/wordpress\/wp-content\/uploads\/2018\/03\/picto-tram-express-11.png?fit=146%2C146&amp;ssl=1\" data-orig-size=\"146,146\" data-comments-opened=\"1\" data-image-meta=\"{&quot;aperture&quot;:&quot;0&quot;,&quot;credit&quot;:&quot;&quot;,&quot;camera&quot;:&quot;&quot;,&quot;caption&quot;:&quot;&quot;,&quot;created_timestamp&quot;:&quot;0&quot;,&quot;copyright&quot;:&quot;&quot;,&quot;focal_length&quot;:&quot;0&quot;,&quot;iso&quot;:&quot;0&quot;,&quot;shutter_speed&quot;:&quot;0&quot;,&quot;title&quot;:&quot;&quot;,&quot;orientation&quot;:&quot;0&quot;}\" data-image-title=\"picto tram express 11\" data-image-description=\"\" data-image-caption=\"\" data-medium-file=\"https:\/\/i0.wp.com\/www.horizonemployeur.fr\/wordpress\/wp-content\/uploads\/2018\/03\/picto-tram-express-11.png?fit=146%2C146&amp;ssl=1\" data-large-file=\"https:\/\/i0.wp.com\/www.horizonemployeur.fr\/wordpress\/wp-content\/uploads\/2018\/03\/picto-tram-express-11.png?fit=146%2C146&amp;ssl=1\" decoding=\"async\" loading=\"lazy\" class=\"alignnone wp-image-4120\" src=\"https:\/\/i0.wp.com\/www.horizonemployeur.fr\/wordpress\/wp-content\/uploads\/2018\/03\/picto-tram-express-11.png?resize=40%2C40\" alt=\"\" width=\"40\" height=\"40\"  data-recalc-dims=\"1\"><\/td>\n<td style=\"width: 53.5627%;\"><strong>Trafic normal<\/strong><\/td>\n<td style=\"width: 34.1523%;\">&nbsp;<\/td>\n<\/tr>\n<tr>\n<td style=\"text-align: center; width: 9.82801%;\"><strong>Autres<br \/>\n(RATP)<\/strong><\/td>\n<td style=\"width: 53.5627%;\"><strong>Trafic normal<\/strong><\/td>\n<td style=\"width: 34.1523%;\">&nbsp;<\/td>\n<\/tr>\n<\/tbody>\n<\/table>\n<h2>&nbsp;<\/h2>\n<h2>Bus<\/h2>\n<ul>\n<li>Lignes RATP: trafic normal<\/li>\n<li>Autres lignes: trafic normal.<\/li>\n<\/ul>\n<p>Les renforts mis en place ce lundi 9 avril <strong>ne sont pas<\/strong> reconduits ce mardi.<\/p>\n<h1>&nbsp;<\/h1>\n<h1>Centre-Val-de-Loire<\/h1>\n<h2>TER Paris-Chartres<\/h2>\n<p><strong>Trafic normal<\/strong><\/p>\n<p>&nbsp;<\/p>\n","protected":false},"excerpt":{"rendered":"<p>Ce mardi 10 avril, nous revenons en p\u00e9riode blanche avec des perturbations moins importantes que ce lundi 9. Les perturbations continuent toujours sur certaines lignes parce qu&rsquo;un des pr\u00e9avis de gr\u00e8ve ne fonctionne pas suivant la r\u00e8gle des \u00ab\u00a02 jours sur 5\u00a0\u00bb et parce qu&rsquo;apr\u00e8s 2 jours de perturbations importantes, il faut tout remettre en [&hellip;]<\/p>\n","protected":false},"author":1,"featured_media":4246,"comment_status":"open","ping_status":"open","sticky":false,"template":"page-templates\/no-sidebar.php","format":"standard","meta":{"ngg_post_thumbnail":0,"jetpack_post_was_ever_published":false},"categories":[12],"tags":[20],"jetpack_featured_media_url":"https:\/\/i0.wp.com\/www.horizonemployeur.fr\/wordpress\/wp-content\/uploads\/2018\/04\/Affichage-trains-Gare-de-Lyon.jpg?fit=1857%2C744&ssl=1","jetpack_sharing_enabled":true,"jetpack_shortlink":"https:\/\/wp.me\/p7AoJR-17j","jetpack-related-posts":[{"id":4367,"url":"https:\/\/www.horizonemployeur.fr\/wordpress\/2018\/04\/16\/trafic-17-04-2018\/","url_meta":{"origin":4297,"position":0},"title":"Mardi 17 avril 2018: pr\u00e9visions de trafic SNCF","date":"16 avril 2018","format":false,"excerpt":"Mardi 17 avril, 3e jour blanc avec de faibles perturbations. La situation devrait comme lundi 16 \u00eatre relativement calme quant aux perturbations de trafic (toutes les lignes assur\u00e9es au moins avec 2 trains sur 3), avec quelques am\u00e9liorations ici ou l\u00e0. (mise \u00e0 jour lundi 16 avril 22h05) Les pr\u00e9visions\u2026","rel":"","context":"Dans &quot;Transports en Commun&quot;","img":{"alt_text":"","src":"https:\/\/i0.wp.com\/www.horizonemployeur.fr\/wordpress\/wp-content\/uploads\/2018\/04\/P1030768_800modif.jpg?fit=800%2C600&ssl=1&resize=350%2C200","width":350,"height":200},"classes":[]},{"id":4235,"url":"https:\/\/www.horizonemployeur.fr\/wordpress\/2018\/04\/04\/trafic-05-04-2018\/","url_meta":{"origin":4297,"position":1},"title":"Jeudi 5 avril 2018: pr\u00e9visions de trafic SNCF","date":"4 avril 2018","format":false,"excerpt":"Jeudi 5 avril 2018, nous avons pass\u00e9 les 2 premiers jours de gr\u00e8ve sur les 36 pr\u00e9vus, mais: une organisation syndicale est sur la base d'un mouvement reconductible toutes les 24 heures, donc ind\u00e9pendant de la r\u00e8gle des \"2 jours sur 5\" certaines perturbations seront de toute fa\u00e7on \u00e0 pr\u00e9voir\u2026","rel":"","context":"Dans &quot;Transports en Commun&quot;","img":{"alt_text":"","src":"https:\/\/i0.wp.com\/www.horizonemployeur.fr\/wordpress\/wp-content\/uploads\/2018\/04\/Affichage-trains-Gare-de-Lyon.jpg?fit=1200%2C481&ssl=1&resize=350%2C200","width":350,"height":200},"classes":[]},{"id":4418,"url":"https:\/\/www.horizonemployeur.fr\/wordpress\/2018\/04\/19\/trafic-20-04-2018\/","url_meta":{"origin":4297,"position":2},"title":"Vendredi 20 avril 2018: pr\u00e9visions de trafic SNCF","date":"19 avril 2018","format":false,"excerpt":"Vendredi 20 avril, la fin de la 4e s\u00e9quence de jours rouges touche \u00e0 sa fin \u00e0 8h00. Le reste de la semaine devrait correspondre \u00e0 3 jours blancs, avec de faibles perturbations. Le d\u00e9but de la semaine prochaine devrait co\u00efncider avec le retour des fortes difficult\u00e9s, lundi 23 et\u2026","rel":"","context":"Dans &quot;Transports en Commun&quot;","img":{"alt_text":"","src":"https:\/\/i0.wp.com\/www.horizonemployeur.fr\/wordpress\/wp-content\/uploads\/2018\/04\/P1220066_700x500d.jpg?fit=700%2C500&ssl=1&resize=350%2C200","width":350,"height":200},"classes":[]},{"id":4444,"url":"https:\/\/www.horizonemployeur.fr\/wordpress\/2018\/04\/22\/trafic-23-04-2018\/","url_meta":{"origin":4297,"position":3},"title":"Lundi 23 avril 2018: pr\u00e9visions de trafic SNCF","date":"22 avril 2018","format":false,"excerpt":"Le d\u00e9but de cette semaine est marqu\u00e9 par de fortes perturbations lundi 23 et mardi 24 avril, c'est en effet le 5e groupe de 2 jours de gr\u00e8ve \"2 jours sur 5\". Le 6e groupe devrait co\u00efncider avec le week-end samedi 28 et dimanche 29 avril. (mise \u00e0 jour dimanche\u2026","rel":"","context":"Dans &quot;Transports en Commun&quot;","img":{"alt_text":"","src":"https:\/\/i0.wp.com\/www.horizonemployeur.fr\/wordpress\/wp-content\/uploads\/2018\/04\/P1180203_700x500d.jpg?fit=700%2C500&ssl=1&resize=350%2C200","width":350,"height":200},"classes":[]},{"id":4357,"url":"https:\/\/www.horizonemployeur.fr\/wordpress\/2018\/04\/15\/trafic-16-04-2018\/","url_meta":{"origin":4297,"position":4},"title":"Lundi 16 avril 2018: pr\u00e9visions de trafic SNCF","date":"15 avril 2018","format":false,"excerpt":"Lundi 16 avril, jour blanc avec de faibles perturbations. Cela fait 2 semaines que le mouvement social \"2 jours sur 5\" a commenc\u00e9. C'est aussi le d\u00e9but des vacances scolaires de printemps pour l'\u00cele-de-France: les fr\u00e9quences des m\u00e9tros, tramways et d'un certain nombre de lignes de bus sont plus faibles\u2026","rel":"","context":"Dans &quot;Transports en Commun&quot;","img":{"alt_text":"","src":"https:\/\/i0.wp.com\/www.horizonemployeur.fr\/wordpress\/wp-content\/uploads\/2018\/04\/P1030768_800modif.jpg?fit=800%2C600&ssl=1&resize=350%2C200","width":350,"height":200},"classes":[]},{"id":4447,"url":"https:\/\/www.horizonemployeur.fr\/wordpress\/2018\/04\/23\/trafic-24-04-2018\/","url_meta":{"origin":4297,"position":5},"title":"Mardi 24 avril 2018: pr\u00e9visions de trafic SNCF","date":"23 avril 2018","format":false,"excerpt":"Mardi 24 avril, 2e jour du 5e groupe de jours de gr\u00e8ve \"2 jours sur 5\". La situation est tr\u00e8s similaire \u00e0 celle du lundi 23 avril. (mise \u00e0 jour lundi 23 avril, 18h55) Les pr\u00e9visions de trafic pour les journ\u00e9es du mardi 24 avril\u00a0sont les suivantes: \u00a0 Ile-de-France RER\u2026","rel":"","context":"Dans &quot;Transports en Commun&quot;","img":{"alt_text":"","src":"https:\/\/i0.wp.com\/www.horizonemployeur.fr\/wordpress\/wp-content\/uploads\/2018\/04\/P1180016_700x500d.jpg?fit=700%2C500&ssl=1&resize=350%2C200","width":350,"height":200},"classes":[]}],"_links":{"self":[{"href":"https:\/\/www.horizonemployeur.fr\/wordpress\/wp-json\/wp\/v2\/posts\/4297"}],"collection":[{"href":"https:\/\/www.horizonemployeur.fr\/wordpress\/wp-json\/wp\/v2\/posts"}],"about":[{"href":"https:\/\/www.horizonemployeur.fr\/wordpress\/wp-json\/wp\/v2\/types\/post"}],"author":[{"embeddable":true,"href":"https:\/\/www.horizonemployeur.fr\/wordpress\/wp-json\/wp\/v2\/users\/1"}],"replies":[{"embeddable":true,"href":"https:\/\/www.horizonemployeur.fr\/wordpress\/wp-json\/wp\/v2\/comments?post=4297"}],"version-history":[{"count":6,"href":"https:\/\/www.horizonemployeur.fr\/wordpress\/wp-json\/wp\/v2\/posts\/4297\/revisions"}],"predecessor-version":[{"id":4303,"href":"https:\/\/www.horizonemployeur.fr\/wordpress\/wp-json\/wp\/v2\/posts\/4297\/revisions\/4303"}],"wp:featuredmedia":[{"embeddable":true,"href":"https:\/\/www.horizonemployeur.fr\/wordpress\/wp-json\/wp\/v2\/media\/4246"}],"wp:attachment":[{"href":"https:\/\/www.horizonemployeur.fr\/wordpress\/wp-json\/wp\/v2\/media?parent=4297"}],"wp:term":[{"taxonomy":"category","embeddable":true,"href":"https:\/\/www.horizonemployeur.fr\/wordpress\/wp-json\/wp\/v2\/categories?post=4297"},{"taxonomy":"post_tag","embeddable":true,"href":"https:\/\/www.horizonemployeur.fr\/wordpress\/wp-json\/wp\/v2\/tags?post=4297"}],"curies":[{"name":"wp","href":"https:\/\/api.w.org\/{rel}","templated":true}]}}