{"id":4278,"date":"2018-04-07T22:12:56","date_gmt":"2018-04-07T20:12:56","guid":{"rendered":"http:\/\/www.horizonemployeur.fr\/wordpress\/?p=4278"},"modified":"2018-04-09T06:39:52","modified_gmt":"2018-04-09T04:39:52","slug":"trafic-09-04-2018","status":"publish","type":"post","link":"https:\/\/www.horizonemployeur.fr\/wordpress\/2018\/04\/07\/trafic-09-04-2018\/","title":{"rendered":"Lundi 9 avril 2018: pr\u00e9visions de trafic SNCF"},"content":{"rendered":"<p>Cette semaine, on aura 3 jours \u00ab\u00a0rouges\u00a0\u00bb, lundi 9, vendredi 13 et samedi 14. Apr\u00e8s la journ\u00e9e du dimanche 8, ce lundi 9 est la 2e journ\u00e9e de la 2e p\u00e9riode&#8230;<\/p>\n<p><!--more--><\/p>\n<p>(mise \u00e0 jour lundi 9 avril 6h30)<\/p>\n<p>Les pr\u00e9visions de trafic pour la journ\u00e9e du <strong>lundi 9 avril&nbsp;<\/strong>sont les suivantes:<\/p>\n<h1>Ile-de-France<\/h1>\n<h2>RER et Transilien<\/h2>\n<table style=\"width: 100%;\">\n<tbody>\n<tr style=\"height: 24px;\">\n<td style=\"text-align: center; width: 5%; height: 24px;\"><strong>Ligne<\/strong><\/td>\n<td style=\"text-align: center; width: 42.2236%; height: 24px;\"><b>Description g\u00e9n\u00e9rale<\/b><\/td>\n<td style=\"text-align: center; width: 47.7764%; height: 24px;\"><b>Horaires d\u00e9taill\u00e9s<\/b><\/td>\n<\/tr>\n<tr style=\"height: 9px;\">\n<td style=\"text-align: center; width: 5%; height: 9px;\"><img data-attachment-id=\"3223\" data-permalink=\"https:\/\/www.horizonemployeur.fr\/wordpress\/2017\/06\/14\/travaux-ete-2017\/picto_a\/\" data-orig-file=\"https:\/\/i0.wp.com\/www.horizonemployeur.fr\/wordpress\/wp-content\/uploads\/2017\/06\/picto_a.png?fit=146%2C146&amp;ssl=1\" data-orig-size=\"146,146\" data-comments-opened=\"1\" data-image-meta=\"{&quot;aperture&quot;:&quot;0&quot;,&quot;credit&quot;:&quot;&quot;,&quot;camera&quot;:&quot;&quot;,&quot;caption&quot;:&quot;&quot;,&quot;created_timestamp&quot;:&quot;0&quot;,&quot;copyright&quot;:&quot;&quot;,&quot;focal_length&quot;:&quot;0&quot;,&quot;iso&quot;:&quot;0&quot;,&quot;shutter_speed&quot;:&quot;0&quot;,&quot;title&quot;:&quot;&quot;,&quot;orientation&quot;:&quot;0&quot;}\" data-image-title=\"picto_a\" data-image-description=\"\" data-image-caption=\"\" data-medium-file=\"https:\/\/i0.wp.com\/www.horizonemployeur.fr\/wordpress\/wp-content\/uploads\/2017\/06\/picto_a.png?fit=146%2C146&amp;ssl=1\" data-large-file=\"https:\/\/i0.wp.com\/www.horizonemployeur.fr\/wordpress\/wp-content\/uploads\/2017\/06\/picto_a.png?fit=146%2C146&amp;ssl=1\" decoding=\"async\" loading=\"lazy\" class=\"alignnone wp-image-3223\" src=\"https:\/\/i0.wp.com\/www.horizonemployeur.fr\/wordpress\/wp-content\/uploads\/2017\/06\/picto_a.png?resize=40%2C40\" alt=\"\" width=\"40\" height=\"40\" srcset=\"https:\/\/i0.wp.com\/www.horizonemployeur.fr\/wordpress\/wp-content\/uploads\/2017\/06\/picto_a.png?w=146&amp;ssl=1 146w, https:\/\/i0.wp.com\/www.horizonemployeur.fr\/wordpress\/wp-content\/uploads\/2017\/06\/picto_a.png?resize=96%2C96&amp;ssl=1 96w\" sizes=\"(max-width: 40px) 100vw, 40px\" data-recalc-dims=\"1\" \/><\/td>\n<td style=\"width: 42.2236%; height: 9px;\"><strong>Trafic normal<br \/>\nsauf La D\u00e9fense &lt;&gt; Cergy \/ Poissy<\/strong><\/td>\n<td style=\"text-align: center; width: 47.7764%; height: 9px;\">\n<ul>\n<li style=\"text-align: left;\"><a href=\"http:\/\/documents.transilien.com\/1521625603294.pdf\">St-Germain \/ Cergy \/ Poissy &gt; Boissy \/ Marne-la-Vall\u00e9e<\/a><\/li>\n<li style=\"text-align: left;\"><a href=\"http:\/\/documents.transilien.com\/1521625603293.pdf\">Boissy \/ Marne-la-Vall\u00e9e &gt; St-Germain \/ Cergy \/ Poissy<\/a><\/li>\n<\/ul>\n<\/td>\n<\/tr>\n<tr style=\"height: 5px;\">\n<td style=\"text-align: center; width: 5%; height: 5px;\"><img data-attachment-id=\"3224\" data-permalink=\"https:\/\/www.horizonemployeur.fr\/wordpress\/2017\/06\/14\/travaux-ete-2017\/picto_b\/\" data-orig-file=\"https:\/\/i0.wp.com\/www.horizonemployeur.fr\/wordpress\/wp-content\/uploads\/2017\/06\/picto_b.png?fit=146%2C146&amp;ssl=1\" data-orig-size=\"146,146\" data-comments-opened=\"1\" data-image-meta=\"{&quot;aperture&quot;:&quot;0&quot;,&quot;credit&quot;:&quot;&quot;,&quot;camera&quot;:&quot;&quot;,&quot;caption&quot;:&quot;&quot;,&quot;created_timestamp&quot;:&quot;0&quot;,&quot;copyright&quot;:&quot;&quot;,&quot;focal_length&quot;:&quot;0&quot;,&quot;iso&quot;:&quot;0&quot;,&quot;shutter_speed&quot;:&quot;0&quot;,&quot;title&quot;:&quot;&quot;,&quot;orientation&quot;:&quot;0&quot;}\" data-image-title=\"picto_b\" data-image-description=\"\" data-image-caption=\"\" data-medium-file=\"https:\/\/i0.wp.com\/www.horizonemployeur.fr\/wordpress\/wp-content\/uploads\/2017\/06\/picto_b.png?fit=146%2C146&amp;ssl=1\" data-large-file=\"https:\/\/i0.wp.com\/www.horizonemployeur.fr\/wordpress\/wp-content\/uploads\/2017\/06\/picto_b.png?fit=146%2C146&amp;ssl=1\" decoding=\"async\" loading=\"lazy\" class=\"alignnone wp-image-3224\" src=\"https:\/\/i0.wp.com\/www.horizonemployeur.fr\/wordpress\/wp-content\/uploads\/2017\/06\/picto_b.png?resize=40%2C40\" alt=\"\" width=\"40\" height=\"40\" srcset=\"https:\/\/i0.wp.com\/www.horizonemployeur.fr\/wordpress\/wp-content\/uploads\/2017\/06\/picto_b.png?w=146&amp;ssl=1 146w, https:\/\/i0.wp.com\/www.horizonemployeur.fr\/wordpress\/wp-content\/uploads\/2017\/06\/picto_b.png?resize=96%2C96&amp;ssl=1 96w\" sizes=\"(max-width: 40px) 100vw, 40px\" data-recalc-dims=\"1\" \/><em><strong>nord<\/strong><\/em><\/td>\n<td style=\"width: 42.2236%; height: 5px;\"><strong>Au nord de Gare du Nord:<\/strong><br \/>\n<strong>1 train sur 3<\/strong><br \/>\n<em><span style=\"color: #ff0000;\">(changement de train et de niveau obligatoire \u00e0 Gare du Nord)<\/span><\/em><\/td>\n<td style=\"width: 47.7764%; text-align: left; height: 5px;\">\n<ul>\n<li><a href=\"http:\/\/documents.transilien.com\/1521625603327.pdf\" target=\"_blank\" rel=\"noopener\">Paris-Nord banlieue &gt; Roissy-CDG 2 \/ Mitry<\/a><\/li>\n<li><a href=\"http:\/\/documents.transilien.com\/1521625603328.pdf\" target=\"_blank\" rel=\"noopener\">Roissy-CDG2 \/ Mitry &gt; Paris-Nord banlieue<\/a><\/li>\n<\/ul>\n<\/td>\n<\/tr>\n<tr style=\"height: 5px;\">\n<td style=\"text-align: center; width: 5%; height: 5px;\"><img data-attachment-id=\"3224\" data-permalink=\"https:\/\/www.horizonemployeur.fr\/wordpress\/2017\/06\/14\/travaux-ete-2017\/picto_b\/\" data-orig-file=\"https:\/\/i0.wp.com\/www.horizonemployeur.fr\/wordpress\/wp-content\/uploads\/2017\/06\/picto_b.png?fit=146%2C146&amp;ssl=1\" data-orig-size=\"146,146\" data-comments-opened=\"1\" data-image-meta=\"{&quot;aperture&quot;:&quot;0&quot;,&quot;credit&quot;:&quot;&quot;,&quot;camera&quot;:&quot;&quot;,&quot;caption&quot;:&quot;&quot;,&quot;created_timestamp&quot;:&quot;0&quot;,&quot;copyright&quot;:&quot;&quot;,&quot;focal_length&quot;:&quot;0&quot;,&quot;iso&quot;:&quot;0&quot;,&quot;shutter_speed&quot;:&quot;0&quot;,&quot;title&quot;:&quot;&quot;,&quot;orientation&quot;:&quot;0&quot;}\" data-image-title=\"picto_b\" data-image-description=\"\" data-image-caption=\"\" data-medium-file=\"https:\/\/i0.wp.com\/www.horizonemployeur.fr\/wordpress\/wp-content\/uploads\/2017\/06\/picto_b.png?fit=146%2C146&amp;ssl=1\" data-large-file=\"https:\/\/i0.wp.com\/www.horizonemployeur.fr\/wordpress\/wp-content\/uploads\/2017\/06\/picto_b.png?fit=146%2C146&amp;ssl=1\" decoding=\"async\" loading=\"lazy\" class=\"alignnone wp-image-3224\" src=\"https:\/\/i0.wp.com\/www.horizonemployeur.fr\/wordpress\/wp-content\/uploads\/2017\/06\/picto_b.png?resize=40%2C40\" alt=\"\" width=\"40\" height=\"40\" srcset=\"https:\/\/i0.wp.com\/www.horizonemployeur.fr\/wordpress\/wp-content\/uploads\/2017\/06\/picto_b.png?w=146&amp;ssl=1 146w, https:\/\/i0.wp.com\/www.horizonemployeur.fr\/wordpress\/wp-content\/uploads\/2017\/06\/picto_b.png?resize=96%2C96&amp;ssl=1 96w\" sizes=\"(max-width: 40px) 100vw, 40px\" data-recalc-dims=\"1\" \/><br \/>\n<em><strong>sud<\/strong><\/em><\/td>\n<td style=\"width: 42.2236%; height: 5px;\"><strong>Au sud de Gare du Nord:<\/strong><br \/>\n<strong>2 trains sur 3 en heure de pointe<\/strong><br \/>\n<strong>trafic normal en heure creuse<br \/>\n<\/strong><em><span style=\"color: #ff0000;\">(changement de train et de niveau obligatoire \u00e0 Gare du Nord)<\/span><\/em><strong><br \/>\n<\/strong><\/td>\n<td style=\"width: 47.7764%; text-align: left; height: 5px;\">\n<ul>\n<li><a href=\"http:\/\/documents.transilien.com\/1521625603329.pdf\" target=\"_blank\" rel=\"noopener\">Paris-Nord RER &gt; St-R\u00e9my \/ Robinson<\/a><\/li>\n<li><a style=\"font-family: inherit; font-size: inherit;\" href=\"http:\/\/documents.transilien.com\/1521625603330.pdf\" target=\"_blank\" rel=\"noopener\">St-R\u00e9my \/ Robinson &gt; Paris-Nord RER<\/a><\/li>\n<\/ul>\n<\/td>\n<\/tr>\n<tr style=\"height: 47px;\">\n<td style=\"text-align: center; width: 5%; height: 47px;\"><img data-attachment-id=\"3225\" data-permalink=\"https:\/\/www.horizonemployeur.fr\/wordpress\/2017\/06\/14\/travaux-ete-2017\/picto_c\/\" data-orig-file=\"https:\/\/i0.wp.com\/www.horizonemployeur.fr\/wordpress\/wp-content\/uploads\/2017\/06\/picto_c.png?fit=146%2C146&amp;ssl=1\" data-orig-size=\"146,146\" data-comments-opened=\"1\" data-image-meta=\"{&quot;aperture&quot;:&quot;0&quot;,&quot;credit&quot;:&quot;&quot;,&quot;camera&quot;:&quot;&quot;,&quot;caption&quot;:&quot;&quot;,&quot;created_timestamp&quot;:&quot;0&quot;,&quot;copyright&quot;:&quot;&quot;,&quot;focal_length&quot;:&quot;0&quot;,&quot;iso&quot;:&quot;0&quot;,&quot;shutter_speed&quot;:&quot;0&quot;,&quot;title&quot;:&quot;&quot;,&quot;orientation&quot;:&quot;0&quot;}\" data-image-title=\"picto_c\" data-image-description=\"\" data-image-caption=\"\" data-medium-file=\"https:\/\/i0.wp.com\/www.horizonemployeur.fr\/wordpress\/wp-content\/uploads\/2017\/06\/picto_c.png?fit=146%2C146&amp;ssl=1\" data-large-file=\"https:\/\/i0.wp.com\/www.horizonemployeur.fr\/wordpress\/wp-content\/uploads\/2017\/06\/picto_c.png?fit=146%2C146&amp;ssl=1\" decoding=\"async\" loading=\"lazy\" class=\"alignnone wp-image-3225\" src=\"https:\/\/i0.wp.com\/www.horizonemployeur.fr\/wordpress\/wp-content\/uploads\/2017\/06\/picto_c.png?resize=40%2C40\" alt=\"\" width=\"40\" height=\"40\" srcset=\"https:\/\/i0.wp.com\/www.horizonemployeur.fr\/wordpress\/wp-content\/uploads\/2017\/06\/picto_c.png?w=146&amp;ssl=1 146w, https:\/\/i0.wp.com\/www.horizonemployeur.fr\/wordpress\/wp-content\/uploads\/2017\/06\/picto_c.png?resize=96%2C96&amp;ssl=1 96w\" sizes=\"(max-width: 40px) 100vw, 40px\" data-recalc-dims=\"1\" \/><br \/>\n<em><strong>nord<\/strong><\/em><\/td>\n<td style=\"width: 42.2236%; height: 47px;\"><strong>Trafic <span style=\"text-decoration: underline;\">NUL<\/span> sur Pontoise &lt;&gt; Invalides &lt;&gt; Austerlitz<\/strong><\/td>\n<td style=\"width: 47.7764%; text-align: left; height: 47px;\">&nbsp;<\/td>\n<\/tr>\n<tr style=\"height: 47px;\">\n<td style=\"text-align: center; width: 5%; height: 47px;\"><img data-attachment-id=\"3225\" data-permalink=\"https:\/\/www.horizonemployeur.fr\/wordpress\/2017\/06\/14\/travaux-ete-2017\/picto_c\/\" data-orig-file=\"https:\/\/i0.wp.com\/www.horizonemployeur.fr\/wordpress\/wp-content\/uploads\/2017\/06\/picto_c.png?fit=146%2C146&amp;ssl=1\" data-orig-size=\"146,146\" data-comments-opened=\"1\" data-image-meta=\"{&quot;aperture&quot;:&quot;0&quot;,&quot;credit&quot;:&quot;&quot;,&quot;camera&quot;:&quot;&quot;,&quot;caption&quot;:&quot;&quot;,&quot;created_timestamp&quot;:&quot;0&quot;,&quot;copyright&quot;:&quot;&quot;,&quot;focal_length&quot;:&quot;0&quot;,&quot;iso&quot;:&quot;0&quot;,&quot;shutter_speed&quot;:&quot;0&quot;,&quot;title&quot;:&quot;&quot;,&quot;orientation&quot;:&quot;0&quot;}\" data-image-title=\"picto_c\" data-image-description=\"\" data-image-caption=\"\" data-medium-file=\"https:\/\/i0.wp.com\/www.horizonemployeur.fr\/wordpress\/wp-content\/uploads\/2017\/06\/picto_c.png?fit=146%2C146&amp;ssl=1\" data-large-file=\"https:\/\/i0.wp.com\/www.horizonemployeur.fr\/wordpress\/wp-content\/uploads\/2017\/06\/picto_c.png?fit=146%2C146&amp;ssl=1\" decoding=\"async\" loading=\"lazy\" class=\"alignnone wp-image-3225\" src=\"https:\/\/i0.wp.com\/www.horizonemployeur.fr\/wordpress\/wp-content\/uploads\/2017\/06\/picto_c.png?resize=40%2C40\" alt=\"\" width=\"40\" height=\"40\" srcset=\"https:\/\/i0.wp.com\/www.horizonemployeur.fr\/wordpress\/wp-content\/uploads\/2017\/06\/picto_c.png?w=146&amp;ssl=1 146w, https:\/\/i0.wp.com\/www.horizonemployeur.fr\/wordpress\/wp-content\/uploads\/2017\/06\/picto_c.png?resize=96%2C96&amp;ssl=1 96w\" sizes=\"(max-width: 40px) 100vw, 40px\" data-recalc-dims=\"1\" \/><br \/>\n<em><strong>ouest<\/strong><\/em><\/td>\n<td style=\"width: 42.2236%; height: 47px;\"><strong>Trafic <span style=\"text-decoration: underline;\">NUL<\/span> sur Versailles-Ch\u00e2teau-RG \/ St-Quentin-en-Yvelines &lt;&gt; Invalides &lt;&gt; Austerlitz<\/strong><\/td>\n<td style=\"width: 47.7764%; text-align: left; height: 47px;\">&nbsp;<\/td>\n<\/tr>\n<tr style=\"height: 47px;\">\n<td style=\"text-align: center; width: 5%; height: 47px;\"><img data-attachment-id=\"3225\" data-permalink=\"https:\/\/www.horizonemployeur.fr\/wordpress\/2017\/06\/14\/travaux-ete-2017\/picto_c\/\" data-orig-file=\"https:\/\/i0.wp.com\/www.horizonemployeur.fr\/wordpress\/wp-content\/uploads\/2017\/06\/picto_c.png?fit=146%2C146&amp;ssl=1\" data-orig-size=\"146,146\" data-comments-opened=\"1\" data-image-meta=\"{&quot;aperture&quot;:&quot;0&quot;,&quot;credit&quot;:&quot;&quot;,&quot;camera&quot;:&quot;&quot;,&quot;caption&quot;:&quot;&quot;,&quot;created_timestamp&quot;:&quot;0&quot;,&quot;copyright&quot;:&quot;&quot;,&quot;focal_length&quot;:&quot;0&quot;,&quot;iso&quot;:&quot;0&quot;,&quot;shutter_speed&quot;:&quot;0&quot;,&quot;title&quot;:&quot;&quot;,&quot;orientation&quot;:&quot;0&quot;}\" data-image-title=\"picto_c\" data-image-description=\"\" data-image-caption=\"\" data-medium-file=\"https:\/\/i0.wp.com\/www.horizonemployeur.fr\/wordpress\/wp-content\/uploads\/2017\/06\/picto_c.png?fit=146%2C146&amp;ssl=1\" data-large-file=\"https:\/\/i0.wp.com\/www.horizonemployeur.fr\/wordpress\/wp-content\/uploads\/2017\/06\/picto_c.png?fit=146%2C146&amp;ssl=1\" decoding=\"async\" loading=\"lazy\" class=\"alignnone wp-image-3225\" src=\"https:\/\/i0.wp.com\/www.horizonemployeur.fr\/wordpress\/wp-content\/uploads\/2017\/06\/picto_c.png?resize=40%2C40\" alt=\"\" width=\"40\" height=\"40\" srcset=\"https:\/\/i0.wp.com\/www.horizonemployeur.fr\/wordpress\/wp-content\/uploads\/2017\/06\/picto_c.png?w=146&amp;ssl=1 146w, https:\/\/i0.wp.com\/www.horizonemployeur.fr\/wordpress\/wp-content\/uploads\/2017\/06\/picto_c.png?resize=96%2C96&amp;ssl=1 96w\" sizes=\"(max-width: 40px) 100vw, 40px\" data-recalc-dims=\"1\" \/><br \/>\n<em><strong>sud<\/strong><\/em><\/td>\n<td style=\"width: 42.2236%; height: 47px;\"><strong>1 train toutes les 30 minutes matin et soir<\/strong> sur:<\/p>\n<ul>\n<li>Austerlitz &lt;&gt; Br\u00e9tigny &lt;&gt; Dourdan<\/li>\n<li>Austerlitz &lt;&gt; Br\u00e9tigny &lt;&gt; St-Martin-d&rsquo;Etampes<\/li>\n<li>Austerlitz &lt;&gt; Pt de Rungis &lt;&gt; Massy-Palaiseau<\/li>\n<li>Austerlitz &lt;&gt; Juvisy<\/li>\n<\/ul>\n<p><em><span style=\"color: #ff0000;\">Les d\u00e9parts \/ arriv\u00e9es \u00e0 Austerlitz sont:<\/span><\/em><\/p>\n<ul>\n<li><em><span style=\"color: #ff0000;\">en gare souterraine pour les trains Dourdan et Etampes<\/span><\/em><\/li>\n<li><em><span style=\"color: #ff0000;\">en gare de surface pour les trains Massy et Juvisy<\/span><\/em><\/li>\n<\/ul>\n<p><strong>Trafic <span style=\"text-decoration: underline;\">NUL<\/span> sur<\/strong><\/p>\n<ul>\n<li>(Juvisy &lt;&gt;) Savigny &lt;&gt; Massy-Palaiseau &lt;&gt; Versailles-Chantiers<strong><br \/>\n<span style=\"color: #339966;\">(&gt;&gt;&gt; voir la rubrique Bus en bas de page)<\/span><\/strong><\/li>\n<\/ul>\n<\/td>\n<td style=\"width: 47.7764%; text-align: left; height: 47px;\">\n<ul>\n<li><a href=\"http:\/\/documents.transilien.com\/1521625603320.pdf\">Paris-Austerlitz &lt;&gt; Dourdan \/ Etampes \/ Pt de Rungis &lt;&gt; Massy-Palaiseau \/ Juvisy<\/a><\/li>\n<\/ul>\n<\/td>\n<\/tr>\n<tr style=\"height: 26px;\">\n<td style=\"text-align: center; width: 5%; height: 26px;\"><img data-attachment-id=\"3226\" data-permalink=\"https:\/\/www.horizonemployeur.fr\/wordpress\/2017\/06\/14\/travaux-ete-2017\/picto_d\/\" data-orig-file=\"https:\/\/i0.wp.com\/www.horizonemployeur.fr\/wordpress\/wp-content\/uploads\/2017\/06\/picto_d.png?fit=146%2C146&amp;ssl=1\" data-orig-size=\"146,146\" data-comments-opened=\"1\" data-image-meta=\"{&quot;aperture&quot;:&quot;0&quot;,&quot;credit&quot;:&quot;&quot;,&quot;camera&quot;:&quot;&quot;,&quot;caption&quot;:&quot;&quot;,&quot;created_timestamp&quot;:&quot;0&quot;,&quot;copyright&quot;:&quot;&quot;,&quot;focal_length&quot;:&quot;0&quot;,&quot;iso&quot;:&quot;0&quot;,&quot;shutter_speed&quot;:&quot;0&quot;,&quot;title&quot;:&quot;&quot;,&quot;orientation&quot;:&quot;0&quot;}\" data-image-title=\"picto_d\" data-image-description=\"\" data-image-caption=\"\" data-medium-file=\"https:\/\/i0.wp.com\/www.horizonemployeur.fr\/wordpress\/wp-content\/uploads\/2017\/06\/picto_d.png?fit=146%2C146&amp;ssl=1\" data-large-file=\"https:\/\/i0.wp.com\/www.horizonemployeur.fr\/wordpress\/wp-content\/uploads\/2017\/06\/picto_d.png?fit=146%2C146&amp;ssl=1\" decoding=\"async\" loading=\"lazy\" class=\"alignnone wp-image-3226\" src=\"https:\/\/i0.wp.com\/www.horizonemployeur.fr\/wordpress\/wp-content\/uploads\/2017\/06\/picto_d.png?resize=40%2C40\" alt=\"\" width=\"40\" height=\"40\" srcset=\"https:\/\/i0.wp.com\/www.horizonemployeur.fr\/wordpress\/wp-content\/uploads\/2017\/06\/picto_d.png?w=146&amp;ssl=1 146w, https:\/\/i0.wp.com\/www.horizonemployeur.fr\/wordpress\/wp-content\/uploads\/2017\/06\/picto_d.png?resize=96%2C96&amp;ssl=1 96w\" sizes=\"(max-width: 40px) 100vw, 40px\" data-recalc-dims=\"1\" \/><br \/>\n<b><i>nord<\/i><\/b><\/td>\n<td><strong>5 trains par heure sur<\/strong><\/p>\n<ul>\n<li>Paris-Nord &lt;&gt; Villiers<\/li>\n<\/ul>\n<p><strong>2 trains par heure sur<\/strong><\/p>\n<ul>\n<li>Paris-Nord &lt;&gt; Orry<\/li>\n<\/ul>\n<p><strong>Trafic <span style=\"text-decoration: underline;\">NUL<\/span> sur<\/strong><\/p>\n<ul>\n<li>(RER D) Orry &lt;&gt; Creil<\/li>\n<li>Paris-Nord &lt;&gt; Paris-Gare de Lyon<\/li>\n<\/ul>\n<\/td>\n<td style=\"width: 47.7764%; text-align: left; height: 26px;\">\n<ul>\n<li><a href=\"http:\/\/documents.transilien.com\/1521625603322.pdf\" target=\"_blank\" rel=\"noopener\">Paris-Nord &lt;&gt; Villiers &lt;&gt; Orry<\/a><\/li>\n<\/ul>\n<\/td>\n<\/tr>\n<tr style=\"height: 26px;\">\n<td style=\"text-align: center; width: 5%; height: 26px;\"><img data-attachment-id=\"3226\" data-permalink=\"https:\/\/www.horizonemployeur.fr\/wordpress\/2017\/06\/14\/travaux-ete-2017\/picto_d\/\" data-orig-file=\"https:\/\/i0.wp.com\/www.horizonemployeur.fr\/wordpress\/wp-content\/uploads\/2017\/06\/picto_d.png?fit=146%2C146&amp;ssl=1\" data-orig-size=\"146,146\" data-comments-opened=\"1\" data-image-meta=\"{&quot;aperture&quot;:&quot;0&quot;,&quot;credit&quot;:&quot;&quot;,&quot;camera&quot;:&quot;&quot;,&quot;caption&quot;:&quot;&quot;,&quot;created_timestamp&quot;:&quot;0&quot;,&quot;copyright&quot;:&quot;&quot;,&quot;focal_length&quot;:&quot;0&quot;,&quot;iso&quot;:&quot;0&quot;,&quot;shutter_speed&quot;:&quot;0&quot;,&quot;title&quot;:&quot;&quot;,&quot;orientation&quot;:&quot;0&quot;}\" data-image-title=\"picto_d\" data-image-description=\"\" data-image-caption=\"\" data-medium-file=\"https:\/\/i0.wp.com\/www.horizonemployeur.fr\/wordpress\/wp-content\/uploads\/2017\/06\/picto_d.png?fit=146%2C146&amp;ssl=1\" data-large-file=\"https:\/\/i0.wp.com\/www.horizonemployeur.fr\/wordpress\/wp-content\/uploads\/2017\/06\/picto_d.png?fit=146%2C146&amp;ssl=1\" decoding=\"async\" loading=\"lazy\" class=\"alignnone wp-image-3226\" src=\"https:\/\/i0.wp.com\/www.horizonemployeur.fr\/wordpress\/wp-content\/uploads\/2017\/06\/picto_d.png?resize=40%2C40\" alt=\"\" width=\"40\" height=\"40\" srcset=\"https:\/\/i0.wp.com\/www.horizonemployeur.fr\/wordpress\/wp-content\/uploads\/2017\/06\/picto_d.png?w=146&amp;ssl=1 146w, https:\/\/i0.wp.com\/www.horizonemployeur.fr\/wordpress\/wp-content\/uploads\/2017\/06\/picto_d.png?resize=96%2C96&amp;ssl=1 96w\" sizes=\"(max-width: 40px) 100vw, 40px\" data-recalc-dims=\"1\" \/><br \/>\n<em><strong>sud<\/strong><\/em><\/td>\n<td><strong>1 train toutes les 30 minutes (pointes), toutes les heures (journ\u00e9e) sur <\/strong><\/p>\n<ul>\n<li>Paris-Gare de Lyon &lt;&gt; Melun<\/li>\n<li>Paris-Gare de Lyon &lt;&gt; Evry-Courcouronnes &lt;&gt; Corbeil<\/li>\n<\/ul>\n<p><strong>Trafic <span style=\"text-decoration: underline;\">NUL<\/span> sur<\/strong><\/p>\n<ul>\n<li>Paris-Nord &lt;&gt; Paris-Gare de Lyon<\/li>\n<li>Juvisy &lt;&gt; Ris-Orangis &lt;&gt; Corbeil<\/li>\n<li>Corbeil &lt;&gt; Malesherbes<\/li>\n<li>Corbeil &lt;&gt; Melun<\/li>\n<\/ul>\n<\/td>\n<td style=\"width: 47.7764%; text-align: left; height: 26px;\">\n<ul>\n<li><a href=\"http:\/\/documents.transilien.com\/1521625603323.pdf\" target=\"_blank\" rel=\"noopener\">Paris-Gare de Lyon &lt;&gt; Melun \/ Evry-Courcouronnes &lt;&gt; Corbeil<\/a><\/li>\n<\/ul>\n<\/td>\n<\/tr>\n<tr style=\"height: 48px;\">\n<td style=\"text-align: center; width: 5%; height: 48px;\"><img data-attachment-id=\"3227\" data-permalink=\"https:\/\/www.horizonemployeur.fr\/wordpress\/2017\/06\/14\/travaux-ete-2017\/picto_e\/\" data-orig-file=\"https:\/\/i0.wp.com\/www.horizonemployeur.fr\/wordpress\/wp-content\/uploads\/2017\/06\/picto_e.png?fit=146%2C146&amp;ssl=1\" data-orig-size=\"146,146\" data-comments-opened=\"1\" data-image-meta=\"{&quot;aperture&quot;:&quot;0&quot;,&quot;credit&quot;:&quot;&quot;,&quot;camera&quot;:&quot;&quot;,&quot;caption&quot;:&quot;&quot;,&quot;created_timestamp&quot;:&quot;0&quot;,&quot;copyright&quot;:&quot;&quot;,&quot;focal_length&quot;:&quot;0&quot;,&quot;iso&quot;:&quot;0&quot;,&quot;shutter_speed&quot;:&quot;0&quot;,&quot;title&quot;:&quot;&quot;,&quot;orientation&quot;:&quot;0&quot;}\" data-image-title=\"picto_e\" data-image-description=\"\" data-image-caption=\"\" data-medium-file=\"https:\/\/i0.wp.com\/www.horizonemployeur.fr\/wordpress\/wp-content\/uploads\/2017\/06\/picto_e.png?fit=146%2C146&amp;ssl=1\" data-large-file=\"https:\/\/i0.wp.com\/www.horizonemployeur.fr\/wordpress\/wp-content\/uploads\/2017\/06\/picto_e.png?fit=146%2C146&amp;ssl=1\" decoding=\"async\" loading=\"lazy\" class=\"alignnone wp-image-3227\" src=\"https:\/\/i0.wp.com\/www.horizonemployeur.fr\/wordpress\/wp-content\/uploads\/2017\/06\/picto_e.png?resize=40%2C40\" alt=\"\" width=\"40\" height=\"40\" srcset=\"https:\/\/i0.wp.com\/www.horizonemployeur.fr\/wordpress\/wp-content\/uploads\/2017\/06\/picto_e.png?w=146&amp;ssl=1 146w, https:\/\/i0.wp.com\/www.horizonemployeur.fr\/wordpress\/wp-content\/uploads\/2017\/06\/picto_e.png?resize=96%2C96&amp;ssl=1 96w\" sizes=\"(max-width: 40px) 100vw, 40px\" data-recalc-dims=\"1\" \/><\/td>\n<td style=\"width: 42.2236%; height: 48px;\"><strong>1 train sur 3 en moyenne<\/strong><\/td>\n<td style=\"width: 47.7764%; text-align: left; height: 48px;\">\n<ul>\n<li><a href=\"http:\/\/documents.transilien.com\/1521625603311.pdf\">Paris &lt;&gt;&nbsp;Chelles<\/a><\/li>\n<li><a href=\"http:\/\/documents.transilien.com\/1521625603312.pdf\">Paris &lt;&gt;&nbsp;Villiers&nbsp; &lt;&gt; Tournan<\/a><\/li>\n<\/ul>\n<\/td>\n<\/tr>\n<tr style=\"height: 47px;\">\n<td style=\"text-align: center; width: 5%; height: 47px;\"><img data-attachment-id=\"3232\" data-permalink=\"https:\/\/www.horizonemployeur.fr\/wordpress\/2017\/06\/14\/travaux-ete-2017\/picto_h\/\" data-orig-file=\"https:\/\/i0.wp.com\/www.horizonemployeur.fr\/wordpress\/wp-content\/uploads\/2017\/06\/picto_h.png?fit=146%2C146&amp;ssl=1\" data-orig-size=\"146,146\" data-comments-opened=\"1\" data-image-meta=\"{&quot;aperture&quot;:&quot;0&quot;,&quot;credit&quot;:&quot;&quot;,&quot;camera&quot;:&quot;&quot;,&quot;caption&quot;:&quot;&quot;,&quot;created_timestamp&quot;:&quot;0&quot;,&quot;copyright&quot;:&quot;&quot;,&quot;focal_length&quot;:&quot;0&quot;,&quot;iso&quot;:&quot;0&quot;,&quot;shutter_speed&quot;:&quot;0&quot;,&quot;title&quot;:&quot;&quot;,&quot;orientation&quot;:&quot;0&quot;}\" data-image-title=\"picto_h\" data-image-description=\"\" data-image-caption=\"\" data-medium-file=\"https:\/\/i0.wp.com\/www.horizonemployeur.fr\/wordpress\/wp-content\/uploads\/2017\/06\/picto_h.png?fit=146%2C146&amp;ssl=1\" data-large-file=\"https:\/\/i0.wp.com\/www.horizonemployeur.fr\/wordpress\/wp-content\/uploads\/2017\/06\/picto_h.png?fit=146%2C146&amp;ssl=1\" decoding=\"async\" loading=\"lazy\" class=\"alignnone wp-image-3232\" src=\"https:\/\/i0.wp.com\/www.horizonemployeur.fr\/wordpress\/wp-content\/uploads\/2017\/06\/picto_h.png?resize=40%2C40\" alt=\"\" width=\"40\" height=\"40\" srcset=\"https:\/\/i0.wp.com\/www.horizonemployeur.fr\/wordpress\/wp-content\/uploads\/2017\/06\/picto_h.png?w=146&amp;ssl=1 146w, https:\/\/i0.wp.com\/www.horizonemployeur.fr\/wordpress\/wp-content\/uploads\/2017\/06\/picto_h.png?resize=96%2C96&amp;ssl=1 96w\" sizes=\"(max-width: 40px) 100vw, 40px\" data-recalc-dims=\"1\" \/><\/td>\n<td style=\"width: 42.2236%; height: 47px;\"><strong>1 train sur 3 en moyenne<br \/>\nBus de remplacement sur Creil &lt;&gt; Pontoise<br \/>\n<\/strong><\/td>\n<td style=\"width: 47.7764%; text-align: left; height: 47px;\">\n<ul>\n<li><a href=\"http:\/\/documents.transilien.com\/1521625603316.pdf\" target=\"_blank\" rel=\"noopener\">Paris &lt;&gt; Montsoult &lt;&gt; Persan \/ Luzarches<\/a><\/li>\n<li><a href=\"http:\/\/documents.transilien.com\/1521625603315.pdf\" target=\"_blank\" rel=\"noopener\">Paris &lt;&gt; Ermont &lt;&gt; Pontoise \/ Valmondois &lt;&gt; Persan<\/a><\/li>\n<li><a href=\"http:\/\/documents.transilien.com\/1521625603317.pdf\" target=\"_blank\" rel=\"noopener\">Creil &lt;&gt; Persan &lt;&gt; Pontoise<\/a><\/li>\n<\/ul>\n<\/td>\n<\/tr>\n<tr style=\"height: 23px;\">\n<td style=\"text-align: center; width: 5%; height: 23px;\"><img data-attachment-id=\"3231\" data-permalink=\"https:\/\/www.horizonemployeur.fr\/wordpress\/2017\/06\/14\/travaux-ete-2017\/picto_j\/\" data-orig-file=\"https:\/\/i0.wp.com\/www.horizonemployeur.fr\/wordpress\/wp-content\/uploads\/2017\/06\/picto_j.png?fit=146%2C146&amp;ssl=1\" data-orig-size=\"146,146\" data-comments-opened=\"1\" data-image-meta=\"{&quot;aperture&quot;:&quot;0&quot;,&quot;credit&quot;:&quot;&quot;,&quot;camera&quot;:&quot;&quot;,&quot;caption&quot;:&quot;&quot;,&quot;created_timestamp&quot;:&quot;0&quot;,&quot;copyright&quot;:&quot;&quot;,&quot;focal_length&quot;:&quot;0&quot;,&quot;iso&quot;:&quot;0&quot;,&quot;shutter_speed&quot;:&quot;0&quot;,&quot;title&quot;:&quot;&quot;,&quot;orientation&quot;:&quot;0&quot;}\" data-image-title=\"picto_j\" data-image-description=\"\" data-image-caption=\"\" data-medium-file=\"https:\/\/i0.wp.com\/www.horizonemployeur.fr\/wordpress\/wp-content\/uploads\/2017\/06\/picto_j.png?fit=146%2C146&amp;ssl=1\" data-large-file=\"https:\/\/i0.wp.com\/www.horizonemployeur.fr\/wordpress\/wp-content\/uploads\/2017\/06\/picto_j.png?fit=146%2C146&amp;ssl=1\" decoding=\"async\" loading=\"lazy\" class=\"alignnone wp-image-3231\" src=\"https:\/\/i0.wp.com\/www.horizonemployeur.fr\/wordpress\/wp-content\/uploads\/2017\/06\/picto_j.png?resize=40%2C40\" alt=\"\" width=\"40\" height=\"40\" srcset=\"https:\/\/i0.wp.com\/www.horizonemployeur.fr\/wordpress\/wp-content\/uploads\/2017\/06\/picto_j.png?w=146&amp;ssl=1 146w, https:\/\/i0.wp.com\/www.horizonemployeur.fr\/wordpress\/wp-content\/uploads\/2017\/06\/picto_j.png?resize=96%2C96&amp;ssl=1 96w\" sizes=\"(max-width: 40px) 100vw, 40px\" data-recalc-dims=\"1\" \/><\/td>\n<td style=\"width: 42.2236%; height: 23px;\"><strong>1 train sur 3 en moyenne<\/strong><\/td>\n<td style=\"width: 47.7764%; text-align: left; height: 23px;\">\n<ul>\n<li><a href=\"http:\/\/documents.transilien.com\/1521625603305.pdf\" target=\"_blank\" rel=\"noopener\">Paris &lt;&gt; Ermont<\/a><\/li>\n<li><a href=\"http:\/\/documents.transilien.com\/1521625603306.pdf\" target=\"_blank\" rel=\"noopener\">Paris &lt;&gt; Poissy &lt;&gt; Mantes<\/a><\/li>\n<li><a href=\"http:\/\/documents.transilien.com\/1521625603310.pdf\" target=\"_blank\" rel=\"noopener\">Paris &lt;&gt; Conflans &lt; &gt; Mantes<\/a><\/li>\n<li><a href=\"http:\/\/documents.transilien.com\/1521625603307.pdf\" target=\"_blank\" rel=\"noopener\">Paris &lt;&gt; Gisors<\/a><\/li>\n<\/ul>\n<\/td>\n<\/tr>\n<tr style=\"height: 47px;\">\n<td style=\"text-align: center; width: 5%; height: 47px;\"><img data-attachment-id=\"3230\" data-permalink=\"https:\/\/www.horizonemployeur.fr\/wordpress\/2017\/06\/14\/travaux-ete-2017\/picto_k\/\" data-orig-file=\"https:\/\/i0.wp.com\/www.horizonemployeur.fr\/wordpress\/wp-content\/uploads\/2017\/06\/picto_k.png?fit=146%2C146&amp;ssl=1\" data-orig-size=\"146,146\" data-comments-opened=\"1\" data-image-meta=\"{&quot;aperture&quot;:&quot;0&quot;,&quot;credit&quot;:&quot;&quot;,&quot;camera&quot;:&quot;&quot;,&quot;caption&quot;:&quot;&quot;,&quot;created_timestamp&quot;:&quot;0&quot;,&quot;copyright&quot;:&quot;&quot;,&quot;focal_length&quot;:&quot;0&quot;,&quot;iso&quot;:&quot;0&quot;,&quot;shutter_speed&quot;:&quot;0&quot;,&quot;title&quot;:&quot;&quot;,&quot;orientation&quot;:&quot;0&quot;}\" data-image-title=\"picto_k\" data-image-description=\"\" data-image-caption=\"\" data-medium-file=\"https:\/\/i0.wp.com\/www.horizonemployeur.fr\/wordpress\/wp-content\/uploads\/2017\/06\/picto_k.png?fit=146%2C146&amp;ssl=1\" data-large-file=\"https:\/\/i0.wp.com\/www.horizonemployeur.fr\/wordpress\/wp-content\/uploads\/2017\/06\/picto_k.png?fit=146%2C146&amp;ssl=1\" decoding=\"async\" loading=\"lazy\" class=\"alignnone wp-image-3230\" src=\"https:\/\/i0.wp.com\/www.horizonemployeur.fr\/wordpress\/wp-content\/uploads\/2017\/06\/picto_k.png?resize=40%2C40\" alt=\"\" width=\"40\" height=\"40\" srcset=\"https:\/\/i0.wp.com\/www.horizonemployeur.fr\/wordpress\/wp-content\/uploads\/2017\/06\/picto_k.png?w=146&amp;ssl=1 146w, https:\/\/i0.wp.com\/www.horizonemployeur.fr\/wordpress\/wp-content\/uploads\/2017\/06\/picto_k.png?resize=96%2C96&amp;ssl=1 96w\" sizes=\"(max-width: 40px) 100vw, 40px\" data-recalc-dims=\"1\" \/><\/td>\n<td style=\"width: 42.2236%; height: 47px;\"><strong>1 train sur 3 en moyenne<\/strong><\/td>\n<td style=\"width: 47.7764%; text-align: left; height: 47px;\">\n<ul>\n<li><a href=\"http:\/\/documents.transilien.com\/1521625603318.pdf\" target=\"_blank\" rel=\"noopener\">Paris &lt;&gt; Mitry &lt;&gt; Cr\u00e9py<\/a><\/li>\n<\/ul>\n<\/td>\n<\/tr>\n<tr style=\"height: 18px;\">\n<td style=\"text-align: center; width: 5%; height: 18px;\"><em><strong><img data-attachment-id=\"3229\" data-permalink=\"https:\/\/www.horizonemployeur.fr\/wordpress\/2017\/06\/14\/travaux-ete-2017\/picto_l\/\" data-orig-file=\"https:\/\/i0.wp.com\/www.horizonemployeur.fr\/wordpress\/wp-content\/uploads\/2017\/06\/picto_l.png?fit=146%2C146&amp;ssl=1\" data-orig-size=\"146,146\" data-comments-opened=\"1\" data-image-meta=\"{&quot;aperture&quot;:&quot;0&quot;,&quot;credit&quot;:&quot;&quot;,&quot;camera&quot;:&quot;&quot;,&quot;caption&quot;:&quot;&quot;,&quot;created_timestamp&quot;:&quot;0&quot;,&quot;copyright&quot;:&quot;&quot;,&quot;focal_length&quot;:&quot;0&quot;,&quot;iso&quot;:&quot;0&quot;,&quot;shutter_speed&quot;:&quot;0&quot;,&quot;title&quot;:&quot;&quot;,&quot;orientation&quot;:&quot;0&quot;}\" data-image-title=\"picto_l\" data-image-description=\"\" data-image-caption=\"\" data-medium-file=\"https:\/\/i0.wp.com\/www.horizonemployeur.fr\/wordpress\/wp-content\/uploads\/2017\/06\/picto_l.png?fit=146%2C146&amp;ssl=1\" data-large-file=\"https:\/\/i0.wp.com\/www.horizonemployeur.fr\/wordpress\/wp-content\/uploads\/2017\/06\/picto_l.png?fit=146%2C146&amp;ssl=1\" decoding=\"async\" loading=\"lazy\" class=\"alignnone wp-image-3229\" src=\"https:\/\/i0.wp.com\/www.horizonemployeur.fr\/wordpress\/wp-content\/uploads\/2017\/06\/picto_l.png?resize=40%2C40\" alt=\"\" width=\"40\" height=\"40\" srcset=\"https:\/\/i0.wp.com\/www.horizonemployeur.fr\/wordpress\/wp-content\/uploads\/2017\/06\/picto_l.png?w=146&amp;ssl=1 146w, https:\/\/i0.wp.com\/www.horizonemployeur.fr\/wordpress\/wp-content\/uploads\/2017\/06\/picto_l.png?resize=96%2C96&amp;ssl=1 96w\" sizes=\"(max-width: 40px) 100vw, 40px\" data-recalc-dims=\"1\" \/>nord<\/strong><\/em><\/td>\n<td style=\"width: 42.2236%; height: 18px;\"><strong>1 train sur 3 en moyenne<\/strong><\/td>\n<td style=\"width: 47.7764%; text-align: left; height: 18px;\">\n<ul>\n<li><a href=\"http:\/\/documents.transilien.com\/1521625603324.pdf\">Paris &lt;&gt; Nanterre-U &lt;&gt; Cergy<\/a><\/li>\n<\/ul>\n<\/td>\n<\/tr>\n<tr style=\"height: 72px;\">\n<td style=\"text-align: center; width: 5%; height: 72px;\"><img data-attachment-id=\"3229\" data-permalink=\"https:\/\/www.horizonemployeur.fr\/wordpress\/2017\/06\/14\/travaux-ete-2017\/picto_l\/\" data-orig-file=\"https:\/\/i0.wp.com\/www.horizonemployeur.fr\/wordpress\/wp-content\/uploads\/2017\/06\/picto_l.png?fit=146%2C146&amp;ssl=1\" data-orig-size=\"146,146\" data-comments-opened=\"1\" data-image-meta=\"{&quot;aperture&quot;:&quot;0&quot;,&quot;credit&quot;:&quot;&quot;,&quot;camera&quot;:&quot;&quot;,&quot;caption&quot;:&quot;&quot;,&quot;created_timestamp&quot;:&quot;0&quot;,&quot;copyright&quot;:&quot;&quot;,&quot;focal_length&quot;:&quot;0&quot;,&quot;iso&quot;:&quot;0&quot;,&quot;shutter_speed&quot;:&quot;0&quot;,&quot;title&quot;:&quot;&quot;,&quot;orientation&quot;:&quot;0&quot;}\" data-image-title=\"picto_l\" data-image-description=\"\" data-image-caption=\"\" data-medium-file=\"https:\/\/i0.wp.com\/www.horizonemployeur.fr\/wordpress\/wp-content\/uploads\/2017\/06\/picto_l.png?fit=146%2C146&amp;ssl=1\" data-large-file=\"https:\/\/i0.wp.com\/www.horizonemployeur.fr\/wordpress\/wp-content\/uploads\/2017\/06\/picto_l.png?fit=146%2C146&amp;ssl=1\" decoding=\"async\" loading=\"lazy\" class=\"alignnone wp-image-3229\" src=\"https:\/\/i0.wp.com\/www.horizonemployeur.fr\/wordpress\/wp-content\/uploads\/2017\/06\/picto_l.png?resize=40%2C40\" alt=\"\" width=\"40\" height=\"40\" srcset=\"https:\/\/i0.wp.com\/www.horizonemployeur.fr\/wordpress\/wp-content\/uploads\/2017\/06\/picto_l.png?w=146&amp;ssl=1 146w, https:\/\/i0.wp.com\/www.horizonemployeur.fr\/wordpress\/wp-content\/uploads\/2017\/06\/picto_l.png?resize=96%2C96&amp;ssl=1 96w\" sizes=\"(max-width: 40px) 100vw, 40px\" data-recalc-dims=\"1\" \/><br \/>\n<em><strong>sud<\/strong><\/em><\/td>\n<td style=\"width: 42.2236%; height: 72px;\"><strong>1 train sur 3 en moyenne<br \/>\nBus de remplacement sur Noisy-St-Germain-GC<\/strong><\/td>\n<td style=\"width: 47.7764%; text-align: left; height: 72px;\">\n<ul>\n<li><a href=\"http:\/\/documents.transilien.com\/1521625603309.pdf\">Paris &lt;&gt; Versailles-RD<\/a><\/li>\n<li><a href=\"http:\/\/documents.transilien.com\/1521625603313.pdf\">Paris &lt;&gt; St-Nom la Bret\u00e8che<\/a><\/li>\n<li><a href=\"http:\/\/documents.transilien.com\/1521625603304.pdf\">Noisy le Roi &lt; &gt; Saint-Germain-GC<\/a><\/li>\n<\/ul>\n<\/td>\n<\/tr>\n<tr style=\"height: 48px;\">\n<td style=\"text-align: center; width: 5%; height: 48px;\"><img data-attachment-id=\"3228\" data-permalink=\"https:\/\/www.horizonemployeur.fr\/wordpress\/2017\/06\/14\/travaux-ete-2017\/picto_n\/\" data-orig-file=\"https:\/\/i0.wp.com\/www.horizonemployeur.fr\/wordpress\/wp-content\/uploads\/2017\/06\/picto_n.png?fit=146%2C146&amp;ssl=1\" data-orig-size=\"146,146\" data-comments-opened=\"1\" data-image-meta=\"{&quot;aperture&quot;:&quot;0&quot;,&quot;credit&quot;:&quot;&quot;,&quot;camera&quot;:&quot;&quot;,&quot;caption&quot;:&quot;&quot;,&quot;created_timestamp&quot;:&quot;0&quot;,&quot;copyright&quot;:&quot;&quot;,&quot;focal_length&quot;:&quot;0&quot;,&quot;iso&quot;:&quot;0&quot;,&quot;shutter_speed&quot;:&quot;0&quot;,&quot;title&quot;:&quot;&quot;,&quot;orientation&quot;:&quot;0&quot;}\" data-image-title=\"picto_n\" data-image-description=\"\" data-image-caption=\"\" data-medium-file=\"https:\/\/i0.wp.com\/www.horizonemployeur.fr\/wordpress\/wp-content\/uploads\/2017\/06\/picto_n.png?fit=146%2C146&amp;ssl=1\" data-large-file=\"https:\/\/i0.wp.com\/www.horizonemployeur.fr\/wordpress\/wp-content\/uploads\/2017\/06\/picto_n.png?fit=146%2C146&amp;ssl=1\" decoding=\"async\" loading=\"lazy\" class=\"alignnone wp-image-3228\" src=\"https:\/\/i0.wp.com\/www.horizonemployeur.fr\/wordpress\/wp-content\/uploads\/2017\/06\/picto_n.png?resize=40%2C40\" alt=\"\" width=\"40\" height=\"40\" srcset=\"https:\/\/i0.wp.com\/www.horizonemployeur.fr\/wordpress\/wp-content\/uploads\/2017\/06\/picto_n.png?w=146&amp;ssl=1 146w, https:\/\/i0.wp.com\/www.horizonemployeur.fr\/wordpress\/wp-content\/uploads\/2017\/06\/picto_n.png?resize=96%2C96&amp;ssl=1 96w\" sizes=\"(max-width: 40px) 100vw, 40px\" data-recalc-dims=\"1\" \/><\/td>\n<td style=\"width: 42.2236%; height: 48px;\"><strong>1 train sur 3&nbsp;en moyenne<\/strong><\/td>\n<td style=\"width: 47.7764%; text-align: left; height: 48px;\">\n<ul>\n<li><a href=\"http:\/\/documents.transilien.com\/1521625603287.pdf\">Rambouillet \/ Dreux \/ Mantes &gt; Paris<\/a><\/li>\n<li><a href=\"http:\/\/documents.transilien.com\/1521625603286.pdf\">Paris &gt; Rambouillet \/ Dreux \/ Mantes<\/a><\/li>\n<\/ul>\n<\/td>\n<\/tr>\n<tr style=\"height: 121px;\">\n<td style=\"text-align: center; width: 5%; height: 121px;\"><img data-attachment-id=\"3222\" data-permalink=\"https:\/\/www.horizonemployeur.fr\/wordpress\/2017\/06\/14\/travaux-ete-2017\/picto_p\/\" data-orig-file=\"https:\/\/i0.wp.com\/www.horizonemployeur.fr\/wordpress\/wp-content\/uploads\/2017\/06\/picto_p.png?fit=146%2C146&amp;ssl=1\" data-orig-size=\"146,146\" data-comments-opened=\"1\" data-image-meta=\"{&quot;aperture&quot;:&quot;0&quot;,&quot;credit&quot;:&quot;&quot;,&quot;camera&quot;:&quot;&quot;,&quot;caption&quot;:&quot;&quot;,&quot;created_timestamp&quot;:&quot;0&quot;,&quot;copyright&quot;:&quot;&quot;,&quot;focal_length&quot;:&quot;0&quot;,&quot;iso&quot;:&quot;0&quot;,&quot;shutter_speed&quot;:&quot;0&quot;,&quot;title&quot;:&quot;&quot;,&quot;orientation&quot;:&quot;0&quot;}\" data-image-title=\"picto_p\" data-image-description=\"\" data-image-caption=\"\" data-medium-file=\"https:\/\/i0.wp.com\/www.horizonemployeur.fr\/wordpress\/wp-content\/uploads\/2017\/06\/picto_p.png?fit=146%2C146&amp;ssl=1\" data-large-file=\"https:\/\/i0.wp.com\/www.horizonemployeur.fr\/wordpress\/wp-content\/uploads\/2017\/06\/picto_p.png?fit=146%2C146&amp;ssl=1\" decoding=\"async\" loading=\"lazy\" class=\"alignnone wp-image-3222\" src=\"https:\/\/i0.wp.com\/www.horizonemployeur.fr\/wordpress\/wp-content\/uploads\/2017\/06\/picto_p.png?resize=40%2C40\" alt=\"\" width=\"40\" height=\"40\" srcset=\"https:\/\/i0.wp.com\/www.horizonemployeur.fr\/wordpress\/wp-content\/uploads\/2017\/06\/picto_p.png?w=146&amp;ssl=1 146w, https:\/\/i0.wp.com\/www.horizonemployeur.fr\/wordpress\/wp-content\/uploads\/2017\/06\/picto_p.png?resize=96%2C96&amp;ssl=1 96w\" sizes=\"(max-width: 40px) 100vw, 40px\" data-recalc-dims=\"1\" \/><\/td>\n<td style=\"width: 42.2236%; height: 121px;\"><b>1 train sur 3 en moyenne sur<\/b><\/p>\n<ul>\n<li>Paris &lt;&gt; Meaux<\/li>\n<li>Paris &lt;&gt; Ch\u00e2teau-Thierry<\/li>\n<li>Paris &lt;&gt; Coulommiers<\/li>\n<\/ul>\n<p><strong>Bus de remplacement sur <\/strong><\/p>\n<ul>\n<li>Meaux &lt;&gt; La Fert\u00e9-Milon<\/li>\n<li>Longueville &lt;&gt; Provins<\/li>\n<\/ul>\n<p><b>Trafic normal sur Esbly &lt;&gt; Cr\u00e9cy<\/b><\/td>\n<td style=\"width: 47.7764%; text-align: left; height: 121px;\">\n<ul>\n<li><a href=\"http:\/\/documents.transilien.com\/1521625603291.pdf\">Paris &lt;&gt;&nbsp;Meaux<\/a><\/li>\n<li><a href=\"http:\/\/documents.transilien.com\/1521625603325.pdf\">Paris &lt;&gt; Meaux &lt;&gt;&nbsp;Ch\u00e2teau-Thierry<\/a><\/li>\n<li><a href=\"http:\/\/documents.transilien.com\/1521625603326.pdf\">Paris &lt;&gt; Meaux &lt;&gt;&nbsp;La Fert\u00e9 Milon<\/a><\/li>\n<li><a href=\"http:\/\/documents.transilien.com\/1521625603289.pdf\">Paris &lt;&gt;&nbsp;Coulommiers<\/a><\/li>\n<li><a href=\"http:\/\/documents.transilien.com\/1521625603292.pdf\">Paris &lt;&gt;&nbsp;Provins<\/a><\/li>\n<\/ul>\n<\/td>\n<\/tr>\n<tr style=\"height: 47px;\">\n<td style=\"text-align: center; width: 5%; height: 47px;\"><img data-attachment-id=\"3221\" data-permalink=\"https:\/\/www.horizonemployeur.fr\/wordpress\/2017\/06\/14\/travaux-ete-2017\/picto_r\/\" data-orig-file=\"https:\/\/i0.wp.com\/www.horizonemployeur.fr\/wordpress\/wp-content\/uploads\/2017\/06\/picto_r.png?fit=146%2C146&amp;ssl=1\" data-orig-size=\"146,146\" data-comments-opened=\"1\" data-image-meta=\"{&quot;aperture&quot;:&quot;0&quot;,&quot;credit&quot;:&quot;&quot;,&quot;camera&quot;:&quot;&quot;,&quot;caption&quot;:&quot;&quot;,&quot;created_timestamp&quot;:&quot;0&quot;,&quot;copyright&quot;:&quot;&quot;,&quot;focal_length&quot;:&quot;0&quot;,&quot;iso&quot;:&quot;0&quot;,&quot;shutter_speed&quot;:&quot;0&quot;,&quot;title&quot;:&quot;&quot;,&quot;orientation&quot;:&quot;0&quot;}\" data-image-title=\"picto_r\" data-image-description=\"\" data-image-caption=\"\" data-medium-file=\"https:\/\/i0.wp.com\/www.horizonemployeur.fr\/wordpress\/wp-content\/uploads\/2017\/06\/picto_r.png?fit=146%2C146&amp;ssl=1\" data-large-file=\"https:\/\/i0.wp.com\/www.horizonemployeur.fr\/wordpress\/wp-content\/uploads\/2017\/06\/picto_r.png?fit=146%2C146&amp;ssl=1\" decoding=\"async\" loading=\"lazy\" class=\"alignnone wp-image-3221\" src=\"https:\/\/i0.wp.com\/www.horizonemployeur.fr\/wordpress\/wp-content\/uploads\/2017\/06\/picto_r.png?resize=40%2C40\" alt=\"\" width=\"40\" height=\"40\" srcset=\"https:\/\/i0.wp.com\/www.horizonemployeur.fr\/wordpress\/wp-content\/uploads\/2017\/06\/picto_r.png?w=146&amp;ssl=1 146w, https:\/\/i0.wp.com\/www.horizonemployeur.fr\/wordpress\/wp-content\/uploads\/2017\/06\/picto_r.png?resize=96%2C96&amp;ssl=1 96w\" sizes=\"(max-width: 40px) 100vw, 40px\" data-recalc-dims=\"1\" \/><\/td>\n<td style=\"width: 42.2236%; height: 47px;\"><strong>2 AR sur Paris &lt;&gt; Moret &lt;&gt; Montereau<\/strong><\/p>\n<p><strong>3 AR sur Paris &lt;&gt; Moret &lt;&gt; Montargis<\/strong><\/p>\n<p><strong>Trafic <span style=\"text-decoration: underline;\">NUL<\/span> sur Melun &lt;&gt; H\u00e9ricy &lt;&gt; Montereau<\/strong><\/td>\n<td style=\"width: 47.7764%; height: 47px; text-align: left;\">\n<ul>\n<li><a href=\"http:\/\/documents.transilien.com\/1521625603321.pdf\" target=\"_blank\" rel=\"noopener\">Paris &lt;&gt; Moret &lt;&gt; Montereau \/ Montargis<\/a><\/li>\n<\/ul>\n<\/td>\n<\/tr>\n<tr style=\"height: 47px;\">\n<td style=\"text-align: center; width: 5%; height: 47px;\"><img data-attachment-id=\"3220\" data-permalink=\"https:\/\/www.horizonemployeur.fr\/wordpress\/2017\/06\/14\/travaux-ete-2017\/picto_u\/\" data-orig-file=\"https:\/\/i0.wp.com\/www.horizonemployeur.fr\/wordpress\/wp-content\/uploads\/2017\/06\/picto_u.png?fit=146%2C146&amp;ssl=1\" data-orig-size=\"146,146\" data-comments-opened=\"1\" data-image-meta=\"{&quot;aperture&quot;:&quot;0&quot;,&quot;credit&quot;:&quot;&quot;,&quot;camera&quot;:&quot;&quot;,&quot;caption&quot;:&quot;&quot;,&quot;created_timestamp&quot;:&quot;0&quot;,&quot;copyright&quot;:&quot;&quot;,&quot;focal_length&quot;:&quot;0&quot;,&quot;iso&quot;:&quot;0&quot;,&quot;shutter_speed&quot;:&quot;0&quot;,&quot;title&quot;:&quot;&quot;,&quot;orientation&quot;:&quot;0&quot;}\" data-image-title=\"picto_u\" data-image-description=\"\" data-image-caption=\"\" data-medium-file=\"https:\/\/i0.wp.com\/www.horizonemployeur.fr\/wordpress\/wp-content\/uploads\/2017\/06\/picto_u.png?fit=146%2C146&amp;ssl=1\" data-large-file=\"https:\/\/i0.wp.com\/www.horizonemployeur.fr\/wordpress\/wp-content\/uploads\/2017\/06\/picto_u.png?fit=146%2C146&amp;ssl=1\" decoding=\"async\" loading=\"lazy\" class=\"alignnone wp-image-3220\" src=\"https:\/\/i0.wp.com\/www.horizonemployeur.fr\/wordpress\/wp-content\/uploads\/2017\/06\/picto_u.png?resize=40%2C40\" alt=\"\" width=\"40\" height=\"40\" srcset=\"https:\/\/i0.wp.com\/www.horizonemployeur.fr\/wordpress\/wp-content\/uploads\/2017\/06\/picto_u.png?w=146&amp;ssl=1 146w, https:\/\/i0.wp.com\/www.horizonemployeur.fr\/wordpress\/wp-content\/uploads\/2017\/06\/picto_u.png?resize=96%2C96&amp;ssl=1 96w\" sizes=\"(max-width: 40px) 100vw, 40px\" data-recalc-dims=\"1\" \/><\/td>\n<td style=\"width: 42.2236%; height: 47px;\"><strong>Trafic <span style=\"text-decoration: underline;\">NUL<\/span><\/strong><\/td>\n<td style=\"text-align: center; width: 47.7764%; height: 47px;\">&nbsp;<\/td>\n<\/tr>\n<\/tbody>\n<\/table>\n<h2>&nbsp;<\/h2>\n<h2>M\u00e9tro (RATP)<\/h2>\n<ul>\n<li>trafic normal<\/li>\n<\/ul>\n<h2>&nbsp;<\/h2>\n<h2>Tramway<\/h2>\n<table style=\"width: 100%;\">\n<tbody>\n<tr>\n<td style=\"text-align: center; width: 9.82801%;\"><strong>Ligne<\/strong><\/td>\n<td style=\"text-align: center; width: 53.5627%;\"><strong>Pr\u00e9vision globale<\/strong><\/td>\n<td style=\"text-align: center; width: 34.1523%;\"><strong>Notes<\/strong><\/td>\n<\/tr>\n<tr>\n<td style=\"text-align: center; width: 9.82801%;\"><img data-attachment-id=\"3219\" data-permalink=\"https:\/\/www.horizonemployeur.fr\/wordpress\/2017\/06\/14\/travaux-ete-2017\/picto_t4\/\" data-orig-file=\"https:\/\/i0.wp.com\/www.horizonemployeur.fr\/wordpress\/wp-content\/uploads\/2017\/06\/picto_t4.png?fit=146%2C146&amp;ssl=1\" data-orig-size=\"146,146\" data-comments-opened=\"1\" data-image-meta=\"{&quot;aperture&quot;:&quot;0&quot;,&quot;credit&quot;:&quot;&quot;,&quot;camera&quot;:&quot;&quot;,&quot;caption&quot;:&quot;&quot;,&quot;created_timestamp&quot;:&quot;0&quot;,&quot;copyright&quot;:&quot;&quot;,&quot;focal_length&quot;:&quot;0&quot;,&quot;iso&quot;:&quot;0&quot;,&quot;shutter_speed&quot;:&quot;0&quot;,&quot;title&quot;:&quot;&quot;,&quot;orientation&quot;:&quot;0&quot;}\" data-image-title=\"picto_t4\" data-image-description=\"\" data-image-caption=\"\" data-medium-file=\"https:\/\/i0.wp.com\/www.horizonemployeur.fr\/wordpress\/wp-content\/uploads\/2017\/06\/picto_t4.png?fit=146%2C146&amp;ssl=1\" data-large-file=\"https:\/\/i0.wp.com\/www.horizonemployeur.fr\/wordpress\/wp-content\/uploads\/2017\/06\/picto_t4.png?fit=146%2C146&amp;ssl=1\" decoding=\"async\" loading=\"lazy\" class=\"alignnone wp-image-3219\" src=\"https:\/\/i0.wp.com\/www.horizonemployeur.fr\/wordpress\/wp-content\/uploads\/2017\/06\/picto_t4.png?resize=40%2C40\" alt=\"\" width=\"40\" height=\"40\" srcset=\"https:\/\/i0.wp.com\/www.horizonemployeur.fr\/wordpress\/wp-content\/uploads\/2017\/06\/picto_t4.png?w=146&amp;ssl=1 146w, https:\/\/i0.wp.com\/www.horizonemployeur.fr\/wordpress\/wp-content\/uploads\/2017\/06\/picto_t4.png?resize=96%2C96&amp;ssl=1 96w\" sizes=\"(max-width: 40px) 100vw, 40px\" data-recalc-dims=\"1\" \/><\/td>\n<td style=\"width: 53.5627%;\"><strong>Jusqu&rsquo;\u00e0 12 minutes entre 2 tramways jusqu&rsquo;\u00e0 21h00<br \/>\n<\/strong>Bus de remplacement apr\u00e8s 21h00<\/td>\n<td style=\"width: 34.1523%;\">\n<ul>\n<li><a href=\"http:\/\/documents.transilien.com\/1521625603331.pdf\" target=\"_blank\" rel=\"noopener\">Informations<\/a><\/li>\n<\/ul>\n<\/td>\n<\/tr>\n<tr>\n<td style=\"text-align: center; width: 9.82801%;\"><img data-attachment-id=\"4120\" data-permalink=\"https:\/\/www.horizonemployeur.fr\/wordpress\/2018\/03\/20\/trafic-22-03-2018\/picto-tram-express-11\/\" data-orig-file=\"https:\/\/i0.wp.com\/www.horizonemployeur.fr\/wordpress\/wp-content\/uploads\/2018\/03\/picto-tram-express-11.png?fit=146%2C146&amp;ssl=1\" data-orig-size=\"146,146\" data-comments-opened=\"1\" data-image-meta=\"{&quot;aperture&quot;:&quot;0&quot;,&quot;credit&quot;:&quot;&quot;,&quot;camera&quot;:&quot;&quot;,&quot;caption&quot;:&quot;&quot;,&quot;created_timestamp&quot;:&quot;0&quot;,&quot;copyright&quot;:&quot;&quot;,&quot;focal_length&quot;:&quot;0&quot;,&quot;iso&quot;:&quot;0&quot;,&quot;shutter_speed&quot;:&quot;0&quot;,&quot;title&quot;:&quot;&quot;,&quot;orientation&quot;:&quot;0&quot;}\" data-image-title=\"picto tram express 11\" data-image-description=\"\" data-image-caption=\"\" data-medium-file=\"https:\/\/i0.wp.com\/www.horizonemployeur.fr\/wordpress\/wp-content\/uploads\/2018\/03\/picto-tram-express-11.png?fit=146%2C146&amp;ssl=1\" data-large-file=\"https:\/\/i0.wp.com\/www.horizonemployeur.fr\/wordpress\/wp-content\/uploads\/2018\/03\/picto-tram-express-11.png?fit=146%2C146&amp;ssl=1\" decoding=\"async\" loading=\"lazy\" class=\"alignnone wp-image-4120\" src=\"https:\/\/i0.wp.com\/www.horizonemployeur.fr\/wordpress\/wp-content\/uploads\/2018\/03\/picto-tram-express-11.png?resize=40%2C40\" alt=\"\" width=\"40\" height=\"40\"  data-recalc-dims=\"1\"><\/td>\n<td style=\"width: 53.5627%;\"><strong>Trafic r\u00e9duit (3 trains sur 5) jusqu&rsquo;\u00e0 12h00<\/strong><\/td>\n<td style=\"width: 34.1523%;\">&nbsp;<\/td>\n<\/tr>\n<tr>\n<td style=\"text-align: center; width: 9.82801%;\"><strong>Autres<br \/>\n(RATP)<\/strong><\/td>\n<td style=\"width: 53.5627%;\"><strong>Trafic normal<\/strong><\/td>\n<td style=\"width: 34.1523%;\">&nbsp;<\/td>\n<\/tr>\n<\/tbody>\n<\/table>\n<h2>&nbsp;<\/h2>\n<h2>Bus<\/h2>\n<ul>\n<li>Lignes RATP: trafic normal<\/li>\n<li>Autres lignes: trafic normal.<\/li>\n<\/ul>\n<p>Des renforts sont remis en place ce lundi 9 avril sur une cinquantaine de lignes d&rsquo;Ile-de-France afin de pallier le nombre limit\u00e9 de circulations ferr\u00e9es sur certains trajets. Dans notre secteur, sont concern\u00e9es les lignes Ph\u00e9bus 40, 42 et 60, et la ligne MobiCAPS 15.<\/p>\n<p>&nbsp;<img data-attachment-id=\"4285\" data-permalink=\"https:\/\/www.horizonemployeur.fr\/wordpress\/2018\/04\/06\/trafic-07-04-08-2018\/renfort-keolis-40-9-avril-2018\/\" data-orig-file=\"https:\/\/i0.wp.com\/www.horizonemployeur.fr\/wordpress\/wp-content\/uploads\/2018\/04\/Renfort-Keolis-40-9-avril-2018.jpg?fit=647%2C911&amp;ssl=1\" data-orig-size=\"647,911\" data-comments-opened=\"1\" data-image-meta=\"{&quot;aperture&quot;:&quot;0&quot;,&quot;credit&quot;:&quot;&quot;,&quot;camera&quot;:&quot;&quot;,&quot;caption&quot;:&quot;&quot;,&quot;created_timestamp&quot;:&quot;0&quot;,&quot;copyright&quot;:&quot;&quot;,&quot;focal_length&quot;:&quot;0&quot;,&quot;iso&quot;:&quot;0&quot;,&quot;shutter_speed&quot;:&quot;0&quot;,&quot;title&quot;:&quot;&quot;,&quot;orientation&quot;:&quot;0&quot;}\" data-image-title=\"Renfort Keolis 40 9 avril 2018\" data-image-description=\"\" data-image-caption=\"\" data-medium-file=\"https:\/\/i0.wp.com\/www.horizonemployeur.fr\/wordpress\/wp-content\/uploads\/2018\/04\/Renfort-Keolis-40-9-avril-2018.jpg?fit=213%2C300&amp;ssl=1\" data-large-file=\"https:\/\/i0.wp.com\/www.horizonemployeur.fr\/wordpress\/wp-content\/uploads\/2018\/04\/Renfort-Keolis-40-9-avril-2018.jpg?fit=647%2C911&amp;ssl=1\" decoding=\"async\" loading=\"lazy\" class=\"alignnone wp-image-4285\" src=\"https:\/\/i0.wp.com\/www.horizonemployeur.fr\/wordpress\/wp-content\/uploads\/2018\/04\/Renfort-Keolis-40-9-avril-2018.jpg?resize=300%2C422\" alt=\"\" width=\"300\" height=\"422\" srcset=\"https:\/\/i0.wp.com\/www.horizonemployeur.fr\/wordpress\/wp-content\/uploads\/2018\/04\/Renfort-Keolis-40-9-avril-2018.jpg?w=647&amp;ssl=1 647w, https:\/\/i0.wp.com\/www.horizonemployeur.fr\/wordpress\/wp-content\/uploads\/2018\/04\/Renfort-Keolis-40-9-avril-2018.jpg?resize=213%2C300&amp;ssl=1 213w\" sizes=\"(max-width: 300px) 100vw, 300px\" data-recalc-dims=\"1\" \/><img data-attachment-id=\"4284\" data-permalink=\"https:\/\/www.horizonemployeur.fr\/wordpress\/2018\/04\/06\/trafic-07-04-08-2018\/renfort-keolis-42-9-avril-2018\/\" data-orig-file=\"https:\/\/i0.wp.com\/www.horizonemployeur.fr\/wordpress\/wp-content\/uploads\/2018\/04\/Renfort-Keolis-42-9-avril-2018.jpg?fit=647%2C913&amp;ssl=1\" data-orig-size=\"647,913\" data-comments-opened=\"1\" data-image-meta=\"{&quot;aperture&quot;:&quot;0&quot;,&quot;credit&quot;:&quot;&quot;,&quot;camera&quot;:&quot;&quot;,&quot;caption&quot;:&quot;&quot;,&quot;created_timestamp&quot;:&quot;0&quot;,&quot;copyright&quot;:&quot;&quot;,&quot;focal_length&quot;:&quot;0&quot;,&quot;iso&quot;:&quot;0&quot;,&quot;shutter_speed&quot;:&quot;0&quot;,&quot;title&quot;:&quot;&quot;,&quot;orientation&quot;:&quot;0&quot;}\" data-image-title=\"Renfort Keolis 42 9 avril 2018\" data-image-description=\"\" data-image-caption=\"\" data-medium-file=\"https:\/\/i0.wp.com\/www.horizonemployeur.fr\/wordpress\/wp-content\/uploads\/2018\/04\/Renfort-Keolis-42-9-avril-2018.jpg?fit=213%2C300&amp;ssl=1\" data-large-file=\"https:\/\/i0.wp.com\/www.horizonemployeur.fr\/wordpress\/wp-content\/uploads\/2018\/04\/Renfort-Keolis-42-9-avril-2018.jpg?fit=647%2C913&amp;ssl=1\" decoding=\"async\" loading=\"lazy\" class=\"alignnone wp-image-4284\" src=\"https:\/\/i0.wp.com\/www.horizonemployeur.fr\/wordpress\/wp-content\/uploads\/2018\/04\/Renfort-Keolis-42-9-avril-2018.jpg?resize=300%2C423\" alt=\"\" width=\"300\" height=\"423\" srcset=\"https:\/\/i0.wp.com\/www.horizonemployeur.fr\/wordpress\/wp-content\/uploads\/2018\/04\/Renfort-Keolis-42-9-avril-2018.jpg?w=647&amp;ssl=1 647w, https:\/\/i0.wp.com\/www.horizonemployeur.fr\/wordpress\/wp-content\/uploads\/2018\/04\/Renfort-Keolis-42-9-avril-2018.jpg?resize=213%2C300&amp;ssl=1 213w\" sizes=\"(max-width: 300px) 100vw, 300px\" data-recalc-dims=\"1\" \/><img data-attachment-id=\"4283\" data-permalink=\"https:\/\/www.horizonemployeur.fr\/wordpress\/2018\/04\/06\/trafic-07-04-08-2018\/renfort-keolis-60-9-avril-2018\/\" data-orig-file=\"https:\/\/i0.wp.com\/www.horizonemployeur.fr\/wordpress\/wp-content\/uploads\/2018\/04\/Renfort-Keolis-60-9-avril-2018.jpg?fit=645%2C914&amp;ssl=1\" data-orig-size=\"645,914\" data-comments-opened=\"1\" data-image-meta=\"{&quot;aperture&quot;:&quot;0&quot;,&quot;credit&quot;:&quot;&quot;,&quot;camera&quot;:&quot;&quot;,&quot;caption&quot;:&quot;&quot;,&quot;created_timestamp&quot;:&quot;0&quot;,&quot;copyright&quot;:&quot;&quot;,&quot;focal_length&quot;:&quot;0&quot;,&quot;iso&quot;:&quot;0&quot;,&quot;shutter_speed&quot;:&quot;0&quot;,&quot;title&quot;:&quot;&quot;,&quot;orientation&quot;:&quot;0&quot;}\" data-image-title=\"Renfort Keolis 60 9 avril 2018\" data-image-description=\"\" data-image-caption=\"\" data-medium-file=\"https:\/\/i0.wp.com\/www.horizonemployeur.fr\/wordpress\/wp-content\/uploads\/2018\/04\/Renfort-Keolis-60-9-avril-2018.jpg?fit=212%2C300&amp;ssl=1\" data-large-file=\"https:\/\/i0.wp.com\/www.horizonemployeur.fr\/wordpress\/wp-content\/uploads\/2018\/04\/Renfort-Keolis-60-9-avril-2018.jpg?fit=645%2C914&amp;ssl=1\" decoding=\"async\" loading=\"lazy\" class=\"alignnone wp-image-4283\" src=\"https:\/\/i0.wp.com\/www.horizonemployeur.fr\/wordpress\/wp-content\/uploads\/2018\/04\/Renfort-Keolis-60-9-avril-2018.jpg?resize=300%2C425\" alt=\"\" width=\"300\" height=\"425\" srcset=\"https:\/\/i0.wp.com\/www.horizonemployeur.fr\/wordpress\/wp-content\/uploads\/2018\/04\/Renfort-Keolis-60-9-avril-2018.jpg?w=645&amp;ssl=1 645w, https:\/\/i0.wp.com\/www.horizonemployeur.fr\/wordpress\/wp-content\/uploads\/2018\/04\/Renfort-Keolis-60-9-avril-2018.jpg?resize=212%2C300&amp;ssl=1 212w\" sizes=\"(max-width: 300px) 100vw, 300px\" data-recalc-dims=\"1\" \/>&nbsp;<img data-attachment-id=\"4286\" data-permalink=\"https:\/\/www.horizonemployeur.fr\/wordpress\/2018\/04\/06\/trafic-07-04-08-2018\/renfort-mobicaps-15-9-avril-2018\/\" data-orig-file=\"https:\/\/i0.wp.com\/www.horizonemployeur.fr\/wordpress\/wp-content\/uploads\/2018\/04\/Renfort-MobiCAPS-15-9-avril-2018.jpg?fit=842%2C1190&amp;ssl=1\" data-orig-size=\"842,1190\" data-comments-opened=\"1\" data-image-meta=\"{&quot;aperture&quot;:&quot;0&quot;,&quot;credit&quot;:&quot;&quot;,&quot;camera&quot;:&quot;&quot;,&quot;caption&quot;:&quot;&quot;,&quot;created_timestamp&quot;:&quot;0&quot;,&quot;copyright&quot;:&quot;&quot;,&quot;focal_length&quot;:&quot;0&quot;,&quot;iso&quot;:&quot;0&quot;,&quot;shutter_speed&quot;:&quot;0&quot;,&quot;title&quot;:&quot;&quot;,&quot;orientation&quot;:&quot;0&quot;}\" data-image-title=\"Renfort MobiCAPS 15 9 avril 2018\" data-image-description=\"\" data-image-caption=\"\" data-medium-file=\"https:\/\/i0.wp.com\/www.horizonemployeur.fr\/wordpress\/wp-content\/uploads\/2018\/04\/Renfort-MobiCAPS-15-9-avril-2018.jpg?fit=212%2C300&amp;ssl=1\" data-large-file=\"https:\/\/i0.wp.com\/www.horizonemployeur.fr\/wordpress\/wp-content\/uploads\/2018\/04\/Renfort-MobiCAPS-15-9-avril-2018.jpg?fit=700%2C989&amp;ssl=1\" decoding=\"async\" loading=\"lazy\" class=\"alignnone wp-image-4286\" src=\"https:\/\/i0.wp.com\/www.horizonemployeur.fr\/wordpress\/wp-content\/uploads\/2018\/04\/Renfort-MobiCAPS-15-9-avril-2018.jpg?resize=300%2C424\" alt=\"\" width=\"300\" height=\"424\" srcset=\"https:\/\/i0.wp.com\/www.horizonemployeur.fr\/wordpress\/wp-content\/uploads\/2018\/04\/Renfort-MobiCAPS-15-9-avril-2018.jpg?w=842&amp;ssl=1 842w, https:\/\/i0.wp.com\/www.horizonemployeur.fr\/wordpress\/wp-content\/uploads\/2018\/04\/Renfort-MobiCAPS-15-9-avril-2018.jpg?resize=212%2C300&amp;ssl=1 212w, https:\/\/i0.wp.com\/www.horizonemployeur.fr\/wordpress\/wp-content\/uploads\/2018\/04\/Renfort-MobiCAPS-15-9-avril-2018.jpg?resize=768%2C1085&amp;ssl=1 768w, https:\/\/i0.wp.com\/www.horizonemployeur.fr\/wordpress\/wp-content\/uploads\/2018\/04\/Renfort-MobiCAPS-15-9-avril-2018.jpg?resize=725%2C1024&amp;ssl=1 725w\" sizes=\"(max-width: 300px) 100vw, 300px\" data-recalc-dims=\"1\" \/><\/p>\n<h1>&nbsp;<\/h1>\n<h1>Centre-Val-de-Loire<\/h1>\n<h2>TER Paris-Chartres<\/h2>\n<p><a class=\"color-horairesettrafic ext-color-horairesettrafic\" title=\"Info Trafic PCLM du 09 avril 2018 (PDF, 196 Ko) [Nouvelle Fen\u00eatre]\" href=\"https:\/\/cdn.ter.sncf.com\/medias\/PDF\/centre_val_de_loire\/Info%20Trafic%20PCLM%20du%2009%20avril%202018_tcm56-46804_tcm56-183789.pdf\" target=\"_blank\" rel=\"noopener\">Paris &lt;&gt; Chartres &lt;&gt; Le Mans<\/a><\/p>\n<ul>\n<li>Chartres &gt; Paris: 6 trains le matin, 7 trains le soir<\/li>\n<li>Paris &gt; Chartres: 3 trains le matin, 10 trains le soir<\/li>\n<\/ul>\n<p>&nbsp;<\/p>\n","protected":false},"excerpt":{"rendered":"<p>Cette semaine, on aura 3 jours \u00ab\u00a0rouges\u00a0\u00bb, lundi 9, vendredi 13 et samedi 14. Apr\u00e8s la journ\u00e9e du dimanche 8, ce lundi 9 est la 2e journ\u00e9e de la 2e p\u00e9riode&#8230;<\/p>\n","protected":false},"author":1,"featured_media":4246,"comment_status":"open","ping_status":"open","sticky":false,"template":"page-templates\/no-sidebar.php","format":"standard","meta":{"ngg_post_thumbnail":0,"jetpack_post_was_ever_published":false},"categories":[12],"tags":[20],"jetpack_featured_media_url":"https:\/\/i0.wp.com\/www.horizonemployeur.fr\/wordpress\/wp-content\/uploads\/2018\/04\/Affichage-trains-Gare-de-Lyon.jpg?fit=1857%2C744&ssl=1","jetpack_sharing_enabled":true,"jetpack_shortlink":"https:\/\/wp.me\/p7AoJR-170","jetpack-related-posts":[{"id":4447,"url":"https:\/\/www.horizonemployeur.fr\/wordpress\/2018\/04\/23\/trafic-24-04-2018\/","url_meta":{"origin":4278,"position":0},"title":"Mardi 24 avril 2018: pr\u00e9visions de trafic SNCF","date":"23 avril 2018","format":false,"excerpt":"Mardi 24 avril, 2e jour du 5e groupe de jours de gr\u00e8ve \"2 jours sur 5\". La situation est tr\u00e8s similaire \u00e0 celle du lundi 23 avril. (mise \u00e0 jour lundi 23 avril, 18h55) Les pr\u00e9visions de trafic pour les journ\u00e9es du mardi 24 avril\u00a0sont les suivantes: \u00a0 Ile-de-France RER\u2026","rel":"","context":"Dans &quot;Transports en Commun&quot;","img":{"alt_text":"","src":"https:\/\/i0.wp.com\/www.horizonemployeur.fr\/wordpress\/wp-content\/uploads\/2018\/04\/P1180016_700x500d.jpg?fit=700%2C500&ssl=1&resize=350%2C200","width":350,"height":200},"classes":[]},{"id":4357,"url":"https:\/\/www.horizonemployeur.fr\/wordpress\/2018\/04\/15\/trafic-16-04-2018\/","url_meta":{"origin":4278,"position":1},"title":"Lundi 16 avril 2018: pr\u00e9visions de trafic SNCF","date":"15 avril 2018","format":false,"excerpt":"Lundi 16 avril, jour blanc avec de faibles perturbations. Cela fait 2 semaines que le mouvement social \"2 jours sur 5\" a commenc\u00e9. C'est aussi le d\u00e9but des vacances scolaires de printemps pour l'\u00cele-de-France: les fr\u00e9quences des m\u00e9tros, tramways et d'un certain nombre de lignes de bus sont plus faibles\u2026","rel":"","context":"Dans &quot;Transports en Commun&quot;","img":{"alt_text":"","src":"https:\/\/i0.wp.com\/www.horizonemployeur.fr\/wordpress\/wp-content\/uploads\/2018\/04\/P1030768_800modif.jpg?fit=800%2C600&ssl=1&resize=350%2C200","width":350,"height":200},"classes":[]},{"id":4609,"url":"https:\/\/www.horizonemployeur.fr\/wordpress\/2018\/04\/29\/trafic-30-avril-2018\/","url_meta":{"origin":4278,"position":2},"title":"Lundi 30 avril 2018: pr\u00e9visions de trafic SNCF et RATP","date":"29 avril 2018","format":false,"excerpt":"Lundi 30 avril, le 6e groupe des \"2 jours sur 5\" de gr\u00e8ve \u00e0 la SNCF prend officiellement fin \u00e0 8h00. Il s'agit par contre d'une journ\u00e9e de \"pont\" entre le dimanche et le 1er mai: certaines lignes, en particulier RATP, circulent avec une offre limit\u00e9e (horaires du samedi). (mise\u2026","rel":"","context":"Dans &quot;Transports en Commun&quot;","img":{"alt_text":"","src":"https:\/\/i0.wp.com\/www.horizonemployeur.fr\/wordpress\/wp-content\/uploads\/2018\/04\/P1100641_1024d.jpg?fit=1024%2C512&ssl=1&resize=350%2C200","width":350,"height":200},"classes":[]},{"id":4297,"url":"https:\/\/www.horizonemployeur.fr\/wordpress\/2018\/04\/09\/trafic-10-04-2018\/","url_meta":{"origin":4278,"position":3},"title":"Mardi 10 avril 2018: pr\u00e9visions de trafic SNCF","date":"9 avril 2018","format":false,"excerpt":"Ce mardi 10 avril, nous revenons en p\u00e9riode blanche avec des perturbations moins importantes que ce lundi 9. Les perturbations continuent toujours sur certaines lignes parce qu'un des pr\u00e9avis de gr\u00e8ve ne fonctionne pas suivant la r\u00e8gle des \"2 jours sur 5\" et parce qu'apr\u00e8s 2 jours de perturbations importantes,\u2026","rel":"","context":"Dans &quot;Transports en Commun&quot;","img":{"alt_text":"","src":"https:\/\/i0.wp.com\/www.horizonemployeur.fr\/wordpress\/wp-content\/uploads\/2018\/04\/Affichage-trains-Gare-de-Lyon.jpg?fit=1200%2C481&ssl=1&resize=350%2C200","width":350,"height":200},"classes":[]},{"id":4258,"url":"https:\/\/www.horizonemployeur.fr\/wordpress\/2018\/04\/05\/trafic-06-04-2018\/","url_meta":{"origin":4278,"position":4},"title":"Vendredi 6 avril 2018: pr\u00e9visions de trafic SNCF","date":"5 avril 2018","format":false,"excerpt":"La journ\u00e9e du vendredi 6 avril sera assez similaire, pour ce qui est des pr\u00e9visions de trafic, \u00e0 celle du jeudi 5. Certaines lignes voient cependant leur situation s'am\u00e9liorer. Attention, d'importantes perturbations sont attendues dimanche 8 et lundi 9. (mise \u00e0 jour vendredi 6 avril 9h45) Les pr\u00e9visions de trafic\u2026","rel":"","context":"Dans &quot;Transports en Commun&quot;","img":{"alt_text":"","src":"https:\/\/i0.wp.com\/www.horizonemployeur.fr\/wordpress\/wp-content\/uploads\/2018\/04\/Affichage-trains-Gare-de-Lyon.jpg?fit=1200%2C481&ssl=1&resize=350%2C200","width":350,"height":200},"classes":[]},{"id":4367,"url":"https:\/\/www.horizonemployeur.fr\/wordpress\/2018\/04\/16\/trafic-17-04-2018\/","url_meta":{"origin":4278,"position":5},"title":"Mardi 17 avril 2018: pr\u00e9visions de trafic SNCF","date":"16 avril 2018","format":false,"excerpt":"Mardi 17 avril, 3e jour blanc avec de faibles perturbations. La situation devrait comme lundi 16 \u00eatre relativement calme quant aux perturbations de trafic (toutes les lignes assur\u00e9es au moins avec 2 trains sur 3), avec quelques am\u00e9liorations ici ou l\u00e0. (mise \u00e0 jour lundi 16 avril 22h05) Les pr\u00e9visions\u2026","rel":"","context":"Dans &quot;Transports en Commun&quot;","img":{"alt_text":"","src":"https:\/\/i0.wp.com\/www.horizonemployeur.fr\/wordpress\/wp-content\/uploads\/2018\/04\/P1030768_800modif.jpg?fit=800%2C600&ssl=1&resize=350%2C200","width":350,"height":200},"classes":[]}],"_links":{"self":[{"href":"https:\/\/www.horizonemployeur.fr\/wordpress\/wp-json\/wp\/v2\/posts\/4278"}],"collection":[{"href":"https:\/\/www.horizonemployeur.fr\/wordpress\/wp-json\/wp\/v2\/posts"}],"about":[{"href":"https:\/\/www.horizonemployeur.fr\/wordpress\/wp-json\/wp\/v2\/types\/post"}],"author":[{"embeddable":true,"href":"https:\/\/www.horizonemployeur.fr\/wordpress\/wp-json\/wp\/v2\/users\/1"}],"replies":[{"embeddable":true,"href":"https:\/\/www.horizonemployeur.fr\/wordpress\/wp-json\/wp\/v2\/comments?post=4278"}],"version-history":[{"count":9,"href":"https:\/\/www.horizonemployeur.fr\/wordpress\/wp-json\/wp\/v2\/posts\/4278\/revisions"}],"predecessor-version":[{"id":4295,"href":"https:\/\/www.horizonemployeur.fr\/wordpress\/wp-json\/wp\/v2\/posts\/4278\/revisions\/4295"}],"wp:featuredmedia":[{"embeddable":true,"href":"https:\/\/www.horizonemployeur.fr\/wordpress\/wp-json\/wp\/v2\/media\/4246"}],"wp:attachment":[{"href":"https:\/\/www.horizonemployeur.fr\/wordpress\/wp-json\/wp\/v2\/media?parent=4278"}],"wp:term":[{"taxonomy":"category","embeddable":true,"href":"https:\/\/www.horizonemployeur.fr\/wordpress\/wp-json\/wp\/v2\/categories?post=4278"},{"taxonomy":"post_tag","embeddable":true,"href":"https:\/\/www.horizonemployeur.fr\/wordpress\/wp-json\/wp\/v2\/tags?post=4278"}],"curies":[{"name":"wp","href":"https:\/\/api.w.org\/{rel}","templated":true}]}}