{"id":3993,"date":"2018-02-28T12:58:35","date_gmt":"2018-02-28T11:58:35","guid":{"rendered":"http:\/\/www.horizonemployeur.fr\/wordpress\/?p=3993"},"modified":"2018-02-28T17:11:06","modified_gmt":"2018-02-28T16:11:06","slug":"neige-verglas-01-03-2018","status":"publish","type":"post","link":"https:\/\/www.horizonemployeur.fr\/wordpress\/2018\/02\/28\/neige-verglas-01-03-2018\/","title":{"rendered":"Jeudi 1er mars 2018: un nouvel \u00e9pisode hivernal"},"content":{"rendered":"<p>Le 1er mars marque officiellement le d\u00e9but du printemps m\u00e9t\u00e9orologique, mais le 1er mars 2018 sera surtout marqu\u00e9 par un retour de la neige et du verglas. Restez donc prudents lors de vos d\u00e9placements en ce 1er jour de mars.<\/p>\n<p>Dans cette page:<\/p>\n<ul>\n<li><a href=\"#previsions\">les pr\u00e9visions m\u00e9t\u00e9o<\/a><\/li>\n<li><a href=\"#consequences\">les cons\u00e9quences<\/a><\/li>\n<li><a href=\"#circulation\">les cons\u00e9quences sur la circulation routi\u00e8re<\/a><br \/>\n(dont l&rsquo;interdiction des bus et des cars sur la RN 118)<\/li>\n<li><a href=\"#pasmieuxailleurs\">et ce n&rsquo;est pas mieux ailleurs&#8230;<\/a><\/li>\n<\/ul>\n<p><!--more--><\/p>\n<h1><a id=\"previsions\"><\/a>Les pr\u00e9visions m\u00e9t\u00e9o<\/h1>\n<p>En ce mercredi midi, M\u00e9t\u00e9o-France fait \u00e9tat des pr\u00e9visions suivantes pour les 2 semaines \u00e0 venir<\/p>\n<p><img data-attachment-id=\"3994\" data-permalink=\"https:\/\/www.horizonemployeur.fr\/wordpress\/2018\/02\/28\/neige-verglas-01-03-2018\/meteo-france-velizy-28-02-au-13-03-2018\/\" data-orig-file=\"https:\/\/i0.wp.com\/www.horizonemployeur.fr\/wordpress\/wp-content\/uploads\/2018\/02\/M\u00e9t\u00e9o-France-V\u00e9lizy-28-02-au-13-03-2018.png?fit=680%2C472&amp;ssl=1\" data-orig-size=\"680,472\" data-comments-opened=\"1\" data-image-meta=\"{&quot;aperture&quot;:&quot;0&quot;,&quot;credit&quot;:&quot;&quot;,&quot;camera&quot;:&quot;&quot;,&quot;caption&quot;:&quot;&quot;,&quot;created_timestamp&quot;:&quot;0&quot;,&quot;copyright&quot;:&quot;&quot;,&quot;focal_length&quot;:&quot;0&quot;,&quot;iso&quot;:&quot;0&quot;,&quot;shutter_speed&quot;:&quot;0&quot;,&quot;title&quot;:&quot;&quot;,&quot;orientation&quot;:&quot;0&quot;}\" data-image-title=\"M\u00e9t\u00e9o-France V\u00e9lizy 28-02 au 13-03-2018\" data-image-description=\"\" data-image-caption=\"\" data-medium-file=\"https:\/\/i0.wp.com\/www.horizonemployeur.fr\/wordpress\/wp-content\/uploads\/2018\/02\/M\u00e9t\u00e9o-France-V\u00e9lizy-28-02-au-13-03-2018.png?fit=300%2C208&amp;ssl=1\" data-large-file=\"https:\/\/i0.wp.com\/www.horizonemployeur.fr\/wordpress\/wp-content\/uploads\/2018\/02\/M\u00e9t\u00e9o-France-V\u00e9lizy-28-02-au-13-03-2018.png?fit=680%2C472&amp;ssl=1\" decoding=\"async\" loading=\"lazy\" class=\"alignnone size-full wp-image-3994\" src=\"https:\/\/i0.wp.com\/www.horizonemployeur.fr\/wordpress\/wp-content\/uploads\/2018\/02\/M\u00e9t\u00e9o-France-V\u00e9lizy-28-02-au-13-03-2018.png?resize=680%2C472\" alt=\"\" width=\"680\" height=\"472\" srcset=\"https:\/\/i0.wp.com\/www.horizonemployeur.fr\/wordpress\/wp-content\/uploads\/2018\/02\/M\u00e9t\u00e9o-France-V\u00e9lizy-28-02-au-13-03-2018.png?w=680&amp;ssl=1 680w, https:\/\/i0.wp.com\/www.horizonemployeur.fr\/wordpress\/wp-content\/uploads\/2018\/02\/M\u00e9t\u00e9o-France-V\u00e9lizy-28-02-au-13-03-2018.png?resize=300%2C208&amp;ssl=1 300w\" sizes=\"(max-width: 680px) 100vw, 680px\" data-recalc-dims=\"1\" \/><\/p>\n<p><em>D\u00e9tails et version la plus \u00e0 jour sur le site de M\u00e9t\u00e9o-France:<\/em><br \/>\n<a href=\"http:\/\/www.meteofrance.com\/previsions-meteo-france\/velizy-villacoublay\/78140\" target=\"_blank\" rel=\"noopener\"><em>http:\/\/www.meteofrance.com\/previsions-meteo-france\/velizy-villacoublay\/78140<\/em><\/a><\/p>\n<p>Pour les prochaines heures, le programme est donc:<\/p>\n<ul>\n<li>un temps de plus en plus nuageux au long de la journ\u00e9e<\/li>\n<li>des chutes de neige en cours de nuit<\/li>\n<li>un \u00e9pisode de pluies vergla\u00e7antes jeudi en matin\u00e9e&nbsp;<\/li>\n<\/ul>\n<p>Sur toute l&rsquo;Ile-de-France, la progression par tranche de 3 heures est pr\u00e9vue comme suit:<\/p>\n<p><img data-attachment-id=\"3995\" data-permalink=\"https:\/\/www.horizonemployeur.fr\/wordpress\/2018\/02\/28\/neige-verglas-01-03-2018\/meteo-france-velizy-28-02-et-1er-03-2018\/\" data-orig-file=\"https:\/\/i0.wp.com\/www.horizonemployeur.fr\/wordpress\/wp-content\/uploads\/2018\/02\/M\u00e9t\u00e9o-France-V\u00e9lizy-28-02-et-1er-03-2018.png?fit=1000%2C1600&amp;ssl=1\" data-orig-size=\"1000,1600\" data-comments-opened=\"1\" data-image-meta=\"{&quot;aperture&quot;:&quot;0&quot;,&quot;credit&quot;:&quot;&quot;,&quot;camera&quot;:&quot;&quot;,&quot;caption&quot;:&quot;&quot;,&quot;created_timestamp&quot;:&quot;0&quot;,&quot;copyright&quot;:&quot;&quot;,&quot;focal_length&quot;:&quot;0&quot;,&quot;iso&quot;:&quot;0&quot;,&quot;shutter_speed&quot;:&quot;0&quot;,&quot;title&quot;:&quot;&quot;,&quot;orientation&quot;:&quot;0&quot;}\" data-image-title=\"M\u00e9t\u00e9o France V\u00e9lizy 28 02 et 1er 03 2018\" data-image-description=\"\" data-image-caption=\"\" data-medium-file=\"https:\/\/i0.wp.com\/www.horizonemployeur.fr\/wordpress\/wp-content\/uploads\/2018\/02\/M\u00e9t\u00e9o-France-V\u00e9lizy-28-02-et-1er-03-2018.png?fit=188%2C300&amp;ssl=1\" data-large-file=\"https:\/\/i0.wp.com\/www.horizonemployeur.fr\/wordpress\/wp-content\/uploads\/2018\/02\/M\u00e9t\u00e9o-France-V\u00e9lizy-28-02-et-1er-03-2018.png?fit=640%2C1024&amp;ssl=1\" decoding=\"async\" loading=\"lazy\" class=\"alignnone size-full wp-image-3995\" src=\"https:\/\/i0.wp.com\/www.horizonemployeur.fr\/wordpress\/wp-content\/uploads\/2018\/02\/M\u00e9t\u00e9o-France-V\u00e9lizy-28-02-et-1er-03-2018.png?resize=700%2C1120\" alt=\"\" width=\"700\" height=\"1120\" srcset=\"https:\/\/i0.wp.com\/www.horizonemployeur.fr\/wordpress\/wp-content\/uploads\/2018\/02\/M\u00e9t\u00e9o-France-V\u00e9lizy-28-02-et-1er-03-2018.png?w=1000&amp;ssl=1 1000w, https:\/\/i0.wp.com\/www.horizonemployeur.fr\/wordpress\/wp-content\/uploads\/2018\/02\/M\u00e9t\u00e9o-France-V\u00e9lizy-28-02-et-1er-03-2018.png?resize=188%2C300&amp;ssl=1 188w, https:\/\/i0.wp.com\/www.horizonemployeur.fr\/wordpress\/wp-content\/uploads\/2018\/02\/M\u00e9t\u00e9o-France-V\u00e9lizy-28-02-et-1er-03-2018.png?resize=768%2C1229&amp;ssl=1 768w, https:\/\/i0.wp.com\/www.horizonemployeur.fr\/wordpress\/wp-content\/uploads\/2018\/02\/M\u00e9t\u00e9o-France-V\u00e9lizy-28-02-et-1er-03-2018.png?resize=640%2C1024&amp;ssl=1 640w\" sizes=\"(max-width: 700px) 100vw, 700px\" data-recalc-dims=\"1\" \/><\/p>\n<p><em>D\u00e9tails et version la plus \u00e0 jour sur le site de M\u00e9t\u00e9o-France:<br \/>\n<a href=\"http:\/\/www.meteofrance.com\/previsions-meteo-france\/ile-de-france\/regin03\" target=\"_blank\" rel=\"noopener\">http:\/\/www.meteofrance.com\/previsions-meteo-france\/ile-de-france\/regin03<\/a><\/em><\/p>\n<p>On voit donc que la perturbation se d\u00e9place pratiquement du sud vers le nord, et qu&rsquo;elle sera active sur toute la r\u00e9gion et m\u00eame ses alentours.<\/p>\n<p>Au niveau national, les chutes de neige attendues sont les suivantes:<\/p>\n<p><img data-attachment-id=\"4003\" data-permalink=\"https:\/\/www.horizonemployeur.fr\/wordpress\/2018\/02\/28\/neige-verglas-01-03-2018\/meteo-france-neige-28-fevrier-et-1er-mars-2018\/\" data-orig-file=\"https:\/\/i0.wp.com\/www.horizonemployeur.fr\/wordpress\/wp-content\/uploads\/2018\/02\/M\u00e9t\u00e9o-France-Neige-28-f\u00e9vrier-et-1er-mars-2018.png?fit=1920%2C1080&amp;ssl=1\" data-orig-size=\"1920,1080\" data-comments-opened=\"1\" data-image-meta=\"{&quot;aperture&quot;:&quot;0&quot;,&quot;credit&quot;:&quot;&quot;,&quot;camera&quot;:&quot;&quot;,&quot;caption&quot;:&quot;&quot;,&quot;created_timestamp&quot;:&quot;0&quot;,&quot;copyright&quot;:&quot;&quot;,&quot;focal_length&quot;:&quot;0&quot;,&quot;iso&quot;:&quot;0&quot;,&quot;shutter_speed&quot;:&quot;0&quot;,&quot;title&quot;:&quot;&quot;,&quot;orientation&quot;:&quot;0&quot;}\" data-image-title=\"M\u00e9t\u00e9o-France Neige 28 f\u00e9vrier et 1er mars 2018\" data-image-description=\"\" data-image-caption=\"\" data-medium-file=\"https:\/\/i0.wp.com\/www.horizonemployeur.fr\/wordpress\/wp-content\/uploads\/2018\/02\/M\u00e9t\u00e9o-France-Neige-28-f\u00e9vrier-et-1er-mars-2018.png?fit=300%2C169&amp;ssl=1\" data-large-file=\"https:\/\/i0.wp.com\/www.horizonemployeur.fr\/wordpress\/wp-content\/uploads\/2018\/02\/M\u00e9t\u00e9o-France-Neige-28-f\u00e9vrier-et-1er-mars-2018.png?fit=700%2C394&amp;ssl=1\" decoding=\"async\" loading=\"lazy\" class=\"alignnone size-full wp-image-4003\" src=\"https:\/\/i0.wp.com\/www.horizonemployeur.fr\/wordpress\/wp-content\/uploads\/2018\/02\/M\u00e9t\u00e9o-France-Neige-28-f\u00e9vrier-et-1er-mars-2018.png?resize=700%2C394\" alt=\"\" width=\"700\" height=\"394\" srcset=\"https:\/\/i0.wp.com\/www.horizonemployeur.fr\/wordpress\/wp-content\/uploads\/2018\/02\/M\u00e9t\u00e9o-France-Neige-28-f\u00e9vrier-et-1er-mars-2018.png?w=1920&amp;ssl=1 1920w, https:\/\/i0.wp.com\/www.horizonemployeur.fr\/wordpress\/wp-content\/uploads\/2018\/02\/M\u00e9t\u00e9o-France-Neige-28-f\u00e9vrier-et-1er-mars-2018.png?resize=300%2C169&amp;ssl=1 300w, https:\/\/i0.wp.com\/www.horizonemployeur.fr\/wordpress\/wp-content\/uploads\/2018\/02\/M\u00e9t\u00e9o-France-Neige-28-f\u00e9vrier-et-1er-mars-2018.png?resize=768%2C432&amp;ssl=1 768w, https:\/\/i0.wp.com\/www.horizonemployeur.fr\/wordpress\/wp-content\/uploads\/2018\/02\/M\u00e9t\u00e9o-France-Neige-28-f\u00e9vrier-et-1er-mars-2018.png?resize=1024%2C576&amp;ssl=1 1024w, https:\/\/i0.wp.com\/www.horizonemployeur.fr\/wordpress\/wp-content\/uploads\/2018\/02\/M\u00e9t\u00e9o-France-Neige-28-f\u00e9vrier-et-1er-mars-2018.png?w=1400&amp;ssl=1 1400w\" sizes=\"(max-width: 700px) 100vw, 700px\" data-recalc-dims=\"1\" \/><\/p>\n<p><em>Source: @vigimeteofrance sur Twitter:&nbsp;<a href=\"https:\/\/twitter.com\/VigiMeteoFrance\/status\/968838254450675712\" target=\"_blank\" rel=\"noopener\">https:\/\/twitter.com\/VigiMeteoFrance\/status\/968838254450675712<\/a>&nbsp;<\/em><\/p>\n<h1><a id=\"consequences\"><\/a>Les cons\u00e9quences<\/h1>\n<p>M\u00e9t\u00e9o-France avait initialement plac\u00e9 la vigilance neige-verglas au niveau jaune sur l&rsquo;Ile-de-France pour cet \u00e9pisode hivernal. Depuis ce mercredi midi, la vigilance neige-verglas a \u00e9t\u00e9 \u00e9lev\u00e9e au niveau orange sur l&rsquo;Ile-de-France comme sur de nombreux autres d\u00e9partements allant de la Bretagne \u00e0 la Bourgogne en passant par Centre-Val-de-Loire.<\/p>\n<p><img data-attachment-id=\"3996\" data-permalink=\"https:\/\/www.horizonemployeur.fr\/wordpress\/2018\/02\/28\/neige-verglas-01-03-2018\/vigilance-orange-france-28-02-01-03-2018\/\" data-orig-file=\"https:\/\/i0.wp.com\/www.horizonemployeur.fr\/wordpress\/wp-content\/uploads\/2018\/02\/Vigilance-orange-France-28-02-01-03-2018.png?fit=971%2C591&amp;ssl=1\" data-orig-size=\"971,591\" data-comments-opened=\"1\" data-image-meta=\"{&quot;aperture&quot;:&quot;0&quot;,&quot;credit&quot;:&quot;&quot;,&quot;camera&quot;:&quot;&quot;,&quot;caption&quot;:&quot;&quot;,&quot;created_timestamp&quot;:&quot;0&quot;,&quot;copyright&quot;:&quot;&quot;,&quot;focal_length&quot;:&quot;0&quot;,&quot;iso&quot;:&quot;0&quot;,&quot;shutter_speed&quot;:&quot;0&quot;,&quot;title&quot;:&quot;&quot;,&quot;orientation&quot;:&quot;0&quot;}\" data-image-title=\"Vigilance orange France 28-02 01-03-2018\" data-image-description=\"\" data-image-caption=\"\" data-medium-file=\"https:\/\/i0.wp.com\/www.horizonemployeur.fr\/wordpress\/wp-content\/uploads\/2018\/02\/Vigilance-orange-France-28-02-01-03-2018.png?fit=300%2C183&amp;ssl=1\" data-large-file=\"https:\/\/i0.wp.com\/www.horizonemployeur.fr\/wordpress\/wp-content\/uploads\/2018\/02\/Vigilance-orange-France-28-02-01-03-2018.png?fit=700%2C426&amp;ssl=1\" decoding=\"async\" loading=\"lazy\" class=\"alignnone size-full wp-image-3996\" src=\"https:\/\/i0.wp.com\/www.horizonemployeur.fr\/wordpress\/wp-content\/uploads\/2018\/02\/Vigilance-orange-France-28-02-01-03-2018.png?resize=700%2C426\" alt=\"\" width=\"700\" height=\"426\" srcset=\"https:\/\/i0.wp.com\/www.horizonemployeur.fr\/wordpress\/wp-content\/uploads\/2018\/02\/Vigilance-orange-France-28-02-01-03-2018.png?w=971&amp;ssl=1 971w, https:\/\/i0.wp.com\/www.horizonemployeur.fr\/wordpress\/wp-content\/uploads\/2018\/02\/Vigilance-orange-France-28-02-01-03-2018.png?resize=300%2C183&amp;ssl=1 300w, https:\/\/i0.wp.com\/www.horizonemployeur.fr\/wordpress\/wp-content\/uploads\/2018\/02\/Vigilance-orange-France-28-02-01-03-2018.png?resize=768%2C467&amp;ssl=1 768w\" sizes=\"(max-width: 700px) 100vw, 700px\" data-recalc-dims=\"1\" \/><\/p>\n<p><em>D\u00e9tails et version la plus \u00e0 jour sur le site Vigilance de M\u00e9t\u00e9o-France:<br \/>\n<a href=\"http:\/\/vigilance.meteofrance.com\/\" target=\"_blank\" rel=\"noopener\">http:\/\/vigilance.meteofrance.com\/<\/a><\/em><\/p>\n<p>Au niveau de l&rsquo;Ile-de-France, les informations de ce mercredi midi sont les suivantes:<\/p>\n<blockquote>\n<p class=\"titre1\"><span style=\"text-decoration: underline; color: #993300;\"><strong>Type de ph\u00e9nom\u00e8ne<\/strong><\/span><\/p>\n<p><span style=\"color: #993300;\">Neige-Verglas.&nbsp;<\/span><br \/>\n<span style=\"color: #993300;\">D\u00e9but d&rsquo;\u00e9v\u00e8nement pr\u00e9vu le <strong>mercredi 28 f\u00e9vrier 2018 \u00e0 23h00<\/strong>&nbsp;<\/span><br \/>\n<span style=\"color: #993300;\">Fin de ph\u00e9nom\u00e8ne pr\u00e9vue le <strong>jeudi 01 mars 2018 \u00e0 14h00<\/strong><\/span><\/p>\n<p><span style=\"text-decoration: underline; color: #993300;\"><strong>Description<\/strong><\/span><\/p>\n<p><span style=\"color: #993300;\"><b>Qualification du ph\u00e9nom\u00e8ne :&nbsp;<\/b><\/span><br \/>\n<span style=\"color: #993300;\">Episode hivernal non exeptionnel mais qui pourra engendrer des perturbations significatives en particulier \u00e0 cause du risque de verglas qui lui est associ\u00e9.<\/span><\/p>\n<p><span style=\"color: #993300;\"><b>Evolution pr\u00e9vue :&nbsp;<\/b><\/span><br \/>\n<span style=\"color: #993300;\">Une perturbation venant du sud gagnera l&rsquo;ensemble de la r\u00e9gion en milieu de nuit prochaine et ach\u00e8vera de s&rsquo;\u00e9vacuer vers le nord en d\u00e9but d&rsquo;apr\u00e8s-midi de demain jeudi.<\/span><br \/>\n<span style=\"color: #993300;\">Elle donnera de la neige. Les temp\u00e9ratures seront n\u00e9gatives et la neige tiendra au sol. La quantit\u00e9 totale de neige sera comprise entre 1 et 3 cm; sur l&rsquo;ouest de la r\u00e9gion on pourra oberver localement juqu&rsquo;\u00e0 5 cm. La neige sera s\u00e8che.<\/span><br \/>\n<span style=\"color: #993300;\">Un \u00e9pisode de pluies vergla\u00e7antes est probable dans la matin\u00e9e. La couche de glace restera mince.<\/span><br \/>\n<span style=\"color: #993300;\">Le d\u00e9gel s&rsquo;effectuera dans l&rsquo;apr\u00e8s-midi.<\/span><\/p>\n<p><span style=\"text-decoration: underline; color: #993300;\"><strong>Cons\u00e9quences possibles<\/strong><\/span><\/p>\n<p><span style=\"color: #993300;\"><b>Neige-Verglas\/Orange&nbsp;<\/b><\/span><br \/>\n<span style=\"color: #993300;\">* Des chutes de neige ou du verglas, dans des proportions importantes pour la r\u00e9gion, sont attendus.<\/span><br \/>\n<span style=\"color: #993300;\">* Les conditions de circulation peuvent devenir rapidement tr\u00e8s difficiles sur l&rsquo;ensemble du r\u00e9seau, tout particuli\u00e8rement en secteur forestier o\u00f9 des chutes d&rsquo;arbres peuvent accentuer les difficult\u00e9s.<\/span><br \/>\n<span style=\"color: #993300;\">* Les risques d&rsquo;accident sont accrus.<\/span><br \/>\n<span style=\"color: #993300;\">* Quelques d\u00e9g\u00e2ts peuvent affecter les r\u00e9seaux de distribution d&rsquo;\u00e9lectricit\u00e9 et de t\u00e9l\u00e9phone.<\/span><\/p>\n<p><span style=\"text-decoration: underline; color: #993300;\"><strong>Conseils de comportement<\/strong><\/span><\/p>\n<p><span style=\"color: #993300;\"><b>Neige-Verglas\/Orange&nbsp;<\/b><\/span><br \/>\n<span style=\"color: #993300;\">* Soyez prudents et vigilants si vous devez absolument vous d\u00e9placer.<\/span><br \/>\n<span style=\"color: #993300;\">* Privil\u00e9giez les transports en commun.<\/span><br \/>\n<span style=\"color: #993300;\">* Renseignez-vous sur les conditions de circulation sur le site de Bison Fut\u00e9.<\/span><br \/>\n<span style=\"color: #993300;\">* Pr\u00e9parez votre d\u00e9placement et votre itin\u00e9raire.<\/span><br \/>\n<span style=\"color: #993300;\">* Respectez les restrictions de circulation et d\u00e9viations mises en place.<\/span><br \/>\n<span style=\"color: #993300;\">* Facilitez le passage des engins de d\u00e9gagement des routes et autoroutes, en particulier en stationnant votre v\u00e9hicule en dehors des voies de circulation.<\/span><br \/>\n<span style=\"color: #993300;\">* Prot\u00e9gez-vous des chutes et prot\u00e9gez les autres en d\u00e9gageant la neige et en salant les trottoirs devant votre domicile, tout en \u00e9vitant d&rsquo;obstruer les regards d&rsquo;\u00e9coulement des eaux.<\/span><br \/>\n<span style=\"color: #993300;\">* Ne touchez en aucun cas \u00e0 des fils \u00e9lectriques tomb\u00e9s au sol.<\/span><br \/>\n<span style=\"color: #993300;\">* Installez imp\u00e9rativement les groupes \u00e9lectrog\u00e8nes \u00e0 l&rsquo;ext\u00e9rieur des b\u00e2timents.<\/span><br \/>\n<span style=\"color: #993300;\">* N&rsquo;utilisez pas pour vous chauffer :<\/span><br \/>\n<span style=\"color: #993300;\">&#8211; des appareils non destin\u00e9s \u00e0 cet usage : cuisini\u00e8re, brasero ; etc.<\/span><br \/>\n<span style=\"color: #993300;\">&#8211; les chauffages d&rsquo;appoint \u00e0 combustion en continu.<\/span><br \/>\n<span style=\"color: #993300;\">Ces appareils ne doivent fonctionner que par intermittence.<\/span><\/p><\/blockquote>\n<p><em>D\u00e9tails et version la plus \u00e0 jour sur le site Vigilance de M\u00e9t\u00e9o-France:<br \/>\n<\/em><a href=\"http:\/\/vigilance.meteofrance.com\/Bulletin.html?a=dept78&amp;b=\" target=\"_blank\" rel=\"noopener\"><em>http:\/\/vigilance.meteofrance.com\/Bulletin.html?a=dept78&amp;b=<\/em><\/a><\/p>\n<p>On peut donc s&rsquo;attendre \u00e0 des difficult\u00e9s de circulation cette nuit et demain matin sur les r\u00e9seaux routiers d&rsquo;Ile-de-France. Se d\u00e9placer \u00e0 pied pourrait \u00e9galement \u00eatre, dans certains endroits au moins, difficile.<\/p>\n<p>&nbsp;<\/p>\n<h1><a id=\"circulation\"><\/a>Les cons\u00e9quences sur la circulation routi\u00e8re<\/h1>\n<p>A 14h30 ce mercredi, Sytadin a annonc\u00e9 la publication d&rsquo;un arr\u00eat\u00e9 du pr\u00e9fet de police. Celui-ci \u00e9dicte des restrictions de circulation pour<\/p>\n<ul>\n<li>les v\u00e9hicules de plus de 7,5 tonnes,<\/li>\n<li>les v\u00e9hicules de transport de mati\u00e8res dangereuses,<\/li>\n<li>les v\u00e9hicules de transport de personnes<\/li>\n<\/ul>\n<p>limitant leur vitesse \u00e0 80 km\/h, leur interdisant tout d\u00e9passement et en leur interdisant l&rsquo;acc\u00e8s \u00e0 la RN 118 sur toute sa longueur (donc du pont de S\u00e8vres aux Ulis):<\/p>\n<p><img data-attachment-id=\"4008\" data-permalink=\"https:\/\/www.horizonemployeur.fr\/wordpress\/2018\/02\/28\/neige-verglas-01-03-2018\/arrete-1er-mars-2018-rn118\/\" data-orig-file=\"https:\/\/i0.wp.com\/www.horizonemployeur.fr\/wordpress\/wp-content\/uploads\/2018\/02\/Arr\u00eat\u00e9-1er-mars-2018-RN118.png?fit=589%2C365&amp;ssl=1\" data-orig-size=\"589,365\" data-comments-opened=\"1\" data-image-meta=\"{&quot;aperture&quot;:&quot;0&quot;,&quot;credit&quot;:&quot;&quot;,&quot;camera&quot;:&quot;&quot;,&quot;caption&quot;:&quot;&quot;,&quot;created_timestamp&quot;:&quot;0&quot;,&quot;copyright&quot;:&quot;&quot;,&quot;focal_length&quot;:&quot;0&quot;,&quot;iso&quot;:&quot;0&quot;,&quot;shutter_speed&quot;:&quot;0&quot;,&quot;title&quot;:&quot;&quot;,&quot;orientation&quot;:&quot;0&quot;}\" data-image-title=\"Arr\u00eat\u00e9 1er mars 2018 RN118\" data-image-description=\"\" data-image-caption=\"\" data-medium-file=\"https:\/\/i0.wp.com\/www.horizonemployeur.fr\/wordpress\/wp-content\/uploads\/2018\/02\/Arr\u00eat\u00e9-1er-mars-2018-RN118.png?fit=300%2C186&amp;ssl=1\" data-large-file=\"https:\/\/i0.wp.com\/www.horizonemployeur.fr\/wordpress\/wp-content\/uploads\/2018\/02\/Arr\u00eat\u00e9-1er-mars-2018-RN118.png?fit=589%2C365&amp;ssl=1\" decoding=\"async\" loading=\"lazy\" class=\"alignnone size-full wp-image-4008\" src=\"https:\/\/i0.wp.com\/www.horizonemployeur.fr\/wordpress\/wp-content\/uploads\/2018\/02\/Arr\u00eat\u00e9-1er-mars-2018-RN118.png?resize=589%2C365\" alt=\"\" width=\"589\" height=\"365\" srcset=\"https:\/\/i0.wp.com\/www.horizonemployeur.fr\/wordpress\/wp-content\/uploads\/2018\/02\/Arr\u00eat\u00e9-1er-mars-2018-RN118.png?w=589&amp;ssl=1 589w, https:\/\/i0.wp.com\/www.horizonemployeur.fr\/wordpress\/wp-content\/uploads\/2018\/02\/Arr\u00eat\u00e9-1er-mars-2018-RN118.png?resize=300%2C186&amp;ssl=1 300w\" sizes=\"(max-width: 589px) 100vw, 589px\" data-recalc-dims=\"1\" \/><\/p>\n<p>Voici le communiqu\u00e9 de presse qui a \u00e9t\u00e9 publi\u00e9 par la pr\u00e9fecture de police mercredi 28 apr\u00e8s-midi:<\/p>\n<p><img data-attachment-id=\"4015\" data-permalink=\"https:\/\/www.horizonemployeur.fr\/wordpress\/2018\/02\/28\/neige-verglas-01-03-2018\/cp-pp-28-02-2018-page-1\/\" data-orig-file=\"https:\/\/i0.wp.com\/www.horizonemployeur.fr\/wordpress\/wp-content\/uploads\/2018\/02\/CP-PP-28-02-2018-page-1.jpg?fit=657%2C933&amp;ssl=1\" data-orig-size=\"657,933\" data-comments-opened=\"1\" data-image-meta=\"{&quot;aperture&quot;:&quot;0&quot;,&quot;credit&quot;:&quot;&quot;,&quot;camera&quot;:&quot;&quot;,&quot;caption&quot;:&quot;&quot;,&quot;created_timestamp&quot;:&quot;0&quot;,&quot;copyright&quot;:&quot;&quot;,&quot;focal_length&quot;:&quot;0&quot;,&quot;iso&quot;:&quot;0&quot;,&quot;shutter_speed&quot;:&quot;0&quot;,&quot;title&quot;:&quot;&quot;,&quot;orientation&quot;:&quot;0&quot;}\" data-image-title=\"CP PP 28-02-2018 page 1\" data-image-description=\"\" data-image-caption=\"\" data-medium-file=\"https:\/\/i0.wp.com\/www.horizonemployeur.fr\/wordpress\/wp-content\/uploads\/2018\/02\/CP-PP-28-02-2018-page-1.jpg?fit=211%2C300&amp;ssl=1\" data-large-file=\"https:\/\/i0.wp.com\/www.horizonemployeur.fr\/wordpress\/wp-content\/uploads\/2018\/02\/CP-PP-28-02-2018-page-1.jpg?fit=657%2C933&amp;ssl=1\" decoding=\"async\" loading=\"lazy\" class=\"alignnone size-full wp-image-4015\" src=\"https:\/\/i0.wp.com\/www.horizonemployeur.fr\/wordpress\/wp-content\/uploads\/2018\/02\/CP-PP-28-02-2018-page-1.jpg?resize=657%2C933\" alt=\"\" width=\"657\" height=\"933\" srcset=\"https:\/\/i0.wp.com\/www.horizonemployeur.fr\/wordpress\/wp-content\/uploads\/2018\/02\/CP-PP-28-02-2018-page-1.jpg?w=657&amp;ssl=1 657w, https:\/\/i0.wp.com\/www.horizonemployeur.fr\/wordpress\/wp-content\/uploads\/2018\/02\/CP-PP-28-02-2018-page-1.jpg?resize=211%2C300&amp;ssl=1 211w\" sizes=\"(max-width: 657px) 100vw, 657px\" data-recalc-dims=\"1\" \/><\/p>\n<p><img data-attachment-id=\"4016\" data-permalink=\"https:\/\/www.horizonemployeur.fr\/wordpress\/2018\/02\/28\/neige-verglas-01-03-2018\/cp-pp-28-02-2018-page-2\/\" data-orig-file=\"https:\/\/i0.wp.com\/www.horizonemployeur.fr\/wordpress\/wp-content\/uploads\/2018\/02\/CP-PP-28-02-2018-page-2.jpg?fit=658%2C935&amp;ssl=1\" data-orig-size=\"658,935\" data-comments-opened=\"1\" data-image-meta=\"{&quot;aperture&quot;:&quot;0&quot;,&quot;credit&quot;:&quot;&quot;,&quot;camera&quot;:&quot;&quot;,&quot;caption&quot;:&quot;&quot;,&quot;created_timestamp&quot;:&quot;0&quot;,&quot;copyright&quot;:&quot;&quot;,&quot;focal_length&quot;:&quot;0&quot;,&quot;iso&quot;:&quot;0&quot;,&quot;shutter_speed&quot;:&quot;0&quot;,&quot;title&quot;:&quot;&quot;,&quot;orientation&quot;:&quot;0&quot;}\" data-image-title=\"CP PP 28-02-2018 page 2\" data-image-description=\"\" data-image-caption=\"\" data-medium-file=\"https:\/\/i0.wp.com\/www.horizonemployeur.fr\/wordpress\/wp-content\/uploads\/2018\/02\/CP-PP-28-02-2018-page-2.jpg?fit=211%2C300&amp;ssl=1\" data-large-file=\"https:\/\/i0.wp.com\/www.horizonemployeur.fr\/wordpress\/wp-content\/uploads\/2018\/02\/CP-PP-28-02-2018-page-2.jpg?fit=658%2C935&amp;ssl=1\" decoding=\"async\" loading=\"lazy\" class=\"alignnone size-full wp-image-4016\" src=\"https:\/\/i0.wp.com\/www.horizonemployeur.fr\/wordpress\/wp-content\/uploads\/2018\/02\/CP-PP-28-02-2018-page-2.jpg?resize=658%2C935\" alt=\"\" width=\"658\" height=\"935\" srcset=\"https:\/\/i0.wp.com\/www.horizonemployeur.fr\/wordpress\/wp-content\/uploads\/2018\/02\/CP-PP-28-02-2018-page-2.jpg?w=658&amp;ssl=1 658w, https:\/\/i0.wp.com\/www.horizonemployeur.fr\/wordpress\/wp-content\/uploads\/2018\/02\/CP-PP-28-02-2018-page-2.jpg?resize=211%2C300&amp;ssl=1 211w\" sizes=\"(max-width: 658px) 100vw, 658px\" data-recalc-dims=\"1\" \/><\/p>\n<p>Si les m\u00eames r\u00e8gles qu&rsquo;au d\u00e9but f\u00e9vrier sont appliqu\u00e9es (<span style=\"text-decoration: underline;\">et \u00e0 condition que les bus puissent rouler<\/span>), on pourrait avoir:<\/p>\n<ul>\n<li>les lignes RATP 179 et 291 d\u00e9vi\u00e9es par la gare de Bellevue et Meudon-la-For\u00eat<\/li>\n<li>la ligne Albatrans 91.08 n&rsquo;assurant aucun service<\/li>\n<\/ul>\n<p>mais ceci reste \u00e0 confirmer en fonction de l&rsquo;\u00e9tat des chauss\u00e9es demain en d\u00e9but de matin\u00e9e.<\/p>\n<p>De son c\u00f4t\u00e9, Keolis V\u00e9lizy a d&rsquo;ores et d\u00e9j\u00e0 annonc\u00e9 l&rsquo;interruption du service des&nbsp;lignes Ph\u00e9bus 40, 42, 45 et 60 d\u00e8s demain matin et jusqu&rsquo;\u00e0 la lev\u00e9e de l&rsquo;interdiction de la circulation des bus sur la RN 118.<\/p>\n<p><img data-attachment-id=\"4010\" data-permalink=\"https:\/\/www.horizonemployeur.fr\/wordpress\/2018\/02\/28\/neige-verglas-01-03-2018\/tweet-keolis-velizy-28-fevrier-2018-15h01\/\" data-orig-file=\"https:\/\/i0.wp.com\/www.horizonemployeur.fr\/wordpress\/wp-content\/uploads\/2018\/02\/Tweet-Keolis-V\u00e9lizy-28-f\u00e9vrier-2018-15h01.png?fit=586%2C98&amp;ssl=1\" data-orig-size=\"586,98\" data-comments-opened=\"1\" data-image-meta=\"{&quot;aperture&quot;:&quot;0&quot;,&quot;credit&quot;:&quot;&quot;,&quot;camera&quot;:&quot;&quot;,&quot;caption&quot;:&quot;&quot;,&quot;created_timestamp&quot;:&quot;0&quot;,&quot;copyright&quot;:&quot;&quot;,&quot;focal_length&quot;:&quot;0&quot;,&quot;iso&quot;:&quot;0&quot;,&quot;shutter_speed&quot;:&quot;0&quot;,&quot;title&quot;:&quot;&quot;,&quot;orientation&quot;:&quot;0&quot;}\" data-image-title=\"Tweet Keolis V\u00e9lizy 28 f\u00e9vrier 2018 15h01\" data-image-description=\"\" data-image-caption=\"\" data-medium-file=\"https:\/\/i0.wp.com\/www.horizonemployeur.fr\/wordpress\/wp-content\/uploads\/2018\/02\/Tweet-Keolis-V\u00e9lizy-28-f\u00e9vrier-2018-15h01.png?fit=300%2C50&amp;ssl=1\" data-large-file=\"https:\/\/i0.wp.com\/www.horizonemployeur.fr\/wordpress\/wp-content\/uploads\/2018\/02\/Tweet-Keolis-V\u00e9lizy-28-f\u00e9vrier-2018-15h01.png?fit=586%2C98&amp;ssl=1\" decoding=\"async\" loading=\"lazy\" class=\"alignnone size-full wp-image-4010\" src=\"https:\/\/i0.wp.com\/www.horizonemployeur.fr\/wordpress\/wp-content\/uploads\/2018\/02\/Tweet-Keolis-V\u00e9lizy-28-f\u00e9vrier-2018-15h01.png?resize=586%2C98\" alt=\"\" width=\"586\" height=\"98\" srcset=\"https:\/\/i0.wp.com\/www.horizonemployeur.fr\/wordpress\/wp-content\/uploads\/2018\/02\/Tweet-Keolis-V\u00e9lizy-28-f\u00e9vrier-2018-15h01.png?w=586&amp;ssl=1 586w, https:\/\/i0.wp.com\/www.horizonemployeur.fr\/wordpress\/wp-content\/uploads\/2018\/02\/Tweet-Keolis-V\u00e9lizy-28-f\u00e9vrier-2018-15h01.png?resize=300%2C50&amp;ssl=1 300w\" sizes=\"(max-width: 586px) 100vw, 586px\" data-recalc-dims=\"1\" \/>&nbsp;<\/p>\n<p>Plus en d\u00e9tails (informations de Keolis V\u00e9lizy, mercredi 15h30):<\/p>\n<table>\n<tbody>\n<tr>\n<td>\n<ul>\n<li><span style=\"color: #0000ff;\">Fin de service \u00e0 partir de 21h30 sur les lignes 40, 42, 45 et 60. Seuls <u>les derniers d\u00e9parts du Pont\/Mus\u00e9e de S\u00e8vres \u00e0 21h25 (ligne40) et \u00e0 21h30 (lignes 42 et 45) <strong>seront effectu\u00e9s<\/strong><\/u>. <u>Les derniers d\u00e9parts de V\u00e9lizy les lignes 40, 42, 45 \u00e0 21h30 <strong>ne seront pas assur\u00e9s<\/strong><\/u>. De m\u00eame <u>les derniers d\u00e9parts de Massy (21h30 et V\u00e9lizy( 21h40 de la ligne 60 <strong>ne seront pas assur\u00e9s<\/strong><\/u> non plus.<\/span><\/li>\n<li><span style=\"color: #0000ff;\">Pas de d\u00e9marrage du service demain matin sur les lignes 40, 42, 45 et 60, et ce tant que la N118 demeurera ferm\u00e9e aux v\u00e9hicules de plus de 7,5 tonnes. Nous informerons au fil de l\u2019eau et en fonction des infos re\u00e7ues sur l\u2019heure de reprise du service.<\/span><\/li>\n<li><span style=\"color: #0000ff;\">Risques important de perturbation ou de d\u00e9gradation du service demain matin sur les lignes 22, 23, 24, 31, 32, 33, 34 en fonction des conditions m\u00e9t\u00e9o et de l\u2019\u00e9tat du d\u00e9p\u00f4t et des voiries. Des reconnaissances de lignes seront effectu\u00e9es d\u00e8s 4h30 du matin et il n\u2019est pas exclu que les premiers d\u00e9parts soient retard\u00e9s ou annul\u00e9s.<\/span><\/li>\n<\/ul>\n<\/td>\n<\/tr>\n<\/tbody>\n<\/table>\n<p>&nbsp;<\/p>\n<h1><a id=\"pasmieuxailleurs\"><\/a>Et ce n&rsquo;est pas mieux ailleurs&#8230;<\/h1>\n<p>&#8230;comme en t\u00e9moignent ces 2 informations du PC Mobilit\u00e9 de Radio-France, respectivement dat\u00e9es de 8h ce matin et de midi<\/p>\n<p><img data-attachment-id=\"3999\" data-permalink=\"https:\/\/www.horizonemployeur.fr\/wordpress\/2018\/02\/28\/neige-verglas-01-03-2018\/rftrafic-28-02-2018-8h08-pays-basque\/\" data-orig-file=\"https:\/\/i0.wp.com\/www.horizonemployeur.fr\/wordpress\/wp-content\/uploads\/2018\/02\/rftrafic-28-02-2018-8h08-Pays-Basque.png?fit=586%2C478&amp;ssl=1\" data-orig-size=\"586,478\" data-comments-opened=\"1\" data-image-meta=\"{&quot;aperture&quot;:&quot;0&quot;,&quot;credit&quot;:&quot;&quot;,&quot;camera&quot;:&quot;&quot;,&quot;caption&quot;:&quot;&quot;,&quot;created_timestamp&quot;:&quot;0&quot;,&quot;copyright&quot;:&quot;&quot;,&quot;focal_length&quot;:&quot;0&quot;,&quot;iso&quot;:&quot;0&quot;,&quot;shutter_speed&quot;:&quot;0&quot;,&quot;title&quot;:&quot;&quot;,&quot;orientation&quot;:&quot;0&quot;}\" data-image-title=\"rftrafic 28 02 2018 8h08 Pays Basque\" data-image-description=\"\" data-image-caption=\"\" data-medium-file=\"https:\/\/i0.wp.com\/www.horizonemployeur.fr\/wordpress\/wp-content\/uploads\/2018\/02\/rftrafic-28-02-2018-8h08-Pays-Basque.png?fit=300%2C245&amp;ssl=1\" data-large-file=\"https:\/\/i0.wp.com\/www.horizonemployeur.fr\/wordpress\/wp-content\/uploads\/2018\/02\/rftrafic-28-02-2018-8h08-Pays-Basque.png?fit=586%2C478&amp;ssl=1\" decoding=\"async\" loading=\"lazy\" class=\"alignnone size-full wp-image-3999\" src=\"https:\/\/i0.wp.com\/www.horizonemployeur.fr\/wordpress\/wp-content\/uploads\/2018\/02\/rftrafic-28-02-2018-8h08-Pays-Basque.png?resize=586%2C478\" alt=\"\" width=\"586\" height=\"478\" srcset=\"https:\/\/i0.wp.com\/www.horizonemployeur.fr\/wordpress\/wp-content\/uploads\/2018\/02\/rftrafic-28-02-2018-8h08-Pays-Basque.png?w=586&amp;ssl=1 586w, https:\/\/i0.wp.com\/www.horizonemployeur.fr\/wordpress\/wp-content\/uploads\/2018\/02\/rftrafic-28-02-2018-8h08-Pays-Basque.png?resize=300%2C245&amp;ssl=1 300w\" sizes=\"(max-width: 586px) 100vw, 586px\" data-recalc-dims=\"1\" \/> <img data-attachment-id=\"4000\" data-permalink=\"https:\/\/www.horizonemployeur.fr\/wordpress\/2018\/02\/28\/neige-verglas-01-03-2018\/rftrafic-28-02-2018-11h55-montpellier\/\" data-orig-file=\"https:\/\/i0.wp.com\/www.horizonemployeur.fr\/wordpress\/wp-content\/uploads\/2018\/02\/rftrafic-28-02-2018-11h55-Montpellier.png?fit=586%2C478&amp;ssl=1\" data-orig-size=\"586,478\" data-comments-opened=\"1\" data-image-meta=\"{&quot;aperture&quot;:&quot;0&quot;,&quot;credit&quot;:&quot;&quot;,&quot;camera&quot;:&quot;&quot;,&quot;caption&quot;:&quot;&quot;,&quot;created_timestamp&quot;:&quot;0&quot;,&quot;copyright&quot;:&quot;&quot;,&quot;focal_length&quot;:&quot;0&quot;,&quot;iso&quot;:&quot;0&quot;,&quot;shutter_speed&quot;:&quot;0&quot;,&quot;title&quot;:&quot;&quot;,&quot;orientation&quot;:&quot;0&quot;}\" data-image-title=\"rftrafic 28 02 2018 11h55 Montpellier\" data-image-description=\"\" data-image-caption=\"\" data-medium-file=\"https:\/\/i0.wp.com\/www.horizonemployeur.fr\/wordpress\/wp-content\/uploads\/2018\/02\/rftrafic-28-02-2018-11h55-Montpellier.png?fit=300%2C245&amp;ssl=1\" data-large-file=\"https:\/\/i0.wp.com\/www.horizonemployeur.fr\/wordpress\/wp-content\/uploads\/2018\/02\/rftrafic-28-02-2018-11h55-Montpellier.png?fit=586%2C478&amp;ssl=1\" decoding=\"async\" loading=\"lazy\" class=\"alignnone size-full wp-image-4000\" src=\"https:\/\/i0.wp.com\/www.horizonemployeur.fr\/wordpress\/wp-content\/uploads\/2018\/02\/rftrafic-28-02-2018-11h55-Montpellier.png?resize=586%2C478\" alt=\"\" width=\"586\" height=\"478\" srcset=\"https:\/\/i0.wp.com\/www.horizonemployeur.fr\/wordpress\/wp-content\/uploads\/2018\/02\/rftrafic-28-02-2018-11h55-Montpellier.png?w=586&amp;ssl=1 586w, https:\/\/i0.wp.com\/www.horizonemployeur.fr\/wordpress\/wp-content\/uploads\/2018\/02\/rftrafic-28-02-2018-11h55-Montpellier.png?resize=300%2C245&amp;ssl=1 300w\" sizes=\"(max-width: 586px) 100vw, 586px\" data-recalc-dims=\"1\" \/><\/p>\n","protected":false},"excerpt":{"rendered":"<p>Le 1er mars marque officiellement le d\u00e9but du printemps m\u00e9t\u00e9orologique, mais le 1er mars 2018 sera surtout marqu\u00e9 par un retour de la neige et du verglas. Restez donc prudents lors de vos d\u00e9placements en ce 1er jour de mars. Dans cette page: les pr\u00e9visions m\u00e9t\u00e9o les cons\u00e9quences les cons\u00e9quences sur la circulation routi\u00e8re (dont [&hellip;]<\/p>\n","protected":false},"author":1,"featured_media":4007,"comment_status":"open","ping_status":"open","sticky":false,"template":"page-templates\/no-sidebar.php","format":"standard","meta":{"ngg_post_thumbnail":0,"jetpack_post_was_ever_published":false},"categories":[10,12],"tags":[],"jetpack_featured_media_url":"https:\/\/i0.wp.com\/www.horizonemployeur.fr\/wordpress\/wp-content\/uploads\/2018\/02\/Vigilance-orange-France-28-02-01-03-2018-titre-1.png?fit=750%2C356&ssl=1","jetpack_sharing_enabled":true,"jetpack_shortlink":"https:\/\/wp.me\/p7AoJR-12p","jetpack-related-posts":[{"id":4610,"url":"https:\/\/www.horizonemployeur.fr\/wordpress\/2018\/04\/30\/trafic-01-05-2018\/","url_meta":{"origin":3993,"position":0},"title":"Mardi 1er mai 2018: pr\u00e9visions de trafic","date":"30 avril 2018","format":false,"excerpt":"Le mardi 1er mai est le premier jour f\u00e9ri\u00e9 de ce mois de mai 2018. Toutes les lignes Transilien sont annonc\u00e9es en service normal, en dehors des cons\u00e9quences des travaux. Tous les r\u00e9seaux, lorsqu'ils fonctionnent, suivent les horaires des dimanches et jours f\u00e9ri\u00e9s. Par ailleurs, certaines lignes, en particulier bus,\u2026","rel":"","context":"Dans &quot;Transports en Commun&quot;","img":{"alt_text":"","src":"https:\/\/i0.wp.com\/www.horizonemployeur.fr\/wordpress\/wp-content\/uploads\/2018\/04\/P1120903_1024d.jpg?fit=1024%2C512&ssl=1&resize=350%2C200","width":350,"height":200},"classes":[]},{"id":5280,"url":"https:\/\/www.horizonemployeur.fr\/wordpress\/2018\/06\/27\/trafic-28-06-2018\/","url_meta":{"origin":3993,"position":1},"title":"Jeudi 28 juin 2018: pr\u00e9visions de trafic SNCF","date":"27 juin 2018","format":false,"excerpt":"Jeudi 28 juin, 36e et dernier jour du mouvement \"2 jours sur 5\" qui aura eu sur certaines lignes des cons\u00e9quences, certes variables, mais visibles 5 jours sur 5. Ce mouvement, qui aura marqu\u00e9 tout le printemps 2018, touche donc \u00e0 sa fin, en attendant la prochaine saison, l'\u00e9t\u00e9, qui\u2026","rel":"","context":"Dans &quot;Transports en Commun&quot;","img":{"alt_text":"","src":"https:\/\/i0.wp.com\/www.horizonemployeur.fr\/wordpress\/wp-content\/uploads\/2018\/06\/P1060338_975d.jpg?fit=975%2C466&ssl=1&resize=350%2C200","width":350,"height":200},"classes":[]},{"id":4908,"url":"https:\/\/www.horizonemployeur.fr\/wordpress\/2018\/05\/31\/trafic-01-06-2018\/","url_meta":{"origin":3993,"position":2},"title":"Vendredi 1er juin 2018: pr\u00e9visions de trafic SNCF","date":"31 mai 2018","format":false,"excerpt":"3e jour d'un trafic assez normal sur les lignes SNCF. Les fortes perturbations reprendront ce week-end, en conjonction avec les chantiers, nombreux ce week-end. (mise \u00e0 jour jeudi 31 mai, 17h20) Voici donc les pr\u00e9visions de trafic pour la journ\u00e9e du\u00a0vendredi 1er juin. \u00a0 Ile-de-France RER et Transilien Attention, certaines\u2026","rel":"","context":"Dans &quot;Transports en Commun&quot;","img":{"alt_text":"","src":"https:\/\/i0.wp.com\/www.horizonemployeur.fr\/wordpress\/wp-content\/uploads\/2018\/05\/P1190263_975d.jpg?fit=975%2C466&ssl=1&resize=350%2C200","width":350,"height":200},"classes":[]},{"id":4708,"url":"https:\/\/www.horizonemployeur.fr\/wordpress\/2018\/05\/14\/trafic-15-05-2018\/","url_meta":{"origin":3993,"position":3},"title":"Mardi 15 mai 2018: pr\u00e9visions de trafic SNCF","date":"14 mai 2018","format":false,"excerpt":"Apr\u00e8s un lundi tr\u00e8s difficile en particulier sur certaines lignes, on revient pour les 3 journ\u00e9es des mardi 15, mercredi 16 et jeudi 17 \u00e0 un trafic habituel de jour de faible perturbation. Les diverses lignes assureront ce mardi un trafic compris entre 2 trains sur 3 et un trafic\u2026","rel":"","context":"Dans &quot;Transports en Commun&quot;","img":{"alt_text":"","src":"https:\/\/i0.wp.com\/www.horizonemployeur.fr\/wordpress\/wp-content\/uploads\/2018\/05\/P1200776_975d.jpg?fit=975%2C466&ssl=1&resize=350%2C200","width":350,"height":200},"classes":[]},{"id":4721,"url":"https:\/\/www.horizonemployeur.fr\/wordpress\/2018\/05\/16\/trafic-17-mai-2018\/","url_meta":{"origin":3993,"position":4},"title":"Jeudi 17 mai 2018: pr\u00e9visions de trafic SNCF","date":"16 mai 2018","format":false,"excerpt":"Jeudi 17 mai, 3e jour sur 3 de faibles perturbations. Le vendredi 18 sera probablement une journ\u00e9e nettement moins favorable aux voyageurs. (mise \u00e0 jour mercredi 16 mai, 17h10)\u00a0 Les pr\u00e9visions de trafic pour la journ\u00e9e du jeudi 17 mai\u00a0sont les suivantes. \u00a0 \u00a0 Ile-de-France RER et Transilien Attention, certaines\u2026","rel":"","context":"Dans &quot;Transports en Commun&quot;","img":{"alt_text":"","src":"https:\/\/i0.wp.com\/www.horizonemployeur.fr\/wordpress\/wp-content\/uploads\/2018\/05\/P1050659_975.jpg?fit=975%2C466&ssl=1&resize=350%2C200","width":350,"height":200},"classes":[]},{"id":2093,"url":"https:\/\/www.horizonemployeur.fr\/wordpress\/2016\/03\/30\/greve-31-03-2016\/","url_meta":{"origin":3993,"position":5},"title":"Jeudi 31 mars 2016 &#8211; mouvements sociaux","date":"30 mars 2016","format":false,"excerpt":"La journ\u00e9e du jeudi 31 mars sera marqu\u00e9e, \u00e0 l'exemple de celle du mercredi 9 mars, par plusieurs mouvements sociaux touchant en particulier les transports. Que devez-vous attendre (ou renoncer \u00e0 attendre) de cette journ\u00e9e ? Les pr\u00e9visions de trafic R\u00e9seau express r\u00e9gional et lignes Transilien Des perturbations peuvent subsister\u2026","rel":"","context":"Dans &quot;Transports en Commun&quot;","img":{"alt_text":"","src":"https:\/\/i0.wp.com\/www.horizonemployeur.fr\/wordpress\/wp-content\/uploads\/2016\/03\/vignette-grc3a8ves-31-3-2016.png?fit=400%2C300&ssl=1&resize=350%2C200","width":350,"height":200},"classes":[]}],"_links":{"self":[{"href":"https:\/\/www.horizonemployeur.fr\/wordpress\/wp-json\/wp\/v2\/posts\/3993"}],"collection":[{"href":"https:\/\/www.horizonemployeur.fr\/wordpress\/wp-json\/wp\/v2\/posts"}],"about":[{"href":"https:\/\/www.horizonemployeur.fr\/wordpress\/wp-json\/wp\/v2\/types\/post"}],"author":[{"embeddable":true,"href":"https:\/\/www.horizonemployeur.fr\/wordpress\/wp-json\/wp\/v2\/users\/1"}],"replies":[{"embeddable":true,"href":"https:\/\/www.horizonemployeur.fr\/wordpress\/wp-json\/wp\/v2\/comments?post=3993"}],"version-history":[{"count":11,"href":"https:\/\/www.horizonemployeur.fr\/wordpress\/wp-json\/wp\/v2\/posts\/3993\/revisions"}],"predecessor-version":[{"id":4017,"href":"https:\/\/www.horizonemployeur.fr\/wordpress\/wp-json\/wp\/v2\/posts\/3993\/revisions\/4017"}],"wp:featuredmedia":[{"embeddable":true,"href":"https:\/\/www.horizonemployeur.fr\/wordpress\/wp-json\/wp\/v2\/media\/4007"}],"wp:attachment":[{"href":"https:\/\/www.horizonemployeur.fr\/wordpress\/wp-json\/wp\/v2\/media?parent=3993"}],"wp:term":[{"taxonomy":"category","embeddable":true,"href":"https:\/\/www.horizonemployeur.fr\/wordpress\/wp-json\/wp\/v2\/categories?post=3993"},{"taxonomy":"post_tag","embeddable":true,"href":"https:\/\/www.horizonemployeur.fr\/wordpress\/wp-json\/wp\/v2\/tags?post=3993"}],"curies":[{"name":"wp","href":"https:\/\/api.w.org\/{rel}","templated":true}]}}