{"id":3962,"date":"2018-02-14T11:42:58","date_gmt":"2018-02-14T10:42:58","guid":{"rendered":"http:\/\/www.horizonemployeur.fr\/wordpress\/?p=3962"},"modified":"2018-02-14T11:58:31","modified_gmt":"2018-02-14T10:58:31","slug":"greve-sncf-15-02-2018","status":"publish","type":"post","link":"https:\/\/www.horizonemployeur.fr\/wordpress\/2018\/02\/14\/greve-sncf-15-02-2018\/","title":{"rendered":"Jeudi 15 f\u00e9vrier 2018: mouvement social sur plusieurs lignes SNCF"},"content":{"rendered":"<p>La circulation des trains de plusieurs lignes Transilien SNCF sera perturb\u00e9e jeudi 15 f\u00e9vrier. Sont concern\u00e9s:<\/p>\n<ul>\n<li><a href=\"#rerc\">RER C<\/a><\/li>\n<li><a href=\"#rerd\">RER D<\/a><\/li>\n<li><a href=\"#rere\">RER E<\/a><\/li>\n<li><a href=\"#lignen\">Ligne N<\/a><\/li>\n<li><a href=\"#lignep\">Ligne P<\/a><\/li>\n<li><a href=\"#ligneu\">Ligne U<\/a><\/li>\n<li><a href=\"#terpclm\">TER Paris-Chartres<\/a><\/li>\n<\/ul>\n<p><!--more--><\/p>\n<p>Retrouvez les informations ci-dessous sur le site Transilien:<br \/>\n<a href=\"https:\/\/www.transilien.com\/#info-trafic-temps-reel\" target=\"_blank\" rel=\"noopener\">https:\/\/www.transilien.com\/#info-trafic-temps-reel<\/a>.<\/p>\n<p>Avant de partir, v\u00e9rifiez l&rsquo;horaire de vos prochains trains sur le site Transilien:<br \/>\n<a href=\"https:\/\/www.transilien.com\/fr\/horaires\" target=\"_blank\" rel=\"noopener\">https:\/\/www.transilien.com\/fr\/horaires<\/a><br \/>\nou sur l&rsquo;application SNCF.<\/p>\n<h1><a id=\"rerc\"><\/a><br \/>\nRER C<\/h1>\n<p>Sur la ligne C du RER, pr\u00e9voir 1 train sur 2 sur l&rsquo;ensemble de la ligne. Les horaires pr\u00e9visionnels seront les suivants:<\/p>\n<ul>\n<li><a href=\"http:\/\/documents.transilien.com\/1517504942387.pdf\" target=\"_blank\" rel=\"noopener\">Pontoise &lt;-&gt; Massy Palaiseau<\/a>&nbsp;par Paris et Pont de Rungis<\/li>\n<li><a href=\"http:\/\/documents.transilien.com\/1517504942388.pdf\" target=\"_blank\" rel=\"noopener\">Versailles Ch\u00e2teau Rive Gauche &lt;-&gt; Versailles Chantiers<\/a>&nbsp;par Paris, Juvisy et Massy<br \/>\n<em>(desserte des gares de Viroflay-RG, Chaville-V\u00e9lizy, Meudon-Val-Fleury, Issy-Val de Seine +&nbsp;<\/em><br \/>\n<em>desserte des gares de Bi\u00e8vres, Vauboyen, Jouy-en-Josas, Petit-Jouy)<\/em><\/li>\n<li><a href=\"http:\/\/documents.transilien.com\/1517504942389.pdf\" target=\"_blank\" rel=\"noopener\">Invalides &lt;-&gt; Dourdan<\/a>&nbsp;par Juvisy et Br\u00e9tigny<\/li>\n<li><a href=\"http:\/\/documents.transilien.com\/1517504942390.pdf\" target=\"_blank\" rel=\"noopener\">St-Quentin en Yvelines &lt;-&gt; St Martin d&rsquo;Etampes<\/a>&nbsp;par Versailles-Chantiers, Paris, Juvisy et Br\u00e9tigny<br \/>\n<em>(desserte des gares de Viroflay-RG, Chaville-V\u00e9lizy, Meudon-Val-Fleury, Issy-Val de Seine)<\/em><\/li>\n<\/ul>\n<h1><a id=\"rerd\"><\/a><br \/>\nRER D<\/h1>\n<p>Sur la ligne D du RER , la branche Vall\u00e9e (gares de Ris-Orangis, Grand-Bourg et Evry-Val de Seine) ne sera pas desservie de toute la journ\u00e9e. Les trains sont tous d\u00e9vi\u00e9s par Evry-Courcouronnes et la branche Plateau.<\/p>\n<p>Par ailleurs, il y aura 1 train sur 2 sur les navettes Juvisy-Corbeil-Melun (missions ZOPO \/ JOPA), celles-ci \u00e9tant limit\u00e9es \u00e0 leur parcours Corbeil-Melun.<\/p>\n<h1><a id=\"rere\"><\/a><br \/>\nRER E<\/h1>\n<p>Sur la ligne E du RER, seuls certains trains sont en circulation pendant la journ\u00e9e du 15 f\u00e9vrier. Les horaires pr\u00e9visionnels sont les suivants:<\/p>\n<ul>\n<li><a href=\"http:\/\/documents.transilien.com\/1517504942382.pdf\" target=\"_blank\" rel=\"noopener\">Haussmann Saint-Lazare &lt;-&gt; Chelles Gournay<\/a><\/li>\n<li><a href=\"http:\/\/documents.transilien.com\/1517504942381.pdf\" target=\"_blank\" rel=\"noopener\">Haussmann Saint-Lazare &lt;-&gt; Villiers sur Marne<\/a><\/li>\n<\/ul>\n<h1><a id=\"lignen\"><\/a><br \/>\nLigne N<\/h1>\n<p>Sur la ligne N, pr\u00e9voir 1 train sur 2. Les horaires pr\u00e9visionnels sont les suivants:<\/p>\n<ul>\n<li><a href=\"http:\/\/documents.transilien.com\/1517504942394.pdf\" target=\"_blank\" rel=\"noopener\">Rambouillet \/ Dreux \/ Mantes \/ Plaisir &#8211;&gt; Paris Montparnasse<\/a><\/li>\n<li><a href=\"http:\/\/documents.transilien.com\/1517504942395.pdf\" target=\"_blank\" rel=\"noopener\">Paris Montparnasse &#8211;&gt; Rambouillet \/ Dreux \/ Mantes \/ Plaisir<\/a><\/li>\n<\/ul>\n<h1><a id=\"lignep\"><\/a><br \/>\nLigne P<\/h1>\n<p>Sur la ligne P, un certain nombre de trains sont supprim\u00e9s sur les diverses branches de la ligne. La SNCF a communiqu\u00e9 les horaires suivants:<\/p>\n<ul>\n<li><a href=\"http:\/\/documents.transilien.com\/1517504942377.pdf\" target=\"_blank\" rel=\"noopener\">Paris Est &lt;-&gt; Meaux<\/a><\/li>\n<li><a href=\"http:\/\/documents.transilien.com\/1517504942378.pdf\" target=\"_blank\" rel=\"noopener\">Paris Est &lt;-&gt; Ch\u00e2teau Thierry<\/a><\/li>\n<li><a href=\"http:\/\/documents.transilien.com\/1517504942379.pdf\" target=\"_blank\" rel=\"noopener\">Paris Est &lt;-&gt; Coulommiers<\/a><\/li>\n<li><a href=\"http:\/\/documents.transilien.com\/1517504942380.pdf\" target=\"_blank\" rel=\"noopener\">Paris Est &lt;-&gt; Provins<\/a><\/li>\n<\/ul>\n<h1><a id=\"ligneu\"><\/a><br \/>\nLigne U<\/h1>\n<p>Sur la ligne U, pr\u00e9voir l\u00e0 aussi 1 train sur 2 avec les horaires pr\u00e9visionnels suivants:<\/p>\n<ul>\n<li><a href=\"http:\/\/documents.transilien.com\/1517504942393.pdf\" target=\"_blank\" rel=\"noopener\">La D\u00e9fense &lt;-&gt; La Verri\u00e8re<\/a><\/li>\n<\/ul>\n<h1><a id=\"terpclm\"><\/a><br \/>\nTER Paris-Chartres<\/h1>\n<p>Sur la liaison TER Paris &#8211; Versailles &#8211; Chartres, seuls certains trains circulent. Les horaires en sont les suivants:<\/p>\n<ul>\n<li><a href=\"http:\/\/documents.transilien.com\/1517504942385.pdf\">Paris Montparnasse &lt;-&gt; Chartres<\/a><\/li>\n<\/ul>\n","protected":false},"excerpt":{"rendered":"<p>La circulation des trains de plusieurs lignes Transilien SNCF sera perturb\u00e9e jeudi 15 f\u00e9vrier. Sont concern\u00e9s: RER C RER D RER E Ligne N Ligne P Ligne U TER Paris-Chartres<\/p>\n","protected":false},"author":1,"featured_media":3965,"comment_status":"open","ping_status":"open","sticky":false,"template":"","format":"standard","meta":{"ngg_post_thumbnail":0,"jetpack_post_was_ever_published":false},"categories":[12],"tags":[],"jetpack_featured_media_url":"https:\/\/i0.wp.com\/www.horizonemployeur.fr\/wordpress\/wp-content\/uploads\/2018\/02\/RER-C-\u00e0-Savigny-sur-Orge.png?fit=800%2C400&ssl=1","jetpack_sharing_enabled":true,"jetpack_shortlink":"https:\/\/wp.me\/p7AoJR-11U","jetpack-related-posts":[{"id":2093,"url":"https:\/\/www.horizonemployeur.fr\/wordpress\/2016\/03\/30\/greve-31-03-2016\/","url_meta":{"origin":3962,"position":0},"title":"Jeudi 31 mars 2016 &#8211; mouvements sociaux","date":"30 mars 2016","format":false,"excerpt":"La journ\u00e9e du jeudi 31 mars sera marqu\u00e9e, \u00e0 l'exemple de celle du mercredi 9 mars, par plusieurs mouvements sociaux touchant en particulier les transports. Que devez-vous attendre (ou renoncer \u00e0 attendre) de cette journ\u00e9e ? Les pr\u00e9visions de trafic R\u00e9seau express r\u00e9gional et lignes Transilien Des perturbations peuvent subsister\u2026","rel":"","context":"Dans &quot;Transports en Commun&quot;","img":{"alt_text":"","src":"https:\/\/i0.wp.com\/www.horizonemployeur.fr\/wordpress\/wp-content\/uploads\/2016\/03\/vignette-grc3a8ves-31-3-2016.png?fit=400%2C300&ssl=1&resize=350%2C200","width":350,"height":200},"classes":[]},{"id":2393,"url":"https:\/\/www.horizonemployeur.fr\/wordpress\/2016\/04\/25\/greve-26-avril-2016\/","url_meta":{"origin":3962,"position":1},"title":"Mardi 26 avril 2016 &#8211; gr\u00e8ve SNCF","date":"25 avril 2016","format":false,"excerpt":"Ce mardi 26 avril, les principales organisations syndicales de la SNCF appellent \u00e0 la gr\u00e8ve. Quelles seront les cons\u00e9quences de ce nouvel appel \u00e0 la gr\u00e8ve sur vos d\u00e9placements ? Un rapide tour d'horizon sur les diverses lignes. R\u00e9seau Transilien \u00a0Ligne \u00a0% service assur\u00e9 en moyenne h. de pointe \u00a0Horaires\u2026","rel":"","context":"Dans &quot;Transports en Commun&quot;","img":{"alt_text":"","src":"","width":0,"height":0},"classes":[]},{"id":3350,"url":"https:\/\/www.horizonemployeur.fr\/wordpress\/2017\/09\/11\/greve-12-09-2017\/","url_meta":{"origin":3962,"position":2},"title":"12 septembre 2017 &#8211; mouvements sociaux dans vos transports","date":"11 septembre 2017","format":false,"excerpt":"La journ\u00e9e du mardi 12 septembre 2017 est marqu\u00e9e par des appels \u00e0 la gr\u00e8ve lanc\u00e9es par plusieurs organisations syndicales. Quelles en seront les cons\u00e9quences dans vos d\u00e9placements ? Les pr\u00e9visions de trafic ont \u00e9t\u00e9 publi\u00e9es par les transporteurs ce dimanche soir (pr\u00e9visions \u00e0 48 heures). RER Ligne Trafic pr\u00e9vu\u2026","rel":"","context":"Dans &quot;Transports en Commun&quot;","img":{"alt_text":"","src":"https:\/\/i0.wp.com\/www.horizonemployeur.fr\/wordpress\/wp-content\/uploads\/2017\/09\/Pr\u00c3\u00a9visions-trafic-r\u00c3\u00a9sum\u00c3\u00a9es-gr\u00c3\u00a8ve-12-septembre-2017.png?resize=350%2C200","width":350,"height":200},"classes":[]},{"id":3244,"url":"https:\/\/www.horizonemployeur.fr\/wordpress\/2017\/07\/06\/horaires-ete-2017\/","url_meta":{"origin":3962,"position":3},"title":"Horaires d&rsquo;\u00e9t\u00e9 2017 dans les transports en commun","date":"6 juillet 2017","format":false,"excerpt":"Comme chaque \u00e9t\u00e9, la plupart des dessertes bus, tramways, RER et trains s'adaptent \u00e0 la baisse de la fr\u00e9quentation (et aux cong\u00e9s des conducteurs). Suivant les op\u00e9rateurs, les p\u00e9riodes d'application des horaires d'\u00e9t\u00e9 varient. Un rapide tour d'horizon des lignes de notre secteur... Bus et tramways Tramway T6 RATP Horaires\u2026","rel":"","context":"Dans &quot;Transports en Commun&quot;","img":{"alt_text":"","src":"","width":0,"height":0},"classes":[]},{"id":4235,"url":"https:\/\/www.horizonemployeur.fr\/wordpress\/2018\/04\/04\/trafic-05-04-2018\/","url_meta":{"origin":3962,"position":4},"title":"Jeudi 5 avril 2018: pr\u00e9visions de trafic SNCF","date":"4 avril 2018","format":false,"excerpt":"Jeudi 5 avril 2018, nous avons pass\u00e9 les 2 premiers jours de gr\u00e8ve sur les 36 pr\u00e9vus, mais: une organisation syndicale est sur la base d'un mouvement reconductible toutes les 24 heures, donc ind\u00e9pendant de la r\u00e8gle des \"2 jours sur 5\" certaines perturbations seront de toute fa\u00e7on \u00e0 pr\u00e9voir\u2026","rel":"","context":"Dans &quot;Transports en Commun&quot;","img":{"alt_text":"","src":"https:\/\/i0.wp.com\/www.horizonemployeur.fr\/wordpress\/wp-content\/uploads\/2018\/04\/Affichage-trains-Gare-de-Lyon.jpg?fit=1200%2C481&ssl=1&resize=350%2C200","width":350,"height":200},"classes":[]},{"id":1738,"url":"https:\/\/www.horizonemployeur.fr\/wordpress\/2016\/03\/08\/tc-09-03-2016\/","url_meta":{"origin":3962,"position":5},"title":"Mercredi 9 mars 2016: ce qui vous attend dans les transports en commun","date":"8 mars 2016","format":false,"excerpt":"Comme vous avez pu le voir ou l'entendre dans les m\u00e9dias ces derniers jours, la journ\u00e9e du mercredi 9 mars fait l'objet de plusieurs pr\u00e9avis d\u00e9pos\u00e9s par diff\u00e9rentes organisations syndicales: \u00e0 la SNCF, 4 organisations syndicales ont d\u00e9pos\u00e9 un pr\u00e9avis portant principalement sur le futur statut cheminot. Ce statut sera\u2026","rel":"","context":"Dans &quot;Transports en Commun&quot;","img":{"alt_text":"","src":"","width":0,"height":0},"classes":[]}],"_links":{"self":[{"href":"https:\/\/www.horizonemployeur.fr\/wordpress\/wp-json\/wp\/v2\/posts\/3962"}],"collection":[{"href":"https:\/\/www.horizonemployeur.fr\/wordpress\/wp-json\/wp\/v2\/posts"}],"about":[{"href":"https:\/\/www.horizonemployeur.fr\/wordpress\/wp-json\/wp\/v2\/types\/post"}],"author":[{"embeddable":true,"href":"https:\/\/www.horizonemployeur.fr\/wordpress\/wp-json\/wp\/v2\/users\/1"}],"replies":[{"embeddable":true,"href":"https:\/\/www.horizonemployeur.fr\/wordpress\/wp-json\/wp\/v2\/comments?post=3962"}],"version-history":[{"count":5,"href":"https:\/\/www.horizonemployeur.fr\/wordpress\/wp-json\/wp\/v2\/posts\/3962\/revisions"}],"predecessor-version":[{"id":3968,"href":"https:\/\/www.horizonemployeur.fr\/wordpress\/wp-json\/wp\/v2\/posts\/3962\/revisions\/3968"}],"wp:featuredmedia":[{"embeddable":true,"href":"https:\/\/www.horizonemployeur.fr\/wordpress\/wp-json\/wp\/v2\/media\/3965"}],"wp:attachment":[{"href":"https:\/\/www.horizonemployeur.fr\/wordpress\/wp-json\/wp\/v2\/media?parent=3962"}],"wp:term":[{"taxonomy":"category","embeddable":true,"href":"https:\/\/www.horizonemployeur.fr\/wordpress\/wp-json\/wp\/v2\/categories?post=3962"},{"taxonomy":"post_tag","embeddable":true,"href":"https:\/\/www.horizonemployeur.fr\/wordpress\/wp-json\/wp\/v2\/tags?post=3962"}],"curies":[{"name":"wp","href":"https:\/\/api.w.org\/{rel}","templated":true}]}}