{"id":3804,"date":"2017-12-18T12:08:29","date_gmt":"2017-12-18T11:08:29","guid":{"rendered":"http:\/\/www.horizonemployeur.fr\/wordpress\/?p=3804"},"modified":"2018-01-04T08:35:43","modified_gmt":"2018-01-04T07:35:43","slug":"quai-gorse-2018-2020","status":"publish","type":"post","link":"https:\/\/www.horizonemployeur.fr\/wordpress\/2017\/12\/18\/quai-gorse-2018-2020\/","title":{"rendered":"Janvier 2018 &#8211; octobre 2020: fermeture du quai Georges Gorse \u00e0 Boulogne"},"content":{"rendered":"<p>La construction de la ligne 15 du m\u00e9tro Grand Paris Express va d\u00e8s le d\u00e9but 2018 amener une coupure d&rsquo;un des quais de Seine dans le secteur du pont de S\u00e8vres. Cela ne devrait pas \u00eatre sans effet sur la circulation dans le secteur.<\/p>\n<p><!--more--><\/p>\n<p>Le secteur du pont de S\u00e8vres voit d&rsquo;ores et d\u00e9j\u00e0 se d\u00e9rouler 2 chantiers importants:<\/p>\n<ul>\n<li>c\u00f4t\u00e9 rive gauche, \u00e0 proximit\u00e9 de la base nautique de l&rsquo;Ile de Monsieur, la construction d&rsquo;un puits d&rsquo;acc\u00e8s qui permettra une fois fini la mise en place du tunnelier qui creusera le tunnel de la future ligne 15 du m\u00e9tro en direction de la gare de Clamart. A terme, la terre qui sera extraite sera emport\u00e9e par voie fluviale<br \/>\nCes travaux ont commenc\u00e9 depuis l&rsquo;automne 2017<\/li>\n<li>c\u00f4t\u00e9 rive droite, sous le quai Georges Gorse, entre la r\u00e9sidence Le Trident et le b\u00e2timent Renault Square Com, la construction de la future gare Pont de S\u00e8vres. Celle-ci sera en grande partie construite \u00e0 ciel ouvert, l\u00e0 aussi avec \u00e9vacuation des mat\u00e9riaux extraits par voie fluviale.<\/li>\n<\/ul>\n<p>Avant de proc\u00e9der \u00e0 la construction proprement dite, un certain nombre d&rsquo;op\u00e9rations sont n\u00e9cessaires, allant de la mise en place des installations de chantier au d\u00e9placement des diff\u00e9rents r\u00e9seaux (eau, assainissement, \u00e9lectricit\u00e9, gaz, t\u00e9l\u00e9communications, &#8230;) qui se trouvent aujourd&rsquo;hui dans le futur volume de la gare.<\/p>\n<p>Pour ces raisons, la ma\u00eetrise d&rsquo;ouvrage a pris la d\u00e9cision de proc\u00e9der \u00e0 une coupure totale du quai Georges Gorse, soit le quai de Seine c\u00f4t\u00e9 Boulogne entre le pont de S\u00e8vres et le pont Renault (acc\u00e8s \u00e0 l&rsquo;ile Seguin).<\/p>\n<p><strong>Cette coupure interviendra d\u00e8s le jeudi 4 janvier 2018 21 heures et pour une dur\u00e9e de 34 mois (soit jusqu&rsquo;\u00e0 novembre 2020):<br \/>\n<a href=\"https:\/\/www.societedugrandparis.fr\/gpe\/actualite\/gare-pont-de-sevres-partir-du-5-janvier-2018-coupure-partielle-de-la-route\" target=\"_blank\" rel=\"noopener\">https:\/\/www.societedugrandparis.fr\/gpe\/actualite\/gare-pont-de-sevres-partir-du-5-janvier-2018-coupure-partielle-de-la-route<\/a><\/strong><\/p>\n<p>Pourquoi ? quelles cons\u00e9quences ? c&rsquo;est \u00e0 d\u00e9couvrir ici, dans une s\u00e9rie de pages qui \u00e9volueront en fonction de l&rsquo;arriv\u00e9e des informations:&nbsp;<a href=\"http:\/\/mobilite.horizonemployeur.fr\/travaux-l15-pt-sevres\/\">http:\/\/mobilite.horizonemployeur.fr\/travaux-l15-pt-sevres\/<\/a><\/p>\n","protected":false},"excerpt":{"rendered":"<p>La construction de la ligne 15 du m\u00e9tro Grand Paris Express va d\u00e8s le d\u00e9but 2018 amener une coupure d&rsquo;un des quais de Seine dans le secteur du pont de S\u00e8vres. Cela ne devrait pas \u00eatre sans effet sur la circulation dans le secteur.<\/p>\n","protected":false},"author":1,"featured_media":3760,"comment_status":"open","ping_status":"open","sticky":false,"template":"page-templates\/no-sidebar.php","format":"standard","meta":{"ngg_post_thumbnail":0,"jetpack_post_was_ever_published":false},"categories":[10,12,36],"tags":[],"jetpack_featured_media_url":"https:\/\/i0.wp.com\/www.horizonemployeur.fr\/wordpress\/wp-content\/uploads\/2017\/12\/Fermeture-Quai-G-Gorse-2018-2020.png?fit=762%2C487&ssl=1","jetpack_sharing_enabled":true,"jetpack_shortlink":"https:\/\/wp.me\/p7AoJR-Zm","jetpack-related-posts":[{"id":493,"url":"https:\/\/www.horizonemployeur.fr\/wordpress\/2015\/06\/28\/phebus-45-deplacement-du-terminus-musee-de-sevres-a-pont-de-sevres-cote-boulogne-a-partir-du-lundi-6-juillet-et-pour-une-duree-dun-mois-environ\/","url_meta":{"origin":3804,"position":0},"title":"Ph\u00e9bus 45 &#8211; d\u00e9placement du terminus Mus\u00e9e de S\u00e8vres \u00e0 Pont de S\u00e8vres (c\u00f4t\u00e9 Boulogne) \u00e0 partir du lundi 6 juillet et pour une dur\u00e9e d&rsquo;un mois environ","date":"28 juin 2015","format":false,"excerpt":"\u00a0 Le terminus \"Mus\u00e9e de S\u00e8vres\" de la ligne Ph\u00e9bus 45 sera d\u00e9plac\u00e9 \u00e0 Pont de S\u00e8vres (c\u00f4t\u00e9 Boulogne) du\u00a0lundi 6 juillet\u00a0au lundi 21 septembre. *** mise \u00e0 jour vendredi 28 ao\u00fbt\u00a010h45:\u00a0fin des travaux report\u00e9e au lundi 21 septembre *** *** mise \u00e0 jour lundi 6 juillet 10h40: correction de\u2026","rel":"","context":"Dans &quot;Transports en Commun&quot;","img":{"alt_text":"","src":"","width":0,"height":0},"classes":[]},{"id":5683,"url":"https:\/\/www.horizonemployeur.fr\/wordpress\/2019\/01\/25\/28-janvier-2019-un-nouvel-itineraire-pour-la-ligne-291\/","url_meta":{"origin":3804,"position":1},"title":"28 janvier 2019: un nouvel itin\u00e9raire pour la ligne 291","date":"25 janvier 2019","format":false,"excerpt":"Ce lundi 28 janvier 2019, l'itin\u00e9raire de la ligne RATP 291 sera (l\u00e9g\u00e8rement) modifi\u00e9 en direction de Pont de S\u00e8vres. A titre exp\u00e9rimental, l'itin\u00e9raire sera en effet simplifi\u00e9 au niveau de la gare routi\u00e8re V\u00e9lizy 2 Jusqu'\u00e0 aujourd'hui 25 janvier, l'itin\u00e9raire normal en semaine (du lundi au vendredi) est ainsi\u2026","rel":"","context":"Dans &quot;Transports en Commun&quot;","img":{"alt_text":"","src":"https:\/\/i0.wp.com\/www.horizonemployeur.fr\/wordpress\/wp-content\/uploads\/2019\/01\/Trac\u00e9s-exp\u00e9rimentation-291-28-janvier-2019.jpg?fit=1200%2C478&ssl=1&resize=350%2C200","width":350,"height":200},"classes":[]},{"id":3721,"url":"https:\/\/www.horizonemployeur.fr\/wordpress\/2017\/12\/08\/one-planet-summit\/","url_meta":{"origin":3804,"position":2},"title":"Mardi 12 d\u00e9cembre 2017 : One Planet Summit sur l&rsquo;\u00eele Seguin","date":"8 d\u00e9cembre 2017","format":false,"excerpt":"Mardi 12 d\u00e9cembre, le One Planet Summit se tient dans l'enceinte de La Seine Musicale, sur l'\u00eele Seguin. La pr\u00e9sence de nombreuses hautes personnalit\u00e9s a amen\u00e9 les pouvoirs publics \u00e0 mettre en place des restrictions de circulation et de stationnement \u00e0 cette occasion. Quelles sont-elles et comment se d\u00e9placer ?\u2026","rel":"","context":"Dans &quot;Trafic routier&quot;","img":{"alt_text":"","src":"https:\/\/i0.wp.com\/www.horizonemployeur.fr\/wordpress\/wp-content\/uploads\/2017\/12\/P1180910_600d.jpg?fit=600%2C360&ssl=1&resize=350%2C200","width":350,"height":200},"classes":[]},{"id":490,"url":"https:\/\/www.horizonemployeur.fr\/wordpress\/2015\/06\/28\/tramway-t2-interruption-entre-parc-de-st-cloud-et-les-moulineaux-du-samedi-27-juin-au-vendredi-17-juillet-inclus\/","url_meta":{"origin":3804,"position":3},"title":"Tramway T2 &#8211; interruption entre Parc de St-Cloud et Les Moulineaux, du samedi 27 juin au vendredi 17 juillet inclus","date":"28 juin 2015","format":false,"excerpt":"La ligne de tramway T2 sera coup\u00e9e entre Parc de St-Cloud et Les Moulineaux, du samedi 27 juin au vendredi 17 juillet inclus . Pourquoi ce chantier\u00a0? L'objectif de ce chantier est de remettre en \u00e9tat les nez des quais (en bordure des voies du tramway) dans plusieurs stations. Puisque\u2026","rel":"","context":"Dans &quot;Transports en Commun&quot;","img":{"alt_text":"","src":"https:\/\/i0.wp.com\/www.horizonemployeur.fr\/wordpress\/wp-content\/uploads\/2015\/06\/p1070114_800.jpg?resize=350%2C200","width":350,"height":200},"classes":[]},{"id":1711,"url":"https:\/\/www.horizonemployeur.fr\/wordpress\/2016\/02\/29\/phebus-01-03-2016\/","url_meta":{"origin":3804,"position":4},"title":"1er mars 2016 \u2013 mouvement social Ph\u00e9bus: comment circuler ?","date":"29 f\u00e9vrier 2016","format":false,"excerpt":"Ph\u00e9bus a communiqu\u00e9 lundi 29\u00a0f\u00e9vrier apr\u00e8s-midi les pr\u00e9visions de circulation suivantes pour la journ\u00e9e du mardi 1er mars. On note encore par rapport \u00e0 la journ\u00e9e de lundi quelques am\u00e9liorations concernant le fonctionnement de certaines lignes. 3 lignes restent cependant totalement \u00e0 l'arr\u00eat, et 2 autres en service du samedi.\u2026","rel":"","context":"Dans &quot;Transports en Commun&quot;","img":{"alt_text":"","src":"","width":0,"height":0},"classes":[]},{"id":441,"url":"https:\/\/www.horizonemployeur.fr\/wordpress\/2015\/06\/16\/transports-en-commun-les-travaux-de-lete-2015\/","url_meta":{"origin":3804,"position":5},"title":"Transports en commun &#8211; les travaux de l&rsquo;\u00e9t\u00e9 2015","date":"16 juin 2015","format":false,"excerpt":"\u00a0 Comme chaque ann\u00e9e, la p\u00e9riode d'\u00e9t\u00e9 va \u00eatre mise \u00e0 profit par les transporteurs (RATP et SNCF) pour r\u00e9aliser d'importants travaux de maintenance sur leurs r\u00e9seaux. La raison principale en est la baisse de la fr\u00e9quentation due aux d\u00e9parts en vacances d'un certain nombre des usagers habituels. Si les\u2026","rel":"","context":"Dans &quot;Transports en Commun&quot;","img":{"alt_text":"","src":"","width":0,"height":0},"classes":[]}],"_links":{"self":[{"href":"https:\/\/www.horizonemployeur.fr\/wordpress\/wp-json\/wp\/v2\/posts\/3804"}],"collection":[{"href":"https:\/\/www.horizonemployeur.fr\/wordpress\/wp-json\/wp\/v2\/posts"}],"about":[{"href":"https:\/\/www.horizonemployeur.fr\/wordpress\/wp-json\/wp\/v2\/types\/post"}],"author":[{"embeddable":true,"href":"https:\/\/www.horizonemployeur.fr\/wordpress\/wp-json\/wp\/v2\/users\/1"}],"replies":[{"embeddable":true,"href":"https:\/\/www.horizonemployeur.fr\/wordpress\/wp-json\/wp\/v2\/comments?post=3804"}],"version-history":[{"count":2,"href":"https:\/\/www.horizonemployeur.fr\/wordpress\/wp-json\/wp\/v2\/posts\/3804\/revisions"}],"predecessor-version":[{"id":3820,"href":"https:\/\/www.horizonemployeur.fr\/wordpress\/wp-json\/wp\/v2\/posts\/3804\/revisions\/3820"}],"wp:featuredmedia":[{"embeddable":true,"href":"https:\/\/www.horizonemployeur.fr\/wordpress\/wp-json\/wp\/v2\/media\/3760"}],"wp:attachment":[{"href":"https:\/\/www.horizonemployeur.fr\/wordpress\/wp-json\/wp\/v2\/media?parent=3804"}],"wp:term":[{"taxonomy":"category","embeddable":true,"href":"https:\/\/www.horizonemployeur.fr\/wordpress\/wp-json\/wp\/v2\/categories?post=3804"},{"taxonomy":"post_tag","embeddable":true,"href":"https:\/\/www.horizonemployeur.fr\/wordpress\/wp-json\/wp\/v2\/tags?post=3804"}],"curies":[{"name":"wp","href":"https:\/\/api.w.org\/{rel}","templated":true}]}}