{"id":2986,"date":"2016-09-20T17:10:13","date_gmt":"2016-09-20T15:10:13","guid":{"rendered":"http:\/\/www.horizonemployeur.fr\/wordpress\/?p=2986"},"modified":"2016-09-20T17:12:06","modified_gmt":"2016-09-20T15:12:06","slug":"enquete-mobilite-2016","status":"publish","type":"post","link":"https:\/\/www.horizonemployeur.fr\/wordpress\/2016\/09\/20\/enquete-mobilite-2016\/","title":{"rendered":"Enqu\u00eate mobilit\u00e9 2016, c&rsquo;est parti !"},"content":{"rendered":"<p><img data-attachment-id=\"2987\" data-permalink=\"https:\/\/www.horizonemployeur.fr\/wordpress\/2016\/09\/20\/enquete-mobilite-2016\/vignette_enquete_mobilite_2016\/\" data-orig-file=\"https:\/\/i0.wp.com\/www.horizonemployeur.fr\/wordpress\/wp-content\/uploads\/2016\/09\/Vignette_enquete_mobilite_2016.png?fit=1000%2C750&amp;ssl=1\" data-orig-size=\"1000,750\" data-comments-opened=\"1\" data-image-meta=\"{&quot;aperture&quot;:&quot;0&quot;,&quot;credit&quot;:&quot;&quot;,&quot;camera&quot;:&quot;&quot;,&quot;caption&quot;:&quot;&quot;,&quot;created_timestamp&quot;:&quot;0&quot;,&quot;copyright&quot;:&quot;&quot;,&quot;focal_length&quot;:&quot;0&quot;,&quot;iso&quot;:&quot;0&quot;,&quot;shutter_speed&quot;:&quot;0&quot;,&quot;title&quot;:&quot;&quot;,&quot;orientation&quot;:&quot;0&quot;}\" data-image-title=\"vignette_enquete_mobilite_2016\" data-image-description=\"\" data-image-caption=\"\" data-medium-file=\"https:\/\/i0.wp.com\/www.horizonemployeur.fr\/wordpress\/wp-content\/uploads\/2016\/09\/Vignette_enquete_mobilite_2016.png?fit=300%2C225&amp;ssl=1\" data-large-file=\"https:\/\/i0.wp.com\/www.horizonemployeur.fr\/wordpress\/wp-content\/uploads\/2016\/09\/Vignette_enquete_mobilite_2016.png?fit=700%2C525&amp;ssl=1\" decoding=\"async\" loading=\"lazy\" class=\"alignnone wp-image-2987\" src=\"https:\/\/i0.wp.com\/www.horizonemployeur.fr\/wordpress\/wp-content\/uploads\/2016\/09\/Vignette_enquete_mobilite_2016.png?resize=172%2C129\" alt=\"vignette_enquete_mobilite_2016\" width=\"172\" height=\"129\" srcset=\"https:\/\/i0.wp.com\/www.horizonemployeur.fr\/wordpress\/wp-content\/uploads\/2016\/09\/Vignette_enquete_mobilite_2016.png?w=1000&amp;ssl=1 1000w, https:\/\/i0.wp.com\/www.horizonemployeur.fr\/wordpress\/wp-content\/uploads\/2016\/09\/Vignette_enquete_mobilite_2016.png?resize=300%2C225&amp;ssl=1 300w, https:\/\/i0.wp.com\/www.horizonemployeur.fr\/wordpress\/wp-content\/uploads\/2016\/09\/Vignette_enquete_mobilite_2016.png?resize=768%2C576&amp;ssl=1 768w, https:\/\/i0.wp.com\/www.horizonemployeur.fr\/wordpress\/wp-content\/uploads\/2016\/09\/Vignette_enquete_mobilite_2016.png?resize=648%2C486&amp;ssl=1 648w, https:\/\/i0.wp.com\/www.horizonemployeur.fr\/wordpress\/wp-content\/uploads\/2016\/09\/Vignette_enquete_mobilite_2016.png?resize=256%2C192&amp;ssl=1 256w\" sizes=\"(max-width: 172px) 100vw, 172px\" data-recalc-dims=\"1\" \/><\/p>\n<p>Vous \u00eates collaborateur d&rsquo;une entreprise d&rsquo;Inovel Parc, \u00e9tudiant sur le site universitaire de V\u00e9lizy ?<br \/>\nVotre avis nous int\u00e9resse !<\/p>\n<p>L&rsquo;un des objectifs de l&rsquo;association Horizon Employeur, c&rsquo;est d&rsquo;oeuvrer en faveur de l&rsquo;am\u00e9lioration de la mobilit\u00e9, de fa\u00e7on \u00e0 vous offrir une palette de moyens de d\u00e9placement la plus large possible, en particulier pour effectuer vos d\u00e9placements domicile-travail. L&rsquo;association ne travaille \u00e9videmment pas seule \u00e0 cette fin, mais en liaison avec de nombreux partenaires que sont (<span style=\"text-decoration: underline;\">liste non exhaustive<\/span>):<\/p>\n<ul>\n<li>les gestionnaires de voirie, en particulier les mairies de V\u00e9lizy-Villacoublay et de Meudon, la communaut\u00e9 d&rsquo;agglom\u00e9ration Versailles Grand Parc et\u00a0le territoire Grand Paris Seine Ouest, que ce soit pour l&rsquo;am\u00e9nagement des routes, des trottoirs ou des voies cyclables<\/li>\n<li>les transporteurs, en particulier la RATP (tramway et bus), Ph\u00e9bus, la SAVAC, &#8230;<\/li>\n<li>le STIF en tant qu&rsquo;autorit\u00e9 organisatrice des transports<\/li>\n<li>la CCI Versailles-Yvelines en tant que partenaire pour l&rsquo;animation du plan de d\u00e9placements inter-entreprises<\/li>\n<\/ul>\n<p>Durant ces derni\u00e8res ann\u00e9es, ont \u00e9t\u00e9 ainsi r\u00e9alis\u00e9s:<\/p>\n<ul>\n<li>le tramway T6, mis en service en 2 parties, fin 2014 et printemps 2016<\/li>\n<li>la voie verte parall\u00e8le \u00e0 ce tramway entre la patinoire de Meudon-la-For\u00eat et L&rsquo;Onde, ouverte \u00e0 l&rsquo;\u00e9t\u00e9 2013, puis d&rsquo;autres am\u00e9nagements (par exemple rue G\u00e9n\u00e9ral Val\u00e9rie Andr\u00e9, jusqu&rsquo;au double sens cyclable rue de Villacoublay r\u00e9alis\u00e9 ces derni\u00e8res semaines)<\/li>\n<li>la restructuration des lignes de transport en commun, d&rsquo;abord pour permettre la r\u00e9alisation des travaux du tramway puis pour tenir compte de l&rsquo;ouverture des 2 sections du tramway et ainsi permettre une compl\u00e9mentarit\u00e9 la meilleure possible, tout en am\u00e9liorant l&rsquo;offre de service\u00a0sur plusieurs axes<\/li>\n<\/ul>\n<p>Afin de poursuivre cette action avec l&rsquo;efficacit\u00e9 la plus grande, il est n\u00e9cessaire d&rsquo;avoir des retours de votre part:<\/p>\n<ul>\n<li>sur ce qui a \u00e9t\u00e9 r\u00e9alis\u00e9: utilisez-vous d\u00e9sormais le tramway ? vous \u00eates-vous converti au v\u00e9lo pour venir au travail et en repartir ? vous arrive-t-il d&rsquo;utiliser les services d&rsquo;Autolib&rsquo; disponibles \u00e0 la fois sur Meudon-la-For\u00eat et V\u00e9lizy, bient\u00f4t sur Bi\u00e8vres, Jouy-en-Josas, Versailles<\/li>\n<li>sur ce qui doit \u00eatre fait: qu&rsquo;est-ce qui manque pour que vous laissiez la voiture au garage et preniez les transports en commun, utilisiez votre v\u00e9lo ou recouriez au covoiturage ?<\/li>\n<li>et plus globalement sur vos \u00e9ventuelles actions dans le domaine de la mobilit\u00e9: avez-vous d\u00e9m\u00e9nag\u00e9 pour vous rapprocher de votre travail ?<\/li>\n<\/ul>\n<p>C&rsquo;est l&rsquo;objet de l&rsquo;enqu\u00eate qui est d&rsquo;ores et d\u00e9j\u00e0 lanc\u00e9e et qui sera ouverte jusqu&rsquo;\u00e0 la fin octobre 2016. Pour ceux qui \u00e9taient pr\u00e9sents sur Inovel Parc ces derni\u00e8res ann\u00e9es, il s&rsquo;agit d&rsquo;un questionnaire similaire \u00e0 celui qui vous avait \u00e9t\u00e9 soumis en 2010 et en 2013.<\/p>\n<h2>Quelques indications pratiques<\/h2>\n<p>Le questionnaire est anonyme. Il vous sera cependant demand\u00e9 quelques informations relatives \u00e0 votre site de rattachement, au code postal de votre commune de r\u00e9sidence, et \u00e0 quelques informations permettant un classement des r\u00e9ponses.<\/p>\n<ul>\n<li>les questions qui sont affich\u00e9es d\u00e9pendent pour partie des r\u00e9ponses que vous avez d\u00e9j\u00e0 donn\u00e9es. On ne vous demandera pas le nombre de correspondances que vous devez emprunter si vous faites votre trajet en voiture<\/li>\n<li>pour ce qui est du site ou \u00e9tablissement de rattachement, il ne s&rsquo;agit pas n\u00e9cessairement de l&rsquo;entreprise dont vous \u00eates salari\u00e9(e), mais du site sur lequel vous travaillez. Si, employ\u00e9 de l&rsquo;entreprise A, vous travaillez en prestation de service sur le site de l&rsquo;entreprise B, merci de s\u00e9lectionner la r\u00e9ponse \u00ab\u00a0B\u00a0\u00bb dans la toute premi\u00e8re question<\/li>\n<li>le moyen de d\u00e9placement vous permettant d&rsquo;arriver sur votre lieu de travail (question \u00ab\u00a0<span class=\"question-heading\">Quel est votre mode de d\u00e9placement habituel pour venir sur votre lieu d&rsquo;activit\u00e9 ?\u00a0\u00bb)\u00a0<\/span>est celui qui vous permet d&rsquo;arriver sur Inovel Parc. Sauf si vous ne faites qu&rsquo;un trajet \u00e0 pied depuis chez vous, il s&rsquo;agit donc de votre dernier moyen de transport lorsque vous arrivez au travail<\/li>\n<li>une derni\u00e8re information, quand m\u00eame indispensable: le lien \u00e0 utiliser pour acc\u00e9der au questionnaire<a href=\"http:\/\/ccir.efm.me\/itw\/answer\/Ov4PFrglJWNLJnHQalDoAQ\"><strong><span style=\"color: #0000ff;\">http:\/\/ccir.efm.me\/itw\/answer\/Ov4PFrglJWNLJnHQalDoAQ<\/span><\/strong><\/a><\/li>\n<\/ul>\n<p>Pour toute information compl\u00e9mentaire, une adresse mail <a href=\"mailto:em2016@horizonemployeur.fr\">em2016@horizonemployeur.fr<\/a><\/p>\n<p>&nbsp;<\/p>\n<p style=\"text-align: center;\"><strong>Merci par avance de votre concours !<\/strong><\/p>\n","protected":false},"excerpt":{"rendered":"<p>Vous \u00eates collaborateur d&rsquo;une entreprise d&rsquo;Inovel Parc, \u00e9tudiant sur le site universitaire de V\u00e9lizy ? Votre avis nous int\u00e9resse ! L&rsquo;un des objectifs de l&rsquo;association Horizon Employeur, c&rsquo;est d&rsquo;oeuvrer en faveur de l&rsquo;am\u00e9lioration de la mobilit\u00e9, de fa\u00e7on \u00e0 vous offrir une palette de moyens de d\u00e9placement la plus large possible, en particulier pour effectuer [&hellip;]<\/p>\n","protected":false},"author":1,"featured_media":0,"comment_status":"open","ping_status":"open","sticky":false,"template":"","format":"standard","meta":{"ngg_post_thumbnail":0,"jetpack_post_was_ever_published":false},"categories":[6,7],"tags":[35],"jetpack_featured_media_url":"","jetpack_sharing_enabled":true,"jetpack_shortlink":"https:\/\/wp.me\/p7AoJR-Ma","jetpack-related-posts":[{"id":710,"url":"https:\/\/www.horizonemployeur.fr\/wordpress\/2015\/09\/09\/semaine-mobilite-2015\/","url_meta":{"origin":2986,"position":0},"title":"Mercredi 16 septembre apr\u00e8s-midi: la ville de V\u00e9lizy-Villacoublay vous donne rendez-vous, avec ses partenaires, pour parler mobilit\u00e9","date":"9 septembre 2015","format":false,"excerpt":"Dans le cadre de la semaine europ\u00e9enne de la mobilit\u00e9, la Ville de V\u00e9lizy-Villacoublay organise le mercredi 16 septembre, une demi-journ\u00e9e d\u00e9di\u00e9e \u00e0 l\u2019information transports et aux nouvelles mobilit\u00e9s. Cette manifestation sera l\u2019occasion pour vous : de d\u00e9couvrir les projets de la Ville en mati\u00e8re de mobilit\u00e9, de vous informer\u2026","rel":"","context":"Dans &quot;Mobilit\u00e9&quot;","img":{"alt_text":"","src":"https:\/\/i0.wp.com\/www.horizonemployeur.fr\/wordpress\/wp-content\/uploads\/2015\/09\/affiche-mobilitc3a9-septembre-2015.png?resize=350%2C200","width":350,"height":200},"classes":[]},{"id":3367,"url":"https:\/\/www.horizonemployeur.fr\/wordpress\/2017\/09\/14\/newsletter-mobilite-vgp-1\/","url_meta":{"origin":2986,"position":1},"title":"La lettre d&rsquo;information \u00ab\u00a0mobilit\u00e9\u00a0\u00bb de Versailles Grand Parc &#8211; num\u00e9ro 1","date":"14 septembre 2017","format":false,"excerpt":"La communaut\u00e9 d'agglom\u00e9ration \"Versailles Grand Parc\" publie le premier num\u00e9ro d'une lettre d'information \"mobilit\u00e9\" destin\u00e9e principalement aux collaborateurs des \u00e9tablissements des secteurs couverts par un Plan de D\u00e9placements Inter-Entreprises. Ces secteurs sont aujourd'hui au nombre de 3: Buc-Toussus-Les Loges, Satory et Inovel Parc (V\u00e9lizy et Meudon-la-For\u00eat). Au sommaire de ce\u2026","rel":"","context":"Dans &quot;Covoiturage&quot;","img":{"alt_text":"","src":"https:\/\/i0.wp.com\/www.horizonemployeur.fr\/wordpress\/wp-content\/uploads\/2017\/09\/En-t\u00c3\u00aate-newsletter-mobilit\u00c3\u00a9-VGP-septembre-2017.png?resize=350%2C200","width":350,"height":200},"classes":[]},{"id":2445,"url":"https:\/\/www.horizonemployeur.fr\/wordpress\/2014\/02\/26\/bienvenue-sur-ce-blog\/","url_meta":{"origin":2986,"position":2},"title":"Bienvenue sur ce blog","date":"26 f\u00e9vrier 2014","format":false,"excerpt":"Bonjour \u00e0 tous, Horizon Employeur est l'association des entreprises de V\u00e9lizy et de Meudon-la-For\u00eat. Cr\u00e9\u00e9e en 2007, elle regroupe aujourd'hui 39 entreprises industrielles, de services ou commerciales, allant des grandes entreprises aux PME. Ces entreprises emploient environ 30000 personnes sur les plus de 40000 qui travaillent sur le plateau de\u2026","rel":"","context":"Dans &quot;Association&quot;","img":{"alt_text":"","src":"","width":0,"height":0},"classes":[]},{"id":391,"url":"https:\/\/www.horizonemployeur.fr\/wordpress\/2015\/01\/27\/avis-desserte-versailles\/","url_meta":{"origin":2986,"position":3},"title":"Votre avis sur la desserte bus de Versailles ?","date":"27 janvier 2015","format":false,"excerpt":"Apr\u00e8s la desserte bus des axes Saclay (ligne actuelle Albatrans 91.08) et Jouy-en-Josas (ligne actuelle Ph\u00e9bus 32), ce troisi\u00e8me article est consacr\u00e9 \u00e0 la desserte bus de l'axe Versailles (lignes actuelles Ph\u00e9bus 20, 22, 23 et 24). Vous habitez Versailles et travaillez sur Inovel Parc ? Vous habitez dans le\u2026","rel":"","context":"Dans &quot;Transports en Commun&quot;","img":{"alt_text":"","src":"","width":0,"height":0},"classes":[]},{"id":5549,"url":"https:\/\/www.horizonemployeur.fr\/wordpress\/2018\/09\/18\/plan-velo-septembre-2018\/","url_meta":{"origin":2986,"position":4},"title":"14 septembre 2018: pr\u00e9sentation du plan v\u00e9lo national","date":"18 septembre 2018","format":false,"excerpt":"Depuis septembre 2017, le processus de concertation des Assises de la mobilit\u00e9 a en particulier permis de mettre l'accent sur la n\u00e9cessit\u00e9 de d\u00e9velopper les modes de d\u00e9placement dits \"actifs\", dont le v\u00e9lo. La part modale du v\u00e9lo dans nos d\u00e9placements reste globalement faible: France 3 % Allemagne 10 %\u2026","rel":"","context":"Dans &quot;Circulations Douces&quot;","img":{"alt_text":"","src":"https:\/\/i0.wp.com\/www.horizonemployeur.fr\/wordpress\/wp-content\/uploads\/2018\/09\/banniere_plan_velo_09-2018.png?fit=975%2C466&ssl=1&resize=350%2C200","width":350,"height":200},"classes":[]},{"id":1220,"url":"https:\/\/www.horizonemployeur.fr\/wordpress\/2016\/01\/01\/adieu-2015-bonjour-2016\/","url_meta":{"origin":2986,"position":5},"title":"Adieu 2015, bonjour 2016 !","date":"1 janvier 2016","format":false,"excerpt":"\u00a0 2015 nous a quitt\u00e9s cette nuit: cette ann\u00e9e, marqu\u00e9e en particulier par 2 \u00e9venements dramatiques en d\u00e9but et en fin d'ann\u00e9e, ne restera pas comme une heureuse ann\u00e9e dans l'inconscient collectif. 2016 la remplace: esp\u00e9rons qu'elle sera plus heureuse... Que cette ann\u00e9e vous apporte \u00e9galement sant\u00e9 et r\u00e9ussite, \u00e0\u2026","rel":"","context":"Dans &quot;Association&quot;","img":{"alt_text":"Ann\u00c3\u00a9e 2016","src":"https:\/\/i0.wp.com\/www.horizonemployeur.fr\/wordpress\/wp-content\/uploads\/2016\/01\/anne-2016.png?resize=350%2C200","width":350,"height":200},"classes":[]}],"_links":{"self":[{"href":"https:\/\/www.horizonemployeur.fr\/wordpress\/wp-json\/wp\/v2\/posts\/2986"}],"collection":[{"href":"https:\/\/www.horizonemployeur.fr\/wordpress\/wp-json\/wp\/v2\/posts"}],"about":[{"href":"https:\/\/www.horizonemployeur.fr\/wordpress\/wp-json\/wp\/v2\/types\/post"}],"author":[{"embeddable":true,"href":"https:\/\/www.horizonemployeur.fr\/wordpress\/wp-json\/wp\/v2\/users\/1"}],"replies":[{"embeddable":true,"href":"https:\/\/www.horizonemployeur.fr\/wordpress\/wp-json\/wp\/v2\/comments?post=2986"}],"version-history":[{"count":3,"href":"https:\/\/www.horizonemployeur.fr\/wordpress\/wp-json\/wp\/v2\/posts\/2986\/revisions"}],"predecessor-version":[{"id":2990,"href":"https:\/\/www.horizonemployeur.fr\/wordpress\/wp-json\/wp\/v2\/posts\/2986\/revisions\/2990"}],"wp:attachment":[{"href":"https:\/\/www.horizonemployeur.fr\/wordpress\/wp-json\/wp\/v2\/media?parent=2986"}],"wp:term":[{"taxonomy":"category","embeddable":true,"href":"https:\/\/www.horizonemployeur.fr\/wordpress\/wp-json\/wp\/v2\/categories?post=2986"},{"taxonomy":"post_tag","embeddable":true,"href":"https:\/\/www.horizonemployeur.fr\/wordpress\/wp-json\/wp\/v2\/tags?post=2986"}],"curies":[{"name":"wp","href":"https:\/\/api.w.org\/{rel}","templated":true}]}}