{"id":2899,"date":"2016-06-19T21:18:16","date_gmt":"2016-06-19T19:18:16","guid":{"rendered":"http:\/\/www.horizonemployeur.fr\/wordpress\/?p=2899"},"modified":"2016-06-19T21:22:53","modified_gmt":"2016-06-19T19:22:53","slug":"greve-20-juin-2016","status":"publish","type":"post","link":"https:\/\/www.horizonemployeur.fr\/wordpress\/2016\/06\/19\/greve-20-juin-2016\/","title":{"rendered":"Lundi 20 juin 2016 &#8211; fin de la gr\u00e8ve SNCF"},"content":{"rendered":"<p>Le\u00a0lundi 20 juin marquera le retour \u00e0 un trafic normal vis-\u00e0-vis du mouvement de gr\u00e8ve qui durait depuis plusieurs semaines. Il reste cependant des restrictions:<\/p>\n<ul>\n<li><strong>ligne N<\/strong>: r\u00e9paration des dommages caus\u00e9s par les fortes intemp\u00e9ries: suppressions de 3 trains les matins des jours ouvr\u00e9s entre Plaisir et Paris, retard de 5 \u00e0 20 minutes en direction de Plaisir, Dreux et Mantes, remplacement des trains par des bus en fin de soir\u00e9e (\u00e0 partir de 22 h environ)<br \/>\nFin pr\u00e9vue le 1er juillet<\/li>\n<li><strong>ligne C<\/strong>: fermeture de Pont de l&rsquo;Alma \u00e0 partir de 13 heures<br \/>\nFin le 10 juillet<\/li>\n<\/ul>\n<p><!--more--><\/p>\n<h1>R\u00e9seau Transilien<\/h1>\n<p>Les pr\u00e9visions de circulation \u00e9tablies par la SNCF sont les suivantes.<\/p>\n<table>\n<tbody>\n<tr>\n<td style=\"text-align: center;\">\u00a0<strong>Ligne<\/strong><\/td>\n<td style=\"text-align: center;\"><strong>\u00a0% service assur\u00e9<\/strong><br \/>\nen moyenne h. de pointe<\/td>\n<td style=\"text-align: center;\"><strong>\u00a0Horaires<\/strong><\/td>\n<\/tr>\n<tr>\n<td><strong>A<\/strong><\/td>\n<td><strong>100 %<\/strong><\/td>\n<td>Trafic normal<\/td>\n<\/tr>\n<tr>\n<td><strong>B<\/strong><\/td>\n<td><strong>100 %<br \/>\n<\/strong><\/td>\n<td>Trafic normal<\/td>\n<\/tr>\n<tr>\n<td><strong>C<\/strong><\/td>\n<td><strong>100 %<\/strong><span style=\"color: #ff0000;\"><strong><br \/>\n<\/strong><\/span><strong>Attention !<\/strong> jusqu&rsquo;au 10 juillet, la gare \u00ab\u00a0Pont de l&rsquo;Alma\u00a0\u00bb\u00a0ferme\u00a0tous les jours \u00e0 13 heures<\/td>\n<td><a href=\"http:\/\/malignec.transilien.com\/2016\/06\/17\/point-circulation-rer-c\/\">Informations<\/a><\/td>\n<\/tr>\n<tr>\n<td><strong>D<\/strong><strong><br \/>\n<\/strong><\/td>\n<td><strong>100 %<\/strong><\/td>\n<td>Trafic normal<\/td>\n<\/tr>\n<tr>\n<td><strong>E<\/strong><\/td>\n<td><strong>100 %<\/strong><\/td>\n<td>Trafic normal<\/td>\n<\/tr>\n<tr>\n<td><strong>H<\/strong><\/td>\n<td><strong>100 %<\/strong><\/td>\n<td>Trafic normal<\/td>\n<\/tr>\n<tr>\n<td><strong>J<\/strong><\/td>\n<td><strong>100 %<\/strong><\/td>\n<td>Trafic normal<\/td>\n<\/tr>\n<tr>\n<td><strong>K<\/strong><\/td>\n<td><strong>100 %<\/strong><\/td>\n<td>Trafic normal<\/td>\n<\/tr>\n<tr>\n<td><strong>L<\/strong><\/td>\n<td><strong>100 %<\/strong><\/td>\n<td>Trafic normal<\/td>\n<\/tr>\n<tr>\n<td><strong>N<\/strong><\/td>\n<td><strong>Trafic toujours perturb\u00e9<\/strong> par les cons\u00e9quences des intemp\u00e9ries dans le secteur de Fontenay-le-Fleury:<br \/>\n&#8211; allongement des temps de parcours (5 \u00e0 20 min) en direction de Plaisir et au-del\u00e0<br \/>\n&#8211; interruption des circulations ferroviaires \u00e0 22h<br \/>\n&#8211; suppression de 3 trains en semaine, d\u00e9parts de Plaisir \u00e0 4h41, 6h11 et 8h41<br \/>\nFin des travaux pr\u00e9vue le 1er juillet<\/td>\n<td><a href=\"http:\/\/meslignesnetu.transilien.com\/2016\/06\/17\/circulation-de-vos-trains-lundi-20-juin\" target=\"_blank\">Informations<\/a><\/td>\n<\/tr>\n<tr>\n<td><strong>P<\/strong><\/td>\n<td><strong>100 %<\/strong><\/td>\n<td>Trafic normal<\/td>\n<\/tr>\n<tr>\n<td><strong>R<\/strong><\/td>\n<td><strong>100 %<\/strong><\/td>\n<td>Trafic normal<\/td>\n<\/tr>\n<tr>\n<td><strong>T4<\/strong><\/td>\n<td><strong>100 %<\/strong><\/td>\n<td>Trafic normal<\/td>\n<\/tr>\n<tr>\n<td><strong>U<\/strong><\/td>\n<td><strong>100 %<\/strong><\/td>\n<td>Trafic normal<\/td>\n<\/tr>\n<\/tbody>\n<\/table>\n<p>&nbsp;<\/p>\n<h2>Liaisons TER Centre-Val de Loire<\/h2>\n<p>TER Centre-Val de Loire annonce un trafic normal depuis\u00a0samedi:\u00a0pour Dreux, des retards sont cependant \u00e0 attendre dans le sens Paris &gt; Dreux, voir ligne N ci-dessus.<\/p>\n<p>Mesures commerciales Paris &#8211; Chartres: la r\u00e9gion Centre-Val de Loire met en place un dispositif d&rsquo;indemnisation pour les abonn\u00e9s de la ligne \u00e0 destination de l&rsquo;Ile-de-France. \u00a0Les d\u00e9tails se trouvent sur le blog de ligne:\u00a0<a href=\"http:\/\/maligne-ter.com\/paris-chartres-nogent\/des-details-sur-les-mesures-commerciales-intemperies\/\" target=\"_blank\">http:\/\/maligne-ter.com\/paris-chartres-nogent\/des-details-sur-les-mesures-commerciales-intemperies\/<\/a><\/p>\n<p>http:\/\/maligne-ter.com\/paris-chartres-nogent\/des-details-sur-les-mesures-commerciales-intemperies\/<\/p>\n<p>&nbsp;<\/p>\n","protected":false},"excerpt":{"rendered":"<p>Le\u00a0lundi 20 juin marquera le retour \u00e0 un trafic normal vis-\u00e0-vis du mouvement de gr\u00e8ve qui durait depuis plusieurs semaines. Il reste cependant des restrictions: ligne N: r\u00e9paration des dommages caus\u00e9s par les fortes intemp\u00e9ries: suppressions de 3 trains les matins des jours ouvr\u00e9s entre Plaisir et Paris, retard de 5 \u00e0 20 minutes en [&hellip;]<\/p>\n","protected":false},"author":1,"featured_media":0,"comment_status":"open","ping_status":"open","sticky":false,"template":"","format":"standard","meta":{"ngg_post_thumbnail":0,"jetpack_post_was_ever_published":false},"categories":[12],"tags":[20,31],"jetpack_featured_media_url":"","jetpack_sharing_enabled":true,"jetpack_shortlink":"https:\/\/wp.me\/p7AoJR-KL","jetpack-related-posts":[{"id":4940,"url":"https:\/\/www.horizonemployeur.fr\/wordpress\/2018\/06\/03\/trafic-04-06-2018\/","url_meta":{"origin":2899,"position":0},"title":"Lundi 4 juin 2018: pr\u00e9visions de trafic SNCF","date":"3 juin 2018","format":false,"excerpt":"Le 13e \u00e9pisode est termin\u00e9, le 2e mois de mouvement social \u00e9galement... On repart pour 3 jours d'un calme relatif sur les lignes SNCF, et ce jusqu'\u00e0 mercredi soir. (mise \u00e0 jour dimanche 3 juin, 17h15) Les pr\u00e9visions de trafic pour la journ\u00e9e du\u00a0lundi 4 juin sont les suivantes. Les\u2026","rel":"","context":"Dans &quot;Transports en Commun&quot;","img":{"alt_text":"","src":"https:\/\/i0.wp.com\/www.horizonemployeur.fr\/wordpress\/wp-content\/uploads\/2018\/06\/P1200812_975d.jpg?fit=975%2C466&ssl=1&resize=350%2C200","width":350,"height":200},"classes":[]},{"id":2894,"url":"https:\/\/www.horizonemployeur.fr\/wordpress\/2016\/06\/17\/greve-18-19-juin-2016\/","url_meta":{"origin":2899,"position":1},"title":"Samedi 18 et dimanche 19 juin 2016 &#8211; gr\u00e8ve SNCF","date":"17 juin 2016","format":false,"excerpt":"Le week-end des 18 et 19 juin 2016 sera encore marqu\u00e9 par la poursuite du mouvement de gr\u00e8ve \u00e0 la SNCF, mais les lignes impact\u00e9es sont minoritaires: C, E, N, P (Esbly-Cr\u00e9cy seulement) et T4. La ligne C devrait revenir \u00e0 un trafic normal \u00e0 compter de dimanche. Voici les\u2026","rel":"","context":"Dans &quot;Transports en Commun&quot;","img":{"alt_text":"","src":"","width":0,"height":0},"classes":[]},{"id":5021,"url":"https:\/\/www.horizonemployeur.fr\/wordpress\/2018\/06\/10\/trafic-11-06-2018\/","url_meta":{"origin":2899,"position":2},"title":"Lundi 11 juin 2018: pr\u00e9visions de trafic SNCF","date":"10 juin 2018","format":false,"excerpt":"Ce lundi, dernier jour d'un relatif calme, avant la journ\u00e9e du mardi 12 juin, dite \"de col\u00e8re cheminote\", qui pourrait se passer pour les voyageurs aussi mal que celle du lundi 14 mai. (mise \u00e0 jour dimanche 10 juin, 22h55) Les pr\u00e9visions de trafic pour la journ\u00e9e du\u00a0lundi 11 juin\u2026","rel":"","context":"Dans &quot;Transports en Commun&quot;","img":{"alt_text":"","src":"https:\/\/i0.wp.com\/www.horizonemployeur.fr\/wordpress\/wp-content\/uploads\/2018\/06\/PICT0568_975d.jpg?fit=975%2C466&ssl=1&resize=350%2C200","width":350,"height":200},"classes":[]},{"id":5348,"url":"https:\/\/www.horizonemployeur.fr\/wordpress\/2018\/07\/06\/trafic-07-07-2018\/","url_meta":{"origin":2899,"position":3},"title":"Samedi 7 juillet 2018: pr\u00e9visions de trafic SNCF","date":"6 juillet 2018","format":false,"excerpt":"Comme cela avait \u00e9t\u00e9 annonc\u00e9 depuis un certain nombre de jours, les vendredi 6 et samedi 7 juillet sont les premiers jours de gr\u00e8ve de la saison SNCF d'\u00e9t\u00e9. Cependant, \u00e0 la diff\u00e9rence de la saison pr\u00e9c\u00e9dente: ce mouvement ne regroupe pas l'ensemble des organisations syndicales il ne fait pas\u2026","rel":"","context":"Dans &quot;Transports en Commun&quot;","img":{"alt_text":"","src":"https:\/\/i0.wp.com\/www.horizonemployeur.fr\/wordpress\/wp-content\/uploads\/2018\/06\/P1150556_975d.jpg?fit=975%2C466&ssl=1&resize=350%2C200","width":350,"height":200},"classes":[]},{"id":4952,"url":"https:\/\/www.horizonemployeur.fr\/wordpress\/2018\/06\/04\/trafic-05-06-2018\/","url_meta":{"origin":2899,"position":4},"title":"Mardi 5 juin 2018: pr\u00e9visions de trafic SNCF","date":"4 juin 2018","format":false,"excerpt":"Ce mardi 5 juin devrait \u00eatre assez semblable au lundi qui l'a pr\u00e9c\u00e9d\u00e9. C'est en effet le 2e jour des 3 jours de faibles pertubations du d\u00e9but de cette semaine. Notez d\u00e8s \u00e0 pr\u00e9sent que le mardi 12 juin pourrait \u00eatre lui nettement plus probl\u00e9matique: certaines organisations syndicales envisagent en\u2026","rel":"","context":"Dans &quot;Transports en Commun&quot;","img":{"alt_text":"","src":"https:\/\/i0.wp.com\/www.horizonemployeur.fr\/wordpress\/wp-content\/uploads\/2018\/06\/P1200808_975d.jpg?fit=975%2C466&ssl=1&resize=350%2C200","width":350,"height":200},"classes":[]},{"id":5011,"url":"https:\/\/www.horizonemployeur.fr\/wordpress\/2018\/06\/08\/trafic-09-10-06-2018\/","url_meta":{"origin":2899,"position":5},"title":"Samedi 9 et dimanche 10 juin 2018: pr\u00e9visions de trafic SNCF","date":"8 juin 2018","format":false,"excerpt":"Ce week-end, le 14e \u00e9pisode a pris fin. Ce sont donc 3 jours d'un calme (relatif) qui commencent, avant la journ\u00e9e du mardi 12 juin, dite \"de col\u00e8re cheminote\", qui pourrait se passer pour les voyageurs aussi mal que celle du lundi 14 mai. (mise \u00e0 jour dimanche 10 juin,\u2026","rel":"","context":"Dans &quot;Transports en Commun&quot;","img":{"alt_text":"","src":"https:\/\/i0.wp.com\/www.horizonemployeur.fr\/wordpress\/wp-content\/uploads\/2018\/06\/P1200713_975d.jpg?fit=975%2C466&ssl=1&resize=350%2C200","width":350,"height":200},"classes":[]}],"_links":{"self":[{"href":"https:\/\/www.horizonemployeur.fr\/wordpress\/wp-json\/wp\/v2\/posts\/2899"}],"collection":[{"href":"https:\/\/www.horizonemployeur.fr\/wordpress\/wp-json\/wp\/v2\/posts"}],"about":[{"href":"https:\/\/www.horizonemployeur.fr\/wordpress\/wp-json\/wp\/v2\/types\/post"}],"author":[{"embeddable":true,"href":"https:\/\/www.horizonemployeur.fr\/wordpress\/wp-json\/wp\/v2\/users\/1"}],"replies":[{"embeddable":true,"href":"https:\/\/www.horizonemployeur.fr\/wordpress\/wp-json\/wp\/v2\/comments?post=2899"}],"version-history":[{"count":3,"href":"https:\/\/www.horizonemployeur.fr\/wordpress\/wp-json\/wp\/v2\/posts\/2899\/revisions"}],"predecessor-version":[{"id":2902,"href":"https:\/\/www.horizonemployeur.fr\/wordpress\/wp-json\/wp\/v2\/posts\/2899\/revisions\/2902"}],"wp:attachment":[{"href":"https:\/\/www.horizonemployeur.fr\/wordpress\/wp-json\/wp\/v2\/media?parent=2899"}],"wp:term":[{"taxonomy":"category","embeddable":true,"href":"https:\/\/www.horizonemployeur.fr\/wordpress\/wp-json\/wp\/v2\/categories?post=2899"},{"taxonomy":"post_tag","embeddable":true,"href":"https:\/\/www.horizonemployeur.fr\/wordpress\/wp-json\/wp\/v2\/tags?post=2899"}],"curies":[{"name":"wp","href":"https:\/\/api.w.org\/{rel}","templated":true}]}}