{"id":2894,"date":"2016-06-17T15:59:53","date_gmt":"2016-06-17T13:59:53","guid":{"rendered":"http:\/\/www.horizonemployeur.fr\/wordpress\/?p=2894"},"modified":"2016-06-17T16:09:04","modified_gmt":"2016-06-17T14:09:04","slug":"greve-18-19-juin-2016","status":"publish","type":"post","link":"https:\/\/www.horizonemployeur.fr\/wordpress\/2016\/06\/17\/greve-18-19-juin-2016\/","title":{"rendered":"Samedi 18 et dimanche 19 juin 2016 &#8211; gr\u00e8ve SNCF"},"content":{"rendered":"<p>Le week-end des 18 et 19 juin 2016 sera encore marqu\u00e9 par la poursuite du mouvement de gr\u00e8ve \u00e0 la SNCF, mais les lignes impact\u00e9es sont minoritaires: C, E, N, P (Esbly-Cr\u00e9cy seulement) et T4. La ligne C devrait revenir \u00e0 un trafic normal \u00e0 compter de dimanche.<\/p>\n<p>Voici les d\u00e9tails&#8230;<!--more--><\/p>\n<h1>R\u00e9seau Transilien<\/h1>\n<p>Les pr\u00e9visions de circulation \u00e9tablies par la SNCF sont les suivantes.<\/p>\n<p>La situation pouvant fluctuer d&rsquo;une heure \u00e0 l&rsquo;autre, n&rsquo;h\u00e9sitez pas \u00e0 v\u00e9rifier les pages cit\u00e9es en r\u00e9f\u00e9rence dans la colonne Horaires ou les sites abcdtrains.com ou transilien.com avant votre d\u00e9part.<\/p>\n<table>\n<tbody>\n<tr>\n<td style=\"text-align: center;\">\u00a0<strong>Ligne<\/strong><\/td>\n<td style=\"text-align: center;\"><strong>\u00a0% service assur\u00e9<\/strong><br \/>\nen moyenne h. de pointe<\/td>\n<td style=\"text-align: center;\"><strong>\u00a0Horaires<\/strong><\/td>\n<\/tr>\n<tr>\n<td><strong>A<\/strong><\/td>\n<td><strong><span style=\"color: #3366ff;\">Samedi: 100\u00a0% &#8211; Dimanche: 100 %<\/span><\/strong><\/td>\n<td>Trafic normal<\/td>\n<\/tr>\n<tr>\n<td><strong>B<\/strong><\/td>\n<td><strong><span style=\"color: #3366ff;\">Samedi: 100\u00a0% &#8211; Dimanche: 100 %<\/span><br \/>\n<\/strong><\/td>\n<td>Trafic normal<\/td>\n<\/tr>\n<tr>\n<td><strong>C<\/strong><\/td>\n<td><span style=\"color: #3366ff;\"><strong>Samedi: 90\u00a0% &#8211;\u00a0<\/strong><\/span><strong><span style=\"color: #3366ff;\">Dimanche: 100 %<\/span><br \/>\n<\/strong><strong>Lundi: 100 %<\/strong><span style=\"color: #ff0000;\"><strong><br \/>\n<\/strong><\/span><strong>Attention !<\/strong> jusqu&rsquo;au 10 juillet, la gare \u00ab\u00a0Pont de l&rsquo;Alma\u00a0\u00bb\u00a0ferme\u00a0tous les jours \u00e0 13 heures<\/td>\n<td><a href=\"http:\/\/malignec.transilien.com\/2016\/06\/17\/point-circulation-rer-c\/\">Informations<\/a><\/td>\n<\/tr>\n<tr>\n<td><strong>D<\/strong><strong><br \/>\n<\/strong><\/td>\n<td><strong><span style=\"color: #3366ff;\">Samedi: 100\u00a0% &#8211; Dimanche: 100 %<\/span><\/strong><\/td>\n<td>Trafic normal<\/td>\n<\/tr>\n<tr>\n<td><strong>E<\/strong><\/td>\n<td><span style=\"color: #3366ff;\"><strong>Samedi: 50\u00a0% &#8211; Dimanche: 50 %<\/strong><\/span><\/td>\n<td><a href=\"http:\/\/malignee.transilien.com\/2016\/06\/17\/circulation-trains-samedi-18-dimanche-19-juin-2016\" target=\"_blank\">Horaires<\/a><\/td>\n<\/tr>\n<tr>\n<td><strong>H<\/strong><\/td>\n<td><strong><span style=\"color: #3366ff;\">Samedi: 100\u00a0% &#8211; Dimanche: 100 %<\/span><\/strong><\/td>\n<td>Trafic normal<\/td>\n<\/tr>\n<tr>\n<td><strong>J<\/strong><\/td>\n<td><strong><span style=\"color: #3366ff;\">Samedi: 100\u00a0% &#8211; Dimanche: 100 %<\/span><\/strong><\/td>\n<td>Trafic normal<\/td>\n<\/tr>\n<tr>\n<td><strong>K<\/strong><\/td>\n<td><strong><span style=\"color: #3366ff;\">Samedi: 100\u00a0% &#8211; Dimanche: 100 %<\/span><\/strong><\/td>\n<td>Trafic normal<\/td>\n<\/tr>\n<tr>\n<td><strong>L<\/strong><\/td>\n<td><strong><span style=\"color: #3366ff;\">Samedi: 100\u00a0% &#8211; Dimanche: 100 %<\/span><\/strong><\/td>\n<td>Trafic normal<\/td>\n<\/tr>\n<tr>\n<td><strong>N<\/strong><\/td>\n<td><strong><span style=\"color: #3366ff;\">Samedi: 75\u00a0% &#8211; dimanche: 75 %<\/span><br \/>\n<\/strong>Trafic toujours perturb\u00e9 par les cons\u00e9quences des intemp\u00e9ries dans le secteur de Fontenay-le-Fleury<\/td>\n<td><a href=\"http:\/\/malignee.transilien.com\/2016\/06\/17\/circulation-trains-samedi-18-dimanche-19-juin-2016\" target=\"_blank\">Horaires<\/a><\/td>\n<\/tr>\n<tr>\n<td><strong>P<\/strong><\/td>\n<td><strong><span style=\"color: #3366ff;\">Samedi: 100\u00a0% &#8211; Dimanche: 100 %<\/span><br \/>\n<\/strong><span style=\"color: #3366ff;\"><strong>Sauf<\/strong> bus de substitution\u00a0jusqu&rsquo;\u00e0\u00a011 heures sur\u00a0Esbly-Cr\u00e9cy<\/span><\/td>\n<td><a href=\"http:\/\/malignep.transilien.com\/2016\/06\/16\/circulation-trains-17-juin-2016\" target=\"_blank\">Horaires<\/a><\/td>\n<\/tr>\n<tr>\n<td><strong>R<\/strong><\/td>\n<td><strong><span style=\"color: #3366ff;\">Samedi: 100\u00a0% &#8211; Dimanche: 100 %<\/span><\/strong><\/td>\n<td>Trafic normal<\/td>\n<\/tr>\n<tr>\n<td><strong>T4<\/strong><\/td>\n<td><span style=\"color: #3366ff;\"><strong>Samedi et dimanche\u00a0<\/strong>:\u00a01 tramway toutes les 15\u00a0minutes<\/span><\/td>\n<td><a href=\"http:\/\/malignee.transilien.com\/2016\/06\/17\/circulation-trains-samedi-18-dimanche-19-juin-2016\">Informations<\/a><\/td>\n<\/tr>\n<tr>\n<td><strong>U<\/strong><\/td>\n<td><strong><span style=\"color: #3366ff;\">Samedi: 100\u00a0% &#8211; Dimanche: 100 %<\/span><\/strong><\/td>\n<td><a href=\"http:\/\/malignee.transilien.com\/2016\/06\/17\/circulation-trains-samedi-18-dimanche-19-juin-2016\" target=\"_blank\">Informations<\/a><\/td>\n<\/tr>\n<\/tbody>\n<\/table>\n<p><span style=\"color: #0000ff;\"><strong>NOTE:<\/strong>\u00a0vous pouvez retrouver les\u00a0horaires d\u00e9taill\u00e9s:<\/span><\/p>\n<ul>\n<li><span style=\"color: #0000ff;\">sur le site abcdtrains.com, activ\u00e9 comme lors de la plupart des mouvements sociaux (attention, ce site ne r\u00e9f\u00e9rence que les liaisons directes de gare \u00e0 gare. Il est en principe est mis \u00e0 jour en temps r\u00e9el)<\/span><\/li>\n<li><span style=\"color: #0000ff;\">sur le site transilien.com, dans la recherche d&rsquo;itin\u00e9raires<\/span><\/li>\n<li><span style=\"color: #0000ff;\">sur le site transilien.com, dans la rubrique Trafic \/ plus tard:\u00a0http:\/\/www.transilien.com\/info-trafic\/a-prevoir jusqu&rsquo;\u00e0 mercredi soir. Jeudi l&rsquo;adresse sera: http:\/\/www.transilien.com\/info-trafic. S\u00e9lectionner la ligne, puis la date qui vous int\u00e9resse. \u00a0Penser \u00e0 remonter la table horaire jusqu&rsquo;\u00e0 0h00 !<\/span><\/li>\n<\/ul>\n<p>&nbsp;<\/p>\n<h2>Liaisons TER Centre-Val de Loire<\/h2>\n<p>TER Centre-Val de Loire annonce un trafic normal \u00e0 partir de samedi:<br \/>\n<a href=\"http:\/\/www.ter.sncf.com\/centre-val-de-loire\/horaires\/info-trafic-greve-sncf-ter\">http:\/\/www.ter.sncf.com\/centre-val-de-loire\/horaires\/info-trafic-greve-sncf-ter<\/a><\/p>\n<p>Le trafic devrait donc \u00eatre normal sur Paris-Chartres.<\/p>\n<p>Le mouvement se poursuivant ce week-end sur la ligne N \u00e0 raison de 3 trains sur 4, certains trains devraient \u00eatre supprim\u00e9s sur l&rsquo;axe Paris-Dreux. Voir ligne N ci-dessus.<\/p>\n<p>&nbsp;<\/p>\n<h2>Rappel concernant les routes et chemins forestiers<\/h2>\n<p>L&rsquo;Office National des For\u00eats\u00a0continue \u00e0 appeler \u00e0 la vigilance en acc\u00e9dant aux for\u00eats<br \/>\n<a href=\"http:\/\/www.onf.fr\/++oid++5466\/@@display_event.html\">http:\/\/www.onf.fr\/++oid++5466\/@@display_event.html<\/a><\/p>\n<p>&nbsp;<\/p>\n","protected":false},"excerpt":{"rendered":"<p>Le week-end des 18 et 19 juin 2016 sera encore marqu\u00e9 par la poursuite du mouvement de gr\u00e8ve \u00e0 la SNCF, mais les lignes impact\u00e9es sont minoritaires: C, E, N, P (Esbly-Cr\u00e9cy seulement) et T4. La ligne C devrait revenir \u00e0 un trafic normal \u00e0 compter de dimanche. Voici les d\u00e9tails&#8230;<\/p>\n","protected":false},"author":1,"featured_media":0,"comment_status":"open","ping_status":"open","sticky":false,"template":"","format":"standard","meta":{"ngg_post_thumbnail":0,"jetpack_post_was_ever_published":false},"categories":[12],"tags":[20],"jetpack_featured_media_url":"","jetpack_sharing_enabled":true,"jetpack_shortlink":"https:\/\/wp.me\/p7AoJR-KG","jetpack-related-posts":[{"id":2879,"url":"https:\/\/www.horizonemployeur.fr\/wordpress\/2016\/06\/13\/greve-14-juin-2016\/","url_meta":{"origin":2894,"position":0},"title":"Mardi 14 juin 2016 \u2013 gr\u00e8ve SNCF","date":"13 juin 2016","format":false,"excerpt":"La journ\u00e9e du mardi\u00a014 juin 2016 sera marqu\u00e9e par la poursuite du mouvement de gr\u00e8ve \u00e0 la SNCF (dans la pratique, toutes les lignes sauf les lignes A et\u00a0U sont impact\u00e9es par une r\u00e9duction du nombre de trains en circulation): on note cependant quelques am\u00e9liorations, en particulier sur la ligne\u2026","rel":"","context":"Dans &quot;Transports en Commun&quot;","img":{"alt_text":"","src":"","width":0,"height":0},"classes":[]},{"id":4665,"url":"https:\/\/www.horizonemployeur.fr\/wordpress\/2018\/05\/04\/trafic-05-06-05-2018\/","url_meta":{"origin":2894,"position":1},"title":"Samedi 5 et dimanche 6 mai: pr\u00e9visions de trafic SNCF et RATP","date":"4 mai 2018","format":false,"excerpt":"Samedi 5 et dimanche 6 mai, les 2 premiers jours de relative accalmie apr\u00e8s les 2 journ\u00e9es rouges des jeudi 3 et vendredi 4 mai. Il faut cependant tenir compte de 2 chantiers (Montparnasse et Porte Maillot) qui commencent pour plusieurs jours, sans oublier de nombreuses coupures et modifications de\u2026","rel":"","context":"Dans &quot;Transports en Commun&quot;","img":{"alt_text":"","src":"https:\/\/i0.wp.com\/www.horizonemployeur.fr\/wordpress\/wp-content\/uploads\/2018\/04\/P1020200_1024x512d.jpg?fit=1024%2C512&ssl=1&resize=350%2C200","width":350,"height":200},"classes":[]},{"id":2884,"url":"https:\/\/www.horizonemployeur.fr\/wordpress\/2016\/06\/14\/greve-15-juin-2016\/","url_meta":{"origin":2894,"position":2},"title":"Mercredi 15 juin 2016 &#8211; gr\u00e8ve SNCF","date":"14 juin 2016","format":false,"excerpt":"La journ\u00e9e du mercredi\u00a015\u00a0juin 2016 sera marqu\u00e9e par la poursuite du mouvement de gr\u00e8ve \u00e0 la SNCF: plusieurs lignes sont cependant pr\u00e9vues avec\u00a0un trafic normal (A, E, H, R et U), d'autres un trafic en hausse. R\u00e9seau Transilien Les pr\u00e9visions de circulation \u00e9tablies par la SNCF sont les suivantes. La\u2026","rel":"","context":"Dans &quot;Transports en Commun&quot;","img":{"alt_text":"","src":"","width":0,"height":0},"classes":[]},{"id":4430,"url":"https:\/\/www.horizonemployeur.fr\/wordpress\/2018\/04\/20\/trafic-21-22-04-2018\/","url_meta":{"origin":2894,"position":3},"title":"Samedi 21 et dimanche 22 avril 2018: pr\u00e9visions de trafic SNCF","date":"20 avril 2018","format":false,"excerpt":"Samedi 21 et dimanche 22 avril, 2 jours de relatif calme sur le front des perturbations du trafic SNCF. N'oubliez cependant pas de tenir compte des travaux ici ou l\u00e0 sur le r\u00e9seau. Attention, les lignes J et L ne voient circuler que 1 train sur 2, et le RER\u2026","rel":"","context":"Dans &quot;Transports en Commun&quot;","img":{"alt_text":"","src":"https:\/\/i0.wp.com\/www.horizonemployeur.fr\/wordpress\/wp-content\/uploads\/2018\/04\/P1020153_700x525.jpg?fit=700%2C525&ssl=1&resize=350%2C200","width":350,"height":200},"classes":[]},{"id":2899,"url":"https:\/\/www.horizonemployeur.fr\/wordpress\/2016\/06\/19\/greve-20-juin-2016\/","url_meta":{"origin":2894,"position":4},"title":"Lundi 20 juin 2016 &#8211; fin de la gr\u00e8ve SNCF","date":"19 juin 2016","format":false,"excerpt":"Le\u00a0lundi 20 juin marquera le retour \u00e0 un trafic normal vis-\u00e0-vis du mouvement de gr\u00e8ve qui durait depuis plusieurs semaines. Il reste cependant des restrictions: ligne N: r\u00e9paration des dommages caus\u00e9s par les fortes intemp\u00e9ries: suppressions de 3 trains les matins des jours ouvr\u00e9s entre Plaisir et Paris, retard de\u2026","rel":"","context":"Dans &quot;Transports en Commun&quot;","img":{"alt_text":"","src":"","width":0,"height":0},"classes":[]},{"id":4268,"url":"https:\/\/www.horizonemployeur.fr\/wordpress\/2018\/04\/06\/trafic-07-04-08-2018\/","url_meta":{"origin":2894,"position":5},"title":"Samedi 7 et dimanche 8 avril 2018: pr\u00e9visions de trafic SNCF","date":"6 avril 2018","format":false,"excerpt":"sCe samedi sera la derni\u00e8re journ\u00e9e de r\u00e9mission avant la reprise de la gr\u00e8ve \"2 jours sur 5\" \u00e0 compter du dimanche 8 avril. Mais les travaux du week-end planifi\u00e9s ou pas viennent s'intercaler dans les perturbations li\u00e9es au mouvement social. (mise \u00e0 jour samedi 7 avril 20h15) Les pr\u00e9visions\u2026","rel":"","context":"Dans &quot;Transports en Commun&quot;","img":{"alt_text":"","src":"https:\/\/i0.wp.com\/www.horizonemployeur.fr\/wordpress\/wp-content\/uploads\/2018\/04\/P1160243_730x350.jpg?fit=730%2C350&ssl=1&resize=350%2C200","width":350,"height":200},"classes":[]}],"_links":{"self":[{"href":"https:\/\/www.horizonemployeur.fr\/wordpress\/wp-json\/wp\/v2\/posts\/2894"}],"collection":[{"href":"https:\/\/www.horizonemployeur.fr\/wordpress\/wp-json\/wp\/v2\/posts"}],"about":[{"href":"https:\/\/www.horizonemployeur.fr\/wordpress\/wp-json\/wp\/v2\/types\/post"}],"author":[{"embeddable":true,"href":"https:\/\/www.horizonemployeur.fr\/wordpress\/wp-json\/wp\/v2\/users\/1"}],"replies":[{"embeddable":true,"href":"https:\/\/www.horizonemployeur.fr\/wordpress\/wp-json\/wp\/v2\/comments?post=2894"}],"version-history":[{"count":4,"href":"https:\/\/www.horizonemployeur.fr\/wordpress\/wp-json\/wp\/v2\/posts\/2894\/revisions"}],"predecessor-version":[{"id":2898,"href":"https:\/\/www.horizonemployeur.fr\/wordpress\/wp-json\/wp\/v2\/posts\/2894\/revisions\/2898"}],"wp:attachment":[{"href":"https:\/\/www.horizonemployeur.fr\/wordpress\/wp-json\/wp\/v2\/media?parent=2894"}],"wp:term":[{"taxonomy":"category","embeddable":true,"href":"https:\/\/www.horizonemployeur.fr\/wordpress\/wp-json\/wp\/v2\/categories?post=2894"},{"taxonomy":"post_tag","embeddable":true,"href":"https:\/\/www.horizonemployeur.fr\/wordpress\/wp-json\/wp\/v2\/tags?post=2894"}],"curies":[{"name":"wp","href":"https:\/\/api.w.org\/{rel}","templated":true}]}}