{"id":2446,"date":"2015-11-27T11:26:15","date_gmt":"2015-11-27T09:26:15","guid":{"rendered":"https:\/\/horizonmobi.wordpress.com\/?p=1006"},"modified":"2015-11-27T11:26:15","modified_gmt":"2015-11-27T09:26:15","slug":"entreprises-engagees-et-dynamiques-pour-lamelioration-des-deplacements-de-leurs-collaborateurs","status":"publish","type":"post","link":"https:\/\/www.horizonemployeur.fr\/wordpress\/2015\/11\/27\/entreprises-engagees-et-dynamiques-pour-lamelioration-des-deplacements-de-leurs-collaborateurs\/","title":{"rendered":"Entreprises engag\u00e9es et dynamiques pour l&rsquo;am\u00e9lioration des d\u00e9placements de leurs collaborateurs"},"content":{"rendered":"","protected":false},"excerpt":{"rendered":"","protected":false},"author":2,"featured_media":1006,"comment_status":"open","ping_status":"open","sticky":false,"template":"","format":"standard","meta":{"ngg_post_thumbnail":0,"jetpack_post_was_ever_published":false},"categories":[7],"tags":[18,25,28],"jetpack_featured_media_url":"https:\/\/i0.wp.com\/www.horizonemployeur.fr\/wordpress\/wp-content\/uploads\/2015\/11\/pdie-he-nov-2015-1.jpg?fit=3523%2C2431&ssl=1","jetpack_sharing_enabled":true,"jetpack_shortlink":"https:\/\/wp.me\/p7AoJR-Ds","jetpack-related-posts":[{"id":710,"url":"https:\/\/www.horizonemployeur.fr\/wordpress\/2015\/09\/09\/semaine-mobilite-2015\/","url_meta":{"origin":2446,"position":0},"title":"Mercredi 16 septembre apr\u00e8s-midi: la ville de V\u00e9lizy-Villacoublay vous donne rendez-vous, avec ses partenaires, pour parler mobilit\u00e9","date":"9 septembre 2015","format":false,"excerpt":"Dans le cadre de la semaine europ\u00e9enne de la mobilit\u00e9, la Ville de V\u00e9lizy-Villacoublay organise le mercredi 16 septembre, une demi-journ\u00e9e d\u00e9di\u00e9e \u00e0 l\u2019information transports et aux nouvelles mobilit\u00e9s. Cette manifestation sera l\u2019occasion pour vous : de d\u00e9couvrir les projets de la Ville en mati\u00e8re de mobilit\u00e9, de vous informer\u2026","rel":"","context":"Dans &quot;Mobilit\u00e9&quot;","img":{"alt_text":"","src":"https:\/\/i0.wp.com\/www.horizonemployeur.fr\/wordpress\/wp-content\/uploads\/2015\/09\/affiche-mobilitc3a9-septembre-2015.png?resize=350%2C200","width":350,"height":200},"classes":[]},{"id":1011,"url":"https:\/\/www.horizonemployeur.fr\/wordpress\/2015\/11\/27\/presentation-du-pdie-horizon-employeur-objectifs-actions-et-habitudes-de-deplacements-des-salaries\/","url_meta":{"origin":2446,"position":1},"title":"Pr\u00e9sentation du PDIE Horizon Employeur : objectifs, actions et habitudes de d\u00e9placements des salari\u00e9s","date":"27 novembre 2015","format":false,"excerpt":"Pr\u00e9sentation PDIE Horizon Employeur","rel":"","context":"Dans &quot;Association&quot;","img":{"alt_text":"Comment se d\u00c3\u00a9placent les salaries de V\u00c3\u00a9lizy (1) (1)","src":"https:\/\/i0.wp.com\/www.horizonemployeur.fr\/wordpress\/wp-content\/uploads\/\/2015\/11\/comment-se-dc3a9placent-les-salaries-de-vc3a9lizy-1-1.jpg?resize=350%2C200","width":350,"height":200},"classes":[]},{"id":3367,"url":"https:\/\/www.horizonemployeur.fr\/wordpress\/2017\/09\/14\/newsletter-mobilite-vgp-1\/","url_meta":{"origin":2446,"position":2},"title":"La lettre d&rsquo;information \u00ab\u00a0mobilit\u00e9\u00a0\u00bb de Versailles Grand Parc &#8211; num\u00e9ro 1","date":"14 septembre 2017","format":false,"excerpt":"La communaut\u00e9 d'agglom\u00e9ration \"Versailles Grand Parc\" publie le premier num\u00e9ro d'une lettre d'information \"mobilit\u00e9\" destin\u00e9e principalement aux collaborateurs des \u00e9tablissements des secteurs couverts par un Plan de D\u00e9placements Inter-Entreprises. Ces secteurs sont aujourd'hui au nombre de 3: Buc-Toussus-Les Loges, Satory et Inovel Parc (V\u00e9lizy et Meudon-la-For\u00eat). Au sommaire de ce\u2026","rel":"","context":"Dans &quot;Covoiturage&quot;","img":{"alt_text":"","src":"https:\/\/i0.wp.com\/www.horizonemployeur.fr\/wordpress\/wp-content\/uploads\/2017\/09\/En-t\u00c3\u00aate-newsletter-mobilit\u00c3\u00a9-VGP-septembre-2017.png?resize=350%2C200","width":350,"height":200},"classes":[]},{"id":1000,"url":"https:\/\/www.horizonemployeur.fr\/wordpress\/2015\/11\/26\/1000\/","url_meta":{"origin":2446,"position":3},"title":"Le Plan de D\u00e9placements Inter-Entreprises\u2026","date":"26 novembre 2015","format":false,"excerpt":"Le Plan de D\u00e9placements Inter-Entreprises Horizon Employeur a sa propre identit\u00e9 : \u00a0","rel":"","context":"Article similaire","img":{"alt_text":"Logo PDIE HE choisi","src":"https:\/\/i0.wp.com\/www.horizonemployeur.fr\/wordpress\/wp-content\/uploads\/2015\/11\/logo-pdie-he-choisi-1.jpg?resize=350%2C200","width":350,"height":200},"classes":[]},{"id":5549,"url":"https:\/\/www.horizonemployeur.fr\/wordpress\/2018\/09\/18\/plan-velo-septembre-2018\/","url_meta":{"origin":2446,"position":4},"title":"14 septembre 2018: pr\u00e9sentation du plan v\u00e9lo national","date":"18 septembre 2018","format":false,"excerpt":"Depuis septembre 2017, le processus de concertation des Assises de la mobilit\u00e9 a en particulier permis de mettre l'accent sur la n\u00e9cessit\u00e9 de d\u00e9velopper les modes de d\u00e9placement dits \"actifs\", dont le v\u00e9lo. La part modale du v\u00e9lo dans nos d\u00e9placements reste globalement faible: France 3 % Allemagne 10 %\u2026","rel":"","context":"Dans &quot;Circulations Douces&quot;","img":{"alt_text":"","src":"https:\/\/i0.wp.com\/www.horizonemployeur.fr\/wordpress\/wp-content\/uploads\/2018\/09\/banniere_plan_velo_09-2018.png?fit=975%2C466&ssl=1&resize=350%2C200","width":350,"height":200},"classes":[]},{"id":2445,"url":"https:\/\/www.horizonemployeur.fr\/wordpress\/2014\/02\/26\/bienvenue-sur-ce-blog\/","url_meta":{"origin":2446,"position":5},"title":"Bienvenue sur ce blog","date":"26 f\u00e9vrier 2014","format":false,"excerpt":"Bonjour \u00e0 tous, Horizon Employeur est l'association des entreprises de V\u00e9lizy et de Meudon-la-For\u00eat. Cr\u00e9\u00e9e en 2007, elle regroupe aujourd'hui 39 entreprises industrielles, de services ou commerciales, allant des grandes entreprises aux PME. Ces entreprises emploient environ 30000 personnes sur les plus de 40000 qui travaillent sur le plateau de\u2026","rel":"","context":"Dans &quot;Association&quot;","img":{"alt_text":"","src":"","width":0,"height":0},"classes":[]}],"_links":{"self":[{"href":"https:\/\/www.horizonemployeur.fr\/wordpress\/wp-json\/wp\/v2\/posts\/2446"}],"collection":[{"href":"https:\/\/www.horizonemployeur.fr\/wordpress\/wp-json\/wp\/v2\/posts"}],"about":[{"href":"https:\/\/www.horizonemployeur.fr\/wordpress\/wp-json\/wp\/v2\/types\/post"}],"author":[{"embeddable":true,"href":"https:\/\/www.horizonemployeur.fr\/wordpress\/wp-json\/wp\/v2\/users\/2"}],"replies":[{"embeddable":true,"href":"https:\/\/www.horizonemployeur.fr\/wordpress\/wp-json\/wp\/v2\/comments?post=2446"}],"version-history":[{"count":0,"href":"https:\/\/www.horizonemployeur.fr\/wordpress\/wp-json\/wp\/v2\/posts\/2446\/revisions"}],"wp:featuredmedia":[{"embeddable":true,"href":"https:\/\/www.horizonemployeur.fr\/wordpress\/wp-json\/wp\/v2\/media\/1006"}],"wp:attachment":[{"href":"https:\/\/www.horizonemployeur.fr\/wordpress\/wp-json\/wp\/v2\/media?parent=2446"}],"wp:term":[{"taxonomy":"category","embeddable":true,"href":"https:\/\/www.horizonemployeur.fr\/wordpress\/wp-json\/wp\/v2\/categories?post=2446"},{"taxonomy":"post_tag","embeddable":true,"href":"https:\/\/www.horizonemployeur.fr\/wordpress\/wp-json\/wp\/v2\/tags?post=2446"}],"curies":[{"name":"wp","href":"https:\/\/api.w.org\/{rel}","templated":true}]}}